{"id":62131,"date":"2019-03-27T21:21:26","date_gmt":"2019-03-28T00:21:26","guid":{"rendered":"https:\/\/experienciadevida.com.ar\/portalurbano\/?p=62131"},"modified":"2019-03-27T21:21:26","modified_gmt":"2019-03-28T00:21:26","slug":"tsu-cosmeticos-cerro-su-planta-y-150-empleados-podrian-perder-su-trabajo","status":"publish","type":"post","link":"https:\/\/experienciadevida.com.ar\/portalurbano\/tsu-cosmeticos-cerro-su-planta-y-150-empleados-podrian-perder-su-trabajo\/","title":{"rendered":"Ts\u00fa Cosm\u00e9ticos cerr\u00f3 su planta y 150 empleados podr\u00edan perder su trabajo"},"content":{"rendered":"<p><strong>El reconocido fabricante de perfumes y maquillajes est\u00e1 en concurso preventivo. Mientras tanto dej\u00f3 de producir en Villa Lynch y adeuda tres meses de sueldo. Es propiedad del expresidente de la AFA Armando Pepe<\/strong><\/p>\n<p>La empresa de maquillajes y perfumes\u00a0<strong>Ts\u00fa Cosm\u00e9ticos<\/strong>\u00a0cerr\u00f3 su planta de Villa Lynch,\u00a0Provincia de Buenos Aires, y se encuentra en un concurso preventivo, adeuda tres meses de sueldo y m\u00e1s de 150 trabajadores podr\u00edan perder su empleo.<\/p>\n<p>La compa\u00f1\u00eda es propiedad de Armando P\u00e9rez, ex presidente de la Asociaci\u00f3n del F\u00fatbol Argentino (AFA), y a mediados de noviembre de 2018 despidi\u00f3 a treinta trabajadores con el argumento de una crisis que afecta &#8220;severamente su solvencia financiera&#8221;.<\/p>\n<p>Seg\u00fan informa el sitio\u00a0<em>BAE Negocios,<\/em>\u00a0la firma posee actualmente 800.000 revendedores en todo el pa\u00eds que trabajan en la venta directa.<\/p>\n<p>El contexto es tan cr\u00edtico, que durante febrero los operarios realizaron una protesta para reclamar los salarios adeudados, el aguinaldo y el bono de fin de a\u00f1o, pero la respuesta fue desalentadora: ofrecieron pagar el salario adeudado del mes anterior en tres cuotas, pero no tienen fondos para el resto de la deuda.<\/p>\n","protected":false},"excerpt":{"rendered":"<p>El reconocido fabricante de perfumes y maquillajes est\u00e1 en concurso preventivo. Mientras tanto dej\u00f3 de&#8230;<\/p>\n","protected":false},"author":1,"featured_media":0,"comment_status":"open","ping_status":"open","sticky":false,"template":"","format":"standard","meta":{"content-type":""},"categories":[39],"tags":[],"nelio_content":{"isAutoShareEnabled":false,"autoShareEndMode":"default","automationSources":{"useContentSentences":true,"useSocialTemplates":true,"useCustomSentences":false,"customSentences":[]},"followers":[1],"suggestedReferences":[],"includedReferences":[],"efiUrl":"","efiAlt":"","highlights":[]},"yoast_head":"<!-- This site is optimized with the Yoast SEO plugin v20.7 - https:\/\/yoast.com\/wordpress\/plugins\/seo\/ -->\n<title>Ts\u00fa Cosm\u00e9ticos cerr\u00f3 su planta y 150 empleados podr\u00edan perder su trabajo -<\/title>\n<meta name=\"robots\" content=\"index, follow, max-snippet:-1, max-image-preview:large, max-video-preview:-1\" \/>\n<link rel=\"canonical\" href=\"https:\/\/experienciadevida.com.ar\/portalurbano\/tsu-cosmeticos-cerro-su-planta-y-150-empleados-podrian-perder-su-trabajo\/\" \/>\n<meta property=\"og:locale\" content=\"es_ES\" \/>\n<meta property=\"og:type\" content=\"article\" \/>\n<meta property=\"og:title\" content=\"Ts\u00fa Cosm\u00e9ticos cerr\u00f3 su planta y 150 empleados podr\u00edan perder su trabajo -\" \/>\n<meta property=\"og:description\" content=\"El reconocido fabricante de perfumes y maquillajes est\u00e1 en concurso preventivo. Mientras tanto dej\u00f3 de...\" \/>\n<meta property=\"og:url\" content=\"https:\/\/experienciadevida.com.ar\/portalurbano\/tsu-cosmeticos-cerro-su-planta-y-150-empleados-podrian-perder-su-trabajo\/\" \/>\n<meta property=\"article:publisher\" content=\"https:\/\/www.facebook.com\/Portal-Urbano-171542830093757\/\" \/>\n<meta property=\"article:published_time\" content=\"2019-03-28T00:21:26+00:00\" \/>\n<meta property=\"og:image\" content=\"https:\/\/experienciadevida.com.ar\/portalurbano\/wp-content\/uploads\/2019\/03\/0005770667-e1553732434271.jpg\" \/>\n\t<meta property=\"og:image:width\" content=\"750\" \/>\n\t<meta property=\"og:image:height\" content=\"563\" \/>\n\t<meta property=\"og:image:type\" content=\"image\/jpeg\" \/>\n<meta name=\"author\" content=\"admpu17wp\" \/>\n<meta name=\"twitter:card\" content=\"summary_large_image\" \/>\n<meta name=\"twitter:creator\" content=\"@portalurbanook\" \/>\n<meta name=\"twitter:site\" content=\"@portalurbanook\" \/>\n<meta name=\"twitter:label1\" content=\"Escrito por\" \/>\n\t<meta name=\"twitter:data1\" content=\"admpu17wp\" \/>\n\t<meta name=\"twitter:label2\" content=\"Tiempo de lectura\" \/>\n\t<meta name=\"twitter:data2\" content=\"1 minuto\" \/>\n<script type=\"application\/ld+json\" class=\"yoast-schema-graph\">{\"@context\":\"https:\/\/schema.org\",\"@graph\":[{\"@type\":\"Article\",\"@id\":\"https:\/\/experienciadevida.com.ar\/portalurbano\/tsu-cosmeticos-cerro-su-planta-y-150-empleados-podrian-perder-su-trabajo\/#article\",\"isPartOf\":{\"@id\":\"https:\/\/experienciadevida.com.ar\/portalurbano\/tsu-cosmeticos-cerro-su-planta-y-150-empleados-podrian-perder-su-trabajo\/\"},\"author\":{\"name\":\"admpu17wp\",\"@id\":\"https:\/\/experienciadevida.com.ar\/portalurbano\/#\/schema\/person\/02dd326b1c4b056e9cc972486934a3a7\"},\"headline\":\"Ts\u00fa Cosm\u00e9ticos cerr\u00f3 su planta y 150 empleados podr\u00edan perder su trabajo\",\"datePublished\":\"2019-03-28T00:21:26+00:00\",\"dateModified\":\"2019-03-28T00:21:26+00:00\",\"mainEntityOfPage\":{\"@id\":\"https:\/\/experienciadevida.com.ar\/portalurbano\/tsu-cosmeticos-cerro-su-planta-y-150-empleados-podrian-perder-su-trabajo\/\"},\"wordCount\":208,\"commentCount\":0,\"publisher\":{\"@id\":\"https:\/\/experienciadevida.com.ar\/portalurbano\/#organization\"},\"articleSection\":[\"Naci\u00f3n\"],\"inLanguage\":\"es\",\"potentialAction\":[{\"@type\":\"CommentAction\",\"name\":\"Comment\",\"target\":[\"https:\/\/experienciadevida.com.ar\/portalurbano\/tsu-cosmeticos-cerro-su-planta-y-150-empleados-podrian-perder-su-trabajo\/#respond\"]}]},{\"@type\":\"WebPage\",\"@id\":\"https:\/\/experienciadevida.com.ar\/portalurbano\/tsu-cosmeticos-cerro-su-planta-y-150-empleados-podrian-perder-su-trabajo\/\",\"url\":\"https:\/\/experienciadevida.com.ar\/portalurbano\/tsu-cosmeticos-cerro-su-planta-y-150-empleados-podrian-perder-su-trabajo\/\",\"name\":\"Ts\u00fa Cosm\u00e9ticos cerr\u00f3 su planta y 150 empleados podr\u00edan perder su trabajo -\",\"isPartOf\":{\"@id\":\"https:\/\/experienciadevida.com.ar\/portalurbano\/#website\"},\"datePublished\":\"2019-03-28T00:21:26+00:00\",\"dateModified\":\"2019-03-28T00:21:26+00:00\",\"breadcrumb\":{\"@id\":\"https:\/\/experienciadevida.com.ar\/portalurbano\/tsu-cosmeticos-cerro-su-planta-y-150-empleados-podrian-perder-su-trabajo\/#breadcrumb\"},\"inLanguage\":\"es\",\"potentialAction\":[{\"@type\":\"ReadAction\",\"target\":[\"https:\/\/experienciadevida.com.ar\/portalurbano\/tsu-cosmeticos-cerro-su-planta-y-150-empleados-podrian-perder-su-trabajo\/\"]}]},{\"@type\":\"BreadcrumbList\",\"@id\":\"https:\/\/experienciadevida.com.ar\/portalurbano\/tsu-cosmeticos-cerro-su-planta-y-150-empleados-podrian-perder-su-trabajo\/#breadcrumb\",\"itemListElement\":[{\"@type\":\"ListItem\",\"position\":1,\"name\":\"Portada\",\"item\":\"https:\/\/experienciadevida.com.ar\/portalurbano\/\"},{\"@type\":\"ListItem\",\"position\":2,\"name\":\"Ts\u00fa Cosm\u00e9ticos cerr\u00f3 su planta y 150 empleados podr\u00edan perder su trabajo\"}]},{\"@type\":\"WebSite\",\"@id\":\"https:\/\/experienciadevida.com.ar\/portalurbano\/#website\",\"url\":\"https:\/\/experienciadevida.com.ar\/portalurbano\/\",\"name\":\"\",\"description\":\"\",\"publisher\":{\"@id\":\"https:\/\/experienciadevida.com.ar\/portalurbano\/#organization\"},\"potentialAction\":[{\"@type\":\"SearchAction\",\"target\":{\"@type\":\"EntryPoint\",\"urlTemplate\":\"https:\/\/experienciadevida.com.ar\/portalurbano\/?s={search_term_string}\"},\"query-input\":\"required name=search_term_string\"}],\"inLanguage\":\"es\"},{\"@type\":\"Organization\",\"@id\":\"https:\/\/experienciadevida.com.ar\/portalurbano\/#organization\",\"name\":\"Portal Urbano\",\"url\":\"https:\/\/experienciadevida.com.ar\/portalurbano\/\",\"logo\":{\"@type\":\"ImageObject\",\"inLanguage\":\"es\",\"@id\":\"https:\/\/experienciadevida.com.ar\/portalurbano\/#\/schema\/logo\/image\/\",\"url\":\"https:\/\/experienciadevida.com.ar\/portalurbano\/wp-content\/uploads\/2019\/09\/Logo-Original.png\",\"contentUrl\":\"https:\/\/experienciadevida.com.ar\/portalurbano\/wp-content\/uploads\/2019\/09\/Logo-Original.png\",\"width\":2236,\"height\":1216,\"caption\":\"Portal Urbano\"},\"image\":{\"@id\":\"https:\/\/experienciadevida.com.ar\/portalurbano\/#\/schema\/logo\/image\/\"},\"sameAs\":[\"https:\/\/www.facebook.com\/Portal-Urbano-171542830093757\/\",\"https:\/\/twitter.com\/portalurbanook\",\"https:\/\/www.instagram.com\/_portalurbano\/\",\"https:\/\/www.youtube.com\/channel\/UCXhagIfszH8KxFiOok79zbA?view_as=subscriber\"]},{\"@type\":\"Person\",\"@id\":\"https:\/\/experienciadevida.com.ar\/portalurbano\/#\/schema\/person\/02dd326b1c4b056e9cc972486934a3a7\",\"name\":\"admpu17wp\",\"image\":{\"@type\":\"ImageObject\",\"inLanguage\":\"es\",\"@id\":\"https:\/\/experienciadevida.com.ar\/portalurbano\/#\/schema\/person\/image\/\",\"url\":\"https:\/\/secure.gravatar.com\/avatar\/830d4c57adaae6630765e449a6908047?s=96&d=mm&r=g\",\"contentUrl\":\"https:\/\/secure.gravatar.com\/avatar\/830d4c57adaae6630765e449a6908047?s=96&d=mm&r=g\",\"caption\":\"admpu17wp\"}}]}<\/script>\n<!-- \/ Yoast SEO plugin. -->","yoast_head_json":{"title":"Ts\u00fa Cosm\u00e9ticos cerr\u00f3 su planta y 150 empleados podr\u00edan perder su trabajo -","robots":{"index":"index","follow":"follow","max-snippet":"max-snippet:-1","max-image-preview":"max-image-preview:large","max-video-preview":"max-video-preview:-1"},"canonical":"https:\/\/experienciadevida.com.ar\/portalurbano\/tsu-cosmeticos-cerro-su-planta-y-150-empleados-podrian-perder-su-trabajo\/","og_locale":"es_ES","og_type":"article","og_title":"Ts\u00fa Cosm\u00e9ticos cerr\u00f3 su planta y 150 empleados podr\u00edan perder su trabajo -","og_description":"El reconocido fabricante de perfumes y maquillajes est\u00e1 en concurso preventivo. Mientras tanto dej\u00f3 de...","og_url":"https:\/\/experienciadevida.com.ar\/portalurbano\/tsu-cosmeticos-cerro-su-planta-y-150-empleados-podrian-perder-su-trabajo\/","article_publisher":"https:\/\/www.facebook.com\/Portal-Urbano-171542830093757\/","article_published_time":"2019-03-28T00:21:26+00:00","og_image":[{"width":750,"height":563,"url":"https:\/\/experienciadevida.com.ar\/portalurbano\/wp-content\/uploads\/2019\/03\/0005770667-e1553732434271.jpg","type":"image\/jpeg"}],"author":"admpu17wp","twitter_card":"summary_large_image","twitter_creator":"@portalurbanook","twitter_site":"@portalurbanook","twitter_misc":{"Escrito por":"admpu17wp","Tiempo de lectura":"1 minuto"},"schema":{"@context":"https:\/\/schema.org","@graph":[{"@type":"Article","@id":"https:\/\/experienciadevida.com.ar\/portalurbano\/tsu-cosmeticos-cerro-su-planta-y-150-empleados-podrian-perder-su-trabajo\/#article","isPartOf":{"@id":"https:\/\/experienciadevida.com.ar\/portalurbano\/tsu-cosmeticos-cerro-su-planta-y-150-empleados-podrian-perder-su-trabajo\/"},"author":{"name":"admpu17wp","@id":"https:\/\/experienciadevida.com.ar\/portalurbano\/#\/schema\/person\/02dd326b1c4b056e9cc972486934a3a7"},"headline":"Ts\u00fa Cosm\u00e9ticos cerr\u00f3 su planta y 150 empleados podr\u00edan perder su trabajo","datePublished":"2019-03-28T00:21:26+00:00","dateModified":"2019-03-28T00:21:26+00:00","mainEntityOfPage":{"@id":"https:\/\/experienciadevida.com.ar\/portalurbano\/tsu-cosmeticos-cerro-su-planta-y-150-empleados-podrian-perder-su-trabajo\/"},"wordCount":208,"commentCount":0,"publisher":{"@id":"https:\/\/experienciadevida.com.ar\/portalurbano\/#organization"},"articleSection":["Naci\u00f3n"],"inLanguage":"es","potentialAction":[{"@type":"CommentAction","name":"Comment","target":["https:\/\/experienciadevida.com.ar\/portalurbano\/tsu-cosmeticos-cerro-su-planta-y-150-empleados-podrian-perder-su-trabajo\/#respond"]}]},{"@type":"WebPage","@id":"https:\/\/experienciadevida.com.ar\/portalurbano\/tsu-cosmeticos-cerro-su-planta-y-150-empleados-podrian-perder-su-trabajo\/","url":"https:\/\/experienciadevida.com.ar\/portalurbano\/tsu-cosmeticos-cerro-su-planta-y-150-empleados-podrian-perder-su-trabajo\/","name":"Ts\u00fa Cosm\u00e9ticos cerr\u00f3 su planta y 150 empleados podr\u00edan perder su trabajo -","isPartOf":{"@id":"https:\/\/experienciadevida.com.ar\/portalurbano\/#website"},"datePublished":"2019-03-28T00:21:26+00:00","dateModified":"2019-03-28T00:21:26+00:00","breadcrumb":{"@id":"https:\/\/experienciadevida.com.ar\/portalurbano\/tsu-cosmeticos-cerro-su-planta-y-150-empleados-podrian-perder-su-trabajo\/#breadcrumb"},"inLanguage":"es","potentialAction":[{"@type":"ReadAction","target":["https:\/\/experienciadevida.com.ar\/portalurbano\/tsu-cosmeticos-cerro-su-planta-y-150-empleados-podrian-perder-su-trabajo\/"]}]},{"@type":"BreadcrumbList","@id":"https:\/\/experienciadevida.com.ar\/portalurbano\/tsu-cosmeticos-cerro-su-planta-y-150-empleados-podrian-perder-su-trabajo\/#breadcrumb","itemListElement":[{"@type":"ListItem","position":1,"name":"Portada","item":"https:\/\/experienciadevida.com.ar\/portalurbano\/"},{"@type":"ListItem","position":2,"name":"Ts\u00fa Cosm\u00e9ticos cerr\u00f3 su planta y 150 empleados podr\u00edan perder su trabajo"}]},{"@type":"WebSite","@id":"https:\/\/experienciadevida.com.ar\/portalurbano\/#website","url":"https:\/\/experienciadevida.com.ar\/portalurbano\/","name":"","description":"","publisher":{"@id":"https:\/\/experienciadevida.com.ar\/portalurbano\/#organization"},"potentialAction":[{"@type":"SearchAction","target":{"@type":"EntryPoint","urlTemplate":"https:\/\/experienciadevida.com.ar\/portalurbano\/?s={search_term_string}"},"query-input":"required name=search_term_string"}],"inLanguage":"es"},{"@type":"Organization","@id":"https:\/\/experienciadevida.com.ar\/portalurbano\/#organization","name":"Portal Urbano","url":"https:\/\/experienciadevida.com.ar\/portalurbano\/","logo":{"@type":"ImageObject","inLanguage":"es","@id":"https:\/\/experienciadevida.com.ar\/portalurbano\/#\/schema\/logo\/image\/","url":"https:\/\/experienciadevida.com.ar\/portalurbano\/wp-content\/uploads\/2019\/09\/Logo-Original.png","contentUrl":"https:\/\/experienciadevida.com.ar\/portalurbano\/wp-content\/uploads\/2019\/09\/Logo-Original.png","width":2236,"height":1216,"caption":"Portal Urbano"},"image":{"@id":"https:\/\/experienciadevida.com.ar\/portalurbano\/#\/schema\/logo\/image\/"},"sameAs":["https:\/\/www.facebook.com\/Portal-Urbano-171542830093757\/","https:\/\/twitter.com\/portalurbanook","https:\/\/www.instagram.com\/_portalurbano\/","https:\/\/www.youtube.com\/channel\/UCXhagIfszH8KxFiOok79zbA?view_as=subscriber"]},{"@type":"Person","@id":"https:\/\/experienciadevida.com.ar\/portalurbano\/#\/schema\/person\/02dd326b1c4b056e9cc972486934a3a7","name":"admpu17wp","image":{"@type":"ImageObject","inLanguage":"es","@id":"https:\/\/experienciadevida.com.ar\/portalurbano\/#\/schema\/person\/image\/","url":"https:\/\/secure.gravatar.com\/avatar\/830d4c57adaae6630765e449a6908047?s=96&d=mm&r=g","contentUrl":"https:\/\/secure.gravatar.com\/avatar\/830d4c57adaae6630765e449a6908047?s=96&d=mm&r=g","caption":"admpu17wp"}}]}},"featured_image_urls":{"full":"","thumbnail":"","medium":"","medium_large":"","large":"","ug_big":"","1536x1536":"","2048x2048":"","newsever-slider-full":"","newsever-featured":"","newsever-medium":"","web-stories-poster-portrait":"","web-stories-publisher-logo":"","web-stories-thumbnail":""},"author_info":{"display_name":"admpu17wp","author_link":"https:\/\/experienciadevida.com.ar\/portalurbano\/author\/admpu17wp\/"},"category_info":"<a href=\"https:\/\/experienciadevida.com.ar\/portalurbano\/category\/nacion\/\" rel=\"category tag\">Naci\u00f3n<\/a>","tag_info":"Naci\u00f3n","comment_count":"0","amp_enabled":true,"_links":{"self":[{"href":"https:\/\/experienciadevida.com.ar\/portalurbano\/wp-json\/wp\/v2\/posts\/62131"}],"collection":[{"href":"https:\/\/experienciadevida.com.ar\/portalurbano\/wp-json\/wp\/v2\/posts"}],"about":[{"href":"https:\/\/experienciadevida.com.ar\/portalurbano\/wp-json\/wp\/v2\/types\/post"}],"author":[{"embeddable":true,"href":"https:\/\/experienciadevida.com.ar\/portalurbano\/wp-json\/wp\/v2\/users\/1"}],"replies":[{"embeddable":true,"href":"https:\/\/experienciadevida.com.ar\/portalurbano\/wp-json\/wp\/v2\/comments?post=62131"}],"version-history":[{"count":1,"href":"https:\/\/experienciadevida.com.ar\/portalurbano\/wp-json\/wp\/v2\/posts\/62131\/revisions"}],"predecessor-version":[{"id":62133,"href":"https:\/\/experienciadevida.com.ar\/portalurbano\/wp-json\/wp\/v2\/posts\/62131\/revisions\/62133"}],"wp:attachment":[{"href":"https:\/\/experienciadevida.com.ar\/portalurbano\/wp-json\/wp\/v2\/media?parent=62131"}],"wp:term":[{"taxonomy":"category","embeddable":true,"href":"https:\/\/experienciadevida.com.ar\/portalurbano\/wp-json\/wp\/v2\/categories?post=62131"},{"taxonomy":"post_tag","embeddable":true,"href":"https:\/\/experienciadevida.com.ar\/portalurbano\/wp-json\/wp\/v2\/tags?post=62131"}],"curies":[{"name":"wp","href":"https:\/\/api.w.org\/{rel}","templated":true}]}}