{"id":61319,"date":"2019-03-21T18:57:20","date_gmt":"2019-03-21T21:57:20","guid":{"rendered":"https:\/\/experienciadevida.com.ar\/portalurbano\/?p=61319"},"modified":"2019-03-21T18:57:20","modified_gmt":"2019-03-21T21:57:20","slug":"el-indice-de-desocupacion-subio-al-91","status":"publish","type":"post","link":"https:\/\/experienciadevida.com.ar\/portalurbano\/el-indice-de-desocupacion-subio-al-91\/","title":{"rendered":"El \u00edndice de Desocupaci\u00f3n subi\u00f3 al 9,1%"},"content":{"rendered":"<article id=\"article-post\" class=\"first\">\n<p class=\"interiorCopete\">En el cuarto trimestre de 2018, se increment\u00f3 el registro en comparaci\u00f3n a igual per\u00edodo de 2017, seg\u00fan inform\u00f3 el INDEC.<\/p>\n<div class=\"separator-line\">El \u00edndice de Desocupaci\u00f3n\u00a0<strong>alcanz\u00f3 al 9,1 % en el cuarto trimestre del 2018<\/strong>, por sobre el 7,2% de igual per\u00edodo del 2017, inform\u00f3 este jueves el Instituto Nacional de Estad\u00edstica y Censos (Indec).<\/div>\n<div class=\"cuerpo\" data-twitter-link=\"https:\/\/twitter.com\/intent\/tweet?url=https:\/\/www.diariopopular.com.ar\/\/c389000&amp;via=poopulardiario&amp;related=Diario Popular&amp;text=\">\n<div id=\"div-gpt-ad-nota-516345\" class=\"banner-90\" data-mapping=\"mapping9\" data-google-query-id=\"CL689ueblOECFUx8wQodXKANog\">\n<div id=\"google_ads_iframe_\/7581181\/dp_universal_0__container__\"><\/div>\n<\/div>\n<\/div>\n<\/article>\n<article id=\"article-post\">\n<div class=\"cuerpo\" data-twitter-link=\"https:\/\/twitter.com\/intent\/tweet?url=https:\/\/www.diariopopular.com.ar\/\/c389000&amp;via=poopulardiario&amp;related=Diario Popular&amp;text=\">\n<div id=\"embed57_wrap\" class=\"embed_cont type_freetext no-epigrafe no-copyright\">\n<div id=\"embed57_content\" class=\"embed_content\">\n<div id=\"embed57_embed\">\n<div class=\"SandboxRoot env-bp-350\" data-twitter-event-id=\"0\">\n<div id=\"twitter-widget-0\" class=\"EmbeddedTweet EmbeddedTweet--cta EmbeddedTweet--mediaForward media-forward js-clickToOpenTarget js-tweetIdInfo tweet-InformationCircle-widgetParent\" lang=\"es\" data-click-to-open-target=\"https:\/\/twitter.com\/INDECArgentina\/status\/1108805960032837632\" data-iframe-title=\"Tweet de Twitter\" data-scribe=\"page:tweet\" data-tweet-id=\"1108805960032837632\" data-twitter-event-id=\"2\">\n<article class=\"MediaCard\n           MediaCard--mediaForward\n\n           customisable-border\" dir=\"ltr\" data-scribe=\"component:card\"><\/p>\n<div class=\"MediaCard-media\" data-scribe=\"element:photo\">\n<div class=\"MediaCard-widthConstraint js-cspForcedStyle\" data-style=\"max-width: 1200px\">\n<div class=\"MediaCard-mediaContainer js-cspForcedStyle\" data-style=\"padding-bottom: 74.7500%\"><a class=\"MediaCard-mediaAsset NaturalImage\" href=\"https:\/\/twitter.com\/INDECArgentina\/status\/1108805960032837632\/photo\/1\"><img decoding=\"async\" class=\"NaturalImage-image\" title=\"Ver imagen en Twitter\" src=\"https:\/\/pbs.twimg.com\/media\/D2NE_N8X4AE2Pp-?format=jpg&amp;name=small\" alt=\"Ver imagen en Twitter\" width=\"1200\" height=\"897\" data-image=\"https:\/\/pbs.twimg.com\/media\/D2NE_N8X4AE2Pp-\" \/><\/a><\/div>\n<\/div>\n<\/div>\n<\/article>\n<div class=\"EmbeddedTweet-tweetContainer\">\n<div class=\"EmbeddedTweet-tweet\">\n<blockquote class=\"Tweet h-entry js-tweetIdInfo subject expanded\" cite=\"https:\/\/twitter.com\/INDECArgentina\/status\/1108805960032837632\" data-tweet-id=\"1108805960032837632\" data-scribe=\"section:subject\">\n<div class=\"Tweet-header\">En tanto,\u00a0<strong>la sub-ocupaci\u00f3n demandante tambi\u00e9n subi\u00f3 al terminar el a\u00f1o pasado en 8,7%<\/strong>contra el 7,2 % de finales del 2017, mientras que la no demandante lleg\u00f3 al 3,3% desde el 3 % anterior.<\/div>\n<\/blockquote>\n<\/div>\n<\/div>\n<\/div>\n<\/div>\n<\/div>\n<\/div>\n<\/div>\n<div id=\"div-gpt-ad-nota-32824\" class=\"banner-90\" data-mapping=\"mapping9\" data-google-query-id=\"CPe99ueblOECFUx8wQodXKANog\">\n<div id=\"google_ads_iframe_\/7581181\/dp_universal_1__container__\">\n<div class=\"penci-pullqoute align-none\">\n<blockquote><p>En el 4\u00ba trimestre de 2018, la regi\u00f3n Gran Buenos Aires registr\u00f3 la mayor tasa de desocupaci\u00f3n (10,5%) y la regi\u00f3n Noreste, la m\u00e1s baja (4,1%).<\/p><\/blockquote>\n<\/div>\n<\/div>\n<\/div>\n<div id=\"sc_intxt_container\">\n<div>\n<div id=\"smartIntxt-8602476\" data-smartplay-instance-id=\"0\"><\/div>\n<div id=\"sc_ava_companion\" class=\"sc_intxt_hided\"><\/div>\n<\/div>\n<\/div>\n<div id=\"embed30_wrap\" class=\"embed_cont type_freetext no-epigrafe no-copyright\">\n<div id=\"embed30_content\" class=\"embed_content\">\n<div id=\"embed30_embed\">\n<div class=\"SandboxRoot env-bp-350\" data-twitter-event-id=\"1\">\n<div id=\"twitter-widget-1\" class=\"EmbeddedTweet EmbeddedTweet--cta EmbeddedTweet--mediaForward media-forward js-clickToOpenTarget js-tweetIdInfo tweet-InformationCircle-widgetParent\" lang=\"es\" data-click-to-open-target=\"https:\/\/twitter.com\/INDECArgentina\/status\/1108812152268312577\" data-iframe-title=\"Tweet de Twitter\" data-scribe=\"page:tweet\" data-tweet-id=\"1108812152268312577\" data-twitter-event-id=\"3\">\n<article class=\"MediaCard\n           MediaCard--mediaForward\n\n           customisable-border\" dir=\"ltr\" data-scribe=\"component:card\"><\/p>\n<div class=\"MediaCard-media\" data-scribe=\"element:photo\"><a class=\"MediaCard-mediaAsset NaturalImage\" href=\"https:\/\/twitter.com\/INDECArgentina\/status\/1108812152268312577\/photo\/1\"><img decoding=\"async\" class=\"NaturalImage-image\" title=\"Ver imagen en Twitter\" src=\"https:\/\/pbs.twimg.com\/media\/D2NKbCvWsAAjiu_?format=jpg&amp;name=small\" alt=\"Ver imagen en Twitter\" width=\"1200\" height=\"993\" data-image=\"https:\/\/pbs.twimg.com\/media\/D2NKbCvWsAAjiu_\" \/><\/a><\/div>\n<\/article>\n<div class=\"EmbeddedTweet-tweetContainer\">\n<div class=\"EmbeddedTweet-tweet\">\n<blockquote class=\"Tweet h-entry js-tweetIdInfo subject expanded\" cite=\"https:\/\/twitter.com\/INDECArgentina\/status\/1108812152268312577\" data-tweet-id=\"1108812152268312577\" data-scribe=\"section:subject\">\n<div class=\"Tweet-header\">\n<div class=\"TweetAuthor js-inViewportScribingTarget\" data-scribe=\"component:author\">\n<div class=\"TweetAuthor-nameScreenNameContainer\">Con una poblaci\u00f3n urbana en condiciones de trabajar de\u00a0<strong>27,9 millones de personas<\/strong>, la desocupaci\u00f3n afect\u00f3 a 1,1 millones de habitantes, unas 200.000 personas m\u00e1s que en la medici\u00f3n de fines del 2017, seg\u00fan el Indec.<\/div>\n<\/div>\n<\/div>\n<\/blockquote>\n<\/div>\n<\/div>\n<\/div>\n<\/div>\n<\/div>\n<\/div>\n<\/div>\n<div id=\"div-gpt-ad-nota-289754\" class=\"banner-90\" data-mapping=\"mapping9\" data-google-query-id=\"CNW_9ueblOECFUx8wQodXKANog\">\n<div id=\"google_ads_iframe_\/7581181\/dp_universal_2__container__\">\n<div class=\"penci-pullqoute align-none\">\n<blockquote><p>Ya en el tercer trimestre del a\u00f1o pasado\u00a0la tasa de desocupaci\u00f3n hab\u00eda subido al 9%, frente al 8,3% de igual per\u00edodo del 2017.<\/p><\/blockquote>\n<\/div>\n<\/div>\n<\/div>\n<p>Un dato no menor fue que\u00a0<strong>la cantidad de empleo formal cay\u00f3 1,5% durante el a\u00f1o pasado<\/strong>, unos 191.300 puestos, seg\u00fan los datos relevados por el Ministerio de Producci\u00f3n y Trabajo en base al Sistema Integrado de Previsi\u00f3n Argentino (SIPA).<\/p>\n<p>El trabajo detalla que en diciembre de 2018 hubo 12.196.000 trabajadores registrados, lo que\u00a0<strong>representa 191.300 menos que un a\u00f1o atr\u00e1s<\/strong>\u00a0(-1,5%), aunque 92.000 m\u00e1s, (+0,6%), respecto al cierre de 2016.<\/p>\n<\/div>\n<\/article>\n<div class=\"banner bk-white\">\n<div class=\"addthis_relatedposts_inline\"><\/div>\n<\/div>\n","protected":false},"excerpt":{"rendered":"<p>En el cuarto trimestre de 2018, se increment\u00f3 el registro en comparaci\u00f3n a igual per\u00edodo&#8230;<\/p>\n","protected":false},"author":1,"featured_media":-61319,"comment_status":"open","ping_status":"open","sticky":false,"template":"","format":"standard","meta":{"content-type":""},"categories":[39],"tags":[],"nelio_content":{"isAutoShareEnabled":false,"autoShareEndMode":"default","automationSources":{"useContentSentences":true,"useSocialTemplates":true,"useCustomSentences":false,"customSentences":[]},"followers":[1],"suggestedReferences":[],"includedReferences":[],"efiUrl":"","efiAlt":"","highlights":[]},"yoast_head":"<!-- This site is optimized with the Yoast SEO plugin v20.7 - https:\/\/yoast.com\/wordpress\/plugins\/seo\/ -->\n<title>El \u00edndice de Desocupaci\u00f3n subi\u00f3 al 9,1% -<\/title>\n<meta name=\"robots\" content=\"index, follow, max-snippet:-1, max-image-preview:large, max-video-preview:-1\" \/>\n<link rel=\"canonical\" href=\"https:\/\/experienciadevida.com.ar\/portalurbano\/el-indice-de-desocupacion-subio-al-91\/\" \/>\n<meta property=\"og:locale\" content=\"es_ES\" \/>\n<meta property=\"og:type\" content=\"article\" \/>\n<meta property=\"og:title\" content=\"El \u00edndice de Desocupaci\u00f3n subi\u00f3 al 9,1% -\" \/>\n<meta property=\"og:description\" content=\"En el cuarto trimestre de 2018, se increment\u00f3 el registro en comparaci\u00f3n a igual per\u00edodo...\" \/>\n<meta property=\"og:url\" content=\"https:\/\/experienciadevida.com.ar\/portalurbano\/el-indice-de-desocupacion-subio-al-91\/\" \/>\n<meta property=\"article:publisher\" content=\"https:\/\/www.facebook.com\/Portal-Urbano-171542830093757\/\" \/>\n<meta property=\"article:published_time\" content=\"2019-03-21T21:57:20+00:00\" \/>\n<meta property=\"og:image\" content=\"https:\/\/experienciadevida.com.ar\/portalurbano\/wp-content\/uploads\/2019\/03\/desocupacion-argentina-696x391.jpg\" \/>\n\t<meta property=\"og:image:width\" content=\"696\" \/>\n\t<meta property=\"og:image:height\" content=\"391\" \/>\n\t<meta property=\"og:image:type\" content=\"image\/jpeg\" \/>\n<meta name=\"author\" content=\"admpu17wp\" \/>\n<meta name=\"twitter:card\" content=\"summary_large_image\" \/>\n<meta name=\"twitter:creator\" content=\"@portalurbanook\" \/>\n<meta name=\"twitter:site\" content=\"@portalurbanook\" \/>\n<meta name=\"twitter:label1\" content=\"Escrito por\" \/>\n\t<meta name=\"twitter:data1\" content=\"admpu17wp\" \/>\n\t<meta name=\"twitter:label2\" content=\"Tiempo de lectura\" \/>\n\t<meta name=\"twitter:data2\" content=\"1 minuto\" \/>\n<script type=\"application\/ld+json\" class=\"yoast-schema-graph\">{\"@context\":\"https:\/\/schema.org\",\"@graph\":[{\"@type\":\"Article\",\"@id\":\"https:\/\/experienciadevida.com.ar\/portalurbano\/el-indice-de-desocupacion-subio-al-91\/#article\",\"isPartOf\":{\"@id\":\"https:\/\/experienciadevida.com.ar\/portalurbano\/el-indice-de-desocupacion-subio-al-91\/\"},\"author\":{\"name\":\"admpu17wp\",\"@id\":\"https:\/\/experienciadevida.com.ar\/portalurbano\/#\/schema\/person\/02dd326b1c4b056e9cc972486934a3a7\"},\"headline\":\"El \u00edndice de Desocupaci\u00f3n subi\u00f3 al 9,1%\",\"datePublished\":\"2019-03-21T21:57:20+00:00\",\"dateModified\":\"2019-03-21T21:57:20+00:00\",\"mainEntityOfPage\":{\"@id\":\"https:\/\/experienciadevida.com.ar\/portalurbano\/el-indice-de-desocupacion-subio-al-91\/\"},\"wordCount\":256,\"commentCount\":0,\"publisher\":{\"@id\":\"https:\/\/experienciadevida.com.ar\/portalurbano\/#organization\"},\"articleSection\":[\"Naci\u00f3n\"],\"inLanguage\":\"es\",\"potentialAction\":[{\"@type\":\"CommentAction\",\"name\":\"Comment\",\"target\":[\"https:\/\/experienciadevida.com.ar\/portalurbano\/el-indice-de-desocupacion-subio-al-91\/#respond\"]}]},{\"@type\":\"WebPage\",\"@id\":\"https:\/\/experienciadevida.com.ar\/portalurbano\/el-indice-de-desocupacion-subio-al-91\/\",\"url\":\"https:\/\/experienciadevida.com.ar\/portalurbano\/el-indice-de-desocupacion-subio-al-91\/\",\"name\":\"El \u00edndice de Desocupaci\u00f3n subi\u00f3 al 9,1% -\",\"isPartOf\":{\"@id\":\"https:\/\/experienciadevida.com.ar\/portalurbano\/#website\"},\"datePublished\":\"2019-03-21T21:57:20+00:00\",\"dateModified\":\"2019-03-21T21:57:20+00:00\",\"breadcrumb\":{\"@id\":\"https:\/\/experienciadevida.com.ar\/portalurbano\/el-indice-de-desocupacion-subio-al-91\/#breadcrumb\"},\"inLanguage\":\"es\",\"potentialAction\":[{\"@type\":\"ReadAction\",\"target\":[\"https:\/\/experienciadevida.com.ar\/portalurbano\/el-indice-de-desocupacion-subio-al-91\/\"]}]},{\"@type\":\"BreadcrumbList\",\"@id\":\"https:\/\/experienciadevida.com.ar\/portalurbano\/el-indice-de-desocupacion-subio-al-91\/#breadcrumb\",\"itemListElement\":[{\"@type\":\"ListItem\",\"position\":1,\"name\":\"Portada\",\"item\":\"https:\/\/experienciadevida.com.ar\/portalurbano\/\"},{\"@type\":\"ListItem\",\"position\":2,\"name\":\"El \u00edndice de Desocupaci\u00f3n subi\u00f3 al 9,1%\"}]},{\"@type\":\"WebSite\",\"@id\":\"https:\/\/experienciadevida.com.ar\/portalurbano\/#website\",\"url\":\"https:\/\/experienciadevida.com.ar\/portalurbano\/\",\"name\":\"\",\"description\":\"\",\"publisher\":{\"@id\":\"https:\/\/experienciadevida.com.ar\/portalurbano\/#organization\"},\"potentialAction\":[{\"@type\":\"SearchAction\",\"target\":{\"@type\":\"EntryPoint\",\"urlTemplate\":\"https:\/\/experienciadevida.com.ar\/portalurbano\/?s={search_term_string}\"},\"query-input\":\"required name=search_term_string\"}],\"inLanguage\":\"es\"},{\"@type\":\"Organization\",\"@id\":\"https:\/\/experienciadevida.com.ar\/portalurbano\/#organization\",\"name\":\"Portal Urbano\",\"url\":\"https:\/\/experienciadevida.com.ar\/portalurbano\/\",\"logo\":{\"@type\":\"ImageObject\",\"inLanguage\":\"es\",\"@id\":\"https:\/\/experienciadevida.com.ar\/portalurbano\/#\/schema\/logo\/image\/\",\"url\":\"https:\/\/experienciadevida.com.ar\/portalurbano\/wp-content\/uploads\/2019\/09\/Logo-Original.png\",\"contentUrl\":\"https:\/\/experienciadevida.com.ar\/portalurbano\/wp-content\/uploads\/2019\/09\/Logo-Original.png\",\"width\":2236,\"height\":1216,\"caption\":\"Portal Urbano\"},\"image\":{\"@id\":\"https:\/\/experienciadevida.com.ar\/portalurbano\/#\/schema\/logo\/image\/\"},\"sameAs\":[\"https:\/\/www.facebook.com\/Portal-Urbano-171542830093757\/\",\"https:\/\/twitter.com\/portalurbanook\",\"https:\/\/www.instagram.com\/_portalurbano\/\",\"https:\/\/www.youtube.com\/channel\/UCXhagIfszH8KxFiOok79zbA?view_as=subscriber\"]},{\"@type\":\"Person\",\"@id\":\"https:\/\/experienciadevida.com.ar\/portalurbano\/#\/schema\/person\/02dd326b1c4b056e9cc972486934a3a7\",\"name\":\"admpu17wp\",\"image\":{\"@type\":\"ImageObject\",\"inLanguage\":\"es\",\"@id\":\"https:\/\/experienciadevida.com.ar\/portalurbano\/#\/schema\/person\/image\/\",\"url\":\"https:\/\/secure.gravatar.com\/avatar\/830d4c57adaae6630765e449a6908047?s=96&d=mm&r=g\",\"contentUrl\":\"https:\/\/secure.gravatar.com\/avatar\/830d4c57adaae6630765e449a6908047?s=96&d=mm&r=g\",\"caption\":\"admpu17wp\"}}]}<\/script>\n<!-- \/ Yoast SEO plugin. -->","yoast_head_json":{"title":"El \u00edndice de Desocupaci\u00f3n subi\u00f3 al 9,1% -","robots":{"index":"index","follow":"follow","max-snippet":"max-snippet:-1","max-image-preview":"max-image-preview:large","max-video-preview":"max-video-preview:-1"},"canonical":"https:\/\/experienciadevida.com.ar\/portalurbano\/el-indice-de-desocupacion-subio-al-91\/","og_locale":"es_ES","og_type":"article","og_title":"El \u00edndice de Desocupaci\u00f3n subi\u00f3 al 9,1% -","og_description":"En el cuarto trimestre de 2018, se increment\u00f3 el registro en comparaci\u00f3n a igual per\u00edodo...","og_url":"https:\/\/experienciadevida.com.ar\/portalurbano\/el-indice-de-desocupacion-subio-al-91\/","article_publisher":"https:\/\/www.facebook.com\/Portal-Urbano-171542830093757\/","article_published_time":"2019-03-21T21:57:20+00:00","og_image":[{"width":696,"height":391,"url":"https:\/\/experienciadevida.com.ar\/portalurbano\/wp-content\/uploads\/2019\/03\/desocupacion-argentina-696x391.jpg","type":"image\/jpeg"}],"author":"admpu17wp","twitter_card":"summary_large_image","twitter_creator":"@portalurbanook","twitter_site":"@portalurbanook","twitter_misc":{"Escrito por":"admpu17wp","Tiempo de lectura":"1 minuto"},"schema":{"@context":"https:\/\/schema.org","@graph":[{"@type":"Article","@id":"https:\/\/experienciadevida.com.ar\/portalurbano\/el-indice-de-desocupacion-subio-al-91\/#article","isPartOf":{"@id":"https:\/\/experienciadevida.com.ar\/portalurbano\/el-indice-de-desocupacion-subio-al-91\/"},"author":{"name":"admpu17wp","@id":"https:\/\/experienciadevida.com.ar\/portalurbano\/#\/schema\/person\/02dd326b1c4b056e9cc972486934a3a7"},"headline":"El \u00edndice de Desocupaci\u00f3n subi\u00f3 al 9,1%","datePublished":"2019-03-21T21:57:20+00:00","dateModified":"2019-03-21T21:57:20+00:00","mainEntityOfPage":{"@id":"https:\/\/experienciadevida.com.ar\/portalurbano\/el-indice-de-desocupacion-subio-al-91\/"},"wordCount":256,"commentCount":0,"publisher":{"@id":"https:\/\/experienciadevida.com.ar\/portalurbano\/#organization"},"articleSection":["Naci\u00f3n"],"inLanguage":"es","potentialAction":[{"@type":"CommentAction","name":"Comment","target":["https:\/\/experienciadevida.com.ar\/portalurbano\/el-indice-de-desocupacion-subio-al-91\/#respond"]}]},{"@type":"WebPage","@id":"https:\/\/experienciadevida.com.ar\/portalurbano\/el-indice-de-desocupacion-subio-al-91\/","url":"https:\/\/experienciadevida.com.ar\/portalurbano\/el-indice-de-desocupacion-subio-al-91\/","name":"El \u00edndice de Desocupaci\u00f3n subi\u00f3 al 9,1% -","isPartOf":{"@id":"https:\/\/experienciadevida.com.ar\/portalurbano\/#website"},"datePublished":"2019-03-21T21:57:20+00:00","dateModified":"2019-03-21T21:57:20+00:00","breadcrumb":{"@id":"https:\/\/experienciadevida.com.ar\/portalurbano\/el-indice-de-desocupacion-subio-al-91\/#breadcrumb"},"inLanguage":"es","potentialAction":[{"@type":"ReadAction","target":["https:\/\/experienciadevida.com.ar\/portalurbano\/el-indice-de-desocupacion-subio-al-91\/"]}]},{"@type":"BreadcrumbList","@id":"https:\/\/experienciadevida.com.ar\/portalurbano\/el-indice-de-desocupacion-subio-al-91\/#breadcrumb","itemListElement":[{"@type":"ListItem","position":1,"name":"Portada","item":"https:\/\/experienciadevida.com.ar\/portalurbano\/"},{"@type":"ListItem","position":2,"name":"El \u00edndice de Desocupaci\u00f3n subi\u00f3 al 9,1%"}]},{"@type":"WebSite","@id":"https:\/\/experienciadevida.com.ar\/portalurbano\/#website","url":"https:\/\/experienciadevida.com.ar\/portalurbano\/","name":"","description":"","publisher":{"@id":"https:\/\/experienciadevida.com.ar\/portalurbano\/#organization"},"potentialAction":[{"@type":"SearchAction","target":{"@type":"EntryPoint","urlTemplate":"https:\/\/experienciadevida.com.ar\/portalurbano\/?s={search_term_string}"},"query-input":"required name=search_term_string"}],"inLanguage":"es"},{"@type":"Organization","@id":"https:\/\/experienciadevida.com.ar\/portalurbano\/#organization","name":"Portal Urbano","url":"https:\/\/experienciadevida.com.ar\/portalurbano\/","logo":{"@type":"ImageObject","inLanguage":"es","@id":"https:\/\/experienciadevida.com.ar\/portalurbano\/#\/schema\/logo\/image\/","url":"https:\/\/experienciadevida.com.ar\/portalurbano\/wp-content\/uploads\/2019\/09\/Logo-Original.png","contentUrl":"https:\/\/experienciadevida.com.ar\/portalurbano\/wp-content\/uploads\/2019\/09\/Logo-Original.png","width":2236,"height":1216,"caption":"Portal Urbano"},"image":{"@id":"https:\/\/experienciadevida.com.ar\/portalurbano\/#\/schema\/logo\/image\/"},"sameAs":["https:\/\/www.facebook.com\/Portal-Urbano-171542830093757\/","https:\/\/twitter.com\/portalurbanook","https:\/\/www.instagram.com\/_portalurbano\/","https:\/\/www.youtube.com\/channel\/UCXhagIfszH8KxFiOok79zbA?view_as=subscriber"]},{"@type":"Person","@id":"https:\/\/experienciadevida.com.ar\/portalurbano\/#\/schema\/person\/02dd326b1c4b056e9cc972486934a3a7","name":"admpu17wp","image":{"@type":"ImageObject","inLanguage":"es","@id":"https:\/\/experienciadevida.com.ar\/portalurbano\/#\/schema\/person\/image\/","url":"https:\/\/secure.gravatar.com\/avatar\/830d4c57adaae6630765e449a6908047?s=96&d=mm&r=g","contentUrl":"https:\/\/secure.gravatar.com\/avatar\/830d4c57adaae6630765e449a6908047?s=96&d=mm&r=g","caption":"admpu17wp"}}]}},"featured_image_urls":{"full":["https:\/\/pbs.twimg.com\/media\/D2NE_N8X4AE2Pp-?format=jpg&amp;name=small",1920,1080,false],"thumbnail":["https:\/\/pbs.twimg.com\/media\/D2NE_N8X4AE2Pp-?format=jpg&amp;name=small",150,150,true],"medium":["https:\/\/pbs.twimg.com\/media\/D2NE_N8X4AE2Pp-?format=jpg&amp;name=small",300,169,true],"medium_large":["https:\/\/pbs.twimg.com\/media\/D2NE_N8X4AE2Pp-?format=jpg&amp;name=small",640,360,true],"large":["https:\/\/pbs.twimg.com\/media\/D2NE_N8X4AE2Pp-?format=jpg&amp;name=small",640,360,true],"ug_big":["https:\/\/pbs.twimg.com\/media\/D2NE_N8X4AE2Pp-?format=jpg&amp;name=small",768,432,true],"1536x1536":["https:\/\/pbs.twimg.com\/media\/D2NE_N8X4AE2Pp-?format=jpg&amp;name=small",1536,864,true],"2048x2048":["https:\/\/pbs.twimg.com\/media\/D2NE_N8X4AE2Pp-?format=jpg&amp;name=small",1920,1080,false],"newsever-slider-full":["https:\/\/pbs.twimg.com\/media\/D2NE_N8X4AE2Pp-?format=jpg&amp;name=small",1280,845,true],"newsever-featured":["https:\/\/pbs.twimg.com\/media\/D2NE_N8X4AE2Pp-?format=jpg&amp;name=small",1024,576,true],"newsever-medium":["https:\/\/pbs.twimg.com\/media\/D2NE_N8X4AE2Pp-?format=jpg&amp;name=small",720,475,true],"web-stories-poster-portrait":["https:\/\/pbs.twimg.com\/media\/D2NE_N8X4AE2Pp-?format=jpg&amp;name=small",640,853,true],"web-stories-publisher-logo":["https:\/\/pbs.twimg.com\/media\/D2NE_N8X4AE2Pp-?format=jpg&amp;name=small",96,96,true],"web-stories-thumbnail":["https:\/\/pbs.twimg.com\/media\/D2NE_N8X4AE2Pp-?format=jpg&amp;name=small",150,84,true]},"author_info":{"display_name":"admpu17wp","author_link":"https:\/\/experienciadevida.com.ar\/portalurbano\/author\/admpu17wp\/"},"category_info":"<a href=\"https:\/\/experienciadevida.com.ar\/portalurbano\/category\/nacion\/\" rel=\"category tag\">Naci\u00f3n<\/a>","tag_info":"Naci\u00f3n","comment_count":"0","amp_enabled":true,"_links":{"self":[{"href":"https:\/\/experienciadevida.com.ar\/portalurbano\/wp-json\/wp\/v2\/posts\/61319"}],"collection":[{"href":"https:\/\/experienciadevida.com.ar\/portalurbano\/wp-json\/wp\/v2\/posts"}],"about":[{"href":"https:\/\/experienciadevida.com.ar\/portalurbano\/wp-json\/wp\/v2\/types\/post"}],"author":[{"embeddable":true,"href":"https:\/\/experienciadevida.com.ar\/portalurbano\/wp-json\/wp\/v2\/users\/1"}],"replies":[{"embeddable":true,"href":"https:\/\/experienciadevida.com.ar\/portalurbano\/wp-json\/wp\/v2\/comments?post=61319"}],"version-history":[{"count":4,"href":"https:\/\/experienciadevida.com.ar\/portalurbano\/wp-json\/wp\/v2\/posts\/61319\/revisions"}],"predecessor-version":[{"id":61325,"href":"https:\/\/experienciadevida.com.ar\/portalurbano\/wp-json\/wp\/v2\/posts\/61319\/revisions\/61325"}],"wp:featuredmedia":[{"embeddable":true,"href":"https:\/\/experienciadevida.com.ar\/portalurbano\/wp-json\/"}],"wp:attachment":[{"href":"https:\/\/experienciadevida.com.ar\/portalurbano\/wp-json\/wp\/v2\/media?parent=61319"}],"wp:term":[{"taxonomy":"category","embeddable":true,"href":"https:\/\/experienciadevida.com.ar\/portalurbano\/wp-json\/wp\/v2\/categories?post=61319"},{"taxonomy":"post_tag","embeddable":true,"href":"https:\/\/experienciadevida.com.ar\/portalurbano\/wp-json\/wp\/v2\/tags?post=61319"}],"curies":[{"name":"wp","href":"https:\/\/api.w.org\/{rel}","templated":true}]}}