{"id":60784,"date":"2019-03-17T11:17:31","date_gmt":"2019-03-17T14:17:31","guid":{"rendered":"https:\/\/experienciadevida.com.ar\/portalurbano\/?p=60784"},"modified":"2019-03-17T11:17:31","modified_gmt":"2019-03-17T14:17:31","slug":"hoy-se-cumplen-27-anos-del-atentado-contra-la-embajada-de-israel","status":"publish","type":"post","link":"https:\/\/experienciadevida.com.ar\/portalurbano\/hoy-se-cumplen-27-anos-del-atentado-contra-la-embajada-de-israel\/","title":{"rendered":"Hoy se cumplen 27 a\u00f1os del atentado contra la embajada de Israel"},"content":{"rendered":"<article id=\"article-post\" class=\"first\">\n<p class=\"interiorCopete\"><strong>El atentado a la embajada de Israel dej\u00f3 29 muertos y m\u00e1s de 200 heridos<\/strong><\/p>\n<div class=\"separator-line\">La representaci\u00f3n diplom\u00e1tica de\u00a0Israel\u00a0en Argentina recuerda este domingo el\u00a0<strong>27\u00ba aniversario del atentado terrorista<\/strong>\u00a0al edificio donde funcionaba su embajada, ataque que dej\u00f3\u00a0<strong>29 muertos y m\u00e1s de 200 heridos.<\/strong><\/div>\n<div class=\"cuerpo\" data-twitter-link=\"https:\/\/twitter.com\/intent\/tweet?url=https:\/\/www.diariopopular.com.ar\/\/c388628&amp;via=poopulardiario&amp;related=Diario Popular&amp;text=\">\n<div id=\"div-gpt-ad-nota-848430\" class=\"banner-90\" data-mapping=\"mapping9\" data-google-query-id=\"CK_u46SuieECFVFTwQodKEkG0Q\">\n<div><\/div>\n<div id=\"google_ads_iframe_\/7581181\/dp_universal_0__container__\">Si bien el 17 es el d\u00eda exacto del atentado terrorista perpetrado hace 27 a\u00f1os que vol\u00f3 el edificio de la calle Arroyo y Suipacha, el acto central ser\u00e1 el lunes 18 de marzo, en tanto que hoy a las 19 se realizar\u00e1 otro protagonizado por la Juventud.<\/div>\n<\/div>\n<\/div>\n<\/article>\n<article id=\"article-post\">\n<div class=\"cuerpo\" data-twitter-link=\"https:\/\/twitter.com\/intent\/tweet?url=https:\/\/www.diariopopular.com.ar\/\/c388628&amp;via=poopulardiario&amp;related=Diario Popular&amp;text=\">\n<p>El\u00a0<strong>acto central tendr\u00e1 lugar en la Plaza Embajada de Israel,<\/strong>\u00a0en la esquina de Arroyo y Suipacha, el lugar exacto donde estaba emplazado el edificio en el que funcionaba la sede diplom\u00e1tica israel\u00ed.<\/p>\n<div id=\"sc_intxt_container\">\n<div>\n<div id=\"sc_ava_companion\" class=\"sc_intxt_hided\">La conmemoraci\u00f3n comenzar\u00e1 a las 14.50, hora en la que ocurri\u00f3 el atentado, momento que se acompa\u00f1ar\u00e1 con el sonido de una sirena.<\/div>\n<\/div>\n<\/div>\n<p>Durante la misma est\u00e1 previsto que el embajador de Israel en Argentina, Ilan Sztulman, sea uno de los oradores, junto con el ministro de Justicia y Derechos Humanos de la Naci\u00f3n, Germ\u00e1n Garavano, y Alberto Romano, en representaci\u00f3n de los familiares de las v\u00edctimas y sobrevivientes.<\/p>\n<p>Estar\u00e1n presentes\u00a0<strong>titulares de diversas carteras ministeriales y funcionarios del gobierno nacional y de la Ciudad Aut\u00f3noma de Buenos Aires<\/strong>, as\u00ed como tambi\u00e9n miembros de los poderes legislativo y judicial y del cuerpo diplom\u00e1tico acreditado en Argentina.<\/p>\n<p>Seg\u00fan informaron desde la embajada israel\u00ed, durante el acto\u00a0<strong>habr\u00e1 un espacio de rezo con representantes de distintas religiones<\/strong>\u00a0como el Im\u00e1n Marwan Gill, de la Comunidad Musulmana Ahmad\u00eda, qui\u00e9n pronunciar\u00e1 un rezo en memoria de los fallecidos en idioma \u00e1rabe, y el Padre Carlos White, encargado de la comisi\u00f3n por el ecumenismo y el di\u00e1logo interreligioso del Arzobispado de Buenos Aires.<\/p>\n<div id=\"div-gpt-ad-nota-514224\" class=\"banner-90\" data-mapping=\"mapping9\" data-google-query-id=\"CNjv46SuieECFVFTwQodKEkG0Q\">\n<div id=\"google_ads_iframe_\/7581181\/dp_universal_1__container__\">La Rabina Sarina Vitas recitar\u00e1 una plegaria de acuerdo al rito jud\u00edo y cuando llegue el cierre del acto, se escuchar\u00e1n piezas musicales interpretadas por Alejandro Lerner.<\/div>\n<\/div>\n<p>Acompa\u00f1ar\u00e1 este aniversario una campa\u00f1a gr\u00e1fica en medios de transporte y v\u00eda p\u00fablica rescatando la frase de matriz b\u00edblica \u201cY le contar\u00e1s a tu hijo\u201d, con una imagen en la que se puede sentir la desolaci\u00f3n del lugar, ver el humo que sale de entre los escombros y el polvo que ti\u00f1e los colores reales de los objetos, que corresponde a los primeros minutos que siguieron al ataque terrorista y que transmite a quien la observe la sensaci\u00f3n de que es parte de la escena.<\/p>\n<p>Como parte de esta campa\u00f1a,\u00a0<strong>el domingo antes del partido entre River Plate e Independiente en el Estadio Monumental, sobrevivientes del atentado dar\u00e1n la vuelta ol\u00edmpica junto a sus hijos y nietos,<\/strong>\u00a0sosteniendo una bandera que recuerda la conmemoraci\u00f3n de los 27 a\u00f1os del atentado, se realizar\u00e1 un minuto de silencio en homenaje a las v\u00edctimas y se proyectar\u00e1 un corto preparado especialmente.<\/p>\n<p>Adem\u00e1s, en sinton\u00eda con el lema de campa\u00f1a \u201cY le contar\u00e1s a tu hijo que el atentado lo vimos as\u00ed de cerca\u201d, en el Congreso de la Naci\u00f3n y en la estaci\u00f3n 9 de julio de la l\u00ednea D de subterr\u00e1neos habr\u00e1 piezas en acr\u00edlico dise\u00f1adas por FWK Argentina que contienen escombros, una menor\u00e1 (candelabro de siete brazos), una cruz, una mochila y un osito de peluche, entre otros objetos de la vida cotidiana de los lugares donde el atentado dej\u00f3 su huella.<\/p>\n<p>Asimismo, en el marco de esta campa\u00f1a, sobrevivientes del atentado se reunir\u00e1n durante el mes de marzo en casas y lugares de trabajo de referentes de la agenda nacional argentina para compartir con generaciones m\u00e1s j\u00f3venes lo que vivieron en carne propia.De uno de estos encuentros participar\u00e1 el Presidente Provisional del Senado, Federico Pinedo, en tanto ya han realizado otros con el diputado y titular del Frente Renovador Sergio Massa y con dirigentes de la CGT.<\/p>\n<div id=\"div-gpt-ad-nota-654688\" class=\"banner-90\" data-mapping=\"mapping9\" data-google-query-id=\"COjw46SuieECFVFTwQodKEkG0Q\">\n<div id=\"google_ads_iframe_\/7581181\/dp_universal_2__container__\">Acompa\u00f1ando el aniversario, ambas c\u00e1maras del Congreso de la Naci\u00f3n emitieron una declaraci\u00f3n expresando su \u201crenovado reclamo de esclarecimiento de los hechos y condena a los culpables\u201d.<\/div>\n<\/div>\n<\/div>\n<\/article>\n","protected":false},"excerpt":{"rendered":"<p>El atentado a la embajada de Israel dej\u00f3 29 muertos y m\u00e1s de 200 heridos&#8230;<\/p>\n","protected":false},"author":1,"featured_media":0,"comment_status":"open","ping_status":"open","sticky":false,"template":"","format":"standard","meta":{"content-type":""},"categories":[39],"tags":[],"nelio_content":{"isAutoShareEnabled":false,"autoShareEndMode":"default","automationSources":{"useContentSentences":true,"useSocialTemplates":true,"useCustomSentences":false,"customSentences":[]},"followers":[1],"suggestedReferences":[],"includedReferences":[],"efiUrl":"","efiAlt":"","highlights":[]},"yoast_head":"<!-- This site is optimized with the Yoast SEO plugin v20.7 - https:\/\/yoast.com\/wordpress\/plugins\/seo\/ -->\n<title>Hoy se cumplen 27 a\u00f1os del atentado contra la embajada de Israel -<\/title>\n<meta name=\"robots\" content=\"index, follow, max-snippet:-1, max-image-preview:large, max-video-preview:-1\" \/>\n<link rel=\"canonical\" href=\"https:\/\/experienciadevida.com.ar\/portalurbano\/hoy-se-cumplen-27-anos-del-atentado-contra-la-embajada-de-israel\/\" \/>\n<meta property=\"og:locale\" content=\"es_ES\" \/>\n<meta property=\"og:type\" content=\"article\" \/>\n<meta property=\"og:title\" content=\"Hoy se cumplen 27 a\u00f1os del atentado contra la embajada de Israel -\" \/>\n<meta property=\"og:description\" content=\"El atentado a la embajada de Israel dej\u00f3 29 muertos y m\u00e1s de 200 heridos...\" \/>\n<meta property=\"og:url\" content=\"https:\/\/experienciadevida.com.ar\/portalurbano\/hoy-se-cumplen-27-anos-del-atentado-contra-la-embajada-de-israel\/\" \/>\n<meta property=\"article:publisher\" content=\"https:\/\/www.facebook.com\/Portal-Urbano-171542830093757\/\" \/>\n<meta property=\"article:published_time\" content=\"2019-03-17T14:17:31+00:00\" \/>\n<meta property=\"og:image\" content=\"https:\/\/experienciadevida.com.ar\/portalurbano\/wp-content\/uploads\/2019\/03\/0005755567-e1552832219460.jpg\" \/>\n\t<meta property=\"og:image:width\" content=\"750\" \/>\n\t<meta property=\"og:image:height\" content=\"459\" \/>\n\t<meta property=\"og:image:type\" content=\"image\/jpeg\" \/>\n<meta name=\"author\" content=\"admpu17wp\" \/>\n<meta name=\"twitter:card\" content=\"summary_large_image\" \/>\n<meta name=\"twitter:creator\" content=\"@portalurbanook\" \/>\n<meta name=\"twitter:site\" content=\"@portalurbanook\" \/>\n<meta name=\"twitter:label1\" content=\"Escrito por\" \/>\n\t<meta name=\"twitter:data1\" content=\"admpu17wp\" \/>\n\t<meta name=\"twitter:label2\" content=\"Tiempo de lectura\" \/>\n\t<meta name=\"twitter:data2\" content=\"4 minutos\" \/>\n<script type=\"application\/ld+json\" class=\"yoast-schema-graph\">{\"@context\":\"https:\/\/schema.org\",\"@graph\":[{\"@type\":\"Article\",\"@id\":\"https:\/\/experienciadevida.com.ar\/portalurbano\/hoy-se-cumplen-27-anos-del-atentado-contra-la-embajada-de-israel\/#article\",\"isPartOf\":{\"@id\":\"https:\/\/experienciadevida.com.ar\/portalurbano\/hoy-se-cumplen-27-anos-del-atentado-contra-la-embajada-de-israel\/\"},\"author\":{\"name\":\"admpu17wp\",\"@id\":\"https:\/\/experienciadevida.com.ar\/portalurbano\/#\/schema\/person\/02dd326b1c4b056e9cc972486934a3a7\"},\"headline\":\"Hoy se cumplen 27 a\u00f1os del atentado contra la embajada de Israel\",\"datePublished\":\"2019-03-17T14:17:31+00:00\",\"dateModified\":\"2019-03-17T14:17:31+00:00\",\"mainEntityOfPage\":{\"@id\":\"https:\/\/experienciadevida.com.ar\/portalurbano\/hoy-se-cumplen-27-anos-del-atentado-contra-la-embajada-de-israel\/\"},\"wordCount\":718,\"commentCount\":0,\"publisher\":{\"@id\":\"https:\/\/experienciadevida.com.ar\/portalurbano\/#organization\"},\"articleSection\":[\"Naci\u00f3n\"],\"inLanguage\":\"es\",\"potentialAction\":[{\"@type\":\"CommentAction\",\"name\":\"Comment\",\"target\":[\"https:\/\/experienciadevida.com.ar\/portalurbano\/hoy-se-cumplen-27-anos-del-atentado-contra-la-embajada-de-israel\/#respond\"]}]},{\"@type\":\"WebPage\",\"@id\":\"https:\/\/experienciadevida.com.ar\/portalurbano\/hoy-se-cumplen-27-anos-del-atentado-contra-la-embajada-de-israel\/\",\"url\":\"https:\/\/experienciadevida.com.ar\/portalurbano\/hoy-se-cumplen-27-anos-del-atentado-contra-la-embajada-de-israel\/\",\"name\":\"Hoy se cumplen 27 a\u00f1os del atentado contra la embajada de Israel -\",\"isPartOf\":{\"@id\":\"https:\/\/experienciadevida.com.ar\/portalurbano\/#website\"},\"datePublished\":\"2019-03-17T14:17:31+00:00\",\"dateModified\":\"2019-03-17T14:17:31+00:00\",\"breadcrumb\":{\"@id\":\"https:\/\/experienciadevida.com.ar\/portalurbano\/hoy-se-cumplen-27-anos-del-atentado-contra-la-embajada-de-israel\/#breadcrumb\"},\"inLanguage\":\"es\",\"potentialAction\":[{\"@type\":\"ReadAction\",\"target\":[\"https:\/\/experienciadevida.com.ar\/portalurbano\/hoy-se-cumplen-27-anos-del-atentado-contra-la-embajada-de-israel\/\"]}]},{\"@type\":\"BreadcrumbList\",\"@id\":\"https:\/\/experienciadevida.com.ar\/portalurbano\/hoy-se-cumplen-27-anos-del-atentado-contra-la-embajada-de-israel\/#breadcrumb\",\"itemListElement\":[{\"@type\":\"ListItem\",\"position\":1,\"name\":\"Portada\",\"item\":\"https:\/\/experienciadevida.com.ar\/portalurbano\/\"},{\"@type\":\"ListItem\",\"position\":2,\"name\":\"Hoy se cumplen 27 a\u00f1os del atentado contra la embajada de Israel\"}]},{\"@type\":\"WebSite\",\"@id\":\"https:\/\/experienciadevida.com.ar\/portalurbano\/#website\",\"url\":\"https:\/\/experienciadevida.com.ar\/portalurbano\/\",\"name\":\"\",\"description\":\"\",\"publisher\":{\"@id\":\"https:\/\/experienciadevida.com.ar\/portalurbano\/#organization\"},\"potentialAction\":[{\"@type\":\"SearchAction\",\"target\":{\"@type\":\"EntryPoint\",\"urlTemplate\":\"https:\/\/experienciadevida.com.ar\/portalurbano\/?s={search_term_string}\"},\"query-input\":\"required name=search_term_string\"}],\"inLanguage\":\"es\"},{\"@type\":\"Organization\",\"@id\":\"https:\/\/experienciadevida.com.ar\/portalurbano\/#organization\",\"name\":\"Portal Urbano\",\"url\":\"https:\/\/experienciadevida.com.ar\/portalurbano\/\",\"logo\":{\"@type\":\"ImageObject\",\"inLanguage\":\"es\",\"@id\":\"https:\/\/experienciadevida.com.ar\/portalurbano\/#\/schema\/logo\/image\/\",\"url\":\"https:\/\/experienciadevida.com.ar\/portalurbano\/wp-content\/uploads\/2019\/09\/Logo-Original.png\",\"contentUrl\":\"https:\/\/experienciadevida.com.ar\/portalurbano\/wp-content\/uploads\/2019\/09\/Logo-Original.png\",\"width\":2236,\"height\":1216,\"caption\":\"Portal Urbano\"},\"image\":{\"@id\":\"https:\/\/experienciadevida.com.ar\/portalurbano\/#\/schema\/logo\/image\/\"},\"sameAs\":[\"https:\/\/www.facebook.com\/Portal-Urbano-171542830093757\/\",\"https:\/\/twitter.com\/portalurbanook\",\"https:\/\/www.instagram.com\/_portalurbano\/\",\"https:\/\/www.youtube.com\/channel\/UCXhagIfszH8KxFiOok79zbA?view_as=subscriber\"]},{\"@type\":\"Person\",\"@id\":\"https:\/\/experienciadevida.com.ar\/portalurbano\/#\/schema\/person\/02dd326b1c4b056e9cc972486934a3a7\",\"name\":\"admpu17wp\",\"image\":{\"@type\":\"ImageObject\",\"inLanguage\":\"es\",\"@id\":\"https:\/\/experienciadevida.com.ar\/portalurbano\/#\/schema\/person\/image\/\",\"url\":\"https:\/\/secure.gravatar.com\/avatar\/830d4c57adaae6630765e449a6908047?s=96&d=mm&r=g\",\"contentUrl\":\"https:\/\/secure.gravatar.com\/avatar\/830d4c57adaae6630765e449a6908047?s=96&d=mm&r=g\",\"caption\":\"admpu17wp\"}}]}<\/script>\n<!-- \/ Yoast SEO plugin. -->","yoast_head_json":{"title":"Hoy se cumplen 27 a\u00f1os del atentado contra la embajada de Israel -","robots":{"index":"index","follow":"follow","max-snippet":"max-snippet:-1","max-image-preview":"max-image-preview:large","max-video-preview":"max-video-preview:-1"},"canonical":"https:\/\/experienciadevida.com.ar\/portalurbano\/hoy-se-cumplen-27-anos-del-atentado-contra-la-embajada-de-israel\/","og_locale":"es_ES","og_type":"article","og_title":"Hoy se cumplen 27 a\u00f1os del atentado contra la embajada de Israel -","og_description":"El atentado a la embajada de Israel dej\u00f3 29 muertos y m\u00e1s de 200 heridos...","og_url":"https:\/\/experienciadevida.com.ar\/portalurbano\/hoy-se-cumplen-27-anos-del-atentado-contra-la-embajada-de-israel\/","article_publisher":"https:\/\/www.facebook.com\/Portal-Urbano-171542830093757\/","article_published_time":"2019-03-17T14:17:31+00:00","og_image":[{"width":750,"height":459,"url":"https:\/\/experienciadevida.com.ar\/portalurbano\/wp-content\/uploads\/2019\/03\/0005755567-e1552832219460.jpg","type":"image\/jpeg"}],"author":"admpu17wp","twitter_card":"summary_large_image","twitter_creator":"@portalurbanook","twitter_site":"@portalurbanook","twitter_misc":{"Escrito por":"admpu17wp","Tiempo de lectura":"4 minutos"},"schema":{"@context":"https:\/\/schema.org","@graph":[{"@type":"Article","@id":"https:\/\/experienciadevida.com.ar\/portalurbano\/hoy-se-cumplen-27-anos-del-atentado-contra-la-embajada-de-israel\/#article","isPartOf":{"@id":"https:\/\/experienciadevida.com.ar\/portalurbano\/hoy-se-cumplen-27-anos-del-atentado-contra-la-embajada-de-israel\/"},"author":{"name":"admpu17wp","@id":"https:\/\/experienciadevida.com.ar\/portalurbano\/#\/schema\/person\/02dd326b1c4b056e9cc972486934a3a7"},"headline":"Hoy se cumplen 27 a\u00f1os del atentado contra la embajada de Israel","datePublished":"2019-03-17T14:17:31+00:00","dateModified":"2019-03-17T14:17:31+00:00","mainEntityOfPage":{"@id":"https:\/\/experienciadevida.com.ar\/portalurbano\/hoy-se-cumplen-27-anos-del-atentado-contra-la-embajada-de-israel\/"},"wordCount":718,"commentCount":0,"publisher":{"@id":"https:\/\/experienciadevida.com.ar\/portalurbano\/#organization"},"articleSection":["Naci\u00f3n"],"inLanguage":"es","potentialAction":[{"@type":"CommentAction","name":"Comment","target":["https:\/\/experienciadevida.com.ar\/portalurbano\/hoy-se-cumplen-27-anos-del-atentado-contra-la-embajada-de-israel\/#respond"]}]},{"@type":"WebPage","@id":"https:\/\/experienciadevida.com.ar\/portalurbano\/hoy-se-cumplen-27-anos-del-atentado-contra-la-embajada-de-israel\/","url":"https:\/\/experienciadevida.com.ar\/portalurbano\/hoy-se-cumplen-27-anos-del-atentado-contra-la-embajada-de-israel\/","name":"Hoy se cumplen 27 a\u00f1os del atentado contra la embajada de Israel -","isPartOf":{"@id":"https:\/\/experienciadevida.com.ar\/portalurbano\/#website"},"datePublished":"2019-03-17T14:17:31+00:00","dateModified":"2019-03-17T14:17:31+00:00","breadcrumb":{"@id":"https:\/\/experienciadevida.com.ar\/portalurbano\/hoy-se-cumplen-27-anos-del-atentado-contra-la-embajada-de-israel\/#breadcrumb"},"inLanguage":"es","potentialAction":[{"@type":"ReadAction","target":["https:\/\/experienciadevida.com.ar\/portalurbano\/hoy-se-cumplen-27-anos-del-atentado-contra-la-embajada-de-israel\/"]}]},{"@type":"BreadcrumbList","@id":"https:\/\/experienciadevida.com.ar\/portalurbano\/hoy-se-cumplen-27-anos-del-atentado-contra-la-embajada-de-israel\/#breadcrumb","itemListElement":[{"@type":"ListItem","position":1,"name":"Portada","item":"https:\/\/experienciadevida.com.ar\/portalurbano\/"},{"@type":"ListItem","position":2,"name":"Hoy se cumplen 27 a\u00f1os del atentado contra la embajada de Israel"}]},{"@type":"WebSite","@id":"https:\/\/experienciadevida.com.ar\/portalurbano\/#website","url":"https:\/\/experienciadevida.com.ar\/portalurbano\/","name":"","description":"","publisher":{"@id":"https:\/\/experienciadevida.com.ar\/portalurbano\/#organization"},"potentialAction":[{"@type":"SearchAction","target":{"@type":"EntryPoint","urlTemplate":"https:\/\/experienciadevida.com.ar\/portalurbano\/?s={search_term_string}"},"query-input":"required name=search_term_string"}],"inLanguage":"es"},{"@type":"Organization","@id":"https:\/\/experienciadevida.com.ar\/portalurbano\/#organization","name":"Portal Urbano","url":"https:\/\/experienciadevida.com.ar\/portalurbano\/","logo":{"@type":"ImageObject","inLanguage":"es","@id":"https:\/\/experienciadevida.com.ar\/portalurbano\/#\/schema\/logo\/image\/","url":"https:\/\/experienciadevida.com.ar\/portalurbano\/wp-content\/uploads\/2019\/09\/Logo-Original.png","contentUrl":"https:\/\/experienciadevida.com.ar\/portalurbano\/wp-content\/uploads\/2019\/09\/Logo-Original.png","width":2236,"height":1216,"caption":"Portal Urbano"},"image":{"@id":"https:\/\/experienciadevida.com.ar\/portalurbano\/#\/schema\/logo\/image\/"},"sameAs":["https:\/\/www.facebook.com\/Portal-Urbano-171542830093757\/","https:\/\/twitter.com\/portalurbanook","https:\/\/www.instagram.com\/_portalurbano\/","https:\/\/www.youtube.com\/channel\/UCXhagIfszH8KxFiOok79zbA?view_as=subscriber"]},{"@type":"Person","@id":"https:\/\/experienciadevida.com.ar\/portalurbano\/#\/schema\/person\/02dd326b1c4b056e9cc972486934a3a7","name":"admpu17wp","image":{"@type":"ImageObject","inLanguage":"es","@id":"https:\/\/experienciadevida.com.ar\/portalurbano\/#\/schema\/person\/image\/","url":"https:\/\/secure.gravatar.com\/avatar\/830d4c57adaae6630765e449a6908047?s=96&d=mm&r=g","contentUrl":"https:\/\/secure.gravatar.com\/avatar\/830d4c57adaae6630765e449a6908047?s=96&d=mm&r=g","caption":"admpu17wp"}}]}},"featured_image_urls":{"full":"","thumbnail":"","medium":"","medium_large":"","large":"","ug_big":"","1536x1536":"","2048x2048":"","newsever-slider-full":"","newsever-featured":"","newsever-medium":"","web-stories-poster-portrait":"","web-stories-publisher-logo":"","web-stories-thumbnail":""},"author_info":{"display_name":"admpu17wp","author_link":"https:\/\/experienciadevida.com.ar\/portalurbano\/author\/admpu17wp\/"},"category_info":"<a href=\"https:\/\/experienciadevida.com.ar\/portalurbano\/category\/nacion\/\" rel=\"category tag\">Naci\u00f3n<\/a>","tag_info":"Naci\u00f3n","comment_count":"0","amp_enabled":true,"_links":{"self":[{"href":"https:\/\/experienciadevida.com.ar\/portalurbano\/wp-json\/wp\/v2\/posts\/60784"}],"collection":[{"href":"https:\/\/experienciadevida.com.ar\/portalurbano\/wp-json\/wp\/v2\/posts"}],"about":[{"href":"https:\/\/experienciadevida.com.ar\/portalurbano\/wp-json\/wp\/v2\/types\/post"}],"author":[{"embeddable":true,"href":"https:\/\/experienciadevida.com.ar\/portalurbano\/wp-json\/wp\/v2\/users\/1"}],"replies":[{"embeddable":true,"href":"https:\/\/experienciadevida.com.ar\/portalurbano\/wp-json\/wp\/v2\/comments?post=60784"}],"version-history":[{"count":1,"href":"https:\/\/experienciadevida.com.ar\/portalurbano\/wp-json\/wp\/v2\/posts\/60784\/revisions"}],"predecessor-version":[{"id":60786,"href":"https:\/\/experienciadevida.com.ar\/portalurbano\/wp-json\/wp\/v2\/posts\/60784\/revisions\/60786"}],"wp:attachment":[{"href":"https:\/\/experienciadevida.com.ar\/portalurbano\/wp-json\/wp\/v2\/media?parent=60784"}],"wp:term":[{"taxonomy":"category","embeddable":true,"href":"https:\/\/experienciadevida.com.ar\/portalurbano\/wp-json\/wp\/v2\/categories?post=60784"},{"taxonomy":"post_tag","embeddable":true,"href":"https:\/\/experienciadevida.com.ar\/portalurbano\/wp-json\/wp\/v2\/tags?post=60784"}],"curies":[{"name":"wp","href":"https:\/\/api.w.org\/{rel}","templated":true}]}}