{"id":60719,"date":"2019-03-16T14:11:08","date_gmt":"2019-03-16T17:11:08","guid":{"rendered":"https:\/\/experienciadevida.com.ar\/portalurbano\/?p=60719"},"modified":"2019-03-16T14:11:30","modified_gmt":"2019-03-16T17:11:30","slug":"sergio-denis-evoluciona-favorablemente-parpadea-y-evaluan-comenzar-a-alimentarlo","status":"publish","type":"post","link":"https:\/\/experienciadevida.com.ar\/portalurbano\/sergio-denis-evoluciona-favorablemente-parpadea-y-evaluan-comenzar-a-alimentarlo\/","title":{"rendered":"Sergio Denis evoluciona favorablemente: parpadea y eval\u00faan comenzar a alimentarlo"},"content":{"rendered":"<article id=\"article-post\" class=\"first\">\n<p class=\"interiorCopete\">La Directora del Hospital Padilla de Tucum\u00e1n, inform\u00f3 a los medios sobre la evoluci\u00f3n de la salud del cantante y dijo que si bien hay mejor\u00edas, seguir\u00e1 con asistencia respiratoria y pron\u00f3stico reservado.<\/p>\n<div class=\"separator-line\">La doctora Olga Fern\u00e1ndez, Directora del\u00a0<strong>Hospital Padilla<\/strong>, brind\u00f3 hoy un nuevo parte m\u00e9dico sobre\u00a0<strong>la salud de Sergio Denis<\/strong>, e inform\u00f3 que el cantante evoluciona favorablemente.<\/div>\n<div class=\"cuerpo\" data-twitter-link=\"https:\/\/twitter.com\/intent\/tweet?url=https:\/\/www.diariopopular.com.ar\/\/c388588&amp;via=poopulardiario&amp;related=Diario Popular&amp;text=\">\n<div id=\"div-gpt-ad-nota-656734\" class=\"banner-90\" data-mapping=\"mapping9\" data-google-query-id=\"CKfEyLiTh-ECFT_H4wcdkvcDBw\">\n<div id=\"google_ads_iframe_\/7581181\/dp_universal_0__container__\">En su informe, la doctora comunic\u00f3 que en las pr\u00f3ximas horas comenzar\u00e1n a evaluar la posibilidad de alimentarlo por v\u00eda oral, aunque &#8220;<strong>contin\u00faa con asistencia respiratoria mec\u00e1nica y pron\u00f3stico reservado<\/strong>&#8220;.<\/div>\n<\/div>\n<\/div>\n<\/article>\n<article id=\"article-post\">\n<div class=\"cuerpo\" data-twitter-link=\"https:\/\/twitter.com\/intent\/tweet?url=https:\/\/www.diariopopular.com.ar\/\/c388588&amp;via=poopulardiario&amp;related=Diario Popular&amp;text=\">\n<p>Por \u00faltimo, la m\u00e9dica inform\u00f3 que el pr\u00f3ximo parte m\u00e9dico reci\u00e9n se dar\u00e1 a conocer el pr\u00f3ximo lunes, si es que no hay novedades antes.<\/p>\n<div id=\"sc_intxt_container\">\n<div>Luego del informe, el hermano de\u00a0<strong>Sergio Denis<\/strong>, Carlos Hoffmann, tom\u00f3 la posta y se mostr\u00f3 esperanzado, diciendo que en las \u00faltimas horas &#8220;hubo un cambio muy importante y muy bueno.\u00a0<strong>El organismo est\u00e1 funcionando muy bien y estamos m\u00e1s que contentos<\/strong>&#8220;.<\/div>\n<\/div>\n<p>Cabe recordar que hoy el cantante cumple 70 a\u00f1os, motivo por el cu\u00e1l varios familiares y amigos se acercaron al hospicio a saludarlo.\u00a0<strong>\u00a1Fuerza Sergio!<\/strong><\/p>\n<\/div>\n<\/article>\n","protected":false},"excerpt":{"rendered":"<p>La Directora del Hospital Padilla de Tucum\u00e1n, inform\u00f3 a los medios sobre la evoluci\u00f3n de&#8230;<\/p>\n","protected":false},"author":1,"featured_media":0,"comment_status":"open","ping_status":"open","sticky":false,"template":"","format":"standard","meta":{"content-type":""},"categories":[39],"tags":[],"nelio_content":{"isAutoShareEnabled":false,"autoShareEndMode":"default","automationSources":{"useContentSentences":true,"useSocialTemplates":true,"useCustomSentences":false,"customSentences":[]},"followers":[1],"suggestedReferences":[],"includedReferences":[],"efiUrl":"","efiAlt":"","highlights":[]},"yoast_head":"<!-- This site is optimized with the Yoast SEO plugin v20.7 - https:\/\/yoast.com\/wordpress\/plugins\/seo\/ -->\n<title>Sergio Denis evoluciona favorablemente: parpadea y eval\u00faan comenzar a alimentarlo -<\/title>\n<meta name=\"robots\" content=\"index, follow, max-snippet:-1, max-image-preview:large, max-video-preview:-1\" \/>\n<link rel=\"canonical\" href=\"https:\/\/experienciadevida.com.ar\/portalurbano\/sergio-denis-evoluciona-favorablemente-parpadea-y-evaluan-comenzar-a-alimentarlo\/\" \/>\n<meta property=\"og:locale\" content=\"es_ES\" \/>\n<meta property=\"og:type\" content=\"article\" \/>\n<meta property=\"og:title\" content=\"Sergio Denis evoluciona favorablemente: parpadea y eval\u00faan comenzar a alimentarlo -\" \/>\n<meta property=\"og:description\" content=\"La Directora del Hospital Padilla de Tucum\u00e1n, inform\u00f3 a los medios sobre la evoluci\u00f3n de...\" \/>\n<meta property=\"og:url\" content=\"https:\/\/experienciadevida.com.ar\/portalurbano\/sergio-denis-evoluciona-favorablemente-parpadea-y-evaluan-comenzar-a-alimentarlo\/\" \/>\n<meta property=\"article:publisher\" content=\"https:\/\/www.facebook.com\/Portal-Urbano-171542830093757\/\" \/>\n<meta property=\"article:published_time\" content=\"2019-03-16T17:11:08+00:00\" \/>\n<meta property=\"article:modified_time\" content=\"2019-03-16T17:11:30+00:00\" \/>\n<meta property=\"og:image\" content=\"https:\/\/experienciadevida.com.ar\/portalurbano\/wp-content\/uploads\/2019\/03\/0005748598-e1552756259414.jpg\" \/>\n\t<meta property=\"og:image:width\" content=\"750\" \/>\n\t<meta property=\"og:image:height\" content=\"539\" \/>\n\t<meta property=\"og:image:type\" content=\"image\/jpeg\" \/>\n<meta name=\"author\" content=\"admpu17wp\" \/>\n<meta name=\"twitter:card\" content=\"summary_large_image\" \/>\n<meta name=\"twitter:creator\" content=\"@portalurbanook\" \/>\n<meta name=\"twitter:site\" content=\"@portalurbanook\" \/>\n<meta name=\"twitter:label1\" content=\"Escrito por\" \/>\n\t<meta name=\"twitter:data1\" content=\"admpu17wp\" \/>\n\t<meta name=\"twitter:label2\" content=\"Tiempo de lectura\" \/>\n\t<meta name=\"twitter:data2\" content=\"1 minuto\" \/>\n<script type=\"application\/ld+json\" class=\"yoast-schema-graph\">{\"@context\":\"https:\/\/schema.org\",\"@graph\":[{\"@type\":\"Article\",\"@id\":\"https:\/\/experienciadevida.com.ar\/portalurbano\/sergio-denis-evoluciona-favorablemente-parpadea-y-evaluan-comenzar-a-alimentarlo\/#article\",\"isPartOf\":{\"@id\":\"https:\/\/experienciadevida.com.ar\/portalurbano\/sergio-denis-evoluciona-favorablemente-parpadea-y-evaluan-comenzar-a-alimentarlo\/\"},\"author\":{\"name\":\"admpu17wp\",\"@id\":\"https:\/\/experienciadevida.com.ar\/portalurbano\/#\/schema\/person\/02dd326b1c4b056e9cc972486934a3a7\"},\"headline\":\"Sergio Denis evoluciona favorablemente: parpadea y eval\u00faan comenzar a alimentarlo\",\"datePublished\":\"2019-03-16T17:11:08+00:00\",\"dateModified\":\"2019-03-16T17:11:30+00:00\",\"mainEntityOfPage\":{\"@id\":\"https:\/\/experienciadevida.com.ar\/portalurbano\/sergio-denis-evoluciona-favorablemente-parpadea-y-evaluan-comenzar-a-alimentarlo\/\"},\"wordCount\":212,\"commentCount\":0,\"publisher\":{\"@id\":\"https:\/\/experienciadevida.com.ar\/portalurbano\/#organization\"},\"articleSection\":[\"Naci\u00f3n\"],\"inLanguage\":\"es\",\"potentialAction\":[{\"@type\":\"CommentAction\",\"name\":\"Comment\",\"target\":[\"https:\/\/experienciadevida.com.ar\/portalurbano\/sergio-denis-evoluciona-favorablemente-parpadea-y-evaluan-comenzar-a-alimentarlo\/#respond\"]}]},{\"@type\":\"WebPage\",\"@id\":\"https:\/\/experienciadevida.com.ar\/portalurbano\/sergio-denis-evoluciona-favorablemente-parpadea-y-evaluan-comenzar-a-alimentarlo\/\",\"url\":\"https:\/\/experienciadevida.com.ar\/portalurbano\/sergio-denis-evoluciona-favorablemente-parpadea-y-evaluan-comenzar-a-alimentarlo\/\",\"name\":\"Sergio Denis evoluciona favorablemente: parpadea y eval\u00faan comenzar a alimentarlo -\",\"isPartOf\":{\"@id\":\"https:\/\/experienciadevida.com.ar\/portalurbano\/#website\"},\"datePublished\":\"2019-03-16T17:11:08+00:00\",\"dateModified\":\"2019-03-16T17:11:30+00:00\",\"breadcrumb\":{\"@id\":\"https:\/\/experienciadevida.com.ar\/portalurbano\/sergio-denis-evoluciona-favorablemente-parpadea-y-evaluan-comenzar-a-alimentarlo\/#breadcrumb\"},\"inLanguage\":\"es\",\"potentialAction\":[{\"@type\":\"ReadAction\",\"target\":[\"https:\/\/experienciadevida.com.ar\/portalurbano\/sergio-denis-evoluciona-favorablemente-parpadea-y-evaluan-comenzar-a-alimentarlo\/\"]}]},{\"@type\":\"BreadcrumbList\",\"@id\":\"https:\/\/experienciadevida.com.ar\/portalurbano\/sergio-denis-evoluciona-favorablemente-parpadea-y-evaluan-comenzar-a-alimentarlo\/#breadcrumb\",\"itemListElement\":[{\"@type\":\"ListItem\",\"position\":1,\"name\":\"Portada\",\"item\":\"https:\/\/experienciadevida.com.ar\/portalurbano\/\"},{\"@type\":\"ListItem\",\"position\":2,\"name\":\"Sergio Denis evoluciona favorablemente: parpadea y eval\u00faan comenzar a alimentarlo\"}]},{\"@type\":\"WebSite\",\"@id\":\"https:\/\/experienciadevida.com.ar\/portalurbano\/#website\",\"url\":\"https:\/\/experienciadevida.com.ar\/portalurbano\/\",\"name\":\"\",\"description\":\"\",\"publisher\":{\"@id\":\"https:\/\/experienciadevida.com.ar\/portalurbano\/#organization\"},\"potentialAction\":[{\"@type\":\"SearchAction\",\"target\":{\"@type\":\"EntryPoint\",\"urlTemplate\":\"https:\/\/experienciadevida.com.ar\/portalurbano\/?s={search_term_string}\"},\"query-input\":\"required name=search_term_string\"}],\"inLanguage\":\"es\"},{\"@type\":\"Organization\",\"@id\":\"https:\/\/experienciadevida.com.ar\/portalurbano\/#organization\",\"name\":\"Portal Urbano\",\"url\":\"https:\/\/experienciadevida.com.ar\/portalurbano\/\",\"logo\":{\"@type\":\"ImageObject\",\"inLanguage\":\"es\",\"@id\":\"https:\/\/experienciadevida.com.ar\/portalurbano\/#\/schema\/logo\/image\/\",\"url\":\"https:\/\/experienciadevida.com.ar\/portalurbano\/wp-content\/uploads\/2019\/09\/Logo-Original.png\",\"contentUrl\":\"https:\/\/experienciadevida.com.ar\/portalurbano\/wp-content\/uploads\/2019\/09\/Logo-Original.png\",\"width\":2236,\"height\":1216,\"caption\":\"Portal Urbano\"},\"image\":{\"@id\":\"https:\/\/experienciadevida.com.ar\/portalurbano\/#\/schema\/logo\/image\/\"},\"sameAs\":[\"https:\/\/www.facebook.com\/Portal-Urbano-171542830093757\/\",\"https:\/\/twitter.com\/portalurbanook\",\"https:\/\/www.instagram.com\/_portalurbano\/\",\"https:\/\/www.youtube.com\/channel\/UCXhagIfszH8KxFiOok79zbA?view_as=subscriber\"]},{\"@type\":\"Person\",\"@id\":\"https:\/\/experienciadevida.com.ar\/portalurbano\/#\/schema\/person\/02dd326b1c4b056e9cc972486934a3a7\",\"name\":\"admpu17wp\",\"image\":{\"@type\":\"ImageObject\",\"inLanguage\":\"es\",\"@id\":\"https:\/\/experienciadevida.com.ar\/portalurbano\/#\/schema\/person\/image\/\",\"url\":\"https:\/\/secure.gravatar.com\/avatar\/830d4c57adaae6630765e449a6908047?s=96&d=mm&r=g\",\"contentUrl\":\"https:\/\/secure.gravatar.com\/avatar\/830d4c57adaae6630765e449a6908047?s=96&d=mm&r=g\",\"caption\":\"admpu17wp\"}}]}<\/script>\n<!-- \/ Yoast SEO plugin. -->","yoast_head_json":{"title":"Sergio Denis evoluciona favorablemente: parpadea y eval\u00faan comenzar a alimentarlo -","robots":{"index":"index","follow":"follow","max-snippet":"max-snippet:-1","max-image-preview":"max-image-preview:large","max-video-preview":"max-video-preview:-1"},"canonical":"https:\/\/experienciadevida.com.ar\/portalurbano\/sergio-denis-evoluciona-favorablemente-parpadea-y-evaluan-comenzar-a-alimentarlo\/","og_locale":"es_ES","og_type":"article","og_title":"Sergio Denis evoluciona favorablemente: parpadea y eval\u00faan comenzar a alimentarlo -","og_description":"La Directora del Hospital Padilla de Tucum\u00e1n, inform\u00f3 a los medios sobre la evoluci\u00f3n de...","og_url":"https:\/\/experienciadevida.com.ar\/portalurbano\/sergio-denis-evoluciona-favorablemente-parpadea-y-evaluan-comenzar-a-alimentarlo\/","article_publisher":"https:\/\/www.facebook.com\/Portal-Urbano-171542830093757\/","article_published_time":"2019-03-16T17:11:08+00:00","article_modified_time":"2019-03-16T17:11:30+00:00","og_image":[{"width":750,"height":539,"url":"https:\/\/experienciadevida.com.ar\/portalurbano\/wp-content\/uploads\/2019\/03\/0005748598-e1552756259414.jpg","type":"image\/jpeg"}],"author":"admpu17wp","twitter_card":"summary_large_image","twitter_creator":"@portalurbanook","twitter_site":"@portalurbanook","twitter_misc":{"Escrito por":"admpu17wp","Tiempo de lectura":"1 minuto"},"schema":{"@context":"https:\/\/schema.org","@graph":[{"@type":"Article","@id":"https:\/\/experienciadevida.com.ar\/portalurbano\/sergio-denis-evoluciona-favorablemente-parpadea-y-evaluan-comenzar-a-alimentarlo\/#article","isPartOf":{"@id":"https:\/\/experienciadevida.com.ar\/portalurbano\/sergio-denis-evoluciona-favorablemente-parpadea-y-evaluan-comenzar-a-alimentarlo\/"},"author":{"name":"admpu17wp","@id":"https:\/\/experienciadevida.com.ar\/portalurbano\/#\/schema\/person\/02dd326b1c4b056e9cc972486934a3a7"},"headline":"Sergio Denis evoluciona favorablemente: parpadea y eval\u00faan comenzar a alimentarlo","datePublished":"2019-03-16T17:11:08+00:00","dateModified":"2019-03-16T17:11:30+00:00","mainEntityOfPage":{"@id":"https:\/\/experienciadevida.com.ar\/portalurbano\/sergio-denis-evoluciona-favorablemente-parpadea-y-evaluan-comenzar-a-alimentarlo\/"},"wordCount":212,"commentCount":0,"publisher":{"@id":"https:\/\/experienciadevida.com.ar\/portalurbano\/#organization"},"articleSection":["Naci\u00f3n"],"inLanguage":"es","potentialAction":[{"@type":"CommentAction","name":"Comment","target":["https:\/\/experienciadevida.com.ar\/portalurbano\/sergio-denis-evoluciona-favorablemente-parpadea-y-evaluan-comenzar-a-alimentarlo\/#respond"]}]},{"@type":"WebPage","@id":"https:\/\/experienciadevida.com.ar\/portalurbano\/sergio-denis-evoluciona-favorablemente-parpadea-y-evaluan-comenzar-a-alimentarlo\/","url":"https:\/\/experienciadevida.com.ar\/portalurbano\/sergio-denis-evoluciona-favorablemente-parpadea-y-evaluan-comenzar-a-alimentarlo\/","name":"Sergio Denis evoluciona favorablemente: parpadea y eval\u00faan comenzar a alimentarlo -","isPartOf":{"@id":"https:\/\/experienciadevida.com.ar\/portalurbano\/#website"},"datePublished":"2019-03-16T17:11:08+00:00","dateModified":"2019-03-16T17:11:30+00:00","breadcrumb":{"@id":"https:\/\/experienciadevida.com.ar\/portalurbano\/sergio-denis-evoluciona-favorablemente-parpadea-y-evaluan-comenzar-a-alimentarlo\/#breadcrumb"},"inLanguage":"es","potentialAction":[{"@type":"ReadAction","target":["https:\/\/experienciadevida.com.ar\/portalurbano\/sergio-denis-evoluciona-favorablemente-parpadea-y-evaluan-comenzar-a-alimentarlo\/"]}]},{"@type":"BreadcrumbList","@id":"https:\/\/experienciadevida.com.ar\/portalurbano\/sergio-denis-evoluciona-favorablemente-parpadea-y-evaluan-comenzar-a-alimentarlo\/#breadcrumb","itemListElement":[{"@type":"ListItem","position":1,"name":"Portada","item":"https:\/\/experienciadevida.com.ar\/portalurbano\/"},{"@type":"ListItem","position":2,"name":"Sergio Denis evoluciona favorablemente: parpadea y eval\u00faan comenzar a alimentarlo"}]},{"@type":"WebSite","@id":"https:\/\/experienciadevida.com.ar\/portalurbano\/#website","url":"https:\/\/experienciadevida.com.ar\/portalurbano\/","name":"","description":"","publisher":{"@id":"https:\/\/experienciadevida.com.ar\/portalurbano\/#organization"},"potentialAction":[{"@type":"SearchAction","target":{"@type":"EntryPoint","urlTemplate":"https:\/\/experienciadevida.com.ar\/portalurbano\/?s={search_term_string}"},"query-input":"required name=search_term_string"}],"inLanguage":"es"},{"@type":"Organization","@id":"https:\/\/experienciadevida.com.ar\/portalurbano\/#organization","name":"Portal Urbano","url":"https:\/\/experienciadevida.com.ar\/portalurbano\/","logo":{"@type":"ImageObject","inLanguage":"es","@id":"https:\/\/experienciadevida.com.ar\/portalurbano\/#\/schema\/logo\/image\/","url":"https:\/\/experienciadevida.com.ar\/portalurbano\/wp-content\/uploads\/2019\/09\/Logo-Original.png","contentUrl":"https:\/\/experienciadevida.com.ar\/portalurbano\/wp-content\/uploads\/2019\/09\/Logo-Original.png","width":2236,"height":1216,"caption":"Portal Urbano"},"image":{"@id":"https:\/\/experienciadevida.com.ar\/portalurbano\/#\/schema\/logo\/image\/"},"sameAs":["https:\/\/www.facebook.com\/Portal-Urbano-171542830093757\/","https:\/\/twitter.com\/portalurbanook","https:\/\/www.instagram.com\/_portalurbano\/","https:\/\/www.youtube.com\/channel\/UCXhagIfszH8KxFiOok79zbA?view_as=subscriber"]},{"@type":"Person","@id":"https:\/\/experienciadevida.com.ar\/portalurbano\/#\/schema\/person\/02dd326b1c4b056e9cc972486934a3a7","name":"admpu17wp","image":{"@type":"ImageObject","inLanguage":"es","@id":"https:\/\/experienciadevida.com.ar\/portalurbano\/#\/schema\/person\/image\/","url":"https:\/\/secure.gravatar.com\/avatar\/830d4c57adaae6630765e449a6908047?s=96&d=mm&r=g","contentUrl":"https:\/\/secure.gravatar.com\/avatar\/830d4c57adaae6630765e449a6908047?s=96&d=mm&r=g","caption":"admpu17wp"}}]}},"featured_image_urls":{"full":"","thumbnail":"","medium":"","medium_large":"","large":"","ug_big":"","1536x1536":"","2048x2048":"","newsever-slider-full":"","newsever-featured":"","newsever-medium":"","web-stories-poster-portrait":"","web-stories-publisher-logo":"","web-stories-thumbnail":""},"author_info":{"display_name":"admpu17wp","author_link":"https:\/\/experienciadevida.com.ar\/portalurbano\/author\/admpu17wp\/"},"category_info":"<a href=\"https:\/\/experienciadevida.com.ar\/portalurbano\/category\/nacion\/\" rel=\"category tag\">Naci\u00f3n<\/a>","tag_info":"Naci\u00f3n","comment_count":"0","amp_enabled":true,"_links":{"self":[{"href":"https:\/\/experienciadevida.com.ar\/portalurbano\/wp-json\/wp\/v2\/posts\/60719"}],"collection":[{"href":"https:\/\/experienciadevida.com.ar\/portalurbano\/wp-json\/wp\/v2\/posts"}],"about":[{"href":"https:\/\/experienciadevida.com.ar\/portalurbano\/wp-json\/wp\/v2\/types\/post"}],"author":[{"embeddable":true,"href":"https:\/\/experienciadevida.com.ar\/portalurbano\/wp-json\/wp\/v2\/users\/1"}],"replies":[{"embeddable":true,"href":"https:\/\/experienciadevida.com.ar\/portalurbano\/wp-json\/wp\/v2\/comments?post=60719"}],"version-history":[{"count":3,"href":"https:\/\/experienciadevida.com.ar\/portalurbano\/wp-json\/wp\/v2\/posts\/60719\/revisions"}],"predecessor-version":[{"id":60725,"href":"https:\/\/experienciadevida.com.ar\/portalurbano\/wp-json\/wp\/v2\/posts\/60719\/revisions\/60725"}],"wp:attachment":[{"href":"https:\/\/experienciadevida.com.ar\/portalurbano\/wp-json\/wp\/v2\/media?parent=60719"}],"wp:term":[{"taxonomy":"category","embeddable":true,"href":"https:\/\/experienciadevida.com.ar\/portalurbano\/wp-json\/wp\/v2\/categories?post=60719"},{"taxonomy":"post_tag","embeddable":true,"href":"https:\/\/experienciadevida.com.ar\/portalurbano\/wp-json\/wp\/v2\/tags?post=60719"}],"curies":[{"name":"wp","href":"https:\/\/api.w.org\/{rel}","templated":true}]}}