{"id":60474,"date":"2019-03-14T14:09:50","date_gmt":"2019-03-14T17:09:50","guid":{"rendered":"https:\/\/experienciadevida.com.ar\/portalurbano\/?p=60474"},"modified":"2019-03-14T14:09:50","modified_gmt":"2019-03-14T17:09:50","slug":"aprender-2018-los-chicos-mejoraron-poco-en-lengua-pero-siguen-mal-en-matematica","status":"publish","type":"post","link":"https:\/\/experienciadevida.com.ar\/portalurbano\/aprender-2018-los-chicos-mejoraron-poco-en-lengua-pero-siguen-mal-en-matematica\/","title":{"rendered":"Aprender 2018: los chicos mejoraron poco en Lengua, pero siguen mal en Matem\u00e1tica"},"content":{"rendered":"<p>El Gobierno nacional difundi\u00f3 hoy los resultados del \u00faltimo operativo de evaluaci\u00f3n de la calidad educativa que se realiz\u00f3 en octubre pasado en alumnos de sexto grado, y seg\u00fan se inform\u00f3, aunque hay una leve mejor\u00eda en Lengua, contin\u00faan con bajos desempe\u00f1os en Matem\u00e1tica.<\/p>\n<p>La prueba\u00a0Aprender 2018\u00a0fue tomada en octubre del a\u00f1o pasado, esta vez s\u00f3lo a los alumnos de sexto grado de la primaria, en esas dos disciplinas. Los resultados muestran\u00a0una mejor\u00eda en la comprensi\u00f3n de textos, pero en Matem\u00e1tica se ve una leve ca\u00edda.<\/p>\n<p>La evaluaci\u00f3n\u00a0intent\u00f3 medir el desempe\u00f1o de los estudiantes de sexto grado de las escuelas primarias estatales y privadas de todo el pa\u00eds. En total participaron el 94%\u00a0de las instituciones -unas 19.600- , lo que implic\u00f3 un crecimiento de 7 puntos porcentuales con respecto al 2016 (la \u00faltima vez que se hab\u00eda evaluado estas mismas disciplinas) y lo que signific\u00f3 que participaran unos\u00a0574 mil estudiantes.<\/p>\n<p>El presidente Mauricio Macri present\u00f3 los resultados principales durante un acto en Jujuy con el gobernador Gerardo Morales. &#8220;Esto tiene que ver con un mandato profundo del pueblo argentino, gobernar con la verdad sobre la mesa. Antes lo que se hac\u00eda era no evaluar (a los estudiantes), tratar de esconder debajo de la alfombra si funcionaba o no funcionaba&#8221; la educaci\u00f3n, afirm\u00f3 Macri, quien destac\u00f3 la mejora en la performance y record\u00f3 que en 2015 Argentina se retir\u00f3 de las Pruebas PISA.<\/p>\n","protected":false},"excerpt":{"rendered":"<p>El Gobierno nacional difundi\u00f3 hoy los resultados del \u00faltimo operativo de evaluaci\u00f3n de la calidad&#8230;<\/p>\n","protected":false},"author":1,"featured_media":0,"comment_status":"open","ping_status":"open","sticky":false,"template":"","format":"standard","meta":{"content-type":""},"categories":[39],"tags":[],"nelio_content":{"isAutoShareEnabled":false,"autoShareEndMode":"default","automationSources":{"useContentSentences":true,"useSocialTemplates":true,"useCustomSentences":false,"customSentences":[]},"followers":[1],"suggestedReferences":[],"includedReferences":[],"efiUrl":"","efiAlt":"","highlights":[]},"yoast_head":"<!-- This site is optimized with the Yoast SEO plugin v20.7 - https:\/\/yoast.com\/wordpress\/plugins\/seo\/ -->\n<title>Aprender 2018: los chicos mejoraron poco en Lengua, pero siguen mal en Matem\u00e1tica -<\/title>\n<meta name=\"robots\" content=\"index, follow, max-snippet:-1, max-image-preview:large, max-video-preview:-1\" \/>\n<link rel=\"canonical\" href=\"https:\/\/experienciadevida.com.ar\/portalurbano\/aprender-2018-los-chicos-mejoraron-poco-en-lengua-pero-siguen-mal-en-matematica\/\" \/>\n<meta property=\"og:locale\" content=\"es_ES\" \/>\n<meta property=\"og:type\" content=\"article\" \/>\n<meta property=\"og:title\" content=\"Aprender 2018: los chicos mejoraron poco en Lengua, pero siguen mal en Matem\u00e1tica -\" \/>\n<meta property=\"og:description\" content=\"El Gobierno nacional difundi\u00f3 hoy los resultados del \u00faltimo operativo de evaluaci\u00f3n de la calidad...\" \/>\n<meta property=\"og:url\" content=\"https:\/\/experienciadevida.com.ar\/portalurbano\/aprender-2018-los-chicos-mejoraron-poco-en-lengua-pero-siguen-mal-en-matematica\/\" \/>\n<meta property=\"article:publisher\" content=\"https:\/\/www.facebook.com\/Portal-Urbano-171542830093757\/\" \/>\n<meta property=\"article:published_time\" content=\"2019-03-14T17:09:50+00:00\" \/>\n<meta property=\"og:image\" content=\"https:\/\/experienciadevida.com.ar\/portalurbano\/wp-content\/uploads\/2019\/03\/descarga-1.jpg\" \/>\n\t<meta property=\"og:image:width\" content=\"650\" \/>\n\t<meta property=\"og:image:height\" content=\"342\" \/>\n\t<meta property=\"og:image:type\" content=\"image\/jpeg\" \/>\n<meta name=\"author\" content=\"admpu17wp\" \/>\n<meta name=\"twitter:card\" content=\"summary_large_image\" \/>\n<meta name=\"twitter:creator\" content=\"@portalurbanook\" \/>\n<meta name=\"twitter:site\" content=\"@portalurbanook\" \/>\n<meta name=\"twitter:label1\" content=\"Escrito por\" \/>\n\t<meta name=\"twitter:data1\" content=\"admpu17wp\" \/>\n\t<meta name=\"twitter:label2\" content=\"Tiempo de lectura\" \/>\n\t<meta name=\"twitter:data2\" content=\"1 minuto\" \/>\n<script type=\"application\/ld+json\" class=\"yoast-schema-graph\">{\"@context\":\"https:\/\/schema.org\",\"@graph\":[{\"@type\":\"Article\",\"@id\":\"https:\/\/experienciadevida.com.ar\/portalurbano\/aprender-2018-los-chicos-mejoraron-poco-en-lengua-pero-siguen-mal-en-matematica\/#article\",\"isPartOf\":{\"@id\":\"https:\/\/experienciadevida.com.ar\/portalurbano\/aprender-2018-los-chicos-mejoraron-poco-en-lengua-pero-siguen-mal-en-matematica\/\"},\"author\":{\"name\":\"admpu17wp\",\"@id\":\"https:\/\/experienciadevida.com.ar\/portalurbano\/#\/schema\/person\/02dd326b1c4b056e9cc972486934a3a7\"},\"headline\":\"Aprender 2018: los chicos mejoraron poco en Lengua, pero siguen mal en Matem\u00e1tica\",\"datePublished\":\"2019-03-14T17:09:50+00:00\",\"dateModified\":\"2019-03-14T17:09:50+00:00\",\"mainEntityOfPage\":{\"@id\":\"https:\/\/experienciadevida.com.ar\/portalurbano\/aprender-2018-los-chicos-mejoraron-poco-en-lengua-pero-siguen-mal-en-matematica\/\"},\"wordCount\":262,\"commentCount\":0,\"publisher\":{\"@id\":\"https:\/\/experienciadevida.com.ar\/portalurbano\/#organization\"},\"articleSection\":[\"Naci\u00f3n\"],\"inLanguage\":\"es\",\"potentialAction\":[{\"@type\":\"CommentAction\",\"name\":\"Comment\",\"target\":[\"https:\/\/experienciadevida.com.ar\/portalurbano\/aprender-2018-los-chicos-mejoraron-poco-en-lengua-pero-siguen-mal-en-matematica\/#respond\"]}]},{\"@type\":\"WebPage\",\"@id\":\"https:\/\/experienciadevida.com.ar\/portalurbano\/aprender-2018-los-chicos-mejoraron-poco-en-lengua-pero-siguen-mal-en-matematica\/\",\"url\":\"https:\/\/experienciadevida.com.ar\/portalurbano\/aprender-2018-los-chicos-mejoraron-poco-en-lengua-pero-siguen-mal-en-matematica\/\",\"name\":\"Aprender 2018: los chicos mejoraron poco en Lengua, pero siguen mal en Matem\u00e1tica -\",\"isPartOf\":{\"@id\":\"https:\/\/experienciadevida.com.ar\/portalurbano\/#website\"},\"datePublished\":\"2019-03-14T17:09:50+00:00\",\"dateModified\":\"2019-03-14T17:09:50+00:00\",\"breadcrumb\":{\"@id\":\"https:\/\/experienciadevida.com.ar\/portalurbano\/aprender-2018-los-chicos-mejoraron-poco-en-lengua-pero-siguen-mal-en-matematica\/#breadcrumb\"},\"inLanguage\":\"es\",\"potentialAction\":[{\"@type\":\"ReadAction\",\"target\":[\"https:\/\/experienciadevida.com.ar\/portalurbano\/aprender-2018-los-chicos-mejoraron-poco-en-lengua-pero-siguen-mal-en-matematica\/\"]}]},{\"@type\":\"BreadcrumbList\",\"@id\":\"https:\/\/experienciadevida.com.ar\/portalurbano\/aprender-2018-los-chicos-mejoraron-poco-en-lengua-pero-siguen-mal-en-matematica\/#breadcrumb\",\"itemListElement\":[{\"@type\":\"ListItem\",\"position\":1,\"name\":\"Portada\",\"item\":\"https:\/\/experienciadevida.com.ar\/portalurbano\/\"},{\"@type\":\"ListItem\",\"position\":2,\"name\":\"Aprender 2018: los chicos mejoraron poco en Lengua, pero siguen mal en Matem\u00e1tica\"}]},{\"@type\":\"WebSite\",\"@id\":\"https:\/\/experienciadevida.com.ar\/portalurbano\/#website\",\"url\":\"https:\/\/experienciadevida.com.ar\/portalurbano\/\",\"name\":\"\",\"description\":\"\",\"publisher\":{\"@id\":\"https:\/\/experienciadevida.com.ar\/portalurbano\/#organization\"},\"potentialAction\":[{\"@type\":\"SearchAction\",\"target\":{\"@type\":\"EntryPoint\",\"urlTemplate\":\"https:\/\/experienciadevida.com.ar\/portalurbano\/?s={search_term_string}\"},\"query-input\":\"required name=search_term_string\"}],\"inLanguage\":\"es\"},{\"@type\":\"Organization\",\"@id\":\"https:\/\/experienciadevida.com.ar\/portalurbano\/#organization\",\"name\":\"Portal Urbano\",\"url\":\"https:\/\/experienciadevida.com.ar\/portalurbano\/\",\"logo\":{\"@type\":\"ImageObject\",\"inLanguage\":\"es\",\"@id\":\"https:\/\/experienciadevida.com.ar\/portalurbano\/#\/schema\/logo\/image\/\",\"url\":\"https:\/\/experienciadevida.com.ar\/portalurbano\/wp-content\/uploads\/2019\/09\/Logo-Original.png\",\"contentUrl\":\"https:\/\/experienciadevida.com.ar\/portalurbano\/wp-content\/uploads\/2019\/09\/Logo-Original.png\",\"width\":2236,\"height\":1216,\"caption\":\"Portal Urbano\"},\"image\":{\"@id\":\"https:\/\/experienciadevida.com.ar\/portalurbano\/#\/schema\/logo\/image\/\"},\"sameAs\":[\"https:\/\/www.facebook.com\/Portal-Urbano-171542830093757\/\",\"https:\/\/twitter.com\/portalurbanook\",\"https:\/\/www.instagram.com\/_portalurbano\/\",\"https:\/\/www.youtube.com\/channel\/UCXhagIfszH8KxFiOok79zbA?view_as=subscriber\"]},{\"@type\":\"Person\",\"@id\":\"https:\/\/experienciadevida.com.ar\/portalurbano\/#\/schema\/person\/02dd326b1c4b056e9cc972486934a3a7\",\"name\":\"admpu17wp\",\"image\":{\"@type\":\"ImageObject\",\"inLanguage\":\"es\",\"@id\":\"https:\/\/experienciadevida.com.ar\/portalurbano\/#\/schema\/person\/image\/\",\"url\":\"https:\/\/secure.gravatar.com\/avatar\/830d4c57adaae6630765e449a6908047?s=96&d=mm&r=g\",\"contentUrl\":\"https:\/\/secure.gravatar.com\/avatar\/830d4c57adaae6630765e449a6908047?s=96&d=mm&r=g\",\"caption\":\"admpu17wp\"}}]}<\/script>\n<!-- \/ Yoast SEO plugin. -->","yoast_head_json":{"title":"Aprender 2018: los chicos mejoraron poco en Lengua, pero siguen mal en Matem\u00e1tica -","robots":{"index":"index","follow":"follow","max-snippet":"max-snippet:-1","max-image-preview":"max-image-preview:large","max-video-preview":"max-video-preview:-1"},"canonical":"https:\/\/experienciadevida.com.ar\/portalurbano\/aprender-2018-los-chicos-mejoraron-poco-en-lengua-pero-siguen-mal-en-matematica\/","og_locale":"es_ES","og_type":"article","og_title":"Aprender 2018: los chicos mejoraron poco en Lengua, pero siguen mal en Matem\u00e1tica -","og_description":"El Gobierno nacional difundi\u00f3 hoy los resultados del \u00faltimo operativo de evaluaci\u00f3n de la calidad...","og_url":"https:\/\/experienciadevida.com.ar\/portalurbano\/aprender-2018-los-chicos-mejoraron-poco-en-lengua-pero-siguen-mal-en-matematica\/","article_publisher":"https:\/\/www.facebook.com\/Portal-Urbano-171542830093757\/","article_published_time":"2019-03-14T17:09:50+00:00","og_image":[{"width":650,"height":342,"url":"https:\/\/experienciadevida.com.ar\/portalurbano\/wp-content\/uploads\/2019\/03\/descarga-1.jpg","type":"image\/jpeg"}],"author":"admpu17wp","twitter_card":"summary_large_image","twitter_creator":"@portalurbanook","twitter_site":"@portalurbanook","twitter_misc":{"Escrito por":"admpu17wp","Tiempo de lectura":"1 minuto"},"schema":{"@context":"https:\/\/schema.org","@graph":[{"@type":"Article","@id":"https:\/\/experienciadevida.com.ar\/portalurbano\/aprender-2018-los-chicos-mejoraron-poco-en-lengua-pero-siguen-mal-en-matematica\/#article","isPartOf":{"@id":"https:\/\/experienciadevida.com.ar\/portalurbano\/aprender-2018-los-chicos-mejoraron-poco-en-lengua-pero-siguen-mal-en-matematica\/"},"author":{"name":"admpu17wp","@id":"https:\/\/experienciadevida.com.ar\/portalurbano\/#\/schema\/person\/02dd326b1c4b056e9cc972486934a3a7"},"headline":"Aprender 2018: los chicos mejoraron poco en Lengua, pero siguen mal en Matem\u00e1tica","datePublished":"2019-03-14T17:09:50+00:00","dateModified":"2019-03-14T17:09:50+00:00","mainEntityOfPage":{"@id":"https:\/\/experienciadevida.com.ar\/portalurbano\/aprender-2018-los-chicos-mejoraron-poco-en-lengua-pero-siguen-mal-en-matematica\/"},"wordCount":262,"commentCount":0,"publisher":{"@id":"https:\/\/experienciadevida.com.ar\/portalurbano\/#organization"},"articleSection":["Naci\u00f3n"],"inLanguage":"es","potentialAction":[{"@type":"CommentAction","name":"Comment","target":["https:\/\/experienciadevida.com.ar\/portalurbano\/aprender-2018-los-chicos-mejoraron-poco-en-lengua-pero-siguen-mal-en-matematica\/#respond"]}]},{"@type":"WebPage","@id":"https:\/\/experienciadevida.com.ar\/portalurbano\/aprender-2018-los-chicos-mejoraron-poco-en-lengua-pero-siguen-mal-en-matematica\/","url":"https:\/\/experienciadevida.com.ar\/portalurbano\/aprender-2018-los-chicos-mejoraron-poco-en-lengua-pero-siguen-mal-en-matematica\/","name":"Aprender 2018: los chicos mejoraron poco en Lengua, pero siguen mal en Matem\u00e1tica -","isPartOf":{"@id":"https:\/\/experienciadevida.com.ar\/portalurbano\/#website"},"datePublished":"2019-03-14T17:09:50+00:00","dateModified":"2019-03-14T17:09:50+00:00","breadcrumb":{"@id":"https:\/\/experienciadevida.com.ar\/portalurbano\/aprender-2018-los-chicos-mejoraron-poco-en-lengua-pero-siguen-mal-en-matematica\/#breadcrumb"},"inLanguage":"es","potentialAction":[{"@type":"ReadAction","target":["https:\/\/experienciadevida.com.ar\/portalurbano\/aprender-2018-los-chicos-mejoraron-poco-en-lengua-pero-siguen-mal-en-matematica\/"]}]},{"@type":"BreadcrumbList","@id":"https:\/\/experienciadevida.com.ar\/portalurbano\/aprender-2018-los-chicos-mejoraron-poco-en-lengua-pero-siguen-mal-en-matematica\/#breadcrumb","itemListElement":[{"@type":"ListItem","position":1,"name":"Portada","item":"https:\/\/experienciadevida.com.ar\/portalurbano\/"},{"@type":"ListItem","position":2,"name":"Aprender 2018: los chicos mejoraron poco en Lengua, pero siguen mal en Matem\u00e1tica"}]},{"@type":"WebSite","@id":"https:\/\/experienciadevida.com.ar\/portalurbano\/#website","url":"https:\/\/experienciadevida.com.ar\/portalurbano\/","name":"","description":"","publisher":{"@id":"https:\/\/experienciadevida.com.ar\/portalurbano\/#organization"},"potentialAction":[{"@type":"SearchAction","target":{"@type":"EntryPoint","urlTemplate":"https:\/\/experienciadevida.com.ar\/portalurbano\/?s={search_term_string}"},"query-input":"required name=search_term_string"}],"inLanguage":"es"},{"@type":"Organization","@id":"https:\/\/experienciadevida.com.ar\/portalurbano\/#organization","name":"Portal Urbano","url":"https:\/\/experienciadevida.com.ar\/portalurbano\/","logo":{"@type":"ImageObject","inLanguage":"es","@id":"https:\/\/experienciadevida.com.ar\/portalurbano\/#\/schema\/logo\/image\/","url":"https:\/\/experienciadevida.com.ar\/portalurbano\/wp-content\/uploads\/2019\/09\/Logo-Original.png","contentUrl":"https:\/\/experienciadevida.com.ar\/portalurbano\/wp-content\/uploads\/2019\/09\/Logo-Original.png","width":2236,"height":1216,"caption":"Portal Urbano"},"image":{"@id":"https:\/\/experienciadevida.com.ar\/portalurbano\/#\/schema\/logo\/image\/"},"sameAs":["https:\/\/www.facebook.com\/Portal-Urbano-171542830093757\/","https:\/\/twitter.com\/portalurbanook","https:\/\/www.instagram.com\/_portalurbano\/","https:\/\/www.youtube.com\/channel\/UCXhagIfszH8KxFiOok79zbA?view_as=subscriber"]},{"@type":"Person","@id":"https:\/\/experienciadevida.com.ar\/portalurbano\/#\/schema\/person\/02dd326b1c4b056e9cc972486934a3a7","name":"admpu17wp","image":{"@type":"ImageObject","inLanguage":"es","@id":"https:\/\/experienciadevida.com.ar\/portalurbano\/#\/schema\/person\/image\/","url":"https:\/\/secure.gravatar.com\/avatar\/830d4c57adaae6630765e449a6908047?s=96&d=mm&r=g","contentUrl":"https:\/\/secure.gravatar.com\/avatar\/830d4c57adaae6630765e449a6908047?s=96&d=mm&r=g","caption":"admpu17wp"}}]}},"featured_image_urls":{"full":"","thumbnail":"","medium":"","medium_large":"","large":"","ug_big":"","1536x1536":"","2048x2048":"","newsever-slider-full":"","newsever-featured":"","newsever-medium":"","web-stories-poster-portrait":"","web-stories-publisher-logo":"","web-stories-thumbnail":""},"author_info":{"display_name":"admpu17wp","author_link":"https:\/\/experienciadevida.com.ar\/portalurbano\/author\/admpu17wp\/"},"category_info":"<a href=\"https:\/\/experienciadevida.com.ar\/portalurbano\/category\/nacion\/\" rel=\"category tag\">Naci\u00f3n<\/a>","tag_info":"Naci\u00f3n","comment_count":"0","amp_enabled":true,"_links":{"self":[{"href":"https:\/\/experienciadevida.com.ar\/portalurbano\/wp-json\/wp\/v2\/posts\/60474"}],"collection":[{"href":"https:\/\/experienciadevida.com.ar\/portalurbano\/wp-json\/wp\/v2\/posts"}],"about":[{"href":"https:\/\/experienciadevida.com.ar\/portalurbano\/wp-json\/wp\/v2\/types\/post"}],"author":[{"embeddable":true,"href":"https:\/\/experienciadevida.com.ar\/portalurbano\/wp-json\/wp\/v2\/users\/1"}],"replies":[{"embeddable":true,"href":"https:\/\/experienciadevida.com.ar\/portalurbano\/wp-json\/wp\/v2\/comments?post=60474"}],"version-history":[{"count":2,"href":"https:\/\/experienciadevida.com.ar\/portalurbano\/wp-json\/wp\/v2\/posts\/60474\/revisions"}],"predecessor-version":[{"id":60478,"href":"https:\/\/experienciadevida.com.ar\/portalurbano\/wp-json\/wp\/v2\/posts\/60474\/revisions\/60478"}],"wp:attachment":[{"href":"https:\/\/experienciadevida.com.ar\/portalurbano\/wp-json\/wp\/v2\/media?parent=60474"}],"wp:term":[{"taxonomy":"category","embeddable":true,"href":"https:\/\/experienciadevida.com.ar\/portalurbano\/wp-json\/wp\/v2\/categories?post=60474"},{"taxonomy":"post_tag","embeddable":true,"href":"https:\/\/experienciadevida.com.ar\/portalurbano\/wp-json\/wp\/v2\/tags?post=60474"}],"curies":[{"name":"wp","href":"https:\/\/api.w.org\/{rel}","templated":true}]}}