{"id":60463,"date":"2019-03-14T13:57:10","date_gmt":"2019-03-14T16:57:10","guid":{"rendered":"https:\/\/experienciadevida.com.ar\/portalurbano\/?p=60463"},"modified":"2019-03-14T13:57:10","modified_gmt":"2019-03-14T16:57:10","slug":"la-anmat-prohibio-la-comercializacion-y-produccion-de-una-leche-en-polvo","status":"publish","type":"post","link":"https:\/\/experienciadevida.com.ar\/portalurbano\/la-anmat-prohibio-la-comercializacion-y-produccion-de-una-leche-en-polvo\/","title":{"rendered":"La ANMAT prohibi\u00f3 la comercializaci\u00f3n y producci\u00f3n de una leche en polvo"},"content":{"rendered":"<p><strong>Se trata de una muestra de la marca Campo de Oro, tras un an\u00e1lisis de laboratorio.<\/strong><\/p>\n<p>La Administraci\u00f3n Nacional de Medicamentos, Alimentos y Tecnolog\u00eda\u00a0(ANMAT), a trav\u00e9s de una de sus habituales resoluciones en el Bolet\u00edn Oficial, prohibi\u00f3 la comercializaci\u00f3n y producci\u00f3n de la leche entera en polvo Campo de Oro por no cumplir los par\u00e1metros fisicoqu\u00edmicos tras un an\u00e1lisis de laboratorio.<\/p>\n<p>Seg\u00fan la ANMAT se trata, espec\u00edficamente, de la muestra \u00a0\u201cLeche entera en polvo, disoluci\u00f3n instant\u00e1nea, fortificada con vitaminas D y A, marca: Campo de Oro, contenido neto 400g (&#8230;) elaborada y envasada por la Sociedad Cooperativa de Tamberos de la zona de Rosario para L\u00e1cteos CABA\u201d.<\/p>\n<p>El organismo explic\u00f3 en el escrito que, tras un \u201can\u00e1lisis de laboratorio realizado por la Direcci\u00f3n General de Bromatolog\u00eda de R\u00edo Cuarto, C\u00f3rdoba, concluye que la muestra es no apta para el consumo y, que en base a los par\u00e1metros analizados, no cumple con las exigencias fisicoqu\u00edmicas establecidas por el C\u00f3digo Alimentario Argentino (CAA) en su art\u00edculo 567 para leche en polvo, ya que el valor de materia grasa se encuentra por debajo del l\u00edmite m\u00ednimo permitido para leche en polvo entera y adem\u00e1s los caracteres organol\u00e9pticos no son los caracter\u00edsticos\u201d.<\/p>\n<p>De esta manera, \u201cproh\u00edbe la elaboraci\u00f3n, fraccionamiento, tenencia, transporte y comercializaci\u00f3n del producto citado\u201d.<\/p>\n<p>Para finalizar, si bien la producci\u00f3n de esta marca se realiza generalmente en Rosario, la disposici\u00f3n del ente nacional aclara: \u201cLa Sociedad Cooperativa de Tamberos de la zona Rosario Ltda. (&#8230;) expresa que es ajena a la elaboraci\u00f3n, fraccionamiento, comercializaci\u00f3n y \u00a0transporte del mencionado producto. Y que no ha tenido relaci\u00f3n con L\u00e1cteos CABA SRL en los \u00faltimos 10 a\u00f1os\u201d.<\/p>\n","protected":false},"excerpt":{"rendered":"<p>Se trata de una muestra de la marca Campo de Oro, tras un an\u00e1lisis de&#8230;<\/p>\n","protected":false},"author":1,"featured_media":0,"comment_status":"open","ping_status":"open","sticky":false,"template":"","format":"standard","meta":{"content-type":""},"categories":[39],"tags":[],"nelio_content":{"isAutoShareEnabled":false,"autoShareEndMode":"default","automationSources":{"useContentSentences":true,"useSocialTemplates":true,"useCustomSentences":false,"customSentences":[]},"followers":[1],"suggestedReferences":[],"includedReferences":[],"efiUrl":"","efiAlt":"","highlights":[]},"yoast_head":"<!-- This site is optimized with the Yoast SEO plugin v20.7 - https:\/\/yoast.com\/wordpress\/plugins\/seo\/ -->\n<title>La ANMAT prohibi\u00f3 la comercializaci\u00f3n y producci\u00f3n de una leche en polvo -<\/title>\n<meta name=\"robots\" content=\"index, follow, max-snippet:-1, max-image-preview:large, max-video-preview:-1\" \/>\n<link rel=\"canonical\" href=\"https:\/\/experienciadevida.com.ar\/portalurbano\/la-anmat-prohibio-la-comercializacion-y-produccion-de-una-leche-en-polvo\/\" \/>\n<meta property=\"og:locale\" content=\"es_ES\" \/>\n<meta property=\"og:type\" content=\"article\" \/>\n<meta property=\"og:title\" content=\"La ANMAT prohibi\u00f3 la comercializaci\u00f3n y producci\u00f3n de una leche en polvo -\" \/>\n<meta property=\"og:description\" content=\"Se trata de una muestra de la marca Campo de Oro, tras un an\u00e1lisis de...\" \/>\n<meta property=\"og:url\" content=\"https:\/\/experienciadevida.com.ar\/portalurbano\/la-anmat-prohibio-la-comercializacion-y-produccion-de-una-leche-en-polvo\/\" \/>\n<meta property=\"article:publisher\" content=\"https:\/\/www.facebook.com\/Portal-Urbano-171542830093757\/\" \/>\n<meta property=\"article:published_time\" content=\"2019-03-14T16:57:10+00:00\" \/>\n<meta property=\"og:image\" content=\"https:\/\/experienciadevida.com.ar\/portalurbano\/wp-content\/uploads\/2019\/03\/leche-377104-e1552582531929.jpg\" \/>\n\t<meta property=\"og:image:width\" content=\"750\" \/>\n\t<meta property=\"og:image:height\" content=\"421\" \/>\n\t<meta property=\"og:image:type\" content=\"image\/jpeg\" \/>\n<meta name=\"author\" content=\"admpu17wp\" \/>\n<meta name=\"twitter:card\" content=\"summary_large_image\" \/>\n<meta name=\"twitter:creator\" content=\"@portalurbanook\" \/>\n<meta name=\"twitter:site\" content=\"@portalurbanook\" \/>\n<meta name=\"twitter:label1\" content=\"Escrito por\" \/>\n\t<meta name=\"twitter:data1\" content=\"admpu17wp\" \/>\n\t<meta name=\"twitter:label2\" content=\"Tiempo de lectura\" \/>\n\t<meta name=\"twitter:data2\" content=\"2 minutos\" \/>\n<script type=\"application\/ld+json\" class=\"yoast-schema-graph\">{\"@context\":\"https:\/\/schema.org\",\"@graph\":[{\"@type\":\"Article\",\"@id\":\"https:\/\/experienciadevida.com.ar\/portalurbano\/la-anmat-prohibio-la-comercializacion-y-produccion-de-una-leche-en-polvo\/#article\",\"isPartOf\":{\"@id\":\"https:\/\/experienciadevida.com.ar\/portalurbano\/la-anmat-prohibio-la-comercializacion-y-produccion-de-una-leche-en-polvo\/\"},\"author\":{\"name\":\"admpu17wp\",\"@id\":\"https:\/\/experienciadevida.com.ar\/portalurbano\/#\/schema\/person\/02dd326b1c4b056e9cc972486934a3a7\"},\"headline\":\"La ANMAT prohibi\u00f3 la comercializaci\u00f3n y producci\u00f3n de una leche en polvo\",\"datePublished\":\"2019-03-14T16:57:10+00:00\",\"dateModified\":\"2019-03-14T16:57:10+00:00\",\"mainEntityOfPage\":{\"@id\":\"https:\/\/experienciadevida.com.ar\/portalurbano\/la-anmat-prohibio-la-comercializacion-y-produccion-de-una-leche-en-polvo\/\"},\"wordCount\":322,\"commentCount\":0,\"publisher\":{\"@id\":\"https:\/\/experienciadevida.com.ar\/portalurbano\/#organization\"},\"articleSection\":[\"Naci\u00f3n\"],\"inLanguage\":\"es\",\"potentialAction\":[{\"@type\":\"CommentAction\",\"name\":\"Comment\",\"target\":[\"https:\/\/experienciadevida.com.ar\/portalurbano\/la-anmat-prohibio-la-comercializacion-y-produccion-de-una-leche-en-polvo\/#respond\"]}]},{\"@type\":\"WebPage\",\"@id\":\"https:\/\/experienciadevida.com.ar\/portalurbano\/la-anmat-prohibio-la-comercializacion-y-produccion-de-una-leche-en-polvo\/\",\"url\":\"https:\/\/experienciadevida.com.ar\/portalurbano\/la-anmat-prohibio-la-comercializacion-y-produccion-de-una-leche-en-polvo\/\",\"name\":\"La ANMAT prohibi\u00f3 la comercializaci\u00f3n y producci\u00f3n de una leche en polvo -\",\"isPartOf\":{\"@id\":\"https:\/\/experienciadevida.com.ar\/portalurbano\/#website\"},\"datePublished\":\"2019-03-14T16:57:10+00:00\",\"dateModified\":\"2019-03-14T16:57:10+00:00\",\"breadcrumb\":{\"@id\":\"https:\/\/experienciadevida.com.ar\/portalurbano\/la-anmat-prohibio-la-comercializacion-y-produccion-de-una-leche-en-polvo\/#breadcrumb\"},\"inLanguage\":\"es\",\"potentialAction\":[{\"@type\":\"ReadAction\",\"target\":[\"https:\/\/experienciadevida.com.ar\/portalurbano\/la-anmat-prohibio-la-comercializacion-y-produccion-de-una-leche-en-polvo\/\"]}]},{\"@type\":\"BreadcrumbList\",\"@id\":\"https:\/\/experienciadevida.com.ar\/portalurbano\/la-anmat-prohibio-la-comercializacion-y-produccion-de-una-leche-en-polvo\/#breadcrumb\",\"itemListElement\":[{\"@type\":\"ListItem\",\"position\":1,\"name\":\"Portada\",\"item\":\"https:\/\/experienciadevida.com.ar\/portalurbano\/\"},{\"@type\":\"ListItem\",\"position\":2,\"name\":\"La ANMAT prohibi\u00f3 la comercializaci\u00f3n y producci\u00f3n de una leche en polvo\"}]},{\"@type\":\"WebSite\",\"@id\":\"https:\/\/experienciadevida.com.ar\/portalurbano\/#website\",\"url\":\"https:\/\/experienciadevida.com.ar\/portalurbano\/\",\"name\":\"\",\"description\":\"\",\"publisher\":{\"@id\":\"https:\/\/experienciadevida.com.ar\/portalurbano\/#organization\"},\"potentialAction\":[{\"@type\":\"SearchAction\",\"target\":{\"@type\":\"EntryPoint\",\"urlTemplate\":\"https:\/\/experienciadevida.com.ar\/portalurbano\/?s={search_term_string}\"},\"query-input\":\"required name=search_term_string\"}],\"inLanguage\":\"es\"},{\"@type\":\"Organization\",\"@id\":\"https:\/\/experienciadevida.com.ar\/portalurbano\/#organization\",\"name\":\"Portal Urbano\",\"url\":\"https:\/\/experienciadevida.com.ar\/portalurbano\/\",\"logo\":{\"@type\":\"ImageObject\",\"inLanguage\":\"es\",\"@id\":\"https:\/\/experienciadevida.com.ar\/portalurbano\/#\/schema\/logo\/image\/\",\"url\":\"https:\/\/experienciadevida.com.ar\/portalurbano\/wp-content\/uploads\/2019\/09\/Logo-Original.png\",\"contentUrl\":\"https:\/\/experienciadevida.com.ar\/portalurbano\/wp-content\/uploads\/2019\/09\/Logo-Original.png\",\"width\":2236,\"height\":1216,\"caption\":\"Portal Urbano\"},\"image\":{\"@id\":\"https:\/\/experienciadevida.com.ar\/portalurbano\/#\/schema\/logo\/image\/\"},\"sameAs\":[\"https:\/\/www.facebook.com\/Portal-Urbano-171542830093757\/\",\"https:\/\/twitter.com\/portalurbanook\",\"https:\/\/www.instagram.com\/_portalurbano\/\",\"https:\/\/www.youtube.com\/channel\/UCXhagIfszH8KxFiOok79zbA?view_as=subscriber\"]},{\"@type\":\"Person\",\"@id\":\"https:\/\/experienciadevida.com.ar\/portalurbano\/#\/schema\/person\/02dd326b1c4b056e9cc972486934a3a7\",\"name\":\"admpu17wp\",\"image\":{\"@type\":\"ImageObject\",\"inLanguage\":\"es\",\"@id\":\"https:\/\/experienciadevida.com.ar\/portalurbano\/#\/schema\/person\/image\/\",\"url\":\"https:\/\/secure.gravatar.com\/avatar\/830d4c57adaae6630765e449a6908047?s=96&d=mm&r=g\",\"contentUrl\":\"https:\/\/secure.gravatar.com\/avatar\/830d4c57adaae6630765e449a6908047?s=96&d=mm&r=g\",\"caption\":\"admpu17wp\"}}]}<\/script>\n<!-- \/ Yoast SEO plugin. -->","yoast_head_json":{"title":"La ANMAT prohibi\u00f3 la comercializaci\u00f3n y producci\u00f3n de una leche en polvo -","robots":{"index":"index","follow":"follow","max-snippet":"max-snippet:-1","max-image-preview":"max-image-preview:large","max-video-preview":"max-video-preview:-1"},"canonical":"https:\/\/experienciadevida.com.ar\/portalurbano\/la-anmat-prohibio-la-comercializacion-y-produccion-de-una-leche-en-polvo\/","og_locale":"es_ES","og_type":"article","og_title":"La ANMAT prohibi\u00f3 la comercializaci\u00f3n y producci\u00f3n de una leche en polvo -","og_description":"Se trata de una muestra de la marca Campo de Oro, tras un an\u00e1lisis de...","og_url":"https:\/\/experienciadevida.com.ar\/portalurbano\/la-anmat-prohibio-la-comercializacion-y-produccion-de-una-leche-en-polvo\/","article_publisher":"https:\/\/www.facebook.com\/Portal-Urbano-171542830093757\/","article_published_time":"2019-03-14T16:57:10+00:00","og_image":[{"width":750,"height":421,"url":"https:\/\/experienciadevida.com.ar\/portalurbano\/wp-content\/uploads\/2019\/03\/leche-377104-e1552582531929.jpg","type":"image\/jpeg"}],"author":"admpu17wp","twitter_card":"summary_large_image","twitter_creator":"@portalurbanook","twitter_site":"@portalurbanook","twitter_misc":{"Escrito por":"admpu17wp","Tiempo de lectura":"2 minutos"},"schema":{"@context":"https:\/\/schema.org","@graph":[{"@type":"Article","@id":"https:\/\/experienciadevida.com.ar\/portalurbano\/la-anmat-prohibio-la-comercializacion-y-produccion-de-una-leche-en-polvo\/#article","isPartOf":{"@id":"https:\/\/experienciadevida.com.ar\/portalurbano\/la-anmat-prohibio-la-comercializacion-y-produccion-de-una-leche-en-polvo\/"},"author":{"name":"admpu17wp","@id":"https:\/\/experienciadevida.com.ar\/portalurbano\/#\/schema\/person\/02dd326b1c4b056e9cc972486934a3a7"},"headline":"La ANMAT prohibi\u00f3 la comercializaci\u00f3n y producci\u00f3n de una leche en polvo","datePublished":"2019-03-14T16:57:10+00:00","dateModified":"2019-03-14T16:57:10+00:00","mainEntityOfPage":{"@id":"https:\/\/experienciadevida.com.ar\/portalurbano\/la-anmat-prohibio-la-comercializacion-y-produccion-de-una-leche-en-polvo\/"},"wordCount":322,"commentCount":0,"publisher":{"@id":"https:\/\/experienciadevida.com.ar\/portalurbano\/#organization"},"articleSection":["Naci\u00f3n"],"inLanguage":"es","potentialAction":[{"@type":"CommentAction","name":"Comment","target":["https:\/\/experienciadevida.com.ar\/portalurbano\/la-anmat-prohibio-la-comercializacion-y-produccion-de-una-leche-en-polvo\/#respond"]}]},{"@type":"WebPage","@id":"https:\/\/experienciadevida.com.ar\/portalurbano\/la-anmat-prohibio-la-comercializacion-y-produccion-de-una-leche-en-polvo\/","url":"https:\/\/experienciadevida.com.ar\/portalurbano\/la-anmat-prohibio-la-comercializacion-y-produccion-de-una-leche-en-polvo\/","name":"La ANMAT prohibi\u00f3 la comercializaci\u00f3n y producci\u00f3n de una leche en polvo -","isPartOf":{"@id":"https:\/\/experienciadevida.com.ar\/portalurbano\/#website"},"datePublished":"2019-03-14T16:57:10+00:00","dateModified":"2019-03-14T16:57:10+00:00","breadcrumb":{"@id":"https:\/\/experienciadevida.com.ar\/portalurbano\/la-anmat-prohibio-la-comercializacion-y-produccion-de-una-leche-en-polvo\/#breadcrumb"},"inLanguage":"es","potentialAction":[{"@type":"ReadAction","target":["https:\/\/experienciadevida.com.ar\/portalurbano\/la-anmat-prohibio-la-comercializacion-y-produccion-de-una-leche-en-polvo\/"]}]},{"@type":"BreadcrumbList","@id":"https:\/\/experienciadevida.com.ar\/portalurbano\/la-anmat-prohibio-la-comercializacion-y-produccion-de-una-leche-en-polvo\/#breadcrumb","itemListElement":[{"@type":"ListItem","position":1,"name":"Portada","item":"https:\/\/experienciadevida.com.ar\/portalurbano\/"},{"@type":"ListItem","position":2,"name":"La ANMAT prohibi\u00f3 la comercializaci\u00f3n y producci\u00f3n de una leche en polvo"}]},{"@type":"WebSite","@id":"https:\/\/experienciadevida.com.ar\/portalurbano\/#website","url":"https:\/\/experienciadevida.com.ar\/portalurbano\/","name":"","description":"","publisher":{"@id":"https:\/\/experienciadevida.com.ar\/portalurbano\/#organization"},"potentialAction":[{"@type":"SearchAction","target":{"@type":"EntryPoint","urlTemplate":"https:\/\/experienciadevida.com.ar\/portalurbano\/?s={search_term_string}"},"query-input":"required name=search_term_string"}],"inLanguage":"es"},{"@type":"Organization","@id":"https:\/\/experienciadevida.com.ar\/portalurbano\/#organization","name":"Portal Urbano","url":"https:\/\/experienciadevida.com.ar\/portalurbano\/","logo":{"@type":"ImageObject","inLanguage":"es","@id":"https:\/\/experienciadevida.com.ar\/portalurbano\/#\/schema\/logo\/image\/","url":"https:\/\/experienciadevida.com.ar\/portalurbano\/wp-content\/uploads\/2019\/09\/Logo-Original.png","contentUrl":"https:\/\/experienciadevida.com.ar\/portalurbano\/wp-content\/uploads\/2019\/09\/Logo-Original.png","width":2236,"height":1216,"caption":"Portal Urbano"},"image":{"@id":"https:\/\/experienciadevida.com.ar\/portalurbano\/#\/schema\/logo\/image\/"},"sameAs":["https:\/\/www.facebook.com\/Portal-Urbano-171542830093757\/","https:\/\/twitter.com\/portalurbanook","https:\/\/www.instagram.com\/_portalurbano\/","https:\/\/www.youtube.com\/channel\/UCXhagIfszH8KxFiOok79zbA?view_as=subscriber"]},{"@type":"Person","@id":"https:\/\/experienciadevida.com.ar\/portalurbano\/#\/schema\/person\/02dd326b1c4b056e9cc972486934a3a7","name":"admpu17wp","image":{"@type":"ImageObject","inLanguage":"es","@id":"https:\/\/experienciadevida.com.ar\/portalurbano\/#\/schema\/person\/image\/","url":"https:\/\/secure.gravatar.com\/avatar\/830d4c57adaae6630765e449a6908047?s=96&d=mm&r=g","contentUrl":"https:\/\/secure.gravatar.com\/avatar\/830d4c57adaae6630765e449a6908047?s=96&d=mm&r=g","caption":"admpu17wp"}}]}},"featured_image_urls":{"full":"","thumbnail":"","medium":"","medium_large":"","large":"","ug_big":"","1536x1536":"","2048x2048":"","newsever-slider-full":"","newsever-featured":"","newsever-medium":"","web-stories-poster-portrait":"","web-stories-publisher-logo":"","web-stories-thumbnail":""},"author_info":{"display_name":"admpu17wp","author_link":"https:\/\/experienciadevida.com.ar\/portalurbano\/author\/admpu17wp\/"},"category_info":"<a href=\"https:\/\/experienciadevida.com.ar\/portalurbano\/category\/nacion\/\" rel=\"category tag\">Naci\u00f3n<\/a>","tag_info":"Naci\u00f3n","comment_count":"0","amp_enabled":true,"_links":{"self":[{"href":"https:\/\/experienciadevida.com.ar\/portalurbano\/wp-json\/wp\/v2\/posts\/60463"}],"collection":[{"href":"https:\/\/experienciadevida.com.ar\/portalurbano\/wp-json\/wp\/v2\/posts"}],"about":[{"href":"https:\/\/experienciadevida.com.ar\/portalurbano\/wp-json\/wp\/v2\/types\/post"}],"author":[{"embeddable":true,"href":"https:\/\/experienciadevida.com.ar\/portalurbano\/wp-json\/wp\/v2\/users\/1"}],"replies":[{"embeddable":true,"href":"https:\/\/experienciadevida.com.ar\/portalurbano\/wp-json\/wp\/v2\/comments?post=60463"}],"version-history":[{"count":1,"href":"https:\/\/experienciadevida.com.ar\/portalurbano\/wp-json\/wp\/v2\/posts\/60463\/revisions"}],"predecessor-version":[{"id":60466,"href":"https:\/\/experienciadevida.com.ar\/portalurbano\/wp-json\/wp\/v2\/posts\/60463\/revisions\/60466"}],"wp:attachment":[{"href":"https:\/\/experienciadevida.com.ar\/portalurbano\/wp-json\/wp\/v2\/media?parent=60463"}],"wp:term":[{"taxonomy":"category","embeddable":true,"href":"https:\/\/experienciadevida.com.ar\/portalurbano\/wp-json\/wp\/v2\/categories?post=60463"},{"taxonomy":"post_tag","embeddable":true,"href":"https:\/\/experienciadevida.com.ar\/portalurbano\/wp-json\/wp\/v2\/tags?post=60463"}],"curies":[{"name":"wp","href":"https:\/\/api.w.org\/{rel}","templated":true}]}}