{"id":60005,"date":"2019-03-10T21:10:23","date_gmt":"2019-03-11T00:10:23","guid":{"rendered":"https:\/\/experienciadevida.com.ar\/portalurbano\/?p=60005"},"modified":"2019-03-10T21:10:23","modified_gmt":"2019-03-11T00:10:23","slug":"anses-fecha-de-pago-de-auh-jubilaciones-y-pensiones-del-11-al-15-de-marzo","status":"publish","type":"post","link":"https:\/\/experienciadevida.com.ar\/portalurbano\/anses-fecha-de-pago-de-auh-jubilaciones-y-pensiones-del-11-al-15-de-marzo\/","title":{"rendered":"Anses : Fecha de pago de AUH, jubilaciones y pensiones del 11 al 15 de marzo"},"content":{"rendered":"<article id=\"article-post\" class=\"first\">\n<p class=\"interiorCopete\">La Administraci\u00f3n Nacional de la Seguridad Social inform\u00f3 la fecha de pago; conoc\u00e9 cu\u00e1ndo se cobra esta semana.<\/p>\n<div class=\"cuerpo\" data-twitter-link=\"https:\/\/twitter.com\/intent\/tweet?url=https:\/\/www.diariopopular.com.ar\/\/c388089&amp;via=poopulardiario&amp;related=Diario Popular&amp;text=\">\n<p>La Administraci\u00f3n Nacional de la Seguridad Social (<strong>ANSES<\/strong>) inform\u00f3 la fecha de pago de las asignaciones universales por hijo (<strong>AUH<\/strong>),\u00a0jubilaciones y pensiones\u00a0para la semana del lunes 11 al viernes 15 de marzo.<\/p>\n<div id=\"div-gpt-ad-nota-477732\" class=\"banner-90\" data-mapping=\"mapping9\" data-google-query-id=\"CMTZgtrl-OACFYRqwQodCg0Adg\">\n<div id=\"google_ads_iframe_\/7581181\/dp_universal_0__container__\"><strong>Jubilados y pensionados cuyos haberes no superan los $11.832:<\/strong><\/div>\n<div><\/div>\n<\/div>\n<\/div>\n<\/article>\n<article id=\"article-post\">\n<div class=\"cuerpo\" data-twitter-link=\"https:\/\/twitter.com\/intent\/tweet?url=https:\/\/www.diariopopular.com.ar\/\/c388089&amp;via=poopulardiario&amp;related=Diario Popular&amp;text=\">\n<div id=\"sc_intxt_container\">\n<div>\n<div id=\"sc_ava_companion\" class=\"sc_intxt_hided\">DNI terminados en 0. &#8211; Lunes 11 de marzo;<\/div>\n<\/div>\n<\/div>\n<p>DNI terminados en 1. &#8211; Martes 12 de marzo;<\/p>\n<p>DNI terminados en 2. &#8211; Mi\u00e9rcoles 13 de marzo;<\/p>\n<p>DNI terminados en 3. &#8211; Jueves 14 de marzo;<\/p>\n<p>DNI terminados en 4. &#8211; Viernes 15 de marzo.<\/p>\n<p><strong>Titulares de Pensiones No Contributivas:<\/strong><\/p>\n<p>DNI terminados en 8 y 9. &#8211; Lunes 11 de marzo.<\/p>\n<p><strong>Titulares de la AUH:<\/strong><\/p>\n<p>DNI terminados en 1. &#8211; Lunes 11 de marzo;<\/p>\n<p>DNI terminados en 2. &#8211; Martes 12 de marzo;<\/p>\n<p>DNI terminados en 3. &#8211; Mi\u00e9rcoles 13 de marzo;<\/p>\n<p>DNI terminados en 4. &#8211; Jueves 14 de marzo;<\/p>\n<p>DNI terminados en 5. &#8211; Viernes 15 de marzo.<\/p>\n<\/div>\n<\/article>\n","protected":false},"excerpt":{"rendered":"<p>La Administraci\u00f3n Nacional de la Seguridad Social inform\u00f3 la fecha de pago; conoc\u00e9 cu\u00e1ndo se&#8230;<\/p>\n","protected":false},"author":1,"featured_media":0,"comment_status":"open","ping_status":"open","sticky":false,"template":"","format":"standard","meta":{"content-type":""},"categories":[39],"tags":[],"nelio_content":{"isAutoShareEnabled":false,"autoShareEndMode":"default","automationSources":{"useContentSentences":true,"useSocialTemplates":true,"useCustomSentences":false,"customSentences":[]},"followers":[1],"suggestedReferences":[],"includedReferences":[],"efiUrl":"","efiAlt":"","highlights":[]},"yoast_head":"<!-- This site is optimized with the Yoast SEO plugin v20.7 - https:\/\/yoast.com\/wordpress\/plugins\/seo\/ -->\n<title>Anses : Fecha de pago de AUH, jubilaciones y pensiones del 11 al 15 de marzo -<\/title>\n<meta name=\"robots\" content=\"index, follow, max-snippet:-1, max-image-preview:large, max-video-preview:-1\" \/>\n<link rel=\"canonical\" href=\"https:\/\/experienciadevida.com.ar\/portalurbano\/anses-fecha-de-pago-de-auh-jubilaciones-y-pensiones-del-11-al-15-de-marzo\/\" \/>\n<meta property=\"og:locale\" content=\"es_ES\" \/>\n<meta property=\"og:type\" content=\"article\" \/>\n<meta property=\"og:title\" content=\"Anses : Fecha de pago de AUH, jubilaciones y pensiones del 11 al 15 de marzo -\" \/>\n<meta property=\"og:description\" content=\"La Administraci\u00f3n Nacional de la Seguridad Social inform\u00f3 la fecha de pago; conoc\u00e9 cu\u00e1ndo se...\" \/>\n<meta property=\"og:url\" content=\"https:\/\/experienciadevida.com.ar\/portalurbano\/anses-fecha-de-pago-de-auh-jubilaciones-y-pensiones-del-11-al-15-de-marzo\/\" \/>\n<meta property=\"article:publisher\" content=\"https:\/\/www.facebook.com\/Portal-Urbano-171542830093757\/\" \/>\n<meta property=\"article:published_time\" content=\"2019-03-11T00:10:23+00:00\" \/>\n<meta property=\"og:image\" content=\"https:\/\/experienciadevida.com.ar\/portalurbano\/wp-content\/uploads\/2018\/06\/20180604075831_.anses1_.jpg\" \/>\n\t<meta property=\"og:image:width\" content=\"680\" \/>\n\t<meta property=\"og:image:height\" content=\"453\" \/>\n\t<meta property=\"og:image:type\" content=\"image\/jpeg\" \/>\n<meta name=\"author\" content=\"admpu17wp\" \/>\n<meta name=\"twitter:card\" content=\"summary_large_image\" \/>\n<meta name=\"twitter:creator\" content=\"@portalurbanook\" \/>\n<meta name=\"twitter:site\" content=\"@portalurbanook\" \/>\n<meta name=\"twitter:label1\" content=\"Escrito por\" \/>\n\t<meta name=\"twitter:data1\" content=\"admpu17wp\" \/>\n\t<meta name=\"twitter:label2\" content=\"Tiempo de lectura\" \/>\n\t<meta name=\"twitter:data2\" content=\"1 minuto\" \/>\n<script type=\"application\/ld+json\" class=\"yoast-schema-graph\">{\"@context\":\"https:\/\/schema.org\",\"@graph\":[{\"@type\":\"Article\",\"@id\":\"https:\/\/experienciadevida.com.ar\/portalurbano\/anses-fecha-de-pago-de-auh-jubilaciones-y-pensiones-del-11-al-15-de-marzo\/#article\",\"isPartOf\":{\"@id\":\"https:\/\/experienciadevida.com.ar\/portalurbano\/anses-fecha-de-pago-de-auh-jubilaciones-y-pensiones-del-11-al-15-de-marzo\/\"},\"author\":{\"name\":\"admpu17wp\",\"@id\":\"https:\/\/experienciadevida.com.ar\/portalurbano\/#\/schema\/person\/02dd326b1c4b056e9cc972486934a3a7\"},\"headline\":\"Anses : Fecha de pago de AUH, jubilaciones y pensiones del 11 al 15 de marzo\",\"datePublished\":\"2019-03-11T00:10:23+00:00\",\"dateModified\":\"2019-03-11T00:10:23+00:00\",\"mainEntityOfPage\":{\"@id\":\"https:\/\/experienciadevida.com.ar\/portalurbano\/anses-fecha-de-pago-de-auh-jubilaciones-y-pensiones-del-11-al-15-de-marzo\/\"},\"wordCount\":163,\"commentCount\":2,\"publisher\":{\"@id\":\"https:\/\/experienciadevida.com.ar\/portalurbano\/#organization\"},\"articleSection\":[\"Naci\u00f3n\"],\"inLanguage\":\"es\",\"potentialAction\":[{\"@type\":\"CommentAction\",\"name\":\"Comment\",\"target\":[\"https:\/\/experienciadevida.com.ar\/portalurbano\/anses-fecha-de-pago-de-auh-jubilaciones-y-pensiones-del-11-al-15-de-marzo\/#respond\"]}]},{\"@type\":\"WebPage\",\"@id\":\"https:\/\/experienciadevida.com.ar\/portalurbano\/anses-fecha-de-pago-de-auh-jubilaciones-y-pensiones-del-11-al-15-de-marzo\/\",\"url\":\"https:\/\/experienciadevida.com.ar\/portalurbano\/anses-fecha-de-pago-de-auh-jubilaciones-y-pensiones-del-11-al-15-de-marzo\/\",\"name\":\"Anses : Fecha de pago de AUH, jubilaciones y pensiones del 11 al 15 de marzo -\",\"isPartOf\":{\"@id\":\"https:\/\/experienciadevida.com.ar\/portalurbano\/#website\"},\"datePublished\":\"2019-03-11T00:10:23+00:00\",\"dateModified\":\"2019-03-11T00:10:23+00:00\",\"breadcrumb\":{\"@id\":\"https:\/\/experienciadevida.com.ar\/portalurbano\/anses-fecha-de-pago-de-auh-jubilaciones-y-pensiones-del-11-al-15-de-marzo\/#breadcrumb\"},\"inLanguage\":\"es\",\"potentialAction\":[{\"@type\":\"ReadAction\",\"target\":[\"https:\/\/experienciadevida.com.ar\/portalurbano\/anses-fecha-de-pago-de-auh-jubilaciones-y-pensiones-del-11-al-15-de-marzo\/\"]}]},{\"@type\":\"BreadcrumbList\",\"@id\":\"https:\/\/experienciadevida.com.ar\/portalurbano\/anses-fecha-de-pago-de-auh-jubilaciones-y-pensiones-del-11-al-15-de-marzo\/#breadcrumb\",\"itemListElement\":[{\"@type\":\"ListItem\",\"position\":1,\"name\":\"Portada\",\"item\":\"https:\/\/experienciadevida.com.ar\/portalurbano\/\"},{\"@type\":\"ListItem\",\"position\":2,\"name\":\"Anses : Fecha de pago de AUH, jubilaciones y pensiones del 11 al 15 de marzo\"}]},{\"@type\":\"WebSite\",\"@id\":\"https:\/\/experienciadevida.com.ar\/portalurbano\/#website\",\"url\":\"https:\/\/experienciadevida.com.ar\/portalurbano\/\",\"name\":\"\",\"description\":\"\",\"publisher\":{\"@id\":\"https:\/\/experienciadevida.com.ar\/portalurbano\/#organization\"},\"potentialAction\":[{\"@type\":\"SearchAction\",\"target\":{\"@type\":\"EntryPoint\",\"urlTemplate\":\"https:\/\/experienciadevida.com.ar\/portalurbano\/?s={search_term_string}\"},\"query-input\":\"required name=search_term_string\"}],\"inLanguage\":\"es\"},{\"@type\":\"Organization\",\"@id\":\"https:\/\/experienciadevida.com.ar\/portalurbano\/#organization\",\"name\":\"Portal Urbano\",\"url\":\"https:\/\/experienciadevida.com.ar\/portalurbano\/\",\"logo\":{\"@type\":\"ImageObject\",\"inLanguage\":\"es\",\"@id\":\"https:\/\/experienciadevida.com.ar\/portalurbano\/#\/schema\/logo\/image\/\",\"url\":\"https:\/\/experienciadevida.com.ar\/portalurbano\/wp-content\/uploads\/2019\/09\/Logo-Original.png\",\"contentUrl\":\"https:\/\/experienciadevida.com.ar\/portalurbano\/wp-content\/uploads\/2019\/09\/Logo-Original.png\",\"width\":2236,\"height\":1216,\"caption\":\"Portal Urbano\"},\"image\":{\"@id\":\"https:\/\/experienciadevida.com.ar\/portalurbano\/#\/schema\/logo\/image\/\"},\"sameAs\":[\"https:\/\/www.facebook.com\/Portal-Urbano-171542830093757\/\",\"https:\/\/twitter.com\/portalurbanook\",\"https:\/\/www.instagram.com\/_portalurbano\/\",\"https:\/\/www.youtube.com\/channel\/UCXhagIfszH8KxFiOok79zbA?view_as=subscriber\"]},{\"@type\":\"Person\",\"@id\":\"https:\/\/experienciadevida.com.ar\/portalurbano\/#\/schema\/person\/02dd326b1c4b056e9cc972486934a3a7\",\"name\":\"admpu17wp\",\"image\":{\"@type\":\"ImageObject\",\"inLanguage\":\"es\",\"@id\":\"https:\/\/experienciadevida.com.ar\/portalurbano\/#\/schema\/person\/image\/\",\"url\":\"https:\/\/secure.gravatar.com\/avatar\/830d4c57adaae6630765e449a6908047?s=96&d=mm&r=g\",\"contentUrl\":\"https:\/\/secure.gravatar.com\/avatar\/830d4c57adaae6630765e449a6908047?s=96&d=mm&r=g\",\"caption\":\"admpu17wp\"}}]}<\/script>\n<!-- \/ Yoast SEO plugin. -->","yoast_head_json":{"title":"Anses : Fecha de pago de AUH, jubilaciones y pensiones del 11 al 15 de marzo -","robots":{"index":"index","follow":"follow","max-snippet":"max-snippet:-1","max-image-preview":"max-image-preview:large","max-video-preview":"max-video-preview:-1"},"canonical":"https:\/\/experienciadevida.com.ar\/portalurbano\/anses-fecha-de-pago-de-auh-jubilaciones-y-pensiones-del-11-al-15-de-marzo\/","og_locale":"es_ES","og_type":"article","og_title":"Anses : Fecha de pago de AUH, jubilaciones y pensiones del 11 al 15 de marzo -","og_description":"La Administraci\u00f3n Nacional de la Seguridad Social inform\u00f3 la fecha de pago; conoc\u00e9 cu\u00e1ndo se...","og_url":"https:\/\/experienciadevida.com.ar\/portalurbano\/anses-fecha-de-pago-de-auh-jubilaciones-y-pensiones-del-11-al-15-de-marzo\/","article_publisher":"https:\/\/www.facebook.com\/Portal-Urbano-171542830093757\/","article_published_time":"2019-03-11T00:10:23+00:00","og_image":[{"width":680,"height":453,"url":"https:\/\/experienciadevida.com.ar\/portalurbano\/wp-content\/uploads\/2018\/06\/20180604075831_.anses1_.jpg","type":"image\/jpeg"}],"author":"admpu17wp","twitter_card":"summary_large_image","twitter_creator":"@portalurbanook","twitter_site":"@portalurbanook","twitter_misc":{"Escrito por":"admpu17wp","Tiempo de lectura":"1 minuto"},"schema":{"@context":"https:\/\/schema.org","@graph":[{"@type":"Article","@id":"https:\/\/experienciadevida.com.ar\/portalurbano\/anses-fecha-de-pago-de-auh-jubilaciones-y-pensiones-del-11-al-15-de-marzo\/#article","isPartOf":{"@id":"https:\/\/experienciadevida.com.ar\/portalurbano\/anses-fecha-de-pago-de-auh-jubilaciones-y-pensiones-del-11-al-15-de-marzo\/"},"author":{"name":"admpu17wp","@id":"https:\/\/experienciadevida.com.ar\/portalurbano\/#\/schema\/person\/02dd326b1c4b056e9cc972486934a3a7"},"headline":"Anses : Fecha de pago de AUH, jubilaciones y pensiones del 11 al 15 de marzo","datePublished":"2019-03-11T00:10:23+00:00","dateModified":"2019-03-11T00:10:23+00:00","mainEntityOfPage":{"@id":"https:\/\/experienciadevida.com.ar\/portalurbano\/anses-fecha-de-pago-de-auh-jubilaciones-y-pensiones-del-11-al-15-de-marzo\/"},"wordCount":163,"commentCount":2,"publisher":{"@id":"https:\/\/experienciadevida.com.ar\/portalurbano\/#organization"},"articleSection":["Naci\u00f3n"],"inLanguage":"es","potentialAction":[{"@type":"CommentAction","name":"Comment","target":["https:\/\/experienciadevida.com.ar\/portalurbano\/anses-fecha-de-pago-de-auh-jubilaciones-y-pensiones-del-11-al-15-de-marzo\/#respond"]}]},{"@type":"WebPage","@id":"https:\/\/experienciadevida.com.ar\/portalurbano\/anses-fecha-de-pago-de-auh-jubilaciones-y-pensiones-del-11-al-15-de-marzo\/","url":"https:\/\/experienciadevida.com.ar\/portalurbano\/anses-fecha-de-pago-de-auh-jubilaciones-y-pensiones-del-11-al-15-de-marzo\/","name":"Anses : Fecha de pago de AUH, jubilaciones y pensiones del 11 al 15 de marzo -","isPartOf":{"@id":"https:\/\/experienciadevida.com.ar\/portalurbano\/#website"},"datePublished":"2019-03-11T00:10:23+00:00","dateModified":"2019-03-11T00:10:23+00:00","breadcrumb":{"@id":"https:\/\/experienciadevida.com.ar\/portalurbano\/anses-fecha-de-pago-de-auh-jubilaciones-y-pensiones-del-11-al-15-de-marzo\/#breadcrumb"},"inLanguage":"es","potentialAction":[{"@type":"ReadAction","target":["https:\/\/experienciadevida.com.ar\/portalurbano\/anses-fecha-de-pago-de-auh-jubilaciones-y-pensiones-del-11-al-15-de-marzo\/"]}]},{"@type":"BreadcrumbList","@id":"https:\/\/experienciadevida.com.ar\/portalurbano\/anses-fecha-de-pago-de-auh-jubilaciones-y-pensiones-del-11-al-15-de-marzo\/#breadcrumb","itemListElement":[{"@type":"ListItem","position":1,"name":"Portada","item":"https:\/\/experienciadevida.com.ar\/portalurbano\/"},{"@type":"ListItem","position":2,"name":"Anses : Fecha de pago de AUH, jubilaciones y pensiones del 11 al 15 de marzo"}]},{"@type":"WebSite","@id":"https:\/\/experienciadevida.com.ar\/portalurbano\/#website","url":"https:\/\/experienciadevida.com.ar\/portalurbano\/","name":"","description":"","publisher":{"@id":"https:\/\/experienciadevida.com.ar\/portalurbano\/#organization"},"potentialAction":[{"@type":"SearchAction","target":{"@type":"EntryPoint","urlTemplate":"https:\/\/experienciadevida.com.ar\/portalurbano\/?s={search_term_string}"},"query-input":"required name=search_term_string"}],"inLanguage":"es"},{"@type":"Organization","@id":"https:\/\/experienciadevida.com.ar\/portalurbano\/#organization","name":"Portal Urbano","url":"https:\/\/experienciadevida.com.ar\/portalurbano\/","logo":{"@type":"ImageObject","inLanguage":"es","@id":"https:\/\/experienciadevida.com.ar\/portalurbano\/#\/schema\/logo\/image\/","url":"https:\/\/experienciadevida.com.ar\/portalurbano\/wp-content\/uploads\/2019\/09\/Logo-Original.png","contentUrl":"https:\/\/experienciadevida.com.ar\/portalurbano\/wp-content\/uploads\/2019\/09\/Logo-Original.png","width":2236,"height":1216,"caption":"Portal Urbano"},"image":{"@id":"https:\/\/experienciadevida.com.ar\/portalurbano\/#\/schema\/logo\/image\/"},"sameAs":["https:\/\/www.facebook.com\/Portal-Urbano-171542830093757\/","https:\/\/twitter.com\/portalurbanook","https:\/\/www.instagram.com\/_portalurbano\/","https:\/\/www.youtube.com\/channel\/UCXhagIfszH8KxFiOok79zbA?view_as=subscriber"]},{"@type":"Person","@id":"https:\/\/experienciadevida.com.ar\/portalurbano\/#\/schema\/person\/02dd326b1c4b056e9cc972486934a3a7","name":"admpu17wp","image":{"@type":"ImageObject","inLanguage":"es","@id":"https:\/\/experienciadevida.com.ar\/portalurbano\/#\/schema\/person\/image\/","url":"https:\/\/secure.gravatar.com\/avatar\/830d4c57adaae6630765e449a6908047?s=96&d=mm&r=g","contentUrl":"https:\/\/secure.gravatar.com\/avatar\/830d4c57adaae6630765e449a6908047?s=96&d=mm&r=g","caption":"admpu17wp"}}]}},"featured_image_urls":{"full":"","thumbnail":"","medium":"","medium_large":"","large":"","ug_big":"","1536x1536":"","2048x2048":"","newsever-slider-full":"","newsever-featured":"","newsever-medium":"","web-stories-poster-portrait":"","web-stories-publisher-logo":"","web-stories-thumbnail":""},"author_info":{"display_name":"admpu17wp","author_link":"https:\/\/experienciadevida.com.ar\/portalurbano\/author\/admpu17wp\/"},"category_info":"<a href=\"https:\/\/experienciadevida.com.ar\/portalurbano\/category\/nacion\/\" rel=\"category tag\">Naci\u00f3n<\/a>","tag_info":"Naci\u00f3n","comment_count":"2","amp_enabled":true,"_links":{"self":[{"href":"https:\/\/experienciadevida.com.ar\/portalurbano\/wp-json\/wp\/v2\/posts\/60005"}],"collection":[{"href":"https:\/\/experienciadevida.com.ar\/portalurbano\/wp-json\/wp\/v2\/posts"}],"about":[{"href":"https:\/\/experienciadevida.com.ar\/portalurbano\/wp-json\/wp\/v2\/types\/post"}],"author":[{"embeddable":true,"href":"https:\/\/experienciadevida.com.ar\/portalurbano\/wp-json\/wp\/v2\/users\/1"}],"replies":[{"embeddable":true,"href":"https:\/\/experienciadevida.com.ar\/portalurbano\/wp-json\/wp\/v2\/comments?post=60005"}],"version-history":[{"count":3,"href":"https:\/\/experienciadevida.com.ar\/portalurbano\/wp-json\/wp\/v2\/posts\/60005\/revisions"}],"predecessor-version":[{"id":87046,"href":"https:\/\/experienciadevida.com.ar\/portalurbano\/wp-json\/wp\/v2\/posts\/60005\/revisions\/87046"}],"wp:attachment":[{"href":"https:\/\/experienciadevida.com.ar\/portalurbano\/wp-json\/wp\/v2\/media?parent=60005"}],"wp:term":[{"taxonomy":"category","embeddable":true,"href":"https:\/\/experienciadevida.com.ar\/portalurbano\/wp-json\/wp\/v2\/categories?post=60005"},{"taxonomy":"post_tag","embeddable":true,"href":"https:\/\/experienciadevida.com.ar\/portalurbano\/wp-json\/wp\/v2\/tags?post=60005"}],"curies":[{"name":"wp","href":"https:\/\/api.w.org\/{rel}","templated":true}]}}