{"id":59631,"date":"2019-03-07T23:54:51","date_gmt":"2019-03-08T02:54:51","guid":{"rendered":"https:\/\/experienciadevida.com.ar\/portalurbano\/?p=59631"},"modified":"2019-03-07T23:54:51","modified_gmt":"2019-03-08T02:54:51","slug":"amplian-precios-cuidados-para-que-llegue-a-los-autoservicios","status":"publish","type":"post","link":"https:\/\/experienciadevida.com.ar\/portalurbano\/amplian-precios-cuidados-para-que-llegue-a-los-autoservicios\/","title":{"rendered":"Ampl\u00edan &#8220;Precios Cuidados&#8221; para que llegue a los autoservicios"},"content":{"rendered":"<p><strong>En medio de la crisis, el Gobierno tom\u00f3 la decisi\u00f3n de reforzar el programa de descuentos en art\u00edculos de primera necesidad.<\/strong><\/p>\n<p>El Gobierno dispuso hoy ampliar los alcances del programa Precios Cuidados, para sumar a los &#8220;autoservicios de cercan\u00eda&#8221;, y a la vez estableci\u00f3 que los supermercados mayoristas deber\u00e1n diferenciar &#8220;aquellos precios que tengan como destinatarios a consumidores finales y a los comerciantes&#8221;.<\/p>\n<p>A trav\u00e9s de una resoluci\u00f3n de la Secretar\u00eda de Comercio Interior, publicada este jueves en el Bolet\u00edn Oficial, el Poder Ejecutivo decidi\u00f3 &#8220;modificar aquellos convenios previstos \u00fanicamente para los supermercados de origen asi\u00e1tico, a los fines de ampliar el programa a todos aquellos autoservicios de cercan\u00eda&#8221;.<\/p>\n<p>Adem\u00e1s, &#8220;con el objeto de lograr mayor claridad frente a los consumidores, es necesario diferenciar en el convenio con supermercados mayoristas a aquellos precios que tengan como destinatarios a consumidores finales y a los comerciantes&#8221;, seg\u00fan el texto oficial.<\/p>\n<p>El programa Precios Cuidados fue renovado a principios de este a\u00f1o y hasta el 6 de mayo pr\u00f3ximo por la Secretar\u00eda de Comercio Interior, con la inclusi\u00f3n de 566 productos en supermercados y 221 en mayoristas y un aumento promedio del 4,42% respecto a septiembre de 2018.<\/p>\n<p>Esos productos -seg\u00fan el Gobierno- se encuentran disponibles en 2.555 puntos de ventas de m\u00e1s de 44 cadenas de supermercados de todo el pa\u00eds, que forman parte de la Asociaci\u00f3n de Supermercados Unidos, la C\u00e1mara Argentina de Supermercados y la Federaci\u00f3n Argentina de Supermercados y Autoservicios.<\/p>\n<p>Para la Casa Rosada, este programa, lanzado durante el Gobierno de Cristina Kirchner, &#8220;se ha constituido como una herramienta valiosa para garantizar el precio de referencia de ciertos productos de consumo masivo&#8221;.<\/p>\n<p>&#8220;En este sentido, es relevante destacar que se ha incrementado progresivamente la cantidad de productos incorporados al programa, as\u00ed como se han diversificado los rubros alcanzados&#8221;, a\u00f1adi\u00f3.<\/p>\n<p>Por ese motivo, consider\u00f3 necesario &#8220;modificar aquellos convenios previstos \u00fanicamente para los supermercados de origen asi\u00e1tico a los fines de ampliar el programa a todos aquellos autoservicios de cercan\u00eda&#8221;.<\/p>\n<p>Tambi\u00e9n, indic\u00f3 que &#8220;con el objeto de lograr mayor claridad frente a los consumidores, es necesario diferenciar en el convenio con Supermercados Mayoristas a aquellos precios que tengan como destinatarios a consumidores finales y a los comerciantes&#8221;.<\/p>\n","protected":false},"excerpt":{"rendered":"<p>En medio de la crisis, el Gobierno tom\u00f3 la decisi\u00f3n de reforzar el programa de&#8230;<\/p>\n","protected":false},"author":1,"featured_media":0,"comment_status":"open","ping_status":"open","sticky":false,"template":"","format":"standard","meta":{"content-type":""},"categories":[39],"tags":[],"nelio_content":{"isAutoShareEnabled":false,"autoShareEndMode":"default","automationSources":{"useContentSentences":true,"useSocialTemplates":true,"useCustomSentences":false,"customSentences":[]},"followers":[1],"suggestedReferences":[],"includedReferences":[],"efiUrl":"","efiAlt":"","highlights":[]},"yoast_head":"<!-- This site is optimized with the Yoast SEO plugin v20.7 - https:\/\/yoast.com\/wordpress\/plugins\/seo\/ -->\n<title>Ampl\u00edan &quot;Precios Cuidados&quot; para que llegue a los autoservicios -<\/title>\n<meta name=\"robots\" content=\"index, follow, max-snippet:-1, max-image-preview:large, max-video-preview:-1\" \/>\n<link rel=\"canonical\" href=\"https:\/\/experienciadevida.com.ar\/portalurbano\/amplian-precios-cuidados-para-que-llegue-a-los-autoservicios\/\" \/>\n<meta property=\"og:locale\" content=\"es_ES\" \/>\n<meta property=\"og:type\" content=\"article\" \/>\n<meta property=\"og:title\" content=\"Ampl\u00edan &quot;Precios Cuidados&quot; para que llegue a los autoservicios -\" \/>\n<meta property=\"og:description\" content=\"En medio de la crisis, el Gobierno tom\u00f3 la decisi\u00f3n de reforzar el programa de...\" \/>\n<meta property=\"og:url\" content=\"https:\/\/experienciadevida.com.ar\/portalurbano\/amplian-precios-cuidados-para-que-llegue-a-los-autoservicios\/\" \/>\n<meta property=\"article:publisher\" content=\"https:\/\/www.facebook.com\/Portal-Urbano-171542830093757\/\" \/>\n<meta property=\"article:published_time\" content=\"2019-03-08T02:54:51+00:00\" \/>\n<meta property=\"og:image\" content=\"https:\/\/experienciadevida.com.ar\/portalurbano\/wp-content\/uploads\/2019\/03\/precios-cuidados.jpg\" \/>\n\t<meta property=\"og:image:width\" content=\"700\" \/>\n\t<meta property=\"og:image:height\" content=\"393\" \/>\n\t<meta property=\"og:image:type\" content=\"image\/jpeg\" \/>\n<meta name=\"author\" content=\"admpu17wp\" \/>\n<meta name=\"twitter:card\" content=\"summary_large_image\" \/>\n<meta name=\"twitter:creator\" content=\"@portalurbanook\" \/>\n<meta name=\"twitter:site\" content=\"@portalurbanook\" \/>\n<meta name=\"twitter:label1\" content=\"Escrito por\" \/>\n\t<meta name=\"twitter:data1\" content=\"admpu17wp\" \/>\n\t<meta name=\"twitter:label2\" content=\"Tiempo de lectura\" \/>\n\t<meta name=\"twitter:data2\" content=\"2 minutos\" \/>\n<script type=\"application\/ld+json\" class=\"yoast-schema-graph\">{\"@context\":\"https:\/\/schema.org\",\"@graph\":[{\"@type\":\"Article\",\"@id\":\"https:\/\/experienciadevida.com.ar\/portalurbano\/amplian-precios-cuidados-para-que-llegue-a-los-autoservicios\/#article\",\"isPartOf\":{\"@id\":\"https:\/\/experienciadevida.com.ar\/portalurbano\/amplian-precios-cuidados-para-que-llegue-a-los-autoservicios\/\"},\"author\":{\"name\":\"admpu17wp\",\"@id\":\"https:\/\/experienciadevida.com.ar\/portalurbano\/#\/schema\/person\/02dd326b1c4b056e9cc972486934a3a7\"},\"headline\":\"Ampl\u00edan &#8220;Precios Cuidados&#8221; para que llegue a los autoservicios\",\"datePublished\":\"2019-03-08T02:54:51+00:00\",\"dateModified\":\"2019-03-08T02:54:51+00:00\",\"mainEntityOfPage\":{\"@id\":\"https:\/\/experienciadevida.com.ar\/portalurbano\/amplian-precios-cuidados-para-que-llegue-a-los-autoservicios\/\"},\"wordCount\":395,\"commentCount\":0,\"publisher\":{\"@id\":\"https:\/\/experienciadevida.com.ar\/portalurbano\/#organization\"},\"articleSection\":[\"Naci\u00f3n\"],\"inLanguage\":\"es\",\"potentialAction\":[{\"@type\":\"CommentAction\",\"name\":\"Comment\",\"target\":[\"https:\/\/experienciadevida.com.ar\/portalurbano\/amplian-precios-cuidados-para-que-llegue-a-los-autoservicios\/#respond\"]}]},{\"@type\":\"WebPage\",\"@id\":\"https:\/\/experienciadevida.com.ar\/portalurbano\/amplian-precios-cuidados-para-que-llegue-a-los-autoservicios\/\",\"url\":\"https:\/\/experienciadevida.com.ar\/portalurbano\/amplian-precios-cuidados-para-que-llegue-a-los-autoservicios\/\",\"name\":\"Ampl\u00edan \\\"Precios Cuidados\\\" para que llegue a los autoservicios -\",\"isPartOf\":{\"@id\":\"https:\/\/experienciadevida.com.ar\/portalurbano\/#website\"},\"datePublished\":\"2019-03-08T02:54:51+00:00\",\"dateModified\":\"2019-03-08T02:54:51+00:00\",\"breadcrumb\":{\"@id\":\"https:\/\/experienciadevida.com.ar\/portalurbano\/amplian-precios-cuidados-para-que-llegue-a-los-autoservicios\/#breadcrumb\"},\"inLanguage\":\"es\",\"potentialAction\":[{\"@type\":\"ReadAction\",\"target\":[\"https:\/\/experienciadevida.com.ar\/portalurbano\/amplian-precios-cuidados-para-que-llegue-a-los-autoservicios\/\"]}]},{\"@type\":\"BreadcrumbList\",\"@id\":\"https:\/\/experienciadevida.com.ar\/portalurbano\/amplian-precios-cuidados-para-que-llegue-a-los-autoservicios\/#breadcrumb\",\"itemListElement\":[{\"@type\":\"ListItem\",\"position\":1,\"name\":\"Portada\",\"item\":\"https:\/\/experienciadevida.com.ar\/portalurbano\/\"},{\"@type\":\"ListItem\",\"position\":2,\"name\":\"Ampl\u00edan \u00abPrecios Cuidados\u00bb para que llegue a los autoservicios\"}]},{\"@type\":\"WebSite\",\"@id\":\"https:\/\/experienciadevida.com.ar\/portalurbano\/#website\",\"url\":\"https:\/\/experienciadevida.com.ar\/portalurbano\/\",\"name\":\"\",\"description\":\"\",\"publisher\":{\"@id\":\"https:\/\/experienciadevida.com.ar\/portalurbano\/#organization\"},\"potentialAction\":[{\"@type\":\"SearchAction\",\"target\":{\"@type\":\"EntryPoint\",\"urlTemplate\":\"https:\/\/experienciadevida.com.ar\/portalurbano\/?s={search_term_string}\"},\"query-input\":\"required name=search_term_string\"}],\"inLanguage\":\"es\"},{\"@type\":\"Organization\",\"@id\":\"https:\/\/experienciadevida.com.ar\/portalurbano\/#organization\",\"name\":\"Portal Urbano\",\"url\":\"https:\/\/experienciadevida.com.ar\/portalurbano\/\",\"logo\":{\"@type\":\"ImageObject\",\"inLanguage\":\"es\",\"@id\":\"https:\/\/experienciadevida.com.ar\/portalurbano\/#\/schema\/logo\/image\/\",\"url\":\"https:\/\/experienciadevida.com.ar\/portalurbano\/wp-content\/uploads\/2019\/09\/Logo-Original.png\",\"contentUrl\":\"https:\/\/experienciadevida.com.ar\/portalurbano\/wp-content\/uploads\/2019\/09\/Logo-Original.png\",\"width\":2236,\"height\":1216,\"caption\":\"Portal Urbano\"},\"image\":{\"@id\":\"https:\/\/experienciadevida.com.ar\/portalurbano\/#\/schema\/logo\/image\/\"},\"sameAs\":[\"https:\/\/www.facebook.com\/Portal-Urbano-171542830093757\/\",\"https:\/\/twitter.com\/portalurbanook\",\"https:\/\/www.instagram.com\/_portalurbano\/\",\"https:\/\/www.youtube.com\/channel\/UCXhagIfszH8KxFiOok79zbA?view_as=subscriber\"]},{\"@type\":\"Person\",\"@id\":\"https:\/\/experienciadevida.com.ar\/portalurbano\/#\/schema\/person\/02dd326b1c4b056e9cc972486934a3a7\",\"name\":\"admpu17wp\",\"image\":{\"@type\":\"ImageObject\",\"inLanguage\":\"es\",\"@id\":\"https:\/\/experienciadevida.com.ar\/portalurbano\/#\/schema\/person\/image\/\",\"url\":\"https:\/\/secure.gravatar.com\/avatar\/830d4c57adaae6630765e449a6908047?s=96&d=mm&r=g\",\"contentUrl\":\"https:\/\/secure.gravatar.com\/avatar\/830d4c57adaae6630765e449a6908047?s=96&d=mm&r=g\",\"caption\":\"admpu17wp\"}}]}<\/script>\n<!-- \/ Yoast SEO plugin. -->","yoast_head_json":{"title":"Ampl\u00edan \"Precios Cuidados\" para que llegue a los autoservicios -","robots":{"index":"index","follow":"follow","max-snippet":"max-snippet:-1","max-image-preview":"max-image-preview:large","max-video-preview":"max-video-preview:-1"},"canonical":"https:\/\/experienciadevida.com.ar\/portalurbano\/amplian-precios-cuidados-para-que-llegue-a-los-autoservicios\/","og_locale":"es_ES","og_type":"article","og_title":"Ampl\u00edan \"Precios Cuidados\" para que llegue a los autoservicios -","og_description":"En medio de la crisis, el Gobierno tom\u00f3 la decisi\u00f3n de reforzar el programa de...","og_url":"https:\/\/experienciadevida.com.ar\/portalurbano\/amplian-precios-cuidados-para-que-llegue-a-los-autoservicios\/","article_publisher":"https:\/\/www.facebook.com\/Portal-Urbano-171542830093757\/","article_published_time":"2019-03-08T02:54:51+00:00","og_image":[{"width":700,"height":393,"url":"https:\/\/experienciadevida.com.ar\/portalurbano\/wp-content\/uploads\/2019\/03\/precios-cuidados.jpg","type":"image\/jpeg"}],"author":"admpu17wp","twitter_card":"summary_large_image","twitter_creator":"@portalurbanook","twitter_site":"@portalurbanook","twitter_misc":{"Escrito por":"admpu17wp","Tiempo de lectura":"2 minutos"},"schema":{"@context":"https:\/\/schema.org","@graph":[{"@type":"Article","@id":"https:\/\/experienciadevida.com.ar\/portalurbano\/amplian-precios-cuidados-para-que-llegue-a-los-autoservicios\/#article","isPartOf":{"@id":"https:\/\/experienciadevida.com.ar\/portalurbano\/amplian-precios-cuidados-para-que-llegue-a-los-autoservicios\/"},"author":{"name":"admpu17wp","@id":"https:\/\/experienciadevida.com.ar\/portalurbano\/#\/schema\/person\/02dd326b1c4b056e9cc972486934a3a7"},"headline":"Ampl\u00edan &#8220;Precios Cuidados&#8221; para que llegue a los autoservicios","datePublished":"2019-03-08T02:54:51+00:00","dateModified":"2019-03-08T02:54:51+00:00","mainEntityOfPage":{"@id":"https:\/\/experienciadevida.com.ar\/portalurbano\/amplian-precios-cuidados-para-que-llegue-a-los-autoservicios\/"},"wordCount":395,"commentCount":0,"publisher":{"@id":"https:\/\/experienciadevida.com.ar\/portalurbano\/#organization"},"articleSection":["Naci\u00f3n"],"inLanguage":"es","potentialAction":[{"@type":"CommentAction","name":"Comment","target":["https:\/\/experienciadevida.com.ar\/portalurbano\/amplian-precios-cuidados-para-que-llegue-a-los-autoservicios\/#respond"]}]},{"@type":"WebPage","@id":"https:\/\/experienciadevida.com.ar\/portalurbano\/amplian-precios-cuidados-para-que-llegue-a-los-autoservicios\/","url":"https:\/\/experienciadevida.com.ar\/portalurbano\/amplian-precios-cuidados-para-que-llegue-a-los-autoservicios\/","name":"Ampl\u00edan \"Precios Cuidados\" para que llegue a los autoservicios -","isPartOf":{"@id":"https:\/\/experienciadevida.com.ar\/portalurbano\/#website"},"datePublished":"2019-03-08T02:54:51+00:00","dateModified":"2019-03-08T02:54:51+00:00","breadcrumb":{"@id":"https:\/\/experienciadevida.com.ar\/portalurbano\/amplian-precios-cuidados-para-que-llegue-a-los-autoservicios\/#breadcrumb"},"inLanguage":"es","potentialAction":[{"@type":"ReadAction","target":["https:\/\/experienciadevida.com.ar\/portalurbano\/amplian-precios-cuidados-para-que-llegue-a-los-autoservicios\/"]}]},{"@type":"BreadcrumbList","@id":"https:\/\/experienciadevida.com.ar\/portalurbano\/amplian-precios-cuidados-para-que-llegue-a-los-autoservicios\/#breadcrumb","itemListElement":[{"@type":"ListItem","position":1,"name":"Portada","item":"https:\/\/experienciadevida.com.ar\/portalurbano\/"},{"@type":"ListItem","position":2,"name":"Ampl\u00edan \u00abPrecios Cuidados\u00bb para que llegue a los autoservicios"}]},{"@type":"WebSite","@id":"https:\/\/experienciadevida.com.ar\/portalurbano\/#website","url":"https:\/\/experienciadevida.com.ar\/portalurbano\/","name":"","description":"","publisher":{"@id":"https:\/\/experienciadevida.com.ar\/portalurbano\/#organization"},"potentialAction":[{"@type":"SearchAction","target":{"@type":"EntryPoint","urlTemplate":"https:\/\/experienciadevida.com.ar\/portalurbano\/?s={search_term_string}"},"query-input":"required name=search_term_string"}],"inLanguage":"es"},{"@type":"Organization","@id":"https:\/\/experienciadevida.com.ar\/portalurbano\/#organization","name":"Portal Urbano","url":"https:\/\/experienciadevida.com.ar\/portalurbano\/","logo":{"@type":"ImageObject","inLanguage":"es","@id":"https:\/\/experienciadevida.com.ar\/portalurbano\/#\/schema\/logo\/image\/","url":"https:\/\/experienciadevida.com.ar\/portalurbano\/wp-content\/uploads\/2019\/09\/Logo-Original.png","contentUrl":"https:\/\/experienciadevida.com.ar\/portalurbano\/wp-content\/uploads\/2019\/09\/Logo-Original.png","width":2236,"height":1216,"caption":"Portal Urbano"},"image":{"@id":"https:\/\/experienciadevida.com.ar\/portalurbano\/#\/schema\/logo\/image\/"},"sameAs":["https:\/\/www.facebook.com\/Portal-Urbano-171542830093757\/","https:\/\/twitter.com\/portalurbanook","https:\/\/www.instagram.com\/_portalurbano\/","https:\/\/www.youtube.com\/channel\/UCXhagIfszH8KxFiOok79zbA?view_as=subscriber"]},{"@type":"Person","@id":"https:\/\/experienciadevida.com.ar\/portalurbano\/#\/schema\/person\/02dd326b1c4b056e9cc972486934a3a7","name":"admpu17wp","image":{"@type":"ImageObject","inLanguage":"es","@id":"https:\/\/experienciadevida.com.ar\/portalurbano\/#\/schema\/person\/image\/","url":"https:\/\/secure.gravatar.com\/avatar\/830d4c57adaae6630765e449a6908047?s=96&d=mm&r=g","contentUrl":"https:\/\/secure.gravatar.com\/avatar\/830d4c57adaae6630765e449a6908047?s=96&d=mm&r=g","caption":"admpu17wp"}}]}},"featured_image_urls":{"full":"","thumbnail":"","medium":"","medium_large":"","large":"","ug_big":"","1536x1536":"","2048x2048":"","newsever-slider-full":"","newsever-featured":"","newsever-medium":"","web-stories-poster-portrait":"","web-stories-publisher-logo":"","web-stories-thumbnail":""},"author_info":{"display_name":"admpu17wp","author_link":"https:\/\/experienciadevida.com.ar\/portalurbano\/author\/admpu17wp\/"},"category_info":"<a href=\"https:\/\/experienciadevida.com.ar\/portalurbano\/category\/nacion\/\" rel=\"category tag\">Naci\u00f3n<\/a>","tag_info":"Naci\u00f3n","comment_count":"0","amp_enabled":true,"_links":{"self":[{"href":"https:\/\/experienciadevida.com.ar\/portalurbano\/wp-json\/wp\/v2\/posts\/59631"}],"collection":[{"href":"https:\/\/experienciadevida.com.ar\/portalurbano\/wp-json\/wp\/v2\/posts"}],"about":[{"href":"https:\/\/experienciadevida.com.ar\/portalurbano\/wp-json\/wp\/v2\/types\/post"}],"author":[{"embeddable":true,"href":"https:\/\/experienciadevida.com.ar\/portalurbano\/wp-json\/wp\/v2\/users\/1"}],"replies":[{"embeddable":true,"href":"https:\/\/experienciadevida.com.ar\/portalurbano\/wp-json\/wp\/v2\/comments?post=59631"}],"version-history":[{"count":1,"href":"https:\/\/experienciadevida.com.ar\/portalurbano\/wp-json\/wp\/v2\/posts\/59631\/revisions"}],"predecessor-version":[{"id":59633,"href":"https:\/\/experienciadevida.com.ar\/portalurbano\/wp-json\/wp\/v2\/posts\/59631\/revisions\/59633"}],"wp:attachment":[{"href":"https:\/\/experienciadevida.com.ar\/portalurbano\/wp-json\/wp\/v2\/media?parent=59631"}],"wp:term":[{"taxonomy":"category","embeddable":true,"href":"https:\/\/experienciadevida.com.ar\/portalurbano\/wp-json\/wp\/v2\/categories?post=59631"},{"taxonomy":"post_tag","embeddable":true,"href":"https:\/\/experienciadevida.com.ar\/portalurbano\/wp-json\/wp\/v2\/tags?post=59631"}],"curies":[{"name":"wp","href":"https:\/\/api.w.org\/{rel}","templated":true}]}}