{"id":59192,"date":"2019-03-02T14:30:40","date_gmt":"2019-03-02T17:30:40","guid":{"rendered":"https:\/\/experienciadevida.com.ar\/portalurbano\/?p=59192"},"modified":"2019-03-02T14:30:40","modified_gmt":"2019-03-02T17:30:40","slug":"basavilbaso-admitio-que-el-aumento-de-la-auh-se-decidio-porque-la-situacion-no-esta-nada-facil","status":"publish","type":"post","link":"https:\/\/experienciadevida.com.ar\/portalurbano\/basavilbaso-admitio-que-el-aumento-de-la-auh-se-decidio-porque-la-situacion-no-esta-nada-facil\/","title":{"rendered":"Basavilbaso admiti\u00f3 que el aumento de la AUH se decidi\u00f3 porque &#8220;la situaci\u00f3n no est\u00e1 nada f\u00e1cil&#8221;"},"content":{"rendered":"<p><strong>El director ejecutivo de ANSeS lo reconoci\u00f3 este s\u00e1bado. &#8220;Si mantenemos esta pol\u00edtica, los ni\u00f1os del futuro van a estar mucho mejor&#8221;, consider\u00f3.<\/strong><\/p>\n<p><strong>Emilio Basavilbaso<\/strong>, director ejecutivo de\u00a0<strong>ANSeS<\/strong>, admiti\u00f3 este s\u00e1bado que el Gobierno decidi\u00f3 aplicar un\u00a0<strong>aumento del 46% en la Asignaci\u00f3n Universal por Hijo (AUH)<\/strong>\u00a0en marzo porque ve que &#8220;la situaci\u00f3n no est\u00e1 nada f\u00e1cil&#8221;, mientras consider\u00f3 que ese incremento servir\u00e1 para &#8220;poner m\u00e1s plata en la calle&#8221;.<\/p>\n<p>La suba fue anunciada el viernes por Mauricio Macri durante el discurso de\u00a0apertura de las sesiones ordinarias\u00a0frente a la Asamblea Legislativa. Se trata de una actualizaci\u00f3n de 46% que se aplicar\u00e1 a partir de marzo, lo cual significa que en un mes se cobrar\u00e1 el incremento del a\u00f1o.<\/p>\n<p>&#8220;Es una fuerza adicional de 15 mil millones de pesos que estamos inyectando&#8221;, se\u00f1al\u00f3 Basavilbaso, mientras asegur\u00f3 que &#8220;viene bien para poner m\u00e1s plata en la calle&#8221;.<\/p>\n<p>En ese sentido, admiti\u00f3: &#8220;Vemos que la situaci\u00f3n no est\u00e1 nada f\u00e1cil y esto fue lo que motiv\u00f3 el anuncio de poner m\u00e1s dinero en la calle&#8221;.<\/p>\n<p>Seg\u00fan subray\u00f3, la intenci\u00f3n de la administraci\u00f3n de Cambiemos es &#8220;acompa\u00f1ar a las familias que peor la est\u00e1n pasando&#8221;.<\/p>\n<p><strong>&#8220;Si mantenemos esta pol\u00edtica, los ni\u00f1os del futuro van a estar mucho mejor&#8221;<\/strong>, evalu\u00f3 el funcionario en di\u00e1logo con Radio Mitre.<\/p>\n<p>Precis\u00f3 que las asignaciones estaban &#8220;en un nivel de 1.800 pesos por hijo y por mes, mientras que con el aumento esa cifra ser\u00e1 de 2.652 pesos&#8221;.<\/p>\n<p>Destac\u00f3 que unos &#8220;cuatro millones de ni\u00f1os en promedio&#8221; son los que reciben la AUH, mientras estim\u00f3 que &#8220;cada familia tiene dos hijos&#8221;.<\/p>\n<p>Adem\u00e1s, record\u00f3 que cada hogar debe &#8220;presentar todos los a\u00f1os&#8221; la documentaci\u00f3n que garantice la asistencia a la escuela, al tiempo que resalt\u00f3: &#8220;El a\u00f1o pasado fue el que m\u00e1s libretas se presentaron&#8221;.<\/p>\n<p>Basavilbaso tambi\u00e9n se refiri\u00f3 a las jubilaciones y analiz\u00f3 que los incrementos promover\u00e1n el consumo. &#8220;Para jubilados entra en vigencia el aumento del 11,83%. Vamos a tener cuatro subas este a\u00f1o y esperamos que sea alrededor del 46 por ciento&#8221;, puntualiz\u00f3<\/p>\n","protected":false},"excerpt":{"rendered":"<p>El director ejecutivo de ANSeS lo reconoci\u00f3 este s\u00e1bado. &#8220;Si mantenemos esta pol\u00edtica, los ni\u00f1os&#8230;<\/p>\n","protected":false},"author":1,"featured_media":0,"comment_status":"open","ping_status":"open","sticky":false,"template":"","format":"standard","meta":{"content-type":""},"categories":[39],"tags":[],"nelio_content":{"isAutoShareEnabled":false,"autoShareEndMode":"default","automationSources":{"useContentSentences":true,"useSocialTemplates":true,"useCustomSentences":false,"customSentences":[]},"followers":[1],"suggestedReferences":[],"includedReferences":[],"efiUrl":"","efiAlt":"","highlights":[]},"yoast_head":"<!-- This site is optimized with the Yoast SEO plugin v20.7 - https:\/\/yoast.com\/wordpress\/plugins\/seo\/ -->\n<title>Basavilbaso admiti\u00f3 que el aumento de la AUH se decidi\u00f3 porque &quot;la situaci\u00f3n no est\u00e1 nada f\u00e1cil&quot; -<\/title>\n<meta name=\"robots\" content=\"index, follow, max-snippet:-1, max-image-preview:large, max-video-preview:-1\" \/>\n<link rel=\"canonical\" href=\"https:\/\/experienciadevida.com.ar\/portalurbano\/basavilbaso-admitio-que-el-aumento-de-la-auh-se-decidio-porque-la-situacion-no-esta-nada-facil\/\" \/>\n<meta property=\"og:locale\" content=\"es_ES\" \/>\n<meta property=\"og:type\" content=\"article\" \/>\n<meta property=\"og:title\" content=\"Basavilbaso admiti\u00f3 que el aumento de la AUH se decidi\u00f3 porque &quot;la situaci\u00f3n no est\u00e1 nada f\u00e1cil&quot; -\" \/>\n<meta property=\"og:description\" content=\"El director ejecutivo de ANSeS lo reconoci\u00f3 este s\u00e1bado. &#8220;Si mantenemos esta pol\u00edtica, los ni\u00f1os...\" \/>\n<meta property=\"og:url\" content=\"https:\/\/experienciadevida.com.ar\/portalurbano\/basavilbaso-admitio-que-el-aumento-de-la-auh-se-decidio-porque-la-situacion-no-esta-nada-facil\/\" \/>\n<meta property=\"article:publisher\" content=\"https:\/\/www.facebook.com\/Portal-Urbano-171542830093757\/\" \/>\n<meta property=\"article:published_time\" content=\"2019-03-02T17:30:40+00:00\" \/>\n<meta property=\"og:image\" content=\"https:\/\/experienciadevida.com.ar\/portalurbano\/wp-content\/uploads\/2019\/03\/0005607996-e1551547693860.jpg\" \/>\n\t<meta property=\"og:image:width\" content=\"750\" \/>\n\t<meta property=\"og:image:height\" content=\"514\" \/>\n\t<meta property=\"og:image:type\" content=\"image\/jpeg\" \/>\n<meta name=\"author\" content=\"admpu17wp\" \/>\n<meta name=\"twitter:card\" content=\"summary_large_image\" \/>\n<meta name=\"twitter:creator\" content=\"@portalurbanook\" \/>\n<meta name=\"twitter:site\" content=\"@portalurbanook\" \/>\n<meta name=\"twitter:label1\" content=\"Escrito por\" \/>\n\t<meta name=\"twitter:data1\" content=\"admpu17wp\" \/>\n\t<meta name=\"twitter:label2\" content=\"Tiempo de lectura\" \/>\n\t<meta name=\"twitter:data2\" content=\"2 minutos\" \/>\n<script type=\"application\/ld+json\" class=\"yoast-schema-graph\">{\"@context\":\"https:\/\/schema.org\",\"@graph\":[{\"@type\":\"Article\",\"@id\":\"https:\/\/experienciadevida.com.ar\/portalurbano\/basavilbaso-admitio-que-el-aumento-de-la-auh-se-decidio-porque-la-situacion-no-esta-nada-facil\/#article\",\"isPartOf\":{\"@id\":\"https:\/\/experienciadevida.com.ar\/portalurbano\/basavilbaso-admitio-que-el-aumento-de-la-auh-se-decidio-porque-la-situacion-no-esta-nada-facil\/\"},\"author\":{\"name\":\"admpu17wp\",\"@id\":\"https:\/\/experienciadevida.com.ar\/portalurbano\/#\/schema\/person\/02dd326b1c4b056e9cc972486934a3a7\"},\"headline\":\"Basavilbaso admiti\u00f3 que el aumento de la AUH se decidi\u00f3 porque &#8220;la situaci\u00f3n no est\u00e1 nada f\u00e1cil&#8221;\",\"datePublished\":\"2019-03-02T17:30:40+00:00\",\"dateModified\":\"2019-03-02T17:30:40+00:00\",\"mainEntityOfPage\":{\"@id\":\"https:\/\/experienciadevida.com.ar\/portalurbano\/basavilbaso-admitio-que-el-aumento-de-la-auh-se-decidio-porque-la-situacion-no-esta-nada-facil\/\"},\"wordCount\":384,\"commentCount\":0,\"publisher\":{\"@id\":\"https:\/\/experienciadevida.com.ar\/portalurbano\/#organization\"},\"articleSection\":[\"Naci\u00f3n\"],\"inLanguage\":\"es\",\"potentialAction\":[{\"@type\":\"CommentAction\",\"name\":\"Comment\",\"target\":[\"https:\/\/experienciadevida.com.ar\/portalurbano\/basavilbaso-admitio-que-el-aumento-de-la-auh-se-decidio-porque-la-situacion-no-esta-nada-facil\/#respond\"]}]},{\"@type\":\"WebPage\",\"@id\":\"https:\/\/experienciadevida.com.ar\/portalurbano\/basavilbaso-admitio-que-el-aumento-de-la-auh-se-decidio-porque-la-situacion-no-esta-nada-facil\/\",\"url\":\"https:\/\/experienciadevida.com.ar\/portalurbano\/basavilbaso-admitio-que-el-aumento-de-la-auh-se-decidio-porque-la-situacion-no-esta-nada-facil\/\",\"name\":\"Basavilbaso admiti\u00f3 que el aumento de la AUH se decidi\u00f3 porque \\\"la situaci\u00f3n no est\u00e1 nada f\u00e1cil\\\" -\",\"isPartOf\":{\"@id\":\"https:\/\/experienciadevida.com.ar\/portalurbano\/#website\"},\"datePublished\":\"2019-03-02T17:30:40+00:00\",\"dateModified\":\"2019-03-02T17:30:40+00:00\",\"breadcrumb\":{\"@id\":\"https:\/\/experienciadevida.com.ar\/portalurbano\/basavilbaso-admitio-que-el-aumento-de-la-auh-se-decidio-porque-la-situacion-no-esta-nada-facil\/#breadcrumb\"},\"inLanguage\":\"es\",\"potentialAction\":[{\"@type\":\"ReadAction\",\"target\":[\"https:\/\/experienciadevida.com.ar\/portalurbano\/basavilbaso-admitio-que-el-aumento-de-la-auh-se-decidio-porque-la-situacion-no-esta-nada-facil\/\"]}]},{\"@type\":\"BreadcrumbList\",\"@id\":\"https:\/\/experienciadevida.com.ar\/portalurbano\/basavilbaso-admitio-que-el-aumento-de-la-auh-se-decidio-porque-la-situacion-no-esta-nada-facil\/#breadcrumb\",\"itemListElement\":[{\"@type\":\"ListItem\",\"position\":1,\"name\":\"Portada\",\"item\":\"https:\/\/experienciadevida.com.ar\/portalurbano\/\"},{\"@type\":\"ListItem\",\"position\":2,\"name\":\"Basavilbaso admiti\u00f3 que el aumento de la AUH se decidi\u00f3 porque \u00abla situaci\u00f3n no est\u00e1 nada f\u00e1cil\u00bb\"}]},{\"@type\":\"WebSite\",\"@id\":\"https:\/\/experienciadevida.com.ar\/portalurbano\/#website\",\"url\":\"https:\/\/experienciadevida.com.ar\/portalurbano\/\",\"name\":\"\",\"description\":\"\",\"publisher\":{\"@id\":\"https:\/\/experienciadevida.com.ar\/portalurbano\/#organization\"},\"potentialAction\":[{\"@type\":\"SearchAction\",\"target\":{\"@type\":\"EntryPoint\",\"urlTemplate\":\"https:\/\/experienciadevida.com.ar\/portalurbano\/?s={search_term_string}\"},\"query-input\":\"required name=search_term_string\"}],\"inLanguage\":\"es\"},{\"@type\":\"Organization\",\"@id\":\"https:\/\/experienciadevida.com.ar\/portalurbano\/#organization\",\"name\":\"Portal Urbano\",\"url\":\"https:\/\/experienciadevida.com.ar\/portalurbano\/\",\"logo\":{\"@type\":\"ImageObject\",\"inLanguage\":\"es\",\"@id\":\"https:\/\/experienciadevida.com.ar\/portalurbano\/#\/schema\/logo\/image\/\",\"url\":\"https:\/\/experienciadevida.com.ar\/portalurbano\/wp-content\/uploads\/2019\/09\/Logo-Original.png\",\"contentUrl\":\"https:\/\/experienciadevida.com.ar\/portalurbano\/wp-content\/uploads\/2019\/09\/Logo-Original.png\",\"width\":2236,\"height\":1216,\"caption\":\"Portal Urbano\"},\"image\":{\"@id\":\"https:\/\/experienciadevida.com.ar\/portalurbano\/#\/schema\/logo\/image\/\"},\"sameAs\":[\"https:\/\/www.facebook.com\/Portal-Urbano-171542830093757\/\",\"https:\/\/twitter.com\/portalurbanook\",\"https:\/\/www.instagram.com\/_portalurbano\/\",\"https:\/\/www.youtube.com\/channel\/UCXhagIfszH8KxFiOok79zbA?view_as=subscriber\"]},{\"@type\":\"Person\",\"@id\":\"https:\/\/experienciadevida.com.ar\/portalurbano\/#\/schema\/person\/02dd326b1c4b056e9cc972486934a3a7\",\"name\":\"admpu17wp\",\"image\":{\"@type\":\"ImageObject\",\"inLanguage\":\"es\",\"@id\":\"https:\/\/experienciadevida.com.ar\/portalurbano\/#\/schema\/person\/image\/\",\"url\":\"https:\/\/secure.gravatar.com\/avatar\/830d4c57adaae6630765e449a6908047?s=96&d=mm&r=g\",\"contentUrl\":\"https:\/\/secure.gravatar.com\/avatar\/830d4c57adaae6630765e449a6908047?s=96&d=mm&r=g\",\"caption\":\"admpu17wp\"}}]}<\/script>\n<!-- \/ Yoast SEO plugin. -->","yoast_head_json":{"title":"Basavilbaso admiti\u00f3 que el aumento de la AUH se decidi\u00f3 porque \"la situaci\u00f3n no est\u00e1 nada f\u00e1cil\" -","robots":{"index":"index","follow":"follow","max-snippet":"max-snippet:-1","max-image-preview":"max-image-preview:large","max-video-preview":"max-video-preview:-1"},"canonical":"https:\/\/experienciadevida.com.ar\/portalurbano\/basavilbaso-admitio-que-el-aumento-de-la-auh-se-decidio-porque-la-situacion-no-esta-nada-facil\/","og_locale":"es_ES","og_type":"article","og_title":"Basavilbaso admiti\u00f3 que el aumento de la AUH se decidi\u00f3 porque \"la situaci\u00f3n no est\u00e1 nada f\u00e1cil\" -","og_description":"El director ejecutivo de ANSeS lo reconoci\u00f3 este s\u00e1bado. &#8220;Si mantenemos esta pol\u00edtica, los ni\u00f1os...","og_url":"https:\/\/experienciadevida.com.ar\/portalurbano\/basavilbaso-admitio-que-el-aumento-de-la-auh-se-decidio-porque-la-situacion-no-esta-nada-facil\/","article_publisher":"https:\/\/www.facebook.com\/Portal-Urbano-171542830093757\/","article_published_time":"2019-03-02T17:30:40+00:00","og_image":[{"width":750,"height":514,"url":"https:\/\/experienciadevida.com.ar\/portalurbano\/wp-content\/uploads\/2019\/03\/0005607996-e1551547693860.jpg","type":"image\/jpeg"}],"author":"admpu17wp","twitter_card":"summary_large_image","twitter_creator":"@portalurbanook","twitter_site":"@portalurbanook","twitter_misc":{"Escrito por":"admpu17wp","Tiempo de lectura":"2 minutos"},"schema":{"@context":"https:\/\/schema.org","@graph":[{"@type":"Article","@id":"https:\/\/experienciadevida.com.ar\/portalurbano\/basavilbaso-admitio-que-el-aumento-de-la-auh-se-decidio-porque-la-situacion-no-esta-nada-facil\/#article","isPartOf":{"@id":"https:\/\/experienciadevida.com.ar\/portalurbano\/basavilbaso-admitio-que-el-aumento-de-la-auh-se-decidio-porque-la-situacion-no-esta-nada-facil\/"},"author":{"name":"admpu17wp","@id":"https:\/\/experienciadevida.com.ar\/portalurbano\/#\/schema\/person\/02dd326b1c4b056e9cc972486934a3a7"},"headline":"Basavilbaso admiti\u00f3 que el aumento de la AUH se decidi\u00f3 porque &#8220;la situaci\u00f3n no est\u00e1 nada f\u00e1cil&#8221;","datePublished":"2019-03-02T17:30:40+00:00","dateModified":"2019-03-02T17:30:40+00:00","mainEntityOfPage":{"@id":"https:\/\/experienciadevida.com.ar\/portalurbano\/basavilbaso-admitio-que-el-aumento-de-la-auh-se-decidio-porque-la-situacion-no-esta-nada-facil\/"},"wordCount":384,"commentCount":0,"publisher":{"@id":"https:\/\/experienciadevida.com.ar\/portalurbano\/#organization"},"articleSection":["Naci\u00f3n"],"inLanguage":"es","potentialAction":[{"@type":"CommentAction","name":"Comment","target":["https:\/\/experienciadevida.com.ar\/portalurbano\/basavilbaso-admitio-que-el-aumento-de-la-auh-se-decidio-porque-la-situacion-no-esta-nada-facil\/#respond"]}]},{"@type":"WebPage","@id":"https:\/\/experienciadevida.com.ar\/portalurbano\/basavilbaso-admitio-que-el-aumento-de-la-auh-se-decidio-porque-la-situacion-no-esta-nada-facil\/","url":"https:\/\/experienciadevida.com.ar\/portalurbano\/basavilbaso-admitio-que-el-aumento-de-la-auh-se-decidio-porque-la-situacion-no-esta-nada-facil\/","name":"Basavilbaso admiti\u00f3 que el aumento de la AUH se decidi\u00f3 porque \"la situaci\u00f3n no est\u00e1 nada f\u00e1cil\" -","isPartOf":{"@id":"https:\/\/experienciadevida.com.ar\/portalurbano\/#website"},"datePublished":"2019-03-02T17:30:40+00:00","dateModified":"2019-03-02T17:30:40+00:00","breadcrumb":{"@id":"https:\/\/experienciadevida.com.ar\/portalurbano\/basavilbaso-admitio-que-el-aumento-de-la-auh-se-decidio-porque-la-situacion-no-esta-nada-facil\/#breadcrumb"},"inLanguage":"es","potentialAction":[{"@type":"ReadAction","target":["https:\/\/experienciadevida.com.ar\/portalurbano\/basavilbaso-admitio-que-el-aumento-de-la-auh-se-decidio-porque-la-situacion-no-esta-nada-facil\/"]}]},{"@type":"BreadcrumbList","@id":"https:\/\/experienciadevida.com.ar\/portalurbano\/basavilbaso-admitio-que-el-aumento-de-la-auh-se-decidio-porque-la-situacion-no-esta-nada-facil\/#breadcrumb","itemListElement":[{"@type":"ListItem","position":1,"name":"Portada","item":"https:\/\/experienciadevida.com.ar\/portalurbano\/"},{"@type":"ListItem","position":2,"name":"Basavilbaso admiti\u00f3 que el aumento de la AUH se decidi\u00f3 porque \u00abla situaci\u00f3n no est\u00e1 nada f\u00e1cil\u00bb"}]},{"@type":"WebSite","@id":"https:\/\/experienciadevida.com.ar\/portalurbano\/#website","url":"https:\/\/experienciadevida.com.ar\/portalurbano\/","name":"","description":"","publisher":{"@id":"https:\/\/experienciadevida.com.ar\/portalurbano\/#organization"},"potentialAction":[{"@type":"SearchAction","target":{"@type":"EntryPoint","urlTemplate":"https:\/\/experienciadevida.com.ar\/portalurbano\/?s={search_term_string}"},"query-input":"required name=search_term_string"}],"inLanguage":"es"},{"@type":"Organization","@id":"https:\/\/experienciadevida.com.ar\/portalurbano\/#organization","name":"Portal Urbano","url":"https:\/\/experienciadevida.com.ar\/portalurbano\/","logo":{"@type":"ImageObject","inLanguage":"es","@id":"https:\/\/experienciadevida.com.ar\/portalurbano\/#\/schema\/logo\/image\/","url":"https:\/\/experienciadevida.com.ar\/portalurbano\/wp-content\/uploads\/2019\/09\/Logo-Original.png","contentUrl":"https:\/\/experienciadevida.com.ar\/portalurbano\/wp-content\/uploads\/2019\/09\/Logo-Original.png","width":2236,"height":1216,"caption":"Portal Urbano"},"image":{"@id":"https:\/\/experienciadevida.com.ar\/portalurbano\/#\/schema\/logo\/image\/"},"sameAs":["https:\/\/www.facebook.com\/Portal-Urbano-171542830093757\/","https:\/\/twitter.com\/portalurbanook","https:\/\/www.instagram.com\/_portalurbano\/","https:\/\/www.youtube.com\/channel\/UCXhagIfszH8KxFiOok79zbA?view_as=subscriber"]},{"@type":"Person","@id":"https:\/\/experienciadevida.com.ar\/portalurbano\/#\/schema\/person\/02dd326b1c4b056e9cc972486934a3a7","name":"admpu17wp","image":{"@type":"ImageObject","inLanguage":"es","@id":"https:\/\/experienciadevida.com.ar\/portalurbano\/#\/schema\/person\/image\/","url":"https:\/\/secure.gravatar.com\/avatar\/830d4c57adaae6630765e449a6908047?s=96&d=mm&r=g","contentUrl":"https:\/\/secure.gravatar.com\/avatar\/830d4c57adaae6630765e449a6908047?s=96&d=mm&r=g","caption":"admpu17wp"}}]}},"featured_image_urls":{"full":"","thumbnail":"","medium":"","medium_large":"","large":"","ug_big":"","1536x1536":"","2048x2048":"","newsever-slider-full":"","newsever-featured":"","newsever-medium":"","web-stories-poster-portrait":"","web-stories-publisher-logo":"","web-stories-thumbnail":""},"author_info":{"display_name":"admpu17wp","author_link":"https:\/\/experienciadevida.com.ar\/portalurbano\/author\/admpu17wp\/"},"category_info":"<a href=\"https:\/\/experienciadevida.com.ar\/portalurbano\/category\/nacion\/\" rel=\"category tag\">Naci\u00f3n<\/a>","tag_info":"Naci\u00f3n","comment_count":"0","amp_enabled":true,"_links":{"self":[{"href":"https:\/\/experienciadevida.com.ar\/portalurbano\/wp-json\/wp\/v2\/posts\/59192"}],"collection":[{"href":"https:\/\/experienciadevida.com.ar\/portalurbano\/wp-json\/wp\/v2\/posts"}],"about":[{"href":"https:\/\/experienciadevida.com.ar\/portalurbano\/wp-json\/wp\/v2\/types\/post"}],"author":[{"embeddable":true,"href":"https:\/\/experienciadevida.com.ar\/portalurbano\/wp-json\/wp\/v2\/users\/1"}],"replies":[{"embeddable":true,"href":"https:\/\/experienciadevida.com.ar\/portalurbano\/wp-json\/wp\/v2\/comments?post=59192"}],"version-history":[{"count":3,"href":"https:\/\/experienciadevida.com.ar\/portalurbano\/wp-json\/wp\/v2\/posts\/59192\/revisions"}],"predecessor-version":[{"id":59197,"href":"https:\/\/experienciadevida.com.ar\/portalurbano\/wp-json\/wp\/v2\/posts\/59192\/revisions\/59197"}],"wp:attachment":[{"href":"https:\/\/experienciadevida.com.ar\/portalurbano\/wp-json\/wp\/v2\/media?parent=59192"}],"wp:term":[{"taxonomy":"category","embeddable":true,"href":"https:\/\/experienciadevida.com.ar\/portalurbano\/wp-json\/wp\/v2\/categories?post=59192"},{"taxonomy":"post_tag","embeddable":true,"href":"https:\/\/experienciadevida.com.ar\/portalurbano\/wp-json\/wp\/v2\/tags?post=59192"}],"curies":[{"name":"wp","href":"https:\/\/api.w.org\/{rel}","templated":true}]}}