{"id":59163,"date":"2019-03-02T11:37:30","date_gmt":"2019-03-02T14:37:30","guid":{"rendered":"https:\/\/experienciadevida.com.ar\/portalurbano\/?p=59163"},"modified":"2019-03-02T11:37:30","modified_gmt":"2019-03-02T14:37:30","slug":"el-aumento-a-12500-pesos-del-salario-minimo-vital-y-movil-se-adelanta-para-marzo","status":"publish","type":"post","link":"https:\/\/experienciadevida.com.ar\/portalurbano\/el-aumento-a-12500-pesos-del-salario-minimo-vital-y-movil-se-adelanta-para-marzo\/","title":{"rendered":"El aumento a 12500 pesos del salario m\u00ednimo, vital y m\u00f3vil  se  adelanta para Marzo"},"content":{"rendered":"<p>El gobierno nacional resolvi\u00f3 adelantar para marzo pr\u00f3ximo el aumento del salario m\u00ednimo, vital y m\u00f3vil estipulado para junio, que lleva el haber m\u00e1s bajo del escalaf\u00f3n a $12.500.<\/p>\n<p>Lo hizo a trav\u00e9s de la resoluci\u00f3n 1\/2019 del Ministerio de Producci\u00f3n publicada hoy en el Bolet\u00edn Oficial.<br \/>\nAll\u00ed se estableci\u00f3 que \u201ca partir del 1 de marzo de 2019\u201d se fija \u201cen $12.500 para todos los trabajadores mensualizados que cumplen la jornada legal completa de trabajo\u201d.<\/p>\n<p>\u201cTeniendo en cuenta la situaci\u00f3n econ\u00f3mica actual, resulta necesario adelantar a marzo, los valores establecidos para junio\u201d, precis\u00f3 la resoluci\u00f3n, que tambi\u00e9n fij\u00f3 en $62,50 la hora para los trabajadores jornalizados.<\/p>\n<p>Originalmente, el Consejo Nacional del Empleo, la Productividad y el Salario M\u00ednimo, Vital y M\u00f3vil, determin\u00f3 en agosto del a\u00f1o pasado que el haber m\u00e1s bajo pasaba a $10.700 el 1 de setiembre de 2018; a $11.300 el 1 de diciembre; a $11.900 el 1 de marzo de 2019; y a $12.500 el 1 de junio.<\/p>\n<p>Del mismo modo, la resoluci\u00f3n adelant\u00f3 para marzo los valores para los montos correspondientes entre el m\u00ednimo y m\u00e1ximo de la prestaci\u00f3n por desempleo previstos para junio, y los ubic\u00f3 en $2.907,53 y $4.652,06, respectivamente.<\/p>\n","protected":false},"excerpt":{"rendered":"<p>El gobierno nacional resolvi\u00f3 adelantar para marzo pr\u00f3ximo el aumento del salario m\u00ednimo, vital y&#8230;<\/p>\n","protected":false},"author":1,"featured_media":0,"comment_status":"open","ping_status":"open","sticky":false,"template":"","format":"standard","meta":{"content-type":""},"categories":[39],"tags":[],"nelio_content":{"isAutoShareEnabled":false,"autoShareEndMode":"default","automationSources":{"useContentSentences":true,"useSocialTemplates":true,"useCustomSentences":false,"customSentences":[]},"followers":[1],"suggestedReferences":[],"includedReferences":[],"efiUrl":"","efiAlt":"","highlights":[]},"yoast_head":"<!-- This site is optimized with the Yoast SEO plugin v20.7 - https:\/\/yoast.com\/wordpress\/plugins\/seo\/ -->\n<title>El aumento a 12500 pesos del salario m\u00ednimo, vital y m\u00f3vil se adelanta para Marzo -<\/title>\n<meta name=\"robots\" content=\"index, follow, max-snippet:-1, max-image-preview:large, max-video-preview:-1\" \/>\n<link rel=\"canonical\" href=\"https:\/\/experienciadevida.com.ar\/portalurbano\/el-aumento-a-12500-pesos-del-salario-minimo-vital-y-movil-se-adelanta-para-marzo\/\" \/>\n<meta property=\"og:locale\" content=\"es_ES\" \/>\n<meta property=\"og:type\" content=\"article\" \/>\n<meta property=\"og:title\" content=\"El aumento a 12500 pesos del salario m\u00ednimo, vital y m\u00f3vil se adelanta para Marzo -\" \/>\n<meta property=\"og:description\" content=\"El gobierno nacional resolvi\u00f3 adelantar para marzo pr\u00f3ximo el aumento del salario m\u00ednimo, vital y...\" \/>\n<meta property=\"og:url\" content=\"https:\/\/experienciadevida.com.ar\/portalurbano\/el-aumento-a-12500-pesos-del-salario-minimo-vital-y-movil-se-adelanta-para-marzo\/\" \/>\n<meta property=\"article:publisher\" content=\"https:\/\/www.facebook.com\/Portal-Urbano-171542830093757\/\" \/>\n<meta property=\"article:published_time\" content=\"2019-03-02T14:37:30+00:00\" \/>\n<meta property=\"og:image\" content=\"https:\/\/experienciadevida.com.ar\/portalurbano\/wp-content\/uploads\/2019\/03\/salarios.gif\" \/>\n\t<meta property=\"og:image:width\" content=\"640\" \/>\n\t<meta property=\"og:image:height\" content=\"359\" \/>\n\t<meta property=\"og:image:type\" content=\"image\/gif\" \/>\n<meta name=\"author\" content=\"admpu17wp\" \/>\n<meta name=\"twitter:card\" content=\"summary_large_image\" \/>\n<meta name=\"twitter:creator\" content=\"@portalurbanook\" \/>\n<meta name=\"twitter:site\" content=\"@portalurbanook\" \/>\n<meta name=\"twitter:label1\" content=\"Escrito por\" \/>\n\t<meta name=\"twitter:data1\" content=\"admpu17wp\" \/>\n\t<meta name=\"twitter:label2\" content=\"Tiempo de lectura\" \/>\n\t<meta name=\"twitter:data2\" content=\"1 minuto\" \/>\n<script type=\"application\/ld+json\" class=\"yoast-schema-graph\">{\"@context\":\"https:\/\/schema.org\",\"@graph\":[{\"@type\":\"Article\",\"@id\":\"https:\/\/experienciadevida.com.ar\/portalurbano\/el-aumento-a-12500-pesos-del-salario-minimo-vital-y-movil-se-adelanta-para-marzo\/#article\",\"isPartOf\":{\"@id\":\"https:\/\/experienciadevida.com.ar\/portalurbano\/el-aumento-a-12500-pesos-del-salario-minimo-vital-y-movil-se-adelanta-para-marzo\/\"},\"author\":{\"name\":\"admpu17wp\",\"@id\":\"https:\/\/experienciadevida.com.ar\/portalurbano\/#\/schema\/person\/02dd326b1c4b056e9cc972486934a3a7\"},\"headline\":\"El aumento a 12500 pesos del salario m\u00ednimo, vital y m\u00f3vil se adelanta para Marzo\",\"datePublished\":\"2019-03-02T14:37:30+00:00\",\"dateModified\":\"2019-03-02T14:37:30+00:00\",\"mainEntityOfPage\":{\"@id\":\"https:\/\/experienciadevida.com.ar\/portalurbano\/el-aumento-a-12500-pesos-del-salario-minimo-vital-y-movil-se-adelanta-para-marzo\/\"},\"wordCount\":217,\"commentCount\":0,\"publisher\":{\"@id\":\"https:\/\/experienciadevida.com.ar\/portalurbano\/#organization\"},\"articleSection\":[\"Naci\u00f3n\"],\"inLanguage\":\"es\",\"potentialAction\":[{\"@type\":\"CommentAction\",\"name\":\"Comment\",\"target\":[\"https:\/\/experienciadevida.com.ar\/portalurbano\/el-aumento-a-12500-pesos-del-salario-minimo-vital-y-movil-se-adelanta-para-marzo\/#respond\"]}]},{\"@type\":\"WebPage\",\"@id\":\"https:\/\/experienciadevida.com.ar\/portalurbano\/el-aumento-a-12500-pesos-del-salario-minimo-vital-y-movil-se-adelanta-para-marzo\/\",\"url\":\"https:\/\/experienciadevida.com.ar\/portalurbano\/el-aumento-a-12500-pesos-del-salario-minimo-vital-y-movil-se-adelanta-para-marzo\/\",\"name\":\"El aumento a 12500 pesos del salario m\u00ednimo, vital y m\u00f3vil se adelanta para Marzo -\",\"isPartOf\":{\"@id\":\"https:\/\/experienciadevida.com.ar\/portalurbano\/#website\"},\"datePublished\":\"2019-03-02T14:37:30+00:00\",\"dateModified\":\"2019-03-02T14:37:30+00:00\",\"breadcrumb\":{\"@id\":\"https:\/\/experienciadevida.com.ar\/portalurbano\/el-aumento-a-12500-pesos-del-salario-minimo-vital-y-movil-se-adelanta-para-marzo\/#breadcrumb\"},\"inLanguage\":\"es\",\"potentialAction\":[{\"@type\":\"ReadAction\",\"target\":[\"https:\/\/experienciadevida.com.ar\/portalurbano\/el-aumento-a-12500-pesos-del-salario-minimo-vital-y-movil-se-adelanta-para-marzo\/\"]}]},{\"@type\":\"BreadcrumbList\",\"@id\":\"https:\/\/experienciadevida.com.ar\/portalurbano\/el-aumento-a-12500-pesos-del-salario-minimo-vital-y-movil-se-adelanta-para-marzo\/#breadcrumb\",\"itemListElement\":[{\"@type\":\"ListItem\",\"position\":1,\"name\":\"Portada\",\"item\":\"https:\/\/experienciadevida.com.ar\/portalurbano\/\"},{\"@type\":\"ListItem\",\"position\":2,\"name\":\"El aumento a 12500 pesos del salario m\u00ednimo, vital y m\u00f3vil se adelanta para Marzo\"}]},{\"@type\":\"WebSite\",\"@id\":\"https:\/\/experienciadevida.com.ar\/portalurbano\/#website\",\"url\":\"https:\/\/experienciadevida.com.ar\/portalurbano\/\",\"name\":\"\",\"description\":\"\",\"publisher\":{\"@id\":\"https:\/\/experienciadevida.com.ar\/portalurbano\/#organization\"},\"potentialAction\":[{\"@type\":\"SearchAction\",\"target\":{\"@type\":\"EntryPoint\",\"urlTemplate\":\"https:\/\/experienciadevida.com.ar\/portalurbano\/?s={search_term_string}\"},\"query-input\":\"required name=search_term_string\"}],\"inLanguage\":\"es\"},{\"@type\":\"Organization\",\"@id\":\"https:\/\/experienciadevida.com.ar\/portalurbano\/#organization\",\"name\":\"Portal Urbano\",\"url\":\"https:\/\/experienciadevida.com.ar\/portalurbano\/\",\"logo\":{\"@type\":\"ImageObject\",\"inLanguage\":\"es\",\"@id\":\"https:\/\/experienciadevida.com.ar\/portalurbano\/#\/schema\/logo\/image\/\",\"url\":\"https:\/\/experienciadevida.com.ar\/portalurbano\/wp-content\/uploads\/2019\/09\/Logo-Original.png\",\"contentUrl\":\"https:\/\/experienciadevida.com.ar\/portalurbano\/wp-content\/uploads\/2019\/09\/Logo-Original.png\",\"width\":2236,\"height\":1216,\"caption\":\"Portal Urbano\"},\"image\":{\"@id\":\"https:\/\/experienciadevida.com.ar\/portalurbano\/#\/schema\/logo\/image\/\"},\"sameAs\":[\"https:\/\/www.facebook.com\/Portal-Urbano-171542830093757\/\",\"https:\/\/twitter.com\/portalurbanook\",\"https:\/\/www.instagram.com\/_portalurbano\/\",\"https:\/\/www.youtube.com\/channel\/UCXhagIfszH8KxFiOok79zbA?view_as=subscriber\"]},{\"@type\":\"Person\",\"@id\":\"https:\/\/experienciadevida.com.ar\/portalurbano\/#\/schema\/person\/02dd326b1c4b056e9cc972486934a3a7\",\"name\":\"admpu17wp\",\"image\":{\"@type\":\"ImageObject\",\"inLanguage\":\"es\",\"@id\":\"https:\/\/experienciadevida.com.ar\/portalurbano\/#\/schema\/person\/image\/\",\"url\":\"https:\/\/secure.gravatar.com\/avatar\/830d4c57adaae6630765e449a6908047?s=96&d=mm&r=g\",\"contentUrl\":\"https:\/\/secure.gravatar.com\/avatar\/830d4c57adaae6630765e449a6908047?s=96&d=mm&r=g\",\"caption\":\"admpu17wp\"}}]}<\/script>\n<!-- \/ Yoast SEO plugin. -->","yoast_head_json":{"title":"El aumento a 12500 pesos del salario m\u00ednimo, vital y m\u00f3vil se adelanta para Marzo -","robots":{"index":"index","follow":"follow","max-snippet":"max-snippet:-1","max-image-preview":"max-image-preview:large","max-video-preview":"max-video-preview:-1"},"canonical":"https:\/\/experienciadevida.com.ar\/portalurbano\/el-aumento-a-12500-pesos-del-salario-minimo-vital-y-movil-se-adelanta-para-marzo\/","og_locale":"es_ES","og_type":"article","og_title":"El aumento a 12500 pesos del salario m\u00ednimo, vital y m\u00f3vil se adelanta para Marzo -","og_description":"El gobierno nacional resolvi\u00f3 adelantar para marzo pr\u00f3ximo el aumento del salario m\u00ednimo, vital y...","og_url":"https:\/\/experienciadevida.com.ar\/portalurbano\/el-aumento-a-12500-pesos-del-salario-minimo-vital-y-movil-se-adelanta-para-marzo\/","article_publisher":"https:\/\/www.facebook.com\/Portal-Urbano-171542830093757\/","article_published_time":"2019-03-02T14:37:30+00:00","og_image":[{"width":640,"height":359,"url":"https:\/\/experienciadevida.com.ar\/portalurbano\/wp-content\/uploads\/2019\/03\/salarios.gif","type":"image\/gif"}],"author":"admpu17wp","twitter_card":"summary_large_image","twitter_creator":"@portalurbanook","twitter_site":"@portalurbanook","twitter_misc":{"Escrito por":"admpu17wp","Tiempo de lectura":"1 minuto"},"schema":{"@context":"https:\/\/schema.org","@graph":[{"@type":"Article","@id":"https:\/\/experienciadevida.com.ar\/portalurbano\/el-aumento-a-12500-pesos-del-salario-minimo-vital-y-movil-se-adelanta-para-marzo\/#article","isPartOf":{"@id":"https:\/\/experienciadevida.com.ar\/portalurbano\/el-aumento-a-12500-pesos-del-salario-minimo-vital-y-movil-se-adelanta-para-marzo\/"},"author":{"name":"admpu17wp","@id":"https:\/\/experienciadevida.com.ar\/portalurbano\/#\/schema\/person\/02dd326b1c4b056e9cc972486934a3a7"},"headline":"El aumento a 12500 pesos del salario m\u00ednimo, vital y m\u00f3vil se adelanta para Marzo","datePublished":"2019-03-02T14:37:30+00:00","dateModified":"2019-03-02T14:37:30+00:00","mainEntityOfPage":{"@id":"https:\/\/experienciadevida.com.ar\/portalurbano\/el-aumento-a-12500-pesos-del-salario-minimo-vital-y-movil-se-adelanta-para-marzo\/"},"wordCount":217,"commentCount":0,"publisher":{"@id":"https:\/\/experienciadevida.com.ar\/portalurbano\/#organization"},"articleSection":["Naci\u00f3n"],"inLanguage":"es","potentialAction":[{"@type":"CommentAction","name":"Comment","target":["https:\/\/experienciadevida.com.ar\/portalurbano\/el-aumento-a-12500-pesos-del-salario-minimo-vital-y-movil-se-adelanta-para-marzo\/#respond"]}]},{"@type":"WebPage","@id":"https:\/\/experienciadevida.com.ar\/portalurbano\/el-aumento-a-12500-pesos-del-salario-minimo-vital-y-movil-se-adelanta-para-marzo\/","url":"https:\/\/experienciadevida.com.ar\/portalurbano\/el-aumento-a-12500-pesos-del-salario-minimo-vital-y-movil-se-adelanta-para-marzo\/","name":"El aumento a 12500 pesos del salario m\u00ednimo, vital y m\u00f3vil se adelanta para Marzo -","isPartOf":{"@id":"https:\/\/experienciadevida.com.ar\/portalurbano\/#website"},"datePublished":"2019-03-02T14:37:30+00:00","dateModified":"2019-03-02T14:37:30+00:00","breadcrumb":{"@id":"https:\/\/experienciadevida.com.ar\/portalurbano\/el-aumento-a-12500-pesos-del-salario-minimo-vital-y-movil-se-adelanta-para-marzo\/#breadcrumb"},"inLanguage":"es","potentialAction":[{"@type":"ReadAction","target":["https:\/\/experienciadevida.com.ar\/portalurbano\/el-aumento-a-12500-pesos-del-salario-minimo-vital-y-movil-se-adelanta-para-marzo\/"]}]},{"@type":"BreadcrumbList","@id":"https:\/\/experienciadevida.com.ar\/portalurbano\/el-aumento-a-12500-pesos-del-salario-minimo-vital-y-movil-se-adelanta-para-marzo\/#breadcrumb","itemListElement":[{"@type":"ListItem","position":1,"name":"Portada","item":"https:\/\/experienciadevida.com.ar\/portalurbano\/"},{"@type":"ListItem","position":2,"name":"El aumento a 12500 pesos del salario m\u00ednimo, vital y m\u00f3vil se adelanta para Marzo"}]},{"@type":"WebSite","@id":"https:\/\/experienciadevida.com.ar\/portalurbano\/#website","url":"https:\/\/experienciadevida.com.ar\/portalurbano\/","name":"","description":"","publisher":{"@id":"https:\/\/experienciadevida.com.ar\/portalurbano\/#organization"},"potentialAction":[{"@type":"SearchAction","target":{"@type":"EntryPoint","urlTemplate":"https:\/\/experienciadevida.com.ar\/portalurbano\/?s={search_term_string}"},"query-input":"required name=search_term_string"}],"inLanguage":"es"},{"@type":"Organization","@id":"https:\/\/experienciadevida.com.ar\/portalurbano\/#organization","name":"Portal Urbano","url":"https:\/\/experienciadevida.com.ar\/portalurbano\/","logo":{"@type":"ImageObject","inLanguage":"es","@id":"https:\/\/experienciadevida.com.ar\/portalurbano\/#\/schema\/logo\/image\/","url":"https:\/\/experienciadevida.com.ar\/portalurbano\/wp-content\/uploads\/2019\/09\/Logo-Original.png","contentUrl":"https:\/\/experienciadevida.com.ar\/portalurbano\/wp-content\/uploads\/2019\/09\/Logo-Original.png","width":2236,"height":1216,"caption":"Portal Urbano"},"image":{"@id":"https:\/\/experienciadevida.com.ar\/portalurbano\/#\/schema\/logo\/image\/"},"sameAs":["https:\/\/www.facebook.com\/Portal-Urbano-171542830093757\/","https:\/\/twitter.com\/portalurbanook","https:\/\/www.instagram.com\/_portalurbano\/","https:\/\/www.youtube.com\/channel\/UCXhagIfszH8KxFiOok79zbA?view_as=subscriber"]},{"@type":"Person","@id":"https:\/\/experienciadevida.com.ar\/portalurbano\/#\/schema\/person\/02dd326b1c4b056e9cc972486934a3a7","name":"admpu17wp","image":{"@type":"ImageObject","inLanguage":"es","@id":"https:\/\/experienciadevida.com.ar\/portalurbano\/#\/schema\/person\/image\/","url":"https:\/\/secure.gravatar.com\/avatar\/830d4c57adaae6630765e449a6908047?s=96&d=mm&r=g","contentUrl":"https:\/\/secure.gravatar.com\/avatar\/830d4c57adaae6630765e449a6908047?s=96&d=mm&r=g","caption":"admpu17wp"}}]}},"featured_image_urls":{"full":"","thumbnail":"","medium":"","medium_large":"","large":"","ug_big":"","1536x1536":"","2048x2048":"","newsever-slider-full":"","newsever-featured":"","newsever-medium":"","web-stories-poster-portrait":"","web-stories-publisher-logo":"","web-stories-thumbnail":""},"author_info":{"display_name":"admpu17wp","author_link":"https:\/\/experienciadevida.com.ar\/portalurbano\/author\/admpu17wp\/"},"category_info":"<a href=\"https:\/\/experienciadevida.com.ar\/portalurbano\/category\/nacion\/\" rel=\"category tag\">Naci\u00f3n<\/a>","tag_info":"Naci\u00f3n","comment_count":"0","amp_enabled":true,"_links":{"self":[{"href":"https:\/\/experienciadevida.com.ar\/portalurbano\/wp-json\/wp\/v2\/posts\/59163"}],"collection":[{"href":"https:\/\/experienciadevida.com.ar\/portalurbano\/wp-json\/wp\/v2\/posts"}],"about":[{"href":"https:\/\/experienciadevida.com.ar\/portalurbano\/wp-json\/wp\/v2\/types\/post"}],"author":[{"embeddable":true,"href":"https:\/\/experienciadevida.com.ar\/portalurbano\/wp-json\/wp\/v2\/users\/1"}],"replies":[{"embeddable":true,"href":"https:\/\/experienciadevida.com.ar\/portalurbano\/wp-json\/wp\/v2\/comments?post=59163"}],"version-history":[{"count":2,"href":"https:\/\/experienciadevida.com.ar\/portalurbano\/wp-json\/wp\/v2\/posts\/59163\/revisions"}],"predecessor-version":[{"id":59166,"href":"https:\/\/experienciadevida.com.ar\/portalurbano\/wp-json\/wp\/v2\/posts\/59163\/revisions\/59166"}],"wp:attachment":[{"href":"https:\/\/experienciadevida.com.ar\/portalurbano\/wp-json\/wp\/v2\/media?parent=59163"}],"wp:term":[{"taxonomy":"category","embeddable":true,"href":"https:\/\/experienciadevida.com.ar\/portalurbano\/wp-json\/wp\/v2\/categories?post=59163"},{"taxonomy":"post_tag","embeddable":true,"href":"https:\/\/experienciadevida.com.ar\/portalurbano\/wp-json\/wp\/v2\/tags?post=59163"}],"curies":[{"name":"wp","href":"https:\/\/api.w.org\/{rel}","templated":true}]}}