{"id":58265,"date":"2019-02-21T21:40:15","date_gmt":"2019-02-22T00:40:15","guid":{"rendered":"https:\/\/experienciadevida.com.ar\/portalurbano\/?p=58265"},"modified":"2019-02-21T21:40:15","modified_gmt":"2019-02-22T00:40:15","slug":"anses-pensiones-por-discapacidad-como-gestionar-los-certificados-online","status":"publish","type":"post","link":"https:\/\/experienciadevida.com.ar\/portalurbano\/anses-pensiones-por-discapacidad-como-gestionar-los-certificados-online\/","title":{"rendered":"Anses : Pensiones por discapacidad: c\u00f3mo gestionar los certificados online"},"content":{"rendered":"<p><strong>Con la digitalizaci\u00f3n de los certificados buscan transparentar las pensiones a nivel nacional<\/strong><\/p>\n<p>La\u00a0<strong>Agencia Nacional de Discapacidad<\/strong>\u00a0estableci\u00f3 un nuevo sistema para &#8220;transparentar el proceso de gesti\u00f3n&#8221; de las\u00a0<strong>pensiones no contributivas para personas con discapacidad laboral.<\/strong>\u00a0De esta manera, el Gobierno aprovechar\u00e1 la implementaci\u00f3n para revisar los casos en los que los beneficiarios no cumplen con los requisitos.<\/p>\n<p>A partir de estos cambios,\u00a0<strong>el certificado m\u00e9dico deber\u00e1 ser digital,<\/strong>\u00a0lo que invalida por completo a aquellos que se realicen a mano y se presenten en formato papel.<\/p>\n<p>La titular de la Agencia,\u00a0<strong>Natalia Ruez<\/strong>, en declaraciones a\u00a0<em>Radio Libertad<\/em>, explic\u00f3 que\u00a0<strong>los beneficiarios de dichas pensiones est\u00e1n recibiendo por escrito una notificaci\u00f3n<\/strong>\u00a0que explica los cambios que se han puesto en pr\u00e1ctica. As\u00ed, los pacientes tendr\u00e1n oportunidad de visitar a su m\u00e9dico y realizar su certificado m\u00e9dico digital.<\/p>\n<p>Indic\u00f3 tambi\u00e9n que &#8220;<strong>deben hacerse directamente con su m\u00e9dico en el hospital p\u00fablico,<\/strong>\u00a0no puede ser de centros de salud privado&#8221;, y que los certificados m\u00e9dicos hechos a mano ya perdieron validez.<\/p>\n<p>Aquellos que reciban la notificaci\u00f3n,\u00a0<strong>tendr\u00e1n 60 d\u00edas para presentarse ante sus m\u00e9dicos,<\/strong> quien tiene que ser un profesional especialista seg\u00fan la discapacidad del solicitante.<\/p>\n<p>Para realizar la constancia,\u00a0<strong>el m\u00e9dico deber\u00e1 ingresar con su clave fiscal a la plataforma conocida como TAD (Tr\u00e1mites a Distancia). All\u00ed, el especialista firmar\u00e1 el Certificado M\u00e9dico Online (CMO) de manera digital,<\/strong>\u00a0el cual se adjuntar\u00e1 autom\u00e1ticamente al expediente del paciente con la firma del director del hospital o centro de salud.<\/p>\n<p>Para tramitar el beneficio por primera vez, el interesado debe llevar el DNI y el CUIL; en caso de ser menor de edad tambi\u00e9n deber\u00e1 llevar los de sus padres o tutores. Adem\u00e1s, se requiere la copia o transcripci\u00f3n del resumen de historia cl\u00ednica.<\/p>\n<p>La pensi\u00f3n no contributiva por invalidez es un beneficio otorgado por el Estado a aquellas personas que demuestran invalidez laboral y se encuentran en situaci\u00f3n de vulnerabilidad social. El tr\u00e1mite es gratuito y se realiza en los Centros de Atenci\u00f3n Local.<\/p>\n<p>Entre los<strong>\u00a0requisitos,<\/strong>\u00a0es clave que tanto la persona como su c\u00f3nyuge no perciban jubilaci\u00f3n, pensi\u00f3n, retiro o alg\u00fan tipo de prestaci\u00f3n no contributiva.<\/p>\n<p>Adem\u00e1s, es importante que el paciente pueda acreditar que la capacidad laboral representa una disminuci\u00f3n del 76% o m\u00e1s.<\/p>\n<p>Asimismo, la persona debe encontrarse fuera del r\u00e9gimen laboral de relaci\u00f3n de dependencia, es decir, si trabaja no debe encontrarse en una situaci\u00f3n de tales caracter\u00edsticas.<\/p>\n<p>Por otro lado, es necesario no tener bienes, ingresos o recursos que permitan la subsistencia propia o del grupo familiar.<\/p>\n<p>Adem\u00e1s, el organismo oficial tambi\u00e9n establece como requisito que la persona no tenga parientes obligados legalmente a proporcionarle alimentos o que, en caso de tenerlos, se encuentren imposibilitados de hacerlo por motivos externos.<\/p>\n","protected":false},"excerpt":{"rendered":"<p>Con la digitalizaci\u00f3n de los certificados buscan transparentar las pensiones a nivel nacional La\u00a0Agencia Nacional&#8230;<\/p>\n","protected":false},"author":1,"featured_media":0,"comment_status":"open","ping_status":"open","sticky":false,"template":"","format":"standard","meta":{"content-type":""},"categories":[39],"tags":[],"nelio_content":{"isAutoShareEnabled":false,"autoShareEndMode":"default","automationSources":{"useContentSentences":true,"useSocialTemplates":true,"useCustomSentences":false,"customSentences":[]},"followers":[1],"suggestedReferences":[],"includedReferences":[],"efiUrl":"","efiAlt":"","highlights":[]},"yoast_head":"<!-- This site is optimized with the Yoast SEO plugin v20.7 - https:\/\/yoast.com\/wordpress\/plugins\/seo\/ -->\n<title>Anses : Pensiones por discapacidad: c\u00f3mo gestionar los certificados online -<\/title>\n<meta name=\"robots\" content=\"index, follow, max-snippet:-1, max-image-preview:large, max-video-preview:-1\" \/>\n<link rel=\"canonical\" href=\"https:\/\/experienciadevida.com.ar\/portalurbano\/anses-pensiones-por-discapacidad-como-gestionar-los-certificados-online\/\" \/>\n<meta property=\"og:locale\" content=\"es_ES\" \/>\n<meta property=\"og:type\" content=\"article\" \/>\n<meta property=\"og:title\" content=\"Anses : Pensiones por discapacidad: c\u00f3mo gestionar los certificados online -\" \/>\n<meta property=\"og:description\" content=\"Con la digitalizaci\u00f3n de los certificados buscan transparentar las pensiones a nivel nacional La\u00a0Agencia Nacional...\" \/>\n<meta property=\"og:url\" content=\"https:\/\/experienciadevida.com.ar\/portalurbano\/anses-pensiones-por-discapacidad-como-gestionar-los-certificados-online\/\" \/>\n<meta property=\"article:publisher\" content=\"https:\/\/www.facebook.com\/Portal-Urbano-171542830093757\/\" \/>\n<meta property=\"article:published_time\" content=\"2019-02-22T00:40:15+00:00\" \/>\n<meta property=\"og:image\" content=\"https:\/\/experienciadevida.com.ar\/portalurbano\/wp-content\/uploads\/2019\/02\/0005167695-e1550795984260.jpg\" \/>\n\t<meta property=\"og:image:width\" content=\"750\" \/>\n\t<meta property=\"og:image:height\" content=\"467\" \/>\n\t<meta property=\"og:image:type\" content=\"image\/jpeg\" \/>\n<meta name=\"author\" content=\"admpu17wp\" \/>\n<meta name=\"twitter:card\" content=\"summary_large_image\" \/>\n<meta name=\"twitter:creator\" content=\"@portalurbanook\" \/>\n<meta name=\"twitter:site\" content=\"@portalurbanook\" \/>\n<meta name=\"twitter:label1\" content=\"Escrito por\" \/>\n\t<meta name=\"twitter:data1\" content=\"admpu17wp\" \/>\n\t<meta name=\"twitter:label2\" content=\"Tiempo de lectura\" \/>\n\t<meta name=\"twitter:data2\" content=\"3 minutos\" \/>\n<script type=\"application\/ld+json\" class=\"yoast-schema-graph\">{\"@context\":\"https:\/\/schema.org\",\"@graph\":[{\"@type\":\"Article\",\"@id\":\"https:\/\/experienciadevida.com.ar\/portalurbano\/anses-pensiones-por-discapacidad-como-gestionar-los-certificados-online\/#article\",\"isPartOf\":{\"@id\":\"https:\/\/experienciadevida.com.ar\/portalurbano\/anses-pensiones-por-discapacidad-como-gestionar-los-certificados-online\/\"},\"author\":{\"name\":\"admpu17wp\",\"@id\":\"https:\/\/experienciadevida.com.ar\/portalurbano\/#\/schema\/person\/02dd326b1c4b056e9cc972486934a3a7\"},\"headline\":\"Anses : Pensiones por discapacidad: c\u00f3mo gestionar los certificados online\",\"datePublished\":\"2019-02-22T00:40:15+00:00\",\"dateModified\":\"2019-02-22T00:40:15+00:00\",\"mainEntityOfPage\":{\"@id\":\"https:\/\/experienciadevida.com.ar\/portalurbano\/anses-pensiones-por-discapacidad-como-gestionar-los-certificados-online\/\"},\"wordCount\":510,\"commentCount\":3,\"publisher\":{\"@id\":\"https:\/\/experienciadevida.com.ar\/portalurbano\/#organization\"},\"articleSection\":[\"Naci\u00f3n\"],\"inLanguage\":\"es\",\"potentialAction\":[{\"@type\":\"CommentAction\",\"name\":\"Comment\",\"target\":[\"https:\/\/experienciadevida.com.ar\/portalurbano\/anses-pensiones-por-discapacidad-como-gestionar-los-certificados-online\/#respond\"]}]},{\"@type\":\"WebPage\",\"@id\":\"https:\/\/experienciadevida.com.ar\/portalurbano\/anses-pensiones-por-discapacidad-como-gestionar-los-certificados-online\/\",\"url\":\"https:\/\/experienciadevida.com.ar\/portalurbano\/anses-pensiones-por-discapacidad-como-gestionar-los-certificados-online\/\",\"name\":\"Anses : Pensiones por discapacidad: c\u00f3mo gestionar los certificados online -\",\"isPartOf\":{\"@id\":\"https:\/\/experienciadevida.com.ar\/portalurbano\/#website\"},\"datePublished\":\"2019-02-22T00:40:15+00:00\",\"dateModified\":\"2019-02-22T00:40:15+00:00\",\"breadcrumb\":{\"@id\":\"https:\/\/experienciadevida.com.ar\/portalurbano\/anses-pensiones-por-discapacidad-como-gestionar-los-certificados-online\/#breadcrumb\"},\"inLanguage\":\"es\",\"potentialAction\":[{\"@type\":\"ReadAction\",\"target\":[\"https:\/\/experienciadevida.com.ar\/portalurbano\/anses-pensiones-por-discapacidad-como-gestionar-los-certificados-online\/\"]}]},{\"@type\":\"BreadcrumbList\",\"@id\":\"https:\/\/experienciadevida.com.ar\/portalurbano\/anses-pensiones-por-discapacidad-como-gestionar-los-certificados-online\/#breadcrumb\",\"itemListElement\":[{\"@type\":\"ListItem\",\"position\":1,\"name\":\"Portada\",\"item\":\"https:\/\/experienciadevida.com.ar\/portalurbano\/\"},{\"@type\":\"ListItem\",\"position\":2,\"name\":\"Anses : Pensiones por discapacidad: c\u00f3mo gestionar los certificados online\"}]},{\"@type\":\"WebSite\",\"@id\":\"https:\/\/experienciadevida.com.ar\/portalurbano\/#website\",\"url\":\"https:\/\/experienciadevida.com.ar\/portalurbano\/\",\"name\":\"\",\"description\":\"\",\"publisher\":{\"@id\":\"https:\/\/experienciadevida.com.ar\/portalurbano\/#organization\"},\"potentialAction\":[{\"@type\":\"SearchAction\",\"target\":{\"@type\":\"EntryPoint\",\"urlTemplate\":\"https:\/\/experienciadevida.com.ar\/portalurbano\/?s={search_term_string}\"},\"query-input\":\"required name=search_term_string\"}],\"inLanguage\":\"es\"},{\"@type\":\"Organization\",\"@id\":\"https:\/\/experienciadevida.com.ar\/portalurbano\/#organization\",\"name\":\"Portal Urbano\",\"url\":\"https:\/\/experienciadevida.com.ar\/portalurbano\/\",\"logo\":{\"@type\":\"ImageObject\",\"inLanguage\":\"es\",\"@id\":\"https:\/\/experienciadevida.com.ar\/portalurbano\/#\/schema\/logo\/image\/\",\"url\":\"https:\/\/experienciadevida.com.ar\/portalurbano\/wp-content\/uploads\/2019\/09\/Logo-Original.png\",\"contentUrl\":\"https:\/\/experienciadevida.com.ar\/portalurbano\/wp-content\/uploads\/2019\/09\/Logo-Original.png\",\"width\":2236,\"height\":1216,\"caption\":\"Portal Urbano\"},\"image\":{\"@id\":\"https:\/\/experienciadevida.com.ar\/portalurbano\/#\/schema\/logo\/image\/\"},\"sameAs\":[\"https:\/\/www.facebook.com\/Portal-Urbano-171542830093757\/\",\"https:\/\/twitter.com\/portalurbanook\",\"https:\/\/www.instagram.com\/_portalurbano\/\",\"https:\/\/www.youtube.com\/channel\/UCXhagIfszH8KxFiOok79zbA?view_as=subscriber\"]},{\"@type\":\"Person\",\"@id\":\"https:\/\/experienciadevida.com.ar\/portalurbano\/#\/schema\/person\/02dd326b1c4b056e9cc972486934a3a7\",\"name\":\"admpu17wp\",\"image\":{\"@type\":\"ImageObject\",\"inLanguage\":\"es\",\"@id\":\"https:\/\/experienciadevida.com.ar\/portalurbano\/#\/schema\/person\/image\/\",\"url\":\"https:\/\/secure.gravatar.com\/avatar\/830d4c57adaae6630765e449a6908047?s=96&d=mm&r=g\",\"contentUrl\":\"https:\/\/secure.gravatar.com\/avatar\/830d4c57adaae6630765e449a6908047?s=96&d=mm&r=g\",\"caption\":\"admpu17wp\"}}]}<\/script>\n<!-- \/ Yoast SEO plugin. -->","yoast_head_json":{"title":"Anses : Pensiones por discapacidad: c\u00f3mo gestionar los certificados online -","robots":{"index":"index","follow":"follow","max-snippet":"max-snippet:-1","max-image-preview":"max-image-preview:large","max-video-preview":"max-video-preview:-1"},"canonical":"https:\/\/experienciadevida.com.ar\/portalurbano\/anses-pensiones-por-discapacidad-como-gestionar-los-certificados-online\/","og_locale":"es_ES","og_type":"article","og_title":"Anses : Pensiones por discapacidad: c\u00f3mo gestionar los certificados online -","og_description":"Con la digitalizaci\u00f3n de los certificados buscan transparentar las pensiones a nivel nacional La\u00a0Agencia Nacional...","og_url":"https:\/\/experienciadevida.com.ar\/portalurbano\/anses-pensiones-por-discapacidad-como-gestionar-los-certificados-online\/","article_publisher":"https:\/\/www.facebook.com\/Portal-Urbano-171542830093757\/","article_published_time":"2019-02-22T00:40:15+00:00","og_image":[{"width":750,"height":467,"url":"https:\/\/experienciadevida.com.ar\/portalurbano\/wp-content\/uploads\/2019\/02\/0005167695-e1550795984260.jpg","type":"image\/jpeg"}],"author":"admpu17wp","twitter_card":"summary_large_image","twitter_creator":"@portalurbanook","twitter_site":"@portalurbanook","twitter_misc":{"Escrito por":"admpu17wp","Tiempo de lectura":"3 minutos"},"schema":{"@context":"https:\/\/schema.org","@graph":[{"@type":"Article","@id":"https:\/\/experienciadevida.com.ar\/portalurbano\/anses-pensiones-por-discapacidad-como-gestionar-los-certificados-online\/#article","isPartOf":{"@id":"https:\/\/experienciadevida.com.ar\/portalurbano\/anses-pensiones-por-discapacidad-como-gestionar-los-certificados-online\/"},"author":{"name":"admpu17wp","@id":"https:\/\/experienciadevida.com.ar\/portalurbano\/#\/schema\/person\/02dd326b1c4b056e9cc972486934a3a7"},"headline":"Anses : Pensiones por discapacidad: c\u00f3mo gestionar los certificados online","datePublished":"2019-02-22T00:40:15+00:00","dateModified":"2019-02-22T00:40:15+00:00","mainEntityOfPage":{"@id":"https:\/\/experienciadevida.com.ar\/portalurbano\/anses-pensiones-por-discapacidad-como-gestionar-los-certificados-online\/"},"wordCount":510,"commentCount":3,"publisher":{"@id":"https:\/\/experienciadevida.com.ar\/portalurbano\/#organization"},"articleSection":["Naci\u00f3n"],"inLanguage":"es","potentialAction":[{"@type":"CommentAction","name":"Comment","target":["https:\/\/experienciadevida.com.ar\/portalurbano\/anses-pensiones-por-discapacidad-como-gestionar-los-certificados-online\/#respond"]}]},{"@type":"WebPage","@id":"https:\/\/experienciadevida.com.ar\/portalurbano\/anses-pensiones-por-discapacidad-como-gestionar-los-certificados-online\/","url":"https:\/\/experienciadevida.com.ar\/portalurbano\/anses-pensiones-por-discapacidad-como-gestionar-los-certificados-online\/","name":"Anses : Pensiones por discapacidad: c\u00f3mo gestionar los certificados online -","isPartOf":{"@id":"https:\/\/experienciadevida.com.ar\/portalurbano\/#website"},"datePublished":"2019-02-22T00:40:15+00:00","dateModified":"2019-02-22T00:40:15+00:00","breadcrumb":{"@id":"https:\/\/experienciadevida.com.ar\/portalurbano\/anses-pensiones-por-discapacidad-como-gestionar-los-certificados-online\/#breadcrumb"},"inLanguage":"es","potentialAction":[{"@type":"ReadAction","target":["https:\/\/experienciadevida.com.ar\/portalurbano\/anses-pensiones-por-discapacidad-como-gestionar-los-certificados-online\/"]}]},{"@type":"BreadcrumbList","@id":"https:\/\/experienciadevida.com.ar\/portalurbano\/anses-pensiones-por-discapacidad-como-gestionar-los-certificados-online\/#breadcrumb","itemListElement":[{"@type":"ListItem","position":1,"name":"Portada","item":"https:\/\/experienciadevida.com.ar\/portalurbano\/"},{"@type":"ListItem","position":2,"name":"Anses : Pensiones por discapacidad: c\u00f3mo gestionar los certificados online"}]},{"@type":"WebSite","@id":"https:\/\/experienciadevida.com.ar\/portalurbano\/#website","url":"https:\/\/experienciadevida.com.ar\/portalurbano\/","name":"","description":"","publisher":{"@id":"https:\/\/experienciadevida.com.ar\/portalurbano\/#organization"},"potentialAction":[{"@type":"SearchAction","target":{"@type":"EntryPoint","urlTemplate":"https:\/\/experienciadevida.com.ar\/portalurbano\/?s={search_term_string}"},"query-input":"required name=search_term_string"}],"inLanguage":"es"},{"@type":"Organization","@id":"https:\/\/experienciadevida.com.ar\/portalurbano\/#organization","name":"Portal Urbano","url":"https:\/\/experienciadevida.com.ar\/portalurbano\/","logo":{"@type":"ImageObject","inLanguage":"es","@id":"https:\/\/experienciadevida.com.ar\/portalurbano\/#\/schema\/logo\/image\/","url":"https:\/\/experienciadevida.com.ar\/portalurbano\/wp-content\/uploads\/2019\/09\/Logo-Original.png","contentUrl":"https:\/\/experienciadevida.com.ar\/portalurbano\/wp-content\/uploads\/2019\/09\/Logo-Original.png","width":2236,"height":1216,"caption":"Portal Urbano"},"image":{"@id":"https:\/\/experienciadevida.com.ar\/portalurbano\/#\/schema\/logo\/image\/"},"sameAs":["https:\/\/www.facebook.com\/Portal-Urbano-171542830093757\/","https:\/\/twitter.com\/portalurbanook","https:\/\/www.instagram.com\/_portalurbano\/","https:\/\/www.youtube.com\/channel\/UCXhagIfszH8KxFiOok79zbA?view_as=subscriber"]},{"@type":"Person","@id":"https:\/\/experienciadevida.com.ar\/portalurbano\/#\/schema\/person\/02dd326b1c4b056e9cc972486934a3a7","name":"admpu17wp","image":{"@type":"ImageObject","inLanguage":"es","@id":"https:\/\/experienciadevida.com.ar\/portalurbano\/#\/schema\/person\/image\/","url":"https:\/\/secure.gravatar.com\/avatar\/830d4c57adaae6630765e449a6908047?s=96&d=mm&r=g","contentUrl":"https:\/\/secure.gravatar.com\/avatar\/830d4c57adaae6630765e449a6908047?s=96&d=mm&r=g","caption":"admpu17wp"}}]}},"featured_image_urls":{"full":"","thumbnail":"","medium":"","medium_large":"","large":"","ug_big":"","1536x1536":"","2048x2048":"","newsever-slider-full":"","newsever-featured":"","newsever-medium":"","web-stories-poster-portrait":"","web-stories-publisher-logo":"","web-stories-thumbnail":""},"author_info":{"display_name":"admpu17wp","author_link":"https:\/\/experienciadevida.com.ar\/portalurbano\/author\/admpu17wp\/"},"category_info":"<a href=\"https:\/\/experienciadevida.com.ar\/portalurbano\/category\/nacion\/\" rel=\"category tag\">Naci\u00f3n<\/a>","tag_info":"Naci\u00f3n","comment_count":"3","amp_enabled":true,"_links":{"self":[{"href":"https:\/\/experienciadevida.com.ar\/portalurbano\/wp-json\/wp\/v2\/posts\/58265"}],"collection":[{"href":"https:\/\/experienciadevida.com.ar\/portalurbano\/wp-json\/wp\/v2\/posts"}],"about":[{"href":"https:\/\/experienciadevida.com.ar\/portalurbano\/wp-json\/wp\/v2\/types\/post"}],"author":[{"embeddable":true,"href":"https:\/\/experienciadevida.com.ar\/portalurbano\/wp-json\/wp\/v2\/users\/1"}],"replies":[{"embeddable":true,"href":"https:\/\/experienciadevida.com.ar\/portalurbano\/wp-json\/wp\/v2\/comments?post=58265"}],"version-history":[{"count":1,"href":"https:\/\/experienciadevida.com.ar\/portalurbano\/wp-json\/wp\/v2\/posts\/58265\/revisions"}],"predecessor-version":[{"id":58267,"href":"https:\/\/experienciadevida.com.ar\/portalurbano\/wp-json\/wp\/v2\/posts\/58265\/revisions\/58267"}],"wp:attachment":[{"href":"https:\/\/experienciadevida.com.ar\/portalurbano\/wp-json\/wp\/v2\/media?parent=58265"}],"wp:term":[{"taxonomy":"category","embeddable":true,"href":"https:\/\/experienciadevida.com.ar\/portalurbano\/wp-json\/wp\/v2\/categories?post=58265"},{"taxonomy":"post_tag","embeddable":true,"href":"https:\/\/experienciadevida.com.ar\/portalurbano\/wp-json\/wp\/v2\/tags?post=58265"}],"curies":[{"name":"wp","href":"https:\/\/api.w.org\/{rel}","templated":true}]}}