{"id":57395,"date":"2019-02-14T16:15:19","date_gmt":"2019-02-14T19:15:19","guid":{"rendered":"https:\/\/experienciadevida.com.ar\/portalurbano\/?p=57395"},"modified":"2019-02-14T16:15:19","modified_gmt":"2019-02-14T19:15:19","slug":"un-alivio-fiscal-para-las-economias-regionales-que-sirve-pero-no-alcanza","status":"publish","type":"post","link":"https:\/\/experienciadevida.com.ar\/portalurbano\/un-alivio-fiscal-para-las-economias-regionales-que-sirve-pero-no-alcanza\/","title":{"rendered":"Un alivio fiscal para las econom\u00edas regionales que sirve pero no alcanza"},"content":{"rendered":"<div>\n<div id=\"div-gpt-ad-nota-318212\" class=\"banner-90\" data-mapping=\"mapping9\" data-google-query-id=\"CIH63Or0u-ACFZa3yAodS7wJtg\">\n<div id=\"google_ads_iframe_\/7581181\/dp_universal_2__container__\">\n<p>La medida beneficiar\u00e1 a 19.000 pymes; desde la CAME celebran la medida, pero reclaman acceso al cr\u00e9dito y abogan por la fomentaci\u00f3n del consumo interno<\/p>\n<p>En el Sal\u00f3n Blanco de la\u00a0<strong>Casa Rosada<\/strong>\u00a0y con la presencia de funcionarios y empresarios de econom\u00edas regionales y Peque\u00f1as y Medianas Empresas (PyMES), el presidente\u00a0Mauricio Macri anunci\u00f3 la liberaci\u00f3n de cargas impositivas\u00a0a empleadores de las econom\u00edas regionales\u00a0<strong>por aquellos trabajadores que cobren hasta $17.500<\/strong>.<\/p>\n<p>Puntualmente, la medida consiste en\u00a0<strong>la suba del m\u00ednimo no imponible (MNI) a partir del cual se empiezan a cobrar las cargas patronales.<\/strong>\u00a0De acuerdo con la reforma tributaria aprobada hace m\u00e1s de un a\u00f1o, ese valor ser\u00eda de $12.000, ajustado por inflaci\u00f3n, que este a\u00f1o da $17.000.<\/p>\n<p>Tal como se les concedi\u00f3 a los sectores textil, calzado e indumentaria por tratarse de los m\u00e1s afectados por la ca\u00edda de la actividad, ahora ser\u00e1 el turno de las econom\u00edas regionales,\u00a0<strong>como por ejemplo la vitivinicultura mendocina, la yerba mate en Misiones, las peras en R\u00edo Negro y la ca\u00f1a de az\u00facar en Jujuy.<\/strong><\/p>\n<p>Se espera que la medida, que figura en la reforma tributaria,<strong>\u00a0beneficie a 19.000 Pymes<\/strong>. La iniciativa era solicitada desde hace ya un tiempo por uno de los sectores m\u00e1s castigados por la crisis econ\u00f3mica, la devaluaci\u00f3n y, sobre todo, la ca\u00edda del consumo.<\/p>\n<p><strong><em><\/p>\n<div class=\"penci-pullqoute align-none\">\n<blockquote><p>La Confederaci\u00f3n Argentina de la Mediana Empresa (CAME) celebr\u00f3 la medida al considerarlauna herramienta para fomentar la competitividad y generar m\u00e1s y mejor empleo.<\/p><\/blockquote>\n<\/div>\n<p><\/em><\/strong><\/p>\n<p><strong>Pablo Vernengo<\/strong>, Director Ejecutivo de Econom\u00edas Regionales de la\u00a0CAME, explic\u00f3 que\u00a0<strong>est\u00e1n pidiendo esta disposici\u00f3n desde enero de 2018<\/strong>, luego de que se sancionara la reforma tributaria.<\/p>\n<p>\u201c<strong>Pedimos esto para lidiar un poco con las cargas tributarias y con la presi\u00f3n fiscal que tienen los peque\u00f1os y medianos productores agropecuarios de las econom\u00edas regionales.<\/strong><\/p>\n<p>Exigimos que el m\u00ednimo no imponible que estaba impuesto para el 2022 sea para el 2018. El a\u00f1o pasado no se dio; se le dio a otros sectores de la econom\u00eda\u201d, explic\u00f3 Vernengo y agreg\u00f3: \u201cSiempre reiteramos este pedido que fue acompa\u00f1ado por m\u00e1s de 400 entidad adheridas del sector de econom\u00edas regionales.\u00a0<strong>Fuimos tocando timbre en los distintos ministerios y<\/strong>\u00a0<strong>hoy lleg\u00f3 la medida<\/strong>\u201d.<\/p>\n<p>Respecto al momento que est\u00e1n atravesando las econom\u00edas regionales, Vernengo remarc\u00f3:\u00a0<strong>\u201cNecesitamos que la producci\u00f3n primaria vuelva a tener rentabilidad\u201d<\/strong>.<\/p>\n<p>En este marco, asegur\u00f3 que las prioridades son que<strong>\u00a0los trabajadores tengan un salario digno y que se fomente el consumo interno<\/strong>. \u201cSi devolvemos la rentabilidad, podemos reinvertir en otros sectores y mejorar los saldos exportables\u201d, a\u00f1adi\u00f3.<\/p>\n<p>En detalle, explic\u00f3 que para tener este beneficio<strong>\u00a0el empresario debe tener al trabajador registrado<\/strong>, por lo que, consecuentemente, ser\u00e1 una medida que fortalecer\u00e1 la formalidad de un sector que se caracteriza, justamente, por lo contrario.<\/p>\n<p>\u201cHoy un empresario agropecuario tiene un trabajador, por ejemplo, con un salario de $15.000 y pod\u00eda descontar $7.003 que era el MNI fijado para el 2019. A partir de esta medida, aunque hay que esperar al Bolet\u00edn Oficial,<strong>\u00a0este empleador que tiene un trabajador con un salario de $15.000 no va a tener que pagar contribuciones patronales.<\/strong>\u00a0Eso significa que el costo salarial que pagar\u00e1 el empresario disminuir\u00e1 en un 24% aproximadamente\u201d, sostuvo.<\/p>\n<p>M\u00e1s all\u00e1 de esta medida puntual, para el 2019 los empresarios continuar\u00e1n exigiendo\u00a0<strong>la baja de las retenciones a las exportaciones y mayores facilidades de acceso al cr\u00e9dito<\/strong>.<\/p>\n<p>\u201cAcompa\u00f1amos la medida, pero para producir necesitamos tasas acordes que puedan ser pagables y tener acceso al cr\u00e9dito, porque si no lo tenemos no podemos innovar tecnol\u00f3gicamente. Valoramos la medida, pero estamos en una situaci\u00f3n complicada\u201d, concluy\u00f3.<\/p>\n<p><em><strong>NA<\/strong><\/em><\/p>\n<\/div>\n<\/div>\n<\/div>\n","protected":false},"excerpt":{"rendered":"<p>La medida beneficiar\u00e1 a 19.000 pymes; desde la CAME celebran la medida, pero reclaman acceso&#8230;<\/p>\n","protected":false},"author":1,"featured_media":57401,"comment_status":"open","ping_status":"open","sticky":false,"template":"","format":"standard","meta":{"content-type":""},"categories":[39],"tags":[],"nelio_content":{"isAutoShareEnabled":false,"autoShareEndMode":"default","automationSources":{"useContentSentences":true,"useSocialTemplates":true,"useCustomSentences":false,"customSentences":[]},"followers":[1],"suggestedReferences":[],"includedReferences":[],"efiUrl":"","efiAlt":"","highlights":[]},"yoast_head":"<!-- This site is optimized with the Yoast SEO plugin v20.7 - https:\/\/yoast.com\/wordpress\/plugins\/seo\/ -->\n<title>Un alivio fiscal para las econom\u00edas regionales que sirve pero no alcanza -<\/title>\n<meta name=\"robots\" content=\"index, follow, max-snippet:-1, max-image-preview:large, max-video-preview:-1\" \/>\n<link rel=\"canonical\" href=\"https:\/\/experienciadevida.com.ar\/portalurbano\/un-alivio-fiscal-para-las-economias-regionales-que-sirve-pero-no-alcanza\/\" \/>\n<meta property=\"og:locale\" content=\"es_ES\" \/>\n<meta property=\"og:type\" content=\"article\" \/>\n<meta property=\"og:title\" content=\"Un alivio fiscal para las econom\u00edas regionales que sirve pero no alcanza -\" \/>\n<meta property=\"og:description\" content=\"La medida beneficiar\u00e1 a 19.000 pymes; desde la CAME celebran la medida, pero reclaman acceso...\" \/>\n<meta property=\"og:url\" content=\"https:\/\/experienciadevida.com.ar\/portalurbano\/un-alivio-fiscal-para-las-economias-regionales-que-sirve-pero-no-alcanza\/\" \/>\n<meta property=\"article:publisher\" content=\"https:\/\/www.facebook.com\/Portal-Urbano-171542830093757\/\" \/>\n<meta property=\"article:published_time\" content=\"2019-02-14T19:15:19+00:00\" \/>\n<meta property=\"og:image\" content=\"https:\/\/experienciadevida.com.ar\/portalurbano\/wp-content\/uploads\/2019\/02\/0005707271-e1550171196162.jpg\" \/>\n\t<meta property=\"og:image:width\" content=\"750\" \/>\n\t<meta property=\"og:image:height\" content=\"422\" \/>\n\t<meta property=\"og:image:type\" content=\"image\/jpeg\" \/>\n<meta name=\"author\" content=\"admpu17wp\" \/>\n<meta name=\"twitter:card\" content=\"summary_large_image\" \/>\n<meta name=\"twitter:creator\" content=\"@portalurbanook\" \/>\n<meta name=\"twitter:site\" content=\"@portalurbanook\" \/>\n<meta name=\"twitter:label1\" content=\"Escrito por\" \/>\n\t<meta name=\"twitter:data1\" content=\"admpu17wp\" \/>\n\t<meta name=\"twitter:label2\" content=\"Tiempo de lectura\" \/>\n\t<meta name=\"twitter:data2\" content=\"3 minutos\" \/>\n<script type=\"application\/ld+json\" class=\"yoast-schema-graph\">{\"@context\":\"https:\/\/schema.org\",\"@graph\":[{\"@type\":\"Article\",\"@id\":\"https:\/\/experienciadevida.com.ar\/portalurbano\/un-alivio-fiscal-para-las-economias-regionales-que-sirve-pero-no-alcanza\/#article\",\"isPartOf\":{\"@id\":\"https:\/\/experienciadevida.com.ar\/portalurbano\/un-alivio-fiscal-para-las-economias-regionales-que-sirve-pero-no-alcanza\/\"},\"author\":{\"name\":\"admpu17wp\",\"@id\":\"https:\/\/experienciadevida.com.ar\/portalurbano\/#\/schema\/person\/02dd326b1c4b056e9cc972486934a3a7\"},\"headline\":\"Un alivio fiscal para las econom\u00edas regionales que sirve pero no alcanza\",\"datePublished\":\"2019-02-14T19:15:19+00:00\",\"dateModified\":\"2019-02-14T19:15:19+00:00\",\"mainEntityOfPage\":{\"@id\":\"https:\/\/experienciadevida.com.ar\/portalurbano\/un-alivio-fiscal-para-las-economias-regionales-que-sirve-pero-no-alcanza\/\"},\"wordCount\":647,\"commentCount\":0,\"publisher\":{\"@id\":\"https:\/\/experienciadevida.com.ar\/portalurbano\/#organization\"},\"articleSection\":[\"Naci\u00f3n\"],\"inLanguage\":\"es\",\"potentialAction\":[{\"@type\":\"CommentAction\",\"name\":\"Comment\",\"target\":[\"https:\/\/experienciadevida.com.ar\/portalurbano\/un-alivio-fiscal-para-las-economias-regionales-que-sirve-pero-no-alcanza\/#respond\"]}]},{\"@type\":\"WebPage\",\"@id\":\"https:\/\/experienciadevida.com.ar\/portalurbano\/un-alivio-fiscal-para-las-economias-regionales-que-sirve-pero-no-alcanza\/\",\"url\":\"https:\/\/experienciadevida.com.ar\/portalurbano\/un-alivio-fiscal-para-las-economias-regionales-que-sirve-pero-no-alcanza\/\",\"name\":\"Un alivio fiscal para las econom\u00edas regionales que sirve pero no alcanza -\",\"isPartOf\":{\"@id\":\"https:\/\/experienciadevida.com.ar\/portalurbano\/#website\"},\"datePublished\":\"2019-02-14T19:15:19+00:00\",\"dateModified\":\"2019-02-14T19:15:19+00:00\",\"breadcrumb\":{\"@id\":\"https:\/\/experienciadevida.com.ar\/portalurbano\/un-alivio-fiscal-para-las-economias-regionales-que-sirve-pero-no-alcanza\/#breadcrumb\"},\"inLanguage\":\"es\",\"potentialAction\":[{\"@type\":\"ReadAction\",\"target\":[\"https:\/\/experienciadevida.com.ar\/portalurbano\/un-alivio-fiscal-para-las-economias-regionales-que-sirve-pero-no-alcanza\/\"]}]},{\"@type\":\"BreadcrumbList\",\"@id\":\"https:\/\/experienciadevida.com.ar\/portalurbano\/un-alivio-fiscal-para-las-economias-regionales-que-sirve-pero-no-alcanza\/#breadcrumb\",\"itemListElement\":[{\"@type\":\"ListItem\",\"position\":1,\"name\":\"Portada\",\"item\":\"https:\/\/experienciadevida.com.ar\/portalurbano\/\"},{\"@type\":\"ListItem\",\"position\":2,\"name\":\"Un alivio fiscal para las econom\u00edas regionales que sirve pero no alcanza\"}]},{\"@type\":\"WebSite\",\"@id\":\"https:\/\/experienciadevida.com.ar\/portalurbano\/#website\",\"url\":\"https:\/\/experienciadevida.com.ar\/portalurbano\/\",\"name\":\"\",\"description\":\"\",\"publisher\":{\"@id\":\"https:\/\/experienciadevida.com.ar\/portalurbano\/#organization\"},\"potentialAction\":[{\"@type\":\"SearchAction\",\"target\":{\"@type\":\"EntryPoint\",\"urlTemplate\":\"https:\/\/experienciadevida.com.ar\/portalurbano\/?s={search_term_string}\"},\"query-input\":\"required name=search_term_string\"}],\"inLanguage\":\"es\"},{\"@type\":\"Organization\",\"@id\":\"https:\/\/experienciadevida.com.ar\/portalurbano\/#organization\",\"name\":\"Portal Urbano\",\"url\":\"https:\/\/experienciadevida.com.ar\/portalurbano\/\",\"logo\":{\"@type\":\"ImageObject\",\"inLanguage\":\"es\",\"@id\":\"https:\/\/experienciadevida.com.ar\/portalurbano\/#\/schema\/logo\/image\/\",\"url\":\"https:\/\/experienciadevida.com.ar\/portalurbano\/wp-content\/uploads\/2019\/09\/Logo-Original.png\",\"contentUrl\":\"https:\/\/experienciadevida.com.ar\/portalurbano\/wp-content\/uploads\/2019\/09\/Logo-Original.png\",\"width\":2236,\"height\":1216,\"caption\":\"Portal Urbano\"},\"image\":{\"@id\":\"https:\/\/experienciadevida.com.ar\/portalurbano\/#\/schema\/logo\/image\/\"},\"sameAs\":[\"https:\/\/www.facebook.com\/Portal-Urbano-171542830093757\/\",\"https:\/\/twitter.com\/portalurbanook\",\"https:\/\/www.instagram.com\/_portalurbano\/\",\"https:\/\/www.youtube.com\/channel\/UCXhagIfszH8KxFiOok79zbA?view_as=subscriber\"]},{\"@type\":\"Person\",\"@id\":\"https:\/\/experienciadevida.com.ar\/portalurbano\/#\/schema\/person\/02dd326b1c4b056e9cc972486934a3a7\",\"name\":\"admpu17wp\",\"image\":{\"@type\":\"ImageObject\",\"inLanguage\":\"es\",\"@id\":\"https:\/\/experienciadevida.com.ar\/portalurbano\/#\/schema\/person\/image\/\",\"url\":\"https:\/\/secure.gravatar.com\/avatar\/830d4c57adaae6630765e449a6908047?s=96&d=mm&r=g\",\"contentUrl\":\"https:\/\/secure.gravatar.com\/avatar\/830d4c57adaae6630765e449a6908047?s=96&d=mm&r=g\",\"caption\":\"admpu17wp\"}}]}<\/script>\n<!-- \/ Yoast SEO plugin. -->","yoast_head_json":{"title":"Un alivio fiscal para las econom\u00edas regionales que sirve pero no alcanza -","robots":{"index":"index","follow":"follow","max-snippet":"max-snippet:-1","max-image-preview":"max-image-preview:large","max-video-preview":"max-video-preview:-1"},"canonical":"https:\/\/experienciadevida.com.ar\/portalurbano\/un-alivio-fiscal-para-las-economias-regionales-que-sirve-pero-no-alcanza\/","og_locale":"es_ES","og_type":"article","og_title":"Un alivio fiscal para las econom\u00edas regionales que sirve pero no alcanza -","og_description":"La medida beneficiar\u00e1 a 19.000 pymes; desde la CAME celebran la medida, pero reclaman acceso...","og_url":"https:\/\/experienciadevida.com.ar\/portalurbano\/un-alivio-fiscal-para-las-economias-regionales-que-sirve-pero-no-alcanza\/","article_publisher":"https:\/\/www.facebook.com\/Portal-Urbano-171542830093757\/","article_published_time":"2019-02-14T19:15:19+00:00","og_image":[{"width":750,"height":422,"url":"https:\/\/experienciadevida.com.ar\/portalurbano\/wp-content\/uploads\/2019\/02\/0005707271-e1550171196162.jpg","type":"image\/jpeg"}],"author":"admpu17wp","twitter_card":"summary_large_image","twitter_creator":"@portalurbanook","twitter_site":"@portalurbanook","twitter_misc":{"Escrito por":"admpu17wp","Tiempo de lectura":"3 minutos"},"schema":{"@context":"https:\/\/schema.org","@graph":[{"@type":"Article","@id":"https:\/\/experienciadevida.com.ar\/portalurbano\/un-alivio-fiscal-para-las-economias-regionales-que-sirve-pero-no-alcanza\/#article","isPartOf":{"@id":"https:\/\/experienciadevida.com.ar\/portalurbano\/un-alivio-fiscal-para-las-economias-regionales-que-sirve-pero-no-alcanza\/"},"author":{"name":"admpu17wp","@id":"https:\/\/experienciadevida.com.ar\/portalurbano\/#\/schema\/person\/02dd326b1c4b056e9cc972486934a3a7"},"headline":"Un alivio fiscal para las econom\u00edas regionales que sirve pero no alcanza","datePublished":"2019-02-14T19:15:19+00:00","dateModified":"2019-02-14T19:15:19+00:00","mainEntityOfPage":{"@id":"https:\/\/experienciadevida.com.ar\/portalurbano\/un-alivio-fiscal-para-las-economias-regionales-que-sirve-pero-no-alcanza\/"},"wordCount":647,"commentCount":0,"publisher":{"@id":"https:\/\/experienciadevida.com.ar\/portalurbano\/#organization"},"articleSection":["Naci\u00f3n"],"inLanguage":"es","potentialAction":[{"@type":"CommentAction","name":"Comment","target":["https:\/\/experienciadevida.com.ar\/portalurbano\/un-alivio-fiscal-para-las-economias-regionales-que-sirve-pero-no-alcanza\/#respond"]}]},{"@type":"WebPage","@id":"https:\/\/experienciadevida.com.ar\/portalurbano\/un-alivio-fiscal-para-las-economias-regionales-que-sirve-pero-no-alcanza\/","url":"https:\/\/experienciadevida.com.ar\/portalurbano\/un-alivio-fiscal-para-las-economias-regionales-que-sirve-pero-no-alcanza\/","name":"Un alivio fiscal para las econom\u00edas regionales que sirve pero no alcanza -","isPartOf":{"@id":"https:\/\/experienciadevida.com.ar\/portalurbano\/#website"},"datePublished":"2019-02-14T19:15:19+00:00","dateModified":"2019-02-14T19:15:19+00:00","breadcrumb":{"@id":"https:\/\/experienciadevida.com.ar\/portalurbano\/un-alivio-fiscal-para-las-economias-regionales-que-sirve-pero-no-alcanza\/#breadcrumb"},"inLanguage":"es","potentialAction":[{"@type":"ReadAction","target":["https:\/\/experienciadevida.com.ar\/portalurbano\/un-alivio-fiscal-para-las-economias-regionales-que-sirve-pero-no-alcanza\/"]}]},{"@type":"BreadcrumbList","@id":"https:\/\/experienciadevida.com.ar\/portalurbano\/un-alivio-fiscal-para-las-economias-regionales-que-sirve-pero-no-alcanza\/#breadcrumb","itemListElement":[{"@type":"ListItem","position":1,"name":"Portada","item":"https:\/\/experienciadevida.com.ar\/portalurbano\/"},{"@type":"ListItem","position":2,"name":"Un alivio fiscal para las econom\u00edas regionales que sirve pero no alcanza"}]},{"@type":"WebSite","@id":"https:\/\/experienciadevida.com.ar\/portalurbano\/#website","url":"https:\/\/experienciadevida.com.ar\/portalurbano\/","name":"","description":"","publisher":{"@id":"https:\/\/experienciadevida.com.ar\/portalurbano\/#organization"},"potentialAction":[{"@type":"SearchAction","target":{"@type":"EntryPoint","urlTemplate":"https:\/\/experienciadevida.com.ar\/portalurbano\/?s={search_term_string}"},"query-input":"required name=search_term_string"}],"inLanguage":"es"},{"@type":"Organization","@id":"https:\/\/experienciadevida.com.ar\/portalurbano\/#organization","name":"Portal Urbano","url":"https:\/\/experienciadevida.com.ar\/portalurbano\/","logo":{"@type":"ImageObject","inLanguage":"es","@id":"https:\/\/experienciadevida.com.ar\/portalurbano\/#\/schema\/logo\/image\/","url":"https:\/\/experienciadevida.com.ar\/portalurbano\/wp-content\/uploads\/2019\/09\/Logo-Original.png","contentUrl":"https:\/\/experienciadevida.com.ar\/portalurbano\/wp-content\/uploads\/2019\/09\/Logo-Original.png","width":2236,"height":1216,"caption":"Portal Urbano"},"image":{"@id":"https:\/\/experienciadevida.com.ar\/portalurbano\/#\/schema\/logo\/image\/"},"sameAs":["https:\/\/www.facebook.com\/Portal-Urbano-171542830093757\/","https:\/\/twitter.com\/portalurbanook","https:\/\/www.instagram.com\/_portalurbano\/","https:\/\/www.youtube.com\/channel\/UCXhagIfszH8KxFiOok79zbA?view_as=subscriber"]},{"@type":"Person","@id":"https:\/\/experienciadevida.com.ar\/portalurbano\/#\/schema\/person\/02dd326b1c4b056e9cc972486934a3a7","name":"admpu17wp","image":{"@type":"ImageObject","inLanguage":"es","@id":"https:\/\/experienciadevida.com.ar\/portalurbano\/#\/schema\/person\/image\/","url":"https:\/\/secure.gravatar.com\/avatar\/830d4c57adaae6630765e449a6908047?s=96&d=mm&r=g","contentUrl":"https:\/\/secure.gravatar.com\/avatar\/830d4c57adaae6630765e449a6908047?s=96&d=mm&r=g","caption":"admpu17wp"}}]}},"featured_image_urls":{"full":["https:\/\/experienciadevida.com.ar\/portalurbano\/wp-content\/uploads\/2019\/02\/0005707271-e1550171196162.jpg",750,422,false],"thumbnail":["https:\/\/experienciadevida.com.ar\/portalurbano\/wp-content\/uploads\/2019\/02\/0005707271-150x150.jpg",150,150,true],"medium":["https:\/\/experienciadevida.com.ar\/portalurbano\/wp-content\/uploads\/2019\/02\/0005707271-300x169.jpg",300,169,true],"medium_large":["https:\/\/experienciadevida.com.ar\/portalurbano\/wp-content\/uploads\/2019\/02\/0005707271-768x432.jpg",640,360,true],"large":["https:\/\/experienciadevida.com.ar\/portalurbano\/wp-content\/uploads\/2019\/02\/0005707271-1024x576.jpg",640,360,true],"ug_big":["https:\/\/experienciadevida.com.ar\/portalurbano\/wp-content\/uploads\/2019\/02\/0005707271-768x432.jpg",768,432,true],"1536x1536":["https:\/\/experienciadevida.com.ar\/portalurbano\/wp-content\/uploads\/2019\/02\/0005707271-e1550171196162.jpg",750,422,false],"2048x2048":["https:\/\/experienciadevida.com.ar\/portalurbano\/wp-content\/uploads\/2019\/02\/0005707271-e1550171196162.jpg",750,422,false],"newsever-slider-full":["https:\/\/experienciadevida.com.ar\/portalurbano\/wp-content\/uploads\/2019\/02\/0005707271-e1550171196162.jpg",750,422,false],"newsever-featured":["https:\/\/experienciadevida.com.ar\/portalurbano\/wp-content\/uploads\/2019\/02\/0005707271-e1550171196162.jpg",750,422,false],"newsever-medium":["https:\/\/experienciadevida.com.ar\/portalurbano\/wp-content\/uploads\/2019\/02\/0005707271-e1550171196162.jpg",720,405,false],"web-stories-poster-portrait":["https:\/\/experienciadevida.com.ar\/portalurbano\/wp-content\/uploads\/2019\/02\/0005707271-e1550171196162.jpg",640,360,false],"web-stories-publisher-logo":["https:\/\/experienciadevida.com.ar\/portalurbano\/wp-content\/uploads\/2019\/02\/0005707271-e1550171196162.jpg",96,54,false],"web-stories-thumbnail":["https:\/\/experienciadevida.com.ar\/portalurbano\/wp-content\/uploads\/2019\/02\/0005707271-e1550171196162.jpg",150,84,false]},"author_info":{"display_name":"admpu17wp","author_link":"https:\/\/experienciadevida.com.ar\/portalurbano\/author\/admpu17wp\/"},"category_info":"<a href=\"https:\/\/experienciadevida.com.ar\/portalurbano\/category\/nacion\/\" rel=\"category tag\">Naci\u00f3n<\/a>","tag_info":"Naci\u00f3n","comment_count":"0","amp_enabled":true,"_links":{"self":[{"href":"https:\/\/experienciadevida.com.ar\/portalurbano\/wp-json\/wp\/v2\/posts\/57395"}],"collection":[{"href":"https:\/\/experienciadevida.com.ar\/portalurbano\/wp-json\/wp\/v2\/posts"}],"about":[{"href":"https:\/\/experienciadevida.com.ar\/portalurbano\/wp-json\/wp\/v2\/types\/post"}],"author":[{"embeddable":true,"href":"https:\/\/experienciadevida.com.ar\/portalurbano\/wp-json\/wp\/v2\/users\/1"}],"replies":[{"embeddable":true,"href":"https:\/\/experienciadevida.com.ar\/portalurbano\/wp-json\/wp\/v2\/comments?post=57395"}],"version-history":[{"count":2,"href":"https:\/\/experienciadevida.com.ar\/portalurbano\/wp-json\/wp\/v2\/posts\/57395\/revisions"}],"predecessor-version":[{"id":57403,"href":"https:\/\/experienciadevida.com.ar\/portalurbano\/wp-json\/wp\/v2\/posts\/57395\/revisions\/57403"}],"wp:featuredmedia":[{"embeddable":true,"href":"https:\/\/experienciadevida.com.ar\/portalurbano\/wp-json\/wp\/v2\/media\/57401"}],"wp:attachment":[{"href":"https:\/\/experienciadevida.com.ar\/portalurbano\/wp-json\/wp\/v2\/media?parent=57395"}],"wp:term":[{"taxonomy":"category","embeddable":true,"href":"https:\/\/experienciadevida.com.ar\/portalurbano\/wp-json\/wp\/v2\/categories?post=57395"},{"taxonomy":"post_tag","embeddable":true,"href":"https:\/\/experienciadevida.com.ar\/portalurbano\/wp-json\/wp\/v2\/tags?post=57395"}],"curies":[{"name":"wp","href":"https:\/\/api.w.org\/{rel}","templated":true}]}}