{"id":57360,"date":"2019-02-14T12:24:13","date_gmt":"2019-02-14T15:24:13","guid":{"rendered":"https:\/\/experienciadevida.com.ar\/portalurbano\/?p=57360"},"modified":"2019-02-14T12:24:35","modified_gmt":"2019-02-14T15:24:35","slug":"por-que-se-celebra-el-dia-de-san-valentin-el-14-de-febrero","status":"publish","type":"post","link":"https:\/\/experienciadevida.com.ar\/portalurbano\/por-que-se-celebra-el-dia-de-san-valentin-el-14-de-febrero\/","title":{"rendered":"\u00bfPor qu\u00e9 se celebra el d\u00eda de San Valent\u00edn el 14 de Febrero?"},"content":{"rendered":"<p>Este 14 de febrero se festeja &#8220;San Valent\u00edn&#8221; o el d\u00eda de los enamorados una tradici\u00f3n de origen cristiana que se celebra este d\u00eda como conmemoraci\u00f3n de las buenas obras realizadas por San Valent\u00edn de Roma que est\u00e1n relacionadas con el concepto universal del amor y la afectividad.<\/p>\n<p>El concepto es originado por la iglesia cat\u00f3lica\u00a0como contrapeso de las festividades paganas que se realizaban en el Imperio Romano\u00a0 , tambi\u00e9n es una de las primeras fiestas que significaron la expansi\u00f3n del cristianismo en toda la Eurafrasia romana. La fiesta en s\u00ed es conocida como un evento cultural significativo desde lo religioso por la gracia a Valent\u00edn y desde lo laico por relacionarse con los sentimientos del amor y la amistad.<\/p>\n<p>Desde el punto de vista popular la fiesta de San Valet\u00edn es interpretada como una oportunidad de celebrar el amor y el cari\u00f1o, independientemente de la religi\u00f3n que se profese o sin pertenecer a una necesariamente, sin importar igualmente la orientaci\u00f3n sexual de sus participantes. Las celebraciones fueron variando por siglos, siendo la edad media\u00a0el per\u00edodo donde quedar\u00eda impregnado San Valent\u00edn con el amor cort\u00e9s en donde se expresaba el sentimiento de afecto de una forma sincera, noble y con declaraciones po\u00e9ticas romanas\u00a0y las referencias al coraz\u00f3n y al dios romano Cupido\u200b. A\u00f1os m\u00e1s adelante se incluy\u00f3 la amistad como una propiedad de San Valet\u00edn, y desde la revoluci\u00f3n Industrial a mediados del S.XX, la mercadotecnia del capitalismo crea productos relacionados a San Valent\u00edn, permitiendo que la fiesta llegue a lugares donde no se pr\u00e1ctica el\u00a0 cristianismo y donde ni siquiera estan presentes las costumbres occidentales. \u200b Actualmente el mismo nombre de\u00a0<i>d\u00eda de San Valent\u00edn<\/i>\u00a0se llama tambi\u00e9n\u00a0d\u00eda de los enamorados\u00a0y\/o\u00a0d\u00eda del amor y la amistad.<\/p>\n<p>Foto: Internet<\/p>\n","protected":false},"excerpt":{"rendered":"<p>Este 14 de febrero se festeja &#8220;San Valent\u00edn&#8221; o el d\u00eda de los enamorados una&#8230;<\/p>\n","protected":false},"author":1,"featured_media":0,"comment_status":"open","ping_status":"open","sticky":false,"template":"","format":"standard","meta":{"content-type":""},"categories":[39],"tags":[],"nelio_content":{"isAutoShareEnabled":false,"autoShareEndMode":"default","automationSources":{"useContentSentences":true,"useSocialTemplates":true,"useCustomSentences":false,"customSentences":[]},"followers":[1],"suggestedReferences":[],"includedReferences":[],"efiUrl":"","efiAlt":"","highlights":[]},"yoast_head":"<!-- This site is optimized with the Yoast SEO plugin v20.7 - https:\/\/yoast.com\/wordpress\/plugins\/seo\/ -->\n<title>\u00bfPor qu\u00e9 se celebra el d\u00eda de San Valent\u00edn el 14 de Febrero? -<\/title>\n<meta name=\"robots\" content=\"index, follow, max-snippet:-1, max-image-preview:large, max-video-preview:-1\" \/>\n<link rel=\"canonical\" href=\"https:\/\/experienciadevida.com.ar\/portalurbano\/por-que-se-celebra-el-dia-de-san-valentin-el-14-de-febrero\/\" \/>\n<meta property=\"og:locale\" content=\"es_ES\" \/>\n<meta property=\"og:type\" content=\"article\" \/>\n<meta property=\"og:title\" content=\"\u00bfPor qu\u00e9 se celebra el d\u00eda de San Valent\u00edn el 14 de Febrero? -\" \/>\n<meta property=\"og:description\" content=\"Este 14 de febrero se festeja &#8220;San Valent\u00edn&#8221; o el d\u00eda de los enamorados una...\" \/>\n<meta property=\"og:url\" content=\"https:\/\/experienciadevida.com.ar\/portalurbano\/por-que-se-celebra-el-dia-de-san-valentin-el-14-de-febrero\/\" \/>\n<meta property=\"article:publisher\" content=\"https:\/\/www.facebook.com\/Portal-Urbano-171542830093757\/\" \/>\n<meta property=\"article:published_time\" content=\"2019-02-14T15:24:13+00:00\" \/>\n<meta property=\"article:modified_time\" content=\"2019-02-14T15:24:35+00:00\" \/>\n<meta property=\"og:image\" content=\"https:\/\/experienciadevida.com.ar\/portalurbano\/wp-content\/uploads\/2019\/02\/SANVALENTIN-e1550157383973.jpg\" \/>\n\t<meta property=\"og:image:width\" content=\"800\" \/>\n\t<meta property=\"og:image:height\" content=\"450\" \/>\n\t<meta property=\"og:image:type\" content=\"image\/jpeg\" \/>\n<meta name=\"author\" content=\"admpu17wp\" \/>\n<meta name=\"twitter:card\" content=\"summary_large_image\" \/>\n<meta name=\"twitter:creator\" content=\"@portalurbanook\" \/>\n<meta name=\"twitter:site\" content=\"@portalurbanook\" \/>\n<meta name=\"twitter:label1\" content=\"Escrito por\" \/>\n\t<meta name=\"twitter:data1\" content=\"admpu17wp\" \/>\n\t<meta name=\"twitter:label2\" content=\"Tiempo de lectura\" \/>\n\t<meta name=\"twitter:data2\" content=\"2 minutos\" \/>\n<script type=\"application\/ld+json\" class=\"yoast-schema-graph\">{\"@context\":\"https:\/\/schema.org\",\"@graph\":[{\"@type\":\"Article\",\"@id\":\"https:\/\/experienciadevida.com.ar\/portalurbano\/por-que-se-celebra-el-dia-de-san-valentin-el-14-de-febrero\/#article\",\"isPartOf\":{\"@id\":\"https:\/\/experienciadevida.com.ar\/portalurbano\/por-que-se-celebra-el-dia-de-san-valentin-el-14-de-febrero\/\"},\"author\":{\"name\":\"admpu17wp\",\"@id\":\"https:\/\/experienciadevida.com.ar\/portalurbano\/#\/schema\/person\/02dd326b1c4b056e9cc972486934a3a7\"},\"headline\":\"\u00bfPor qu\u00e9 se celebra el d\u00eda de San Valent\u00edn el 14 de Febrero?\",\"datePublished\":\"2019-02-14T15:24:13+00:00\",\"dateModified\":\"2019-02-14T15:24:35+00:00\",\"mainEntityOfPage\":{\"@id\":\"https:\/\/experienciadevida.com.ar\/portalurbano\/por-que-se-celebra-el-dia-de-san-valentin-el-14-de-febrero\/\"},\"wordCount\":340,\"commentCount\":0,\"publisher\":{\"@id\":\"https:\/\/experienciadevida.com.ar\/portalurbano\/#organization\"},\"articleSection\":[\"Naci\u00f3n\"],\"inLanguage\":\"es\",\"potentialAction\":[{\"@type\":\"CommentAction\",\"name\":\"Comment\",\"target\":[\"https:\/\/experienciadevida.com.ar\/portalurbano\/por-que-se-celebra-el-dia-de-san-valentin-el-14-de-febrero\/#respond\"]}]},{\"@type\":\"WebPage\",\"@id\":\"https:\/\/experienciadevida.com.ar\/portalurbano\/por-que-se-celebra-el-dia-de-san-valentin-el-14-de-febrero\/\",\"url\":\"https:\/\/experienciadevida.com.ar\/portalurbano\/por-que-se-celebra-el-dia-de-san-valentin-el-14-de-febrero\/\",\"name\":\"\u00bfPor qu\u00e9 se celebra el d\u00eda de San Valent\u00edn el 14 de Febrero? -\",\"isPartOf\":{\"@id\":\"https:\/\/experienciadevida.com.ar\/portalurbano\/#website\"},\"datePublished\":\"2019-02-14T15:24:13+00:00\",\"dateModified\":\"2019-02-14T15:24:35+00:00\",\"breadcrumb\":{\"@id\":\"https:\/\/experienciadevida.com.ar\/portalurbano\/por-que-se-celebra-el-dia-de-san-valentin-el-14-de-febrero\/#breadcrumb\"},\"inLanguage\":\"es\",\"potentialAction\":[{\"@type\":\"ReadAction\",\"target\":[\"https:\/\/experienciadevida.com.ar\/portalurbano\/por-que-se-celebra-el-dia-de-san-valentin-el-14-de-febrero\/\"]}]},{\"@type\":\"BreadcrumbList\",\"@id\":\"https:\/\/experienciadevida.com.ar\/portalurbano\/por-que-se-celebra-el-dia-de-san-valentin-el-14-de-febrero\/#breadcrumb\",\"itemListElement\":[{\"@type\":\"ListItem\",\"position\":1,\"name\":\"Portada\",\"item\":\"https:\/\/experienciadevida.com.ar\/portalurbano\/\"},{\"@type\":\"ListItem\",\"position\":2,\"name\":\"\u00bfPor qu\u00e9 se celebra el d\u00eda de San Valent\u00edn el 14 de Febrero?\"}]},{\"@type\":\"WebSite\",\"@id\":\"https:\/\/experienciadevida.com.ar\/portalurbano\/#website\",\"url\":\"https:\/\/experienciadevida.com.ar\/portalurbano\/\",\"name\":\"\",\"description\":\"\",\"publisher\":{\"@id\":\"https:\/\/experienciadevida.com.ar\/portalurbano\/#organization\"},\"potentialAction\":[{\"@type\":\"SearchAction\",\"target\":{\"@type\":\"EntryPoint\",\"urlTemplate\":\"https:\/\/experienciadevida.com.ar\/portalurbano\/?s={search_term_string}\"},\"query-input\":\"required name=search_term_string\"}],\"inLanguage\":\"es\"},{\"@type\":\"Organization\",\"@id\":\"https:\/\/experienciadevida.com.ar\/portalurbano\/#organization\",\"name\":\"Portal Urbano\",\"url\":\"https:\/\/experienciadevida.com.ar\/portalurbano\/\",\"logo\":{\"@type\":\"ImageObject\",\"inLanguage\":\"es\",\"@id\":\"https:\/\/experienciadevida.com.ar\/portalurbano\/#\/schema\/logo\/image\/\",\"url\":\"https:\/\/experienciadevida.com.ar\/portalurbano\/wp-content\/uploads\/2019\/09\/Logo-Original.png\",\"contentUrl\":\"https:\/\/experienciadevida.com.ar\/portalurbano\/wp-content\/uploads\/2019\/09\/Logo-Original.png\",\"width\":2236,\"height\":1216,\"caption\":\"Portal Urbano\"},\"image\":{\"@id\":\"https:\/\/experienciadevida.com.ar\/portalurbano\/#\/schema\/logo\/image\/\"},\"sameAs\":[\"https:\/\/www.facebook.com\/Portal-Urbano-171542830093757\/\",\"https:\/\/twitter.com\/portalurbanook\",\"https:\/\/www.instagram.com\/_portalurbano\/\",\"https:\/\/www.youtube.com\/channel\/UCXhagIfszH8KxFiOok79zbA?view_as=subscriber\"]},{\"@type\":\"Person\",\"@id\":\"https:\/\/experienciadevida.com.ar\/portalurbano\/#\/schema\/person\/02dd326b1c4b056e9cc972486934a3a7\",\"name\":\"admpu17wp\",\"image\":{\"@type\":\"ImageObject\",\"inLanguage\":\"es\",\"@id\":\"https:\/\/experienciadevida.com.ar\/portalurbano\/#\/schema\/person\/image\/\",\"url\":\"https:\/\/secure.gravatar.com\/avatar\/830d4c57adaae6630765e449a6908047?s=96&d=mm&r=g\",\"contentUrl\":\"https:\/\/secure.gravatar.com\/avatar\/830d4c57adaae6630765e449a6908047?s=96&d=mm&r=g\",\"caption\":\"admpu17wp\"}}]}<\/script>\n<!-- \/ Yoast SEO plugin. -->","yoast_head_json":{"title":"\u00bfPor qu\u00e9 se celebra el d\u00eda de San Valent\u00edn el 14 de Febrero? -","robots":{"index":"index","follow":"follow","max-snippet":"max-snippet:-1","max-image-preview":"max-image-preview:large","max-video-preview":"max-video-preview:-1"},"canonical":"https:\/\/experienciadevida.com.ar\/portalurbano\/por-que-se-celebra-el-dia-de-san-valentin-el-14-de-febrero\/","og_locale":"es_ES","og_type":"article","og_title":"\u00bfPor qu\u00e9 se celebra el d\u00eda de San Valent\u00edn el 14 de Febrero? -","og_description":"Este 14 de febrero se festeja &#8220;San Valent\u00edn&#8221; o el d\u00eda de los enamorados una...","og_url":"https:\/\/experienciadevida.com.ar\/portalurbano\/por-que-se-celebra-el-dia-de-san-valentin-el-14-de-febrero\/","article_publisher":"https:\/\/www.facebook.com\/Portal-Urbano-171542830093757\/","article_published_time":"2019-02-14T15:24:13+00:00","article_modified_time":"2019-02-14T15:24:35+00:00","og_image":[{"width":800,"height":450,"url":"https:\/\/experienciadevida.com.ar\/portalurbano\/wp-content\/uploads\/2019\/02\/SANVALENTIN-e1550157383973.jpg","type":"image\/jpeg"}],"author":"admpu17wp","twitter_card":"summary_large_image","twitter_creator":"@portalurbanook","twitter_site":"@portalurbanook","twitter_misc":{"Escrito por":"admpu17wp","Tiempo de lectura":"2 minutos"},"schema":{"@context":"https:\/\/schema.org","@graph":[{"@type":"Article","@id":"https:\/\/experienciadevida.com.ar\/portalurbano\/por-que-se-celebra-el-dia-de-san-valentin-el-14-de-febrero\/#article","isPartOf":{"@id":"https:\/\/experienciadevida.com.ar\/portalurbano\/por-que-se-celebra-el-dia-de-san-valentin-el-14-de-febrero\/"},"author":{"name":"admpu17wp","@id":"https:\/\/experienciadevida.com.ar\/portalurbano\/#\/schema\/person\/02dd326b1c4b056e9cc972486934a3a7"},"headline":"\u00bfPor qu\u00e9 se celebra el d\u00eda de San Valent\u00edn el 14 de Febrero?","datePublished":"2019-02-14T15:24:13+00:00","dateModified":"2019-02-14T15:24:35+00:00","mainEntityOfPage":{"@id":"https:\/\/experienciadevida.com.ar\/portalurbano\/por-que-se-celebra-el-dia-de-san-valentin-el-14-de-febrero\/"},"wordCount":340,"commentCount":0,"publisher":{"@id":"https:\/\/experienciadevida.com.ar\/portalurbano\/#organization"},"articleSection":["Naci\u00f3n"],"inLanguage":"es","potentialAction":[{"@type":"CommentAction","name":"Comment","target":["https:\/\/experienciadevida.com.ar\/portalurbano\/por-que-se-celebra-el-dia-de-san-valentin-el-14-de-febrero\/#respond"]}]},{"@type":"WebPage","@id":"https:\/\/experienciadevida.com.ar\/portalurbano\/por-que-se-celebra-el-dia-de-san-valentin-el-14-de-febrero\/","url":"https:\/\/experienciadevida.com.ar\/portalurbano\/por-que-se-celebra-el-dia-de-san-valentin-el-14-de-febrero\/","name":"\u00bfPor qu\u00e9 se celebra el d\u00eda de San Valent\u00edn el 14 de Febrero? -","isPartOf":{"@id":"https:\/\/experienciadevida.com.ar\/portalurbano\/#website"},"datePublished":"2019-02-14T15:24:13+00:00","dateModified":"2019-02-14T15:24:35+00:00","breadcrumb":{"@id":"https:\/\/experienciadevida.com.ar\/portalurbano\/por-que-se-celebra-el-dia-de-san-valentin-el-14-de-febrero\/#breadcrumb"},"inLanguage":"es","potentialAction":[{"@type":"ReadAction","target":["https:\/\/experienciadevida.com.ar\/portalurbano\/por-que-se-celebra-el-dia-de-san-valentin-el-14-de-febrero\/"]}]},{"@type":"BreadcrumbList","@id":"https:\/\/experienciadevida.com.ar\/portalurbano\/por-que-se-celebra-el-dia-de-san-valentin-el-14-de-febrero\/#breadcrumb","itemListElement":[{"@type":"ListItem","position":1,"name":"Portada","item":"https:\/\/experienciadevida.com.ar\/portalurbano\/"},{"@type":"ListItem","position":2,"name":"\u00bfPor qu\u00e9 se celebra el d\u00eda de San Valent\u00edn el 14 de Febrero?"}]},{"@type":"WebSite","@id":"https:\/\/experienciadevida.com.ar\/portalurbano\/#website","url":"https:\/\/experienciadevida.com.ar\/portalurbano\/","name":"","description":"","publisher":{"@id":"https:\/\/experienciadevida.com.ar\/portalurbano\/#organization"},"potentialAction":[{"@type":"SearchAction","target":{"@type":"EntryPoint","urlTemplate":"https:\/\/experienciadevida.com.ar\/portalurbano\/?s={search_term_string}"},"query-input":"required name=search_term_string"}],"inLanguage":"es"},{"@type":"Organization","@id":"https:\/\/experienciadevida.com.ar\/portalurbano\/#organization","name":"Portal Urbano","url":"https:\/\/experienciadevida.com.ar\/portalurbano\/","logo":{"@type":"ImageObject","inLanguage":"es","@id":"https:\/\/experienciadevida.com.ar\/portalurbano\/#\/schema\/logo\/image\/","url":"https:\/\/experienciadevida.com.ar\/portalurbano\/wp-content\/uploads\/2019\/09\/Logo-Original.png","contentUrl":"https:\/\/experienciadevida.com.ar\/portalurbano\/wp-content\/uploads\/2019\/09\/Logo-Original.png","width":2236,"height":1216,"caption":"Portal Urbano"},"image":{"@id":"https:\/\/experienciadevida.com.ar\/portalurbano\/#\/schema\/logo\/image\/"},"sameAs":["https:\/\/www.facebook.com\/Portal-Urbano-171542830093757\/","https:\/\/twitter.com\/portalurbanook","https:\/\/www.instagram.com\/_portalurbano\/","https:\/\/www.youtube.com\/channel\/UCXhagIfszH8KxFiOok79zbA?view_as=subscriber"]},{"@type":"Person","@id":"https:\/\/experienciadevida.com.ar\/portalurbano\/#\/schema\/person\/02dd326b1c4b056e9cc972486934a3a7","name":"admpu17wp","image":{"@type":"ImageObject","inLanguage":"es","@id":"https:\/\/experienciadevida.com.ar\/portalurbano\/#\/schema\/person\/image\/","url":"https:\/\/secure.gravatar.com\/avatar\/830d4c57adaae6630765e449a6908047?s=96&d=mm&r=g","contentUrl":"https:\/\/secure.gravatar.com\/avatar\/830d4c57adaae6630765e449a6908047?s=96&d=mm&r=g","caption":"admpu17wp"}}]}},"featured_image_urls":{"full":"","thumbnail":"","medium":"","medium_large":"","large":"","ug_big":"","1536x1536":"","2048x2048":"","newsever-slider-full":"","newsever-featured":"","newsever-medium":"","web-stories-poster-portrait":"","web-stories-publisher-logo":"","web-stories-thumbnail":""},"author_info":{"display_name":"admpu17wp","author_link":"https:\/\/experienciadevida.com.ar\/portalurbano\/author\/admpu17wp\/"},"category_info":"<a href=\"https:\/\/experienciadevida.com.ar\/portalurbano\/category\/nacion\/\" rel=\"category tag\">Naci\u00f3n<\/a>","tag_info":"Naci\u00f3n","comment_count":"0","amp_enabled":true,"_links":{"self":[{"href":"https:\/\/experienciadevida.com.ar\/portalurbano\/wp-json\/wp\/v2\/posts\/57360"}],"collection":[{"href":"https:\/\/experienciadevida.com.ar\/portalurbano\/wp-json\/wp\/v2\/posts"}],"about":[{"href":"https:\/\/experienciadevida.com.ar\/portalurbano\/wp-json\/wp\/v2\/types\/post"}],"author":[{"embeddable":true,"href":"https:\/\/experienciadevida.com.ar\/portalurbano\/wp-json\/wp\/v2\/users\/1"}],"replies":[{"embeddable":true,"href":"https:\/\/experienciadevida.com.ar\/portalurbano\/wp-json\/wp\/v2\/comments?post=57360"}],"version-history":[{"count":2,"href":"https:\/\/experienciadevida.com.ar\/portalurbano\/wp-json\/wp\/v2\/posts\/57360\/revisions"}],"predecessor-version":[{"id":57373,"href":"https:\/\/experienciadevida.com.ar\/portalurbano\/wp-json\/wp\/v2\/posts\/57360\/revisions\/57373"}],"wp:attachment":[{"href":"https:\/\/experienciadevida.com.ar\/portalurbano\/wp-json\/wp\/v2\/media?parent=57360"}],"wp:term":[{"taxonomy":"category","embeddable":true,"href":"https:\/\/experienciadevida.com.ar\/portalurbano\/wp-json\/wp\/v2\/categories?post=57360"},{"taxonomy":"post_tag","embeddable":true,"href":"https:\/\/experienciadevida.com.ar\/portalurbano\/wp-json\/wp\/v2\/tags?post=57360"}],"curies":[{"name":"wp","href":"https:\/\/api.w.org\/{rel}","templated":true}]}}