{"id":56062,"date":"2019-01-30T11:16:15","date_gmt":"2019-01-30T14:16:15","guid":{"rendered":"https:\/\/experienciadevida.com.ar\/portalurbano\/?p=56062"},"modified":"2019-01-30T11:18:27","modified_gmt":"2019-01-30T14:18:27","slug":"prohiben-el-uso-y-comercializacion-de-un-aromatizador-de-vainilla","status":"publish","type":"post","link":"https:\/\/experienciadevida.com.ar\/portalurbano\/prohiben-el-uso-y-comercializacion-de-un-aromatizador-de-vainilla\/","title":{"rendered":"Proh\u00edben el uso y comercializaci\u00f3n de un aromatizador de vainilla"},"content":{"rendered":"<p>La ANMAT indic\u00f3 que el aromatizador natural bamb\u00fa vainilla no tiene datos de lote ni vencimiento, de la empresa Yerry S.R.L.\u00a0En la disposici\u00f3n 935\/2019 del Bolet\u00edn Oficial, el Departamento de Uso Dom\u00e9stico de la Direcci\u00f3n de Vigilancia de Productos para la Salud (DVPS) realiz\u00f3 una inspecci\u00f3n en la sede de Yerry SRL ubicada en Ciudadela, partido bonaerense de Tres de Febrero.<\/p>\n<p>El producto en cuesti\u00f3n no contaba con datos de lote, vencimiento, Registro Nacional de Establecimientos (R.N.E) ni Registro Nacional de Producto de uso dom\u00e9stico (R.N.P.U.D), la empresa explic\u00f3 que ellos no elaboran el producto.<\/p>\n<p>Los datos del producto que se prohibi\u00f3 son los siguientes: \u201cAromatizador Natural Bamb\u00fa Vainilla, fabricado por Yerry S.R.L. Cont. 50 ml. PAMS Exp: 4117-105362-11 Art. 11936 sin datos de lote, vencimiento, R.N.E. ni R.N.P.U.D.\u201d. Adem\u00e1s, la Anmat prohibi\u00f3 todos los productos de la empresa que no tengan datos del R.N.P.U.D. o del Tr\u00e1mite Interno (T.I.), ni del R.N.E.<\/p>\n<p>Foto: ilustrativa<\/p>\n","protected":false},"excerpt":{"rendered":"<p>La ANMAT indic\u00f3 que el aromatizador natural bamb\u00fa vainilla no tiene datos de lote ni&#8230;<\/p>\n","protected":false},"author":1,"featured_media":0,"comment_status":"open","ping_status":"open","sticky":false,"template":"","format":"standard","meta":{"content-type":""},"categories":[39],"tags":[],"nelio_content":{"isAutoShareEnabled":false,"autoShareEndMode":"default","automationSources":{"useContentSentences":true,"useSocialTemplates":true,"useCustomSentences":false,"customSentences":[]},"followers":[1],"suggestedReferences":[],"includedReferences":[],"efiUrl":"","efiAlt":"","highlights":[]},"yoast_head":"<!-- This site is optimized with the Yoast SEO plugin v20.7 - https:\/\/yoast.com\/wordpress\/plugins\/seo\/ -->\n<title>Proh\u00edben el uso y comercializaci\u00f3n de un aromatizador de vainilla -<\/title>\n<meta name=\"robots\" content=\"index, follow, max-snippet:-1, max-image-preview:large, max-video-preview:-1\" \/>\n<link rel=\"canonical\" href=\"https:\/\/experienciadevida.com.ar\/portalurbano\/prohiben-el-uso-y-comercializacion-de-un-aromatizador-de-vainilla\/\" \/>\n<meta property=\"og:locale\" content=\"es_ES\" \/>\n<meta property=\"og:type\" content=\"article\" \/>\n<meta property=\"og:title\" content=\"Proh\u00edben el uso y comercializaci\u00f3n de un aromatizador de vainilla -\" \/>\n<meta property=\"og:description\" content=\"La ANMAT indic\u00f3 que el aromatizador natural bamb\u00fa vainilla no tiene datos de lote ni...\" \/>\n<meta property=\"og:url\" content=\"https:\/\/experienciadevida.com.ar\/portalurbano\/prohiben-el-uso-y-comercializacion-de-un-aromatizador-de-vainilla\/\" \/>\n<meta property=\"article:publisher\" content=\"https:\/\/www.facebook.com\/Portal-Urbano-171542830093757\/\" \/>\n<meta property=\"article:published_time\" content=\"2019-01-30T14:16:15+00:00\" \/>\n<meta property=\"article:modified_time\" content=\"2019-01-30T14:18:27+00:00\" \/>\n<meta property=\"og:image\" content=\"https:\/\/experienciadevida.com.ar\/portalurbano\/wp-content\/uploads\/2019\/01\/AROMATIZADOR.jpg\" \/>\n\t<meta property=\"og:image:width\" content=\"800\" \/>\n\t<meta property=\"og:image:height\" content=\"533\" \/>\n\t<meta property=\"og:image:type\" content=\"image\/jpeg\" \/>\n<meta name=\"author\" content=\"admpu17wp\" \/>\n<meta name=\"twitter:card\" content=\"summary_large_image\" \/>\n<meta name=\"twitter:creator\" content=\"@portalurbanook\" \/>\n<meta name=\"twitter:site\" content=\"@portalurbanook\" \/>\n<meta name=\"twitter:label1\" content=\"Escrito por\" \/>\n\t<meta name=\"twitter:data1\" content=\"admpu17wp\" \/>\n\t<meta name=\"twitter:label2\" content=\"Tiempo de lectura\" \/>\n\t<meta name=\"twitter:data2\" content=\"1 minuto\" \/>\n<script type=\"application\/ld+json\" class=\"yoast-schema-graph\">{\"@context\":\"https:\/\/schema.org\",\"@graph\":[{\"@type\":\"Article\",\"@id\":\"https:\/\/experienciadevida.com.ar\/portalurbano\/prohiben-el-uso-y-comercializacion-de-un-aromatizador-de-vainilla\/#article\",\"isPartOf\":{\"@id\":\"https:\/\/experienciadevida.com.ar\/portalurbano\/prohiben-el-uso-y-comercializacion-de-un-aromatizador-de-vainilla\/\"},\"author\":{\"name\":\"admpu17wp\",\"@id\":\"https:\/\/experienciadevida.com.ar\/portalurbano\/#\/schema\/person\/02dd326b1c4b056e9cc972486934a3a7\"},\"headline\":\"Proh\u00edben el uso y comercializaci\u00f3n de un aromatizador de vainilla\",\"datePublished\":\"2019-01-30T14:16:15+00:00\",\"dateModified\":\"2019-01-30T14:18:27+00:00\",\"mainEntityOfPage\":{\"@id\":\"https:\/\/experienciadevida.com.ar\/portalurbano\/prohiben-el-uso-y-comercializacion-de-un-aromatizador-de-vainilla\/\"},\"wordCount\":198,\"commentCount\":0,\"publisher\":{\"@id\":\"https:\/\/experienciadevida.com.ar\/portalurbano\/#organization\"},\"articleSection\":[\"Naci\u00f3n\"],\"inLanguage\":\"es\",\"potentialAction\":[{\"@type\":\"CommentAction\",\"name\":\"Comment\",\"target\":[\"https:\/\/experienciadevida.com.ar\/portalurbano\/prohiben-el-uso-y-comercializacion-de-un-aromatizador-de-vainilla\/#respond\"]}]},{\"@type\":\"WebPage\",\"@id\":\"https:\/\/experienciadevida.com.ar\/portalurbano\/prohiben-el-uso-y-comercializacion-de-un-aromatizador-de-vainilla\/\",\"url\":\"https:\/\/experienciadevida.com.ar\/portalurbano\/prohiben-el-uso-y-comercializacion-de-un-aromatizador-de-vainilla\/\",\"name\":\"Proh\u00edben el uso y comercializaci\u00f3n de un aromatizador de vainilla -\",\"isPartOf\":{\"@id\":\"https:\/\/experienciadevida.com.ar\/portalurbano\/#website\"},\"datePublished\":\"2019-01-30T14:16:15+00:00\",\"dateModified\":\"2019-01-30T14:18:27+00:00\",\"breadcrumb\":{\"@id\":\"https:\/\/experienciadevida.com.ar\/portalurbano\/prohiben-el-uso-y-comercializacion-de-un-aromatizador-de-vainilla\/#breadcrumb\"},\"inLanguage\":\"es\",\"potentialAction\":[{\"@type\":\"ReadAction\",\"target\":[\"https:\/\/experienciadevida.com.ar\/portalurbano\/prohiben-el-uso-y-comercializacion-de-un-aromatizador-de-vainilla\/\"]}]},{\"@type\":\"BreadcrumbList\",\"@id\":\"https:\/\/experienciadevida.com.ar\/portalurbano\/prohiben-el-uso-y-comercializacion-de-un-aromatizador-de-vainilla\/#breadcrumb\",\"itemListElement\":[{\"@type\":\"ListItem\",\"position\":1,\"name\":\"Portada\",\"item\":\"https:\/\/experienciadevida.com.ar\/portalurbano\/\"},{\"@type\":\"ListItem\",\"position\":2,\"name\":\"Proh\u00edben el uso y comercializaci\u00f3n de un aromatizador de vainilla\"}]},{\"@type\":\"WebSite\",\"@id\":\"https:\/\/experienciadevida.com.ar\/portalurbano\/#website\",\"url\":\"https:\/\/experienciadevida.com.ar\/portalurbano\/\",\"name\":\"\",\"description\":\"\",\"publisher\":{\"@id\":\"https:\/\/experienciadevida.com.ar\/portalurbano\/#organization\"},\"potentialAction\":[{\"@type\":\"SearchAction\",\"target\":{\"@type\":\"EntryPoint\",\"urlTemplate\":\"https:\/\/experienciadevida.com.ar\/portalurbano\/?s={search_term_string}\"},\"query-input\":\"required name=search_term_string\"}],\"inLanguage\":\"es\"},{\"@type\":\"Organization\",\"@id\":\"https:\/\/experienciadevida.com.ar\/portalurbano\/#organization\",\"name\":\"Portal Urbano\",\"url\":\"https:\/\/experienciadevida.com.ar\/portalurbano\/\",\"logo\":{\"@type\":\"ImageObject\",\"inLanguage\":\"es\",\"@id\":\"https:\/\/experienciadevida.com.ar\/portalurbano\/#\/schema\/logo\/image\/\",\"url\":\"https:\/\/experienciadevida.com.ar\/portalurbano\/wp-content\/uploads\/2019\/09\/Logo-Original.png\",\"contentUrl\":\"https:\/\/experienciadevida.com.ar\/portalurbano\/wp-content\/uploads\/2019\/09\/Logo-Original.png\",\"width\":2236,\"height\":1216,\"caption\":\"Portal Urbano\"},\"image\":{\"@id\":\"https:\/\/experienciadevida.com.ar\/portalurbano\/#\/schema\/logo\/image\/\"},\"sameAs\":[\"https:\/\/www.facebook.com\/Portal-Urbano-171542830093757\/\",\"https:\/\/twitter.com\/portalurbanook\",\"https:\/\/www.instagram.com\/_portalurbano\/\",\"https:\/\/www.youtube.com\/channel\/UCXhagIfszH8KxFiOok79zbA?view_as=subscriber\"]},{\"@type\":\"Person\",\"@id\":\"https:\/\/experienciadevida.com.ar\/portalurbano\/#\/schema\/person\/02dd326b1c4b056e9cc972486934a3a7\",\"name\":\"admpu17wp\",\"image\":{\"@type\":\"ImageObject\",\"inLanguage\":\"es\",\"@id\":\"https:\/\/experienciadevida.com.ar\/portalurbano\/#\/schema\/person\/image\/\",\"url\":\"https:\/\/secure.gravatar.com\/avatar\/830d4c57adaae6630765e449a6908047?s=96&d=mm&r=g\",\"contentUrl\":\"https:\/\/secure.gravatar.com\/avatar\/830d4c57adaae6630765e449a6908047?s=96&d=mm&r=g\",\"caption\":\"admpu17wp\"}}]}<\/script>\n<!-- \/ Yoast SEO plugin. -->","yoast_head_json":{"title":"Proh\u00edben el uso y comercializaci\u00f3n de un aromatizador de vainilla -","robots":{"index":"index","follow":"follow","max-snippet":"max-snippet:-1","max-image-preview":"max-image-preview:large","max-video-preview":"max-video-preview:-1"},"canonical":"https:\/\/experienciadevida.com.ar\/portalurbano\/prohiben-el-uso-y-comercializacion-de-un-aromatizador-de-vainilla\/","og_locale":"es_ES","og_type":"article","og_title":"Proh\u00edben el uso y comercializaci\u00f3n de un aromatizador de vainilla -","og_description":"La ANMAT indic\u00f3 que el aromatizador natural bamb\u00fa vainilla no tiene datos de lote ni...","og_url":"https:\/\/experienciadevida.com.ar\/portalurbano\/prohiben-el-uso-y-comercializacion-de-un-aromatizador-de-vainilla\/","article_publisher":"https:\/\/www.facebook.com\/Portal-Urbano-171542830093757\/","article_published_time":"2019-01-30T14:16:15+00:00","article_modified_time":"2019-01-30T14:18:27+00:00","og_image":[{"width":800,"height":533,"url":"https:\/\/experienciadevida.com.ar\/portalurbano\/wp-content\/uploads\/2019\/01\/AROMATIZADOR.jpg","type":"image\/jpeg"}],"author":"admpu17wp","twitter_card":"summary_large_image","twitter_creator":"@portalurbanook","twitter_site":"@portalurbanook","twitter_misc":{"Escrito por":"admpu17wp","Tiempo de lectura":"1 minuto"},"schema":{"@context":"https:\/\/schema.org","@graph":[{"@type":"Article","@id":"https:\/\/experienciadevida.com.ar\/portalurbano\/prohiben-el-uso-y-comercializacion-de-un-aromatizador-de-vainilla\/#article","isPartOf":{"@id":"https:\/\/experienciadevida.com.ar\/portalurbano\/prohiben-el-uso-y-comercializacion-de-un-aromatizador-de-vainilla\/"},"author":{"name":"admpu17wp","@id":"https:\/\/experienciadevida.com.ar\/portalurbano\/#\/schema\/person\/02dd326b1c4b056e9cc972486934a3a7"},"headline":"Proh\u00edben el uso y comercializaci\u00f3n de un aromatizador de vainilla","datePublished":"2019-01-30T14:16:15+00:00","dateModified":"2019-01-30T14:18:27+00:00","mainEntityOfPage":{"@id":"https:\/\/experienciadevida.com.ar\/portalurbano\/prohiben-el-uso-y-comercializacion-de-un-aromatizador-de-vainilla\/"},"wordCount":198,"commentCount":0,"publisher":{"@id":"https:\/\/experienciadevida.com.ar\/portalurbano\/#organization"},"articleSection":["Naci\u00f3n"],"inLanguage":"es","potentialAction":[{"@type":"CommentAction","name":"Comment","target":["https:\/\/experienciadevida.com.ar\/portalurbano\/prohiben-el-uso-y-comercializacion-de-un-aromatizador-de-vainilla\/#respond"]}]},{"@type":"WebPage","@id":"https:\/\/experienciadevida.com.ar\/portalurbano\/prohiben-el-uso-y-comercializacion-de-un-aromatizador-de-vainilla\/","url":"https:\/\/experienciadevida.com.ar\/portalurbano\/prohiben-el-uso-y-comercializacion-de-un-aromatizador-de-vainilla\/","name":"Proh\u00edben el uso y comercializaci\u00f3n de un aromatizador de vainilla -","isPartOf":{"@id":"https:\/\/experienciadevida.com.ar\/portalurbano\/#website"},"datePublished":"2019-01-30T14:16:15+00:00","dateModified":"2019-01-30T14:18:27+00:00","breadcrumb":{"@id":"https:\/\/experienciadevida.com.ar\/portalurbano\/prohiben-el-uso-y-comercializacion-de-un-aromatizador-de-vainilla\/#breadcrumb"},"inLanguage":"es","potentialAction":[{"@type":"ReadAction","target":["https:\/\/experienciadevida.com.ar\/portalurbano\/prohiben-el-uso-y-comercializacion-de-un-aromatizador-de-vainilla\/"]}]},{"@type":"BreadcrumbList","@id":"https:\/\/experienciadevida.com.ar\/portalurbano\/prohiben-el-uso-y-comercializacion-de-un-aromatizador-de-vainilla\/#breadcrumb","itemListElement":[{"@type":"ListItem","position":1,"name":"Portada","item":"https:\/\/experienciadevida.com.ar\/portalurbano\/"},{"@type":"ListItem","position":2,"name":"Proh\u00edben el uso y comercializaci\u00f3n de un aromatizador de vainilla"}]},{"@type":"WebSite","@id":"https:\/\/experienciadevida.com.ar\/portalurbano\/#website","url":"https:\/\/experienciadevida.com.ar\/portalurbano\/","name":"","description":"","publisher":{"@id":"https:\/\/experienciadevida.com.ar\/portalurbano\/#organization"},"potentialAction":[{"@type":"SearchAction","target":{"@type":"EntryPoint","urlTemplate":"https:\/\/experienciadevida.com.ar\/portalurbano\/?s={search_term_string}"},"query-input":"required name=search_term_string"}],"inLanguage":"es"},{"@type":"Organization","@id":"https:\/\/experienciadevida.com.ar\/portalurbano\/#organization","name":"Portal Urbano","url":"https:\/\/experienciadevida.com.ar\/portalurbano\/","logo":{"@type":"ImageObject","inLanguage":"es","@id":"https:\/\/experienciadevida.com.ar\/portalurbano\/#\/schema\/logo\/image\/","url":"https:\/\/experienciadevida.com.ar\/portalurbano\/wp-content\/uploads\/2019\/09\/Logo-Original.png","contentUrl":"https:\/\/experienciadevida.com.ar\/portalurbano\/wp-content\/uploads\/2019\/09\/Logo-Original.png","width":2236,"height":1216,"caption":"Portal Urbano"},"image":{"@id":"https:\/\/experienciadevida.com.ar\/portalurbano\/#\/schema\/logo\/image\/"},"sameAs":["https:\/\/www.facebook.com\/Portal-Urbano-171542830093757\/","https:\/\/twitter.com\/portalurbanook","https:\/\/www.instagram.com\/_portalurbano\/","https:\/\/www.youtube.com\/channel\/UCXhagIfszH8KxFiOok79zbA?view_as=subscriber"]},{"@type":"Person","@id":"https:\/\/experienciadevida.com.ar\/portalurbano\/#\/schema\/person\/02dd326b1c4b056e9cc972486934a3a7","name":"admpu17wp","image":{"@type":"ImageObject","inLanguage":"es","@id":"https:\/\/experienciadevida.com.ar\/portalurbano\/#\/schema\/person\/image\/","url":"https:\/\/secure.gravatar.com\/avatar\/830d4c57adaae6630765e449a6908047?s=96&d=mm&r=g","contentUrl":"https:\/\/secure.gravatar.com\/avatar\/830d4c57adaae6630765e449a6908047?s=96&d=mm&r=g","caption":"admpu17wp"}}]}},"featured_image_urls":{"full":"","thumbnail":"","medium":"","medium_large":"","large":"","ug_big":"","1536x1536":"","2048x2048":"","newsever-slider-full":"","newsever-featured":"","newsever-medium":"","web-stories-poster-portrait":"","web-stories-publisher-logo":"","web-stories-thumbnail":""},"author_info":{"display_name":"admpu17wp","author_link":"https:\/\/experienciadevida.com.ar\/portalurbano\/author\/admpu17wp\/"},"category_info":"<a href=\"https:\/\/experienciadevida.com.ar\/portalurbano\/category\/nacion\/\" rel=\"category tag\">Naci\u00f3n<\/a>","tag_info":"Naci\u00f3n","comment_count":"0","amp_enabled":true,"_links":{"self":[{"href":"https:\/\/experienciadevida.com.ar\/portalurbano\/wp-json\/wp\/v2\/posts\/56062"}],"collection":[{"href":"https:\/\/experienciadevida.com.ar\/portalurbano\/wp-json\/wp\/v2\/posts"}],"about":[{"href":"https:\/\/experienciadevida.com.ar\/portalurbano\/wp-json\/wp\/v2\/types\/post"}],"author":[{"embeddable":true,"href":"https:\/\/experienciadevida.com.ar\/portalurbano\/wp-json\/wp\/v2\/users\/1"}],"replies":[{"embeddable":true,"href":"https:\/\/experienciadevida.com.ar\/portalurbano\/wp-json\/wp\/v2\/comments?post=56062"}],"version-history":[{"count":1,"href":"https:\/\/experienciadevida.com.ar\/portalurbano\/wp-json\/wp\/v2\/posts\/56062\/revisions"}],"predecessor-version":[{"id":56064,"href":"https:\/\/experienciadevida.com.ar\/portalurbano\/wp-json\/wp\/v2\/posts\/56062\/revisions\/56064"}],"wp:attachment":[{"href":"https:\/\/experienciadevida.com.ar\/portalurbano\/wp-json\/wp\/v2\/media?parent=56062"}],"wp:term":[{"taxonomy":"category","embeddable":true,"href":"https:\/\/experienciadevida.com.ar\/portalurbano\/wp-json\/wp\/v2\/categories?post=56062"},{"taxonomy":"post_tag","embeddable":true,"href":"https:\/\/experienciadevida.com.ar\/portalurbano\/wp-json\/wp\/v2\/tags?post=56062"}],"curies":[{"name":"wp","href":"https:\/\/api.w.org\/{rel}","templated":true}]}}