{"id":55855,"date":"2019-01-27T11:40:37","date_gmt":"2019-01-27T14:40:37","guid":{"rendered":"https:\/\/experienciadevida.com.ar\/portalurbano\/?p=55855"},"modified":"2019-01-27T11:58:40","modified_gmt":"2019-01-27T14:58:40","slug":"tendencia-peligrosa-padres-que-dejan-a-sus-hijos-en-autos","status":"publish","type":"post","link":"https:\/\/experienciadevida.com.ar\/portalurbano\/tendencia-peligrosa-padres-que-dejan-a-sus-hijos-en-autos\/","title":{"rendered":"Tendencia peligrosa: padres que dejan a sus hijos en autos"},"content":{"rendered":"<article id=\"article-post\" class=\"first\">\n<p class=\"interiorCopete\">\u201cNunca pueden quedarse los ni\u00f1os solos en el auto, ni siquiera para bajar a comprarle una golosina\u201d, advierten los especialistas. Puede provocarles desde golpes de calor hasta dejar secuelas irreversible<\/p>\n<div class=\"separator-line\">Frente a\u00a0<strong>la multiplicaci\u00f3n de casos en que padres olvidan a sus hijos dentro del auto<\/strong>, especialistas alertaron sobre los peligros de que se produzca esta situaci\u00f3n en verano, que puede provocar desde golpes de calor y cuadros de deshidrataci\u00f3n hasta episodios de m\u00e1s gravedad que dejen secuelas irreversibles o hasta deriven en la muerte del chico.<\/div>\n<div class=\"cuerpo\" data-twitter-link=\"https:\/\/twitter.com\/intent\/tweet?url=https:\/\/www.diariopopular.com.ar\/\/c383629&amp;via=poopulardiario&amp;related=Diario Popular&amp;text=\">\n<div id=\"div-gpt-ad-nota-693483\" class=\"banner-90\" data-mapping=\"mapping9\" data-google-query-id=\"CNWAp9WXjuACFYuqyAodGK4OGw\">\n<div><\/div>\n<div id=\"google_ads_iframe_\/7581181\/dp_universal_0__container__\">Los dos \u00faltimos casos sucedieron, uno el viernes en\u00a0<strong>Quilmes<\/strong>, cuando los padres dejaron a su hijo de 4 a\u00f1os encerrado para ir a una concesionaria, y debi\u00f3 ser hospitalizado al encontrarlo desvanecido. Y el otro caso ocurri\u00f3 el pasado martes, cuando una pareja dej\u00f3 encerrada a su hija en el auto de un estacionamiento de un shopping del barrio porte\u00f1o de\u00a0<strong>Boedo<\/strong>, mientras hac\u00eda m\u00e1s de 30 grados.<\/div>\n<\/div>\n<\/div>\n<\/article>\n<article id=\"article-post\">\n<div class=\"cuerpo\" data-twitter-link=\"https:\/\/twitter.com\/intent\/tweet?url=https:\/\/www.diariopopular.com.ar\/\/c383629&amp;via=poopulardiario&amp;related=Diario Popular&amp;text=\">\n<p>El hecho m\u00e1s tr\u00e1gico se produjo en noviembre de 2018 en\u00a0<strong>Santos Lugares<\/strong>, cuando muri\u00f3 una beba de 17 meses luego de que su padre -quien sufr\u00eda p\u00e9rdida de memoria por un ACV- se la olvidara en el auto durante ocho horas.<\/p>\n<p><strong>\u201cHay que tener extremo cuidado siempre, pero mucho m\u00e1s en el verano y si el auto est\u00e1 expuesto al sol\u201d<\/strong>, expres\u00f3 <strong>Eduardo Silvestre<\/strong>, m\u00e9dico pediatra y divulgador cient\u00edfico de Grupo Medihome, quien aclar\u00f3 que<strong>\u00a0\u201cnunca pueden quedarse los ni\u00f1os solos en el auto, ni siquiera para bajar a comprarle una golosina<\/strong>\u201d. Silvestre aclar\u00f3 que \u201cel calor no es lo \u00fanico, sino que pueden ocurrir otros accidentes al dejar a un nene solo en el auto, sobre todo cuanto m\u00e1s chiquito sea\u201d y precis\u00f3 que se pueden dar \u201ccuadros de deshidrataci\u00f3n de distinta gravedad, golpes de calor, ataques de p\u00e1nico y, si pasan muchas horas, incluso asfixia\u201d.<\/p>\n<p>El tambi\u00e9n\u00a0<strong>Jefe de \u00c1rea Ambulatoria en el Hospital Garrahan<\/strong>\u00a0detall\u00f3:\u00a0<strong>\u201cLos ni\u00f1os tienen inestabilidad en el balance h\u00eddrico, que es el resultado final de los ingresos y egresos de agua del organismo. Por eso tienen que tomar agua (o la teta, si son beb\u00e9s) con frecuencia\u201d<\/strong>. En el caso de un nene que se queda atrapado dentro de un veh\u00edculo, el profesional se\u00f1al\u00f3 que \u201cmientras m\u00e1s tiempo pase y m\u00e1s alta sea la temperatura dentro del habit\u00e1culo, la p\u00e9rdida de l\u00edquido va a ser m\u00e1s importante y se van a producir una serie de eventos progresivos\u201d.<\/p>\n<p>El primer caso es lo previo al golpe de calor, se llama agotamiento por calor. Los s\u00edntomas son sudoraci\u00f3n excesiva, piel p\u00e1lida y fr\u00eda, sensaci\u00f3n de calor sofocante. Si es un ni\u00f1o mayor y puede expresarlo, tiene calambres musculares; se lo ve con apat\u00eda, d\u00e9bil e incluso con dolor de est\u00f3mago, cabeza o puede tornarse muy irritable\u201d, grafic\u00f3 Silvestre, quien aclar\u00f3 que en este caso se debe consultar al m\u00e9dico para evitar un mal mayor.<\/p>\n<div id=\"div-gpt-ad-nota-784413\" class=\"banner-90\" data-mapping=\"mapping9\" data-google-query-id=\"COrpptWXjuACFUcMswAdLJEHKw\">\n<div id=\"google_ads_iframe_\/7581181\/dp_universal_1__container__\">El deterioro en la salud prosigue.\u00a0<strong>\u201cCuando no se reponen l\u00edquidos, el organismo fracasa en la compensaci\u00f3n y aumenta la temperatura corporal hasta 39 o 40 grados. La piel se pone roja, caliente y seca porque la transpiraci\u00f3n se agot\u00f3. En ese caso se empieza a alterar todo el funcionamiento. El coraz\u00f3n late m\u00e1s r\u00e1pido, los pulmones tambi\u00e9n aumentan la frecuenca y se pierde m\u00e1s l\u00edquido\u201d<\/strong>, puntualiz\u00f3, mientras alert\u00f3: \u201cFinalmente aparece dolor de cabeza muy intenso, v\u00e9rtigos, mareos y desorientaci\u00f3n, delirio, p\u00e9rdida de conocimiento, convulsiones e incluso puede llegar a darse la muerte\u201d.<\/div>\n<\/div>\n<p>Consultado por otras circunstancias de que un chico quede atrapado dentro de un veh\u00edculo, el especialista de\u00a0<strong>Grupo Medihome<\/strong>\u00a0expres\u00f3: \u201cSi aparece un ataque de p\u00e1nico, aumenta la frecuencia card\u00edaca, la respiratoria y contribuye a deshidratarse\u201d. Y agreg\u00f3: \u201cPara que se produzca asfixia tienen que pasar m\u00e1s de 4 horas y el auto completamente cerrado. Entonces, cada vez queda menos ox\u00edgeno y m\u00e1s de di\u00f3xido de carbono y respir\u00e1s una atm\u00f3sfera cada vez m\u00e1s contaminada\u201d.<\/p>\n<p>Fuente: Telam<\/p>\n<\/div>\n<\/article>\n","protected":false},"excerpt":{"rendered":"<p>\u201cNunca pueden quedarse los ni\u00f1os solos en el auto, ni siquiera para bajar a comprarle&#8230;<\/p>\n","protected":false},"author":1,"featured_media":0,"comment_status":"open","ping_status":"open","sticky":false,"template":"","format":"standard","meta":{"content-type":""},"categories":[39],"tags":[],"nelio_content":{"isAutoShareEnabled":false,"autoShareEndMode":"default","automationSources":{"useContentSentences":true,"useSocialTemplates":true,"useCustomSentences":false,"customSentences":[]},"followers":[1],"suggestedReferences":[],"includedReferences":[],"efiUrl":"","efiAlt":"","highlights":[]},"yoast_head":"<!-- This site is optimized with the Yoast SEO plugin v20.7 - https:\/\/yoast.com\/wordpress\/plugins\/seo\/ -->\n<title>Tendencia peligrosa: padres que dejan a sus hijos en autos -<\/title>\n<meta name=\"robots\" content=\"index, follow, max-snippet:-1, max-image-preview:large, max-video-preview:-1\" \/>\n<link rel=\"canonical\" href=\"https:\/\/experienciadevida.com.ar\/portalurbano\/tendencia-peligrosa-padres-que-dejan-a-sus-hijos-en-autos\/\" \/>\n<meta property=\"og:locale\" content=\"es_ES\" \/>\n<meta property=\"og:type\" content=\"article\" \/>\n<meta property=\"og:title\" content=\"Tendencia peligrosa: padres que dejan a sus hijos en autos -\" \/>\n<meta property=\"og:description\" content=\"\u201cNunca pueden quedarse los ni\u00f1os solos en el auto, ni siquiera para bajar a comprarle...\" \/>\n<meta property=\"og:url\" content=\"https:\/\/experienciadevida.com.ar\/portalurbano\/tendencia-peligrosa-padres-que-dejan-a-sus-hijos-en-autos\/\" \/>\n<meta property=\"article:publisher\" content=\"https:\/\/www.facebook.com\/Portal-Urbano-171542830093757\/\" \/>\n<meta property=\"article:published_time\" content=\"2019-01-27T14:40:37+00:00\" \/>\n<meta property=\"article:modified_time\" content=\"2019-01-27T14:58:40+00:00\" \/>\n<meta property=\"og:image\" content=\"https:\/\/experienciadevida.com.ar\/portalurbano\/wp-content\/uploads\/2019\/01\/0005668750-e1548600025144.jpg\" \/>\n\t<meta property=\"og:image:width\" content=\"750\" \/>\n\t<meta property=\"og:image:height\" content=\"563\" \/>\n\t<meta property=\"og:image:type\" content=\"image\/jpeg\" \/>\n<meta name=\"author\" content=\"admpu17wp\" \/>\n<meta name=\"twitter:card\" content=\"summary_large_image\" \/>\n<meta name=\"twitter:creator\" content=\"@portalurbanook\" \/>\n<meta name=\"twitter:site\" content=\"@portalurbanook\" \/>\n<meta name=\"twitter:label1\" content=\"Escrito por\" \/>\n\t<meta name=\"twitter:data1\" content=\"admpu17wp\" \/>\n\t<meta name=\"twitter:label2\" content=\"Tiempo de lectura\" \/>\n\t<meta name=\"twitter:data2\" content=\"4 minutos\" \/>\n<script type=\"application\/ld+json\" class=\"yoast-schema-graph\">{\"@context\":\"https:\/\/schema.org\",\"@graph\":[{\"@type\":\"Article\",\"@id\":\"https:\/\/experienciadevida.com.ar\/portalurbano\/tendencia-peligrosa-padres-que-dejan-a-sus-hijos-en-autos\/#article\",\"isPartOf\":{\"@id\":\"https:\/\/experienciadevida.com.ar\/portalurbano\/tendencia-peligrosa-padres-que-dejan-a-sus-hijos-en-autos\/\"},\"author\":{\"name\":\"admpu17wp\",\"@id\":\"https:\/\/experienciadevida.com.ar\/portalurbano\/#\/schema\/person\/02dd326b1c4b056e9cc972486934a3a7\"},\"headline\":\"Tendencia peligrosa: padres que dejan a sus hijos en autos\",\"datePublished\":\"2019-01-27T14:40:37+00:00\",\"dateModified\":\"2019-01-27T14:58:40+00:00\",\"mainEntityOfPage\":{\"@id\":\"https:\/\/experienciadevida.com.ar\/portalurbano\/tendencia-peligrosa-padres-que-dejan-a-sus-hijos-en-autos\/\"},\"wordCount\":713,\"commentCount\":0,\"publisher\":{\"@id\":\"https:\/\/experienciadevida.com.ar\/portalurbano\/#organization\"},\"articleSection\":[\"Naci\u00f3n\"],\"inLanguage\":\"es\",\"potentialAction\":[{\"@type\":\"CommentAction\",\"name\":\"Comment\",\"target\":[\"https:\/\/experienciadevida.com.ar\/portalurbano\/tendencia-peligrosa-padres-que-dejan-a-sus-hijos-en-autos\/#respond\"]}]},{\"@type\":\"WebPage\",\"@id\":\"https:\/\/experienciadevida.com.ar\/portalurbano\/tendencia-peligrosa-padres-que-dejan-a-sus-hijos-en-autos\/\",\"url\":\"https:\/\/experienciadevida.com.ar\/portalurbano\/tendencia-peligrosa-padres-que-dejan-a-sus-hijos-en-autos\/\",\"name\":\"Tendencia peligrosa: padres que dejan a sus hijos en autos -\",\"isPartOf\":{\"@id\":\"https:\/\/experienciadevida.com.ar\/portalurbano\/#website\"},\"datePublished\":\"2019-01-27T14:40:37+00:00\",\"dateModified\":\"2019-01-27T14:58:40+00:00\",\"breadcrumb\":{\"@id\":\"https:\/\/experienciadevida.com.ar\/portalurbano\/tendencia-peligrosa-padres-que-dejan-a-sus-hijos-en-autos\/#breadcrumb\"},\"inLanguage\":\"es\",\"potentialAction\":[{\"@type\":\"ReadAction\",\"target\":[\"https:\/\/experienciadevida.com.ar\/portalurbano\/tendencia-peligrosa-padres-que-dejan-a-sus-hijos-en-autos\/\"]}]},{\"@type\":\"BreadcrumbList\",\"@id\":\"https:\/\/experienciadevida.com.ar\/portalurbano\/tendencia-peligrosa-padres-que-dejan-a-sus-hijos-en-autos\/#breadcrumb\",\"itemListElement\":[{\"@type\":\"ListItem\",\"position\":1,\"name\":\"Portada\",\"item\":\"https:\/\/experienciadevida.com.ar\/portalurbano\/\"},{\"@type\":\"ListItem\",\"position\":2,\"name\":\"Tendencia peligrosa: padres que dejan a sus hijos en autos\"}]},{\"@type\":\"WebSite\",\"@id\":\"https:\/\/experienciadevida.com.ar\/portalurbano\/#website\",\"url\":\"https:\/\/experienciadevida.com.ar\/portalurbano\/\",\"name\":\"\",\"description\":\"\",\"publisher\":{\"@id\":\"https:\/\/experienciadevida.com.ar\/portalurbano\/#organization\"},\"potentialAction\":[{\"@type\":\"SearchAction\",\"target\":{\"@type\":\"EntryPoint\",\"urlTemplate\":\"https:\/\/experienciadevida.com.ar\/portalurbano\/?s={search_term_string}\"},\"query-input\":\"required name=search_term_string\"}],\"inLanguage\":\"es\"},{\"@type\":\"Organization\",\"@id\":\"https:\/\/experienciadevida.com.ar\/portalurbano\/#organization\",\"name\":\"Portal Urbano\",\"url\":\"https:\/\/experienciadevida.com.ar\/portalurbano\/\",\"logo\":{\"@type\":\"ImageObject\",\"inLanguage\":\"es\",\"@id\":\"https:\/\/experienciadevida.com.ar\/portalurbano\/#\/schema\/logo\/image\/\",\"url\":\"https:\/\/experienciadevida.com.ar\/portalurbano\/wp-content\/uploads\/2019\/09\/Logo-Original.png\",\"contentUrl\":\"https:\/\/experienciadevida.com.ar\/portalurbano\/wp-content\/uploads\/2019\/09\/Logo-Original.png\",\"width\":2236,\"height\":1216,\"caption\":\"Portal Urbano\"},\"image\":{\"@id\":\"https:\/\/experienciadevida.com.ar\/portalurbano\/#\/schema\/logo\/image\/\"},\"sameAs\":[\"https:\/\/www.facebook.com\/Portal-Urbano-171542830093757\/\",\"https:\/\/twitter.com\/portalurbanook\",\"https:\/\/www.instagram.com\/_portalurbano\/\",\"https:\/\/www.youtube.com\/channel\/UCXhagIfszH8KxFiOok79zbA?view_as=subscriber\"]},{\"@type\":\"Person\",\"@id\":\"https:\/\/experienciadevida.com.ar\/portalurbano\/#\/schema\/person\/02dd326b1c4b056e9cc972486934a3a7\",\"name\":\"admpu17wp\",\"image\":{\"@type\":\"ImageObject\",\"inLanguage\":\"es\",\"@id\":\"https:\/\/experienciadevida.com.ar\/portalurbano\/#\/schema\/person\/image\/\",\"url\":\"https:\/\/secure.gravatar.com\/avatar\/830d4c57adaae6630765e449a6908047?s=96&d=mm&r=g\",\"contentUrl\":\"https:\/\/secure.gravatar.com\/avatar\/830d4c57adaae6630765e449a6908047?s=96&d=mm&r=g\",\"caption\":\"admpu17wp\"}}]}<\/script>\n<!-- \/ Yoast SEO plugin. -->","yoast_head_json":{"title":"Tendencia peligrosa: padres que dejan a sus hijos en autos -","robots":{"index":"index","follow":"follow","max-snippet":"max-snippet:-1","max-image-preview":"max-image-preview:large","max-video-preview":"max-video-preview:-1"},"canonical":"https:\/\/experienciadevida.com.ar\/portalurbano\/tendencia-peligrosa-padres-que-dejan-a-sus-hijos-en-autos\/","og_locale":"es_ES","og_type":"article","og_title":"Tendencia peligrosa: padres que dejan a sus hijos en autos -","og_description":"\u201cNunca pueden quedarse los ni\u00f1os solos en el auto, ni siquiera para bajar a comprarle...","og_url":"https:\/\/experienciadevida.com.ar\/portalurbano\/tendencia-peligrosa-padres-que-dejan-a-sus-hijos-en-autos\/","article_publisher":"https:\/\/www.facebook.com\/Portal-Urbano-171542830093757\/","article_published_time":"2019-01-27T14:40:37+00:00","article_modified_time":"2019-01-27T14:58:40+00:00","og_image":[{"width":750,"height":563,"url":"https:\/\/experienciadevida.com.ar\/portalurbano\/wp-content\/uploads\/2019\/01\/0005668750-e1548600025144.jpg","type":"image\/jpeg"}],"author":"admpu17wp","twitter_card":"summary_large_image","twitter_creator":"@portalurbanook","twitter_site":"@portalurbanook","twitter_misc":{"Escrito por":"admpu17wp","Tiempo de lectura":"4 minutos"},"schema":{"@context":"https:\/\/schema.org","@graph":[{"@type":"Article","@id":"https:\/\/experienciadevida.com.ar\/portalurbano\/tendencia-peligrosa-padres-que-dejan-a-sus-hijos-en-autos\/#article","isPartOf":{"@id":"https:\/\/experienciadevida.com.ar\/portalurbano\/tendencia-peligrosa-padres-que-dejan-a-sus-hijos-en-autos\/"},"author":{"name":"admpu17wp","@id":"https:\/\/experienciadevida.com.ar\/portalurbano\/#\/schema\/person\/02dd326b1c4b056e9cc972486934a3a7"},"headline":"Tendencia peligrosa: padres que dejan a sus hijos en autos","datePublished":"2019-01-27T14:40:37+00:00","dateModified":"2019-01-27T14:58:40+00:00","mainEntityOfPage":{"@id":"https:\/\/experienciadevida.com.ar\/portalurbano\/tendencia-peligrosa-padres-que-dejan-a-sus-hijos-en-autos\/"},"wordCount":713,"commentCount":0,"publisher":{"@id":"https:\/\/experienciadevida.com.ar\/portalurbano\/#organization"},"articleSection":["Naci\u00f3n"],"inLanguage":"es","potentialAction":[{"@type":"CommentAction","name":"Comment","target":["https:\/\/experienciadevida.com.ar\/portalurbano\/tendencia-peligrosa-padres-que-dejan-a-sus-hijos-en-autos\/#respond"]}]},{"@type":"WebPage","@id":"https:\/\/experienciadevida.com.ar\/portalurbano\/tendencia-peligrosa-padres-que-dejan-a-sus-hijos-en-autos\/","url":"https:\/\/experienciadevida.com.ar\/portalurbano\/tendencia-peligrosa-padres-que-dejan-a-sus-hijos-en-autos\/","name":"Tendencia peligrosa: padres que dejan a sus hijos en autos -","isPartOf":{"@id":"https:\/\/experienciadevida.com.ar\/portalurbano\/#website"},"datePublished":"2019-01-27T14:40:37+00:00","dateModified":"2019-01-27T14:58:40+00:00","breadcrumb":{"@id":"https:\/\/experienciadevida.com.ar\/portalurbano\/tendencia-peligrosa-padres-que-dejan-a-sus-hijos-en-autos\/#breadcrumb"},"inLanguage":"es","potentialAction":[{"@type":"ReadAction","target":["https:\/\/experienciadevida.com.ar\/portalurbano\/tendencia-peligrosa-padres-que-dejan-a-sus-hijos-en-autos\/"]}]},{"@type":"BreadcrumbList","@id":"https:\/\/experienciadevida.com.ar\/portalurbano\/tendencia-peligrosa-padres-que-dejan-a-sus-hijos-en-autos\/#breadcrumb","itemListElement":[{"@type":"ListItem","position":1,"name":"Portada","item":"https:\/\/experienciadevida.com.ar\/portalurbano\/"},{"@type":"ListItem","position":2,"name":"Tendencia peligrosa: padres que dejan a sus hijos en autos"}]},{"@type":"WebSite","@id":"https:\/\/experienciadevida.com.ar\/portalurbano\/#website","url":"https:\/\/experienciadevida.com.ar\/portalurbano\/","name":"","description":"","publisher":{"@id":"https:\/\/experienciadevida.com.ar\/portalurbano\/#organization"},"potentialAction":[{"@type":"SearchAction","target":{"@type":"EntryPoint","urlTemplate":"https:\/\/experienciadevida.com.ar\/portalurbano\/?s={search_term_string}"},"query-input":"required name=search_term_string"}],"inLanguage":"es"},{"@type":"Organization","@id":"https:\/\/experienciadevida.com.ar\/portalurbano\/#organization","name":"Portal Urbano","url":"https:\/\/experienciadevida.com.ar\/portalurbano\/","logo":{"@type":"ImageObject","inLanguage":"es","@id":"https:\/\/experienciadevida.com.ar\/portalurbano\/#\/schema\/logo\/image\/","url":"https:\/\/experienciadevida.com.ar\/portalurbano\/wp-content\/uploads\/2019\/09\/Logo-Original.png","contentUrl":"https:\/\/experienciadevida.com.ar\/portalurbano\/wp-content\/uploads\/2019\/09\/Logo-Original.png","width":2236,"height":1216,"caption":"Portal Urbano"},"image":{"@id":"https:\/\/experienciadevida.com.ar\/portalurbano\/#\/schema\/logo\/image\/"},"sameAs":["https:\/\/www.facebook.com\/Portal-Urbano-171542830093757\/","https:\/\/twitter.com\/portalurbanook","https:\/\/www.instagram.com\/_portalurbano\/","https:\/\/www.youtube.com\/channel\/UCXhagIfszH8KxFiOok79zbA?view_as=subscriber"]},{"@type":"Person","@id":"https:\/\/experienciadevida.com.ar\/portalurbano\/#\/schema\/person\/02dd326b1c4b056e9cc972486934a3a7","name":"admpu17wp","image":{"@type":"ImageObject","inLanguage":"es","@id":"https:\/\/experienciadevida.com.ar\/portalurbano\/#\/schema\/person\/image\/","url":"https:\/\/secure.gravatar.com\/avatar\/830d4c57adaae6630765e449a6908047?s=96&d=mm&r=g","contentUrl":"https:\/\/secure.gravatar.com\/avatar\/830d4c57adaae6630765e449a6908047?s=96&d=mm&r=g","caption":"admpu17wp"}}]}},"featured_image_urls":{"full":"","thumbnail":"","medium":"","medium_large":"","large":"","ug_big":"","1536x1536":"","2048x2048":"","newsever-slider-full":"","newsever-featured":"","newsever-medium":"","web-stories-poster-portrait":"","web-stories-publisher-logo":"","web-stories-thumbnail":""},"author_info":{"display_name":"admpu17wp","author_link":"https:\/\/experienciadevida.com.ar\/portalurbano\/author\/admpu17wp\/"},"category_info":"<a href=\"https:\/\/experienciadevida.com.ar\/portalurbano\/category\/nacion\/\" rel=\"category tag\">Naci\u00f3n<\/a>","tag_info":"Naci\u00f3n","comment_count":"0","amp_enabled":true,"_links":{"self":[{"href":"https:\/\/experienciadevida.com.ar\/portalurbano\/wp-json\/wp\/v2\/posts\/55855"}],"collection":[{"href":"https:\/\/experienciadevida.com.ar\/portalurbano\/wp-json\/wp\/v2\/posts"}],"about":[{"href":"https:\/\/experienciadevida.com.ar\/portalurbano\/wp-json\/wp\/v2\/types\/post"}],"author":[{"embeddable":true,"href":"https:\/\/experienciadevida.com.ar\/portalurbano\/wp-json\/wp\/v2\/users\/1"}],"replies":[{"embeddable":true,"href":"https:\/\/experienciadevida.com.ar\/portalurbano\/wp-json\/wp\/v2\/comments?post=55855"}],"version-history":[{"count":3,"href":"https:\/\/experienciadevida.com.ar\/portalurbano\/wp-json\/wp\/v2\/posts\/55855\/revisions"}],"predecessor-version":[{"id":55860,"href":"https:\/\/experienciadevida.com.ar\/portalurbano\/wp-json\/wp\/v2\/posts\/55855\/revisions\/55860"}],"wp:attachment":[{"href":"https:\/\/experienciadevida.com.ar\/portalurbano\/wp-json\/wp\/v2\/media?parent=55855"}],"wp:term":[{"taxonomy":"category","embeddable":true,"href":"https:\/\/experienciadevida.com.ar\/portalurbano\/wp-json\/wp\/v2\/categories?post=55855"},{"taxonomy":"post_tag","embeddable":true,"href":"https:\/\/experienciadevida.com.ar\/portalurbano\/wp-json\/wp\/v2\/tags?post=55855"}],"curies":[{"name":"wp","href":"https:\/\/api.w.org\/{rel}","templated":true}]}}