{"id":55444,"date":"2019-01-23T16:02:20","date_gmt":"2019-01-23T19:02:20","guid":{"rendered":"https:\/\/experienciadevida.com.ar\/portalurbano\/?p=55444"},"modified":"2019-01-23T16:02:20","modified_gmt":"2019-01-23T19:02:20","slug":"ante-la-crisis-economica-piden-que-se-extienda-el-reintegro-del-iva-a-beneficiarios-de-programas-sociales","status":"publish","type":"post","link":"https:\/\/experienciadevida.com.ar\/portalurbano\/ante-la-crisis-economica-piden-que-se-extienda-el-reintegro-del-iva-a-beneficiarios-de-programas-sociales\/","title":{"rendered":"Ante la crisis econ\u00f3mica, piden que se extienda el reintegro del IVA a beneficiarios de programas sociales"},"content":{"rendered":"<p class=\"fz16 bold ctext\"><strong>El Defensor del Pueblo Adjunto de la Provincia, Walter Martello, record\u00f3 que todav\u00eda no se public\u00f3 en el Bolet\u00edn Oficial el decreto presidencial para que se brinde el beneficio por compras realizadas con tarjeta de d\u00e9bito.<\/strong><\/p>\n<div class=\"mt20 cuerpo-nota\">\n<div class=\"flr g12 arial ctext fz16 lh26 wysiwyg mb20 \">\n<div class=\"texto_nota\">\n<p>El Defensor del Pueblo Adjunto de la Provincia, Walter Martello, realiz\u00f3 un informe sobre el impacto que tiene la situaci\u00f3n econ\u00f3mica en los sectores m\u00e1s empobrecidos Gran Buenos Aires.\u00a0En ese aspecto, sostuvo que\u00a0a\u00fan no fue publicado en el Bolet\u00edn Oficial el decreto presidencial que deber\u00eda extender el mecanismo de reintegro del 15% del IVA por compras realizadas con tarjeta de d\u00e9bito.<\/p>\n<p>Hasta el a\u00f1o pasado este r\u00e9gimen alcanzaba a m\u00e1s de 1,5 millones de personas, incluyendo beneficiarios\/as de la Asignaci\u00f3n Universal por Hijo y de la Asignaci\u00f3n por Embarazo; jubilados\/as y pensionados\/as que cobran el haber m\u00ednimo, y personas que perciben pensiones no contributivas.<\/p>\n<p>\u201cEl decreto 94\/18 prorrog\u00f3 hasta el 31 de diciembre pasado el sistema de reintegro del IVA. Como a\u00fan no fue prorrogado, este sistema de devoluci\u00f3n podr\u00eda dejar de realizarse. A su vez, el l\u00edmite de 300 pesos de reintegro mensual, que estableci\u00f3 el gobierno nacional, ha quedado absolutamente desactualizado por los aumentos de precios\u201d, se\u00f1al\u00f3 Martello.<\/p>\n<div class=\"relacionadas_internas fz14 posr ffalt bdtb bdtextlight p2p mt4p mb4p\">\n<div class=\"fll g8 ctext fz18 lh24\">\n<p class=\"ctext\">Entonces remarc\u00f3 que el monto promedio de devoluci\u00f3n para los beneficiarios de planes sociales, seg\u00fan reconoci\u00f3 el Jefe de Gabinete en uno de los informes que elev\u00f3 al congreso nacional, fue de apenas $38,30 durante 2018. \u201cEs una cifra irrisoria. La AUH est\u00e1 perdiendo su poder de compra de forma acelerada, a punto tal que en el \u00faltimo a\u00f1o aument\u00f3 poco m\u00e1s del 28%, cuando el \u00edndice de inflaci\u00f3n fue casi un 70% superior (47,6%)\u201d, destac\u00f3.<\/p>\n<\/div>\n<\/div>\n<p>Este pedido se realiza en el marco de los datos que arroja el Indec donde se constat\u00f3 que\u00a0el Gran Buenos Aires es la regi\u00f3n con el \u00edndice de indigencia m\u00e1s elevado del pa\u00eds (8% de la poblaci\u00f3n). A su vez,\u00a0en el 2018 se registr\u00f3 aumentos en los precios de distintos alimentos de la canasta b\u00e1sica que estuvieron muy por encima del 47,6% de inflaci\u00f3n anual que fue informado organismo nacional.<\/p>\n<p>Asimismo, el avance 2018 del\u00a0Bar\u00f3metro de la Deuda Social de la Infancia, elaborado por la Universidad Cat\u00f3lica, alert\u00f3 sobre\u00a0el impacto de la crisis en la situaci\u00f3n de\u00a0 ni\u00f1os, ni\u00f1as y adolescentes del Conurbano, donde m\u00e1s de 3 de cada 10 chicos\/as (35,8%) de hasta 17 a\u00f1os viven en hogares en los que, durante el a\u00f1o pasado, se redujo la dieta por razones econ\u00f3micas. Adem\u00e1s, el 13% presentan una inseguridad alimentaria severa, es decir, expresaron haber experimentado \u201chambre\u201d por falta de alimentos en los \u00faltimos 12 meses.<\/p>\n<\/div>\n<\/div>\n<\/div>\n","protected":false},"excerpt":{"rendered":"<p>El Defensor del Pueblo Adjunto de la Provincia, Walter Martello, record\u00f3 que todav\u00eda no se&#8230;<\/p>\n","protected":false},"author":1,"featured_media":0,"comment_status":"open","ping_status":"open","sticky":false,"template":"","format":"standard","meta":{"content-type":""},"categories":[39],"tags":[],"nelio_content":{"isAutoShareEnabled":false,"autoShareEndMode":"default","automationSources":{"useContentSentences":true,"useSocialTemplates":true,"useCustomSentences":false,"customSentences":[]},"followers":[1],"suggestedReferences":[],"includedReferences":[],"efiUrl":"","efiAlt":"","highlights":[]},"yoast_head":"<!-- This site is optimized with the Yoast SEO plugin v20.7 - https:\/\/yoast.com\/wordpress\/plugins\/seo\/ -->\n<title>Ante la crisis econ\u00f3mica, piden que se extienda el reintegro del IVA a beneficiarios de programas sociales -<\/title>\n<meta name=\"robots\" content=\"index, follow, max-snippet:-1, max-image-preview:large, max-video-preview:-1\" \/>\n<link rel=\"canonical\" href=\"https:\/\/experienciadevida.com.ar\/portalurbano\/ante-la-crisis-economica-piden-que-se-extienda-el-reintegro-del-iva-a-beneficiarios-de-programas-sociales\/\" \/>\n<meta property=\"og:locale\" content=\"es_ES\" \/>\n<meta property=\"og:type\" content=\"article\" \/>\n<meta property=\"og:title\" content=\"Ante la crisis econ\u00f3mica, piden que se extienda el reintegro del IVA a beneficiarios de programas sociales -\" \/>\n<meta property=\"og:description\" content=\"El Defensor del Pueblo Adjunto de la Provincia, Walter Martello, record\u00f3 que todav\u00eda no se...\" \/>\n<meta property=\"og:url\" content=\"https:\/\/experienciadevida.com.ar\/portalurbano\/ante-la-crisis-economica-piden-que-se-extienda-el-reintegro-del-iva-a-beneficiarios-de-programas-sociales\/\" \/>\n<meta property=\"article:publisher\" content=\"https:\/\/www.facebook.com\/Portal-Urbano-171542830093757\/\" \/>\n<meta property=\"article:published_time\" content=\"2019-01-23T19:02:20+00:00\" \/>\n<meta property=\"og:image\" content=\"https:\/\/experienciadevida.com.ar\/portalurbano\/wp-content\/uploads\/2019\/01\/20190123085652_posnet-0-0-e1548267792571.jpg\" \/>\n\t<meta property=\"og:image:width\" content=\"750\" \/>\n\t<meta property=\"og:image:height\" content=\"468\" \/>\n\t<meta property=\"og:image:type\" content=\"image\/jpeg\" \/>\n<meta name=\"author\" content=\"admpu17wp\" \/>\n<meta name=\"twitter:card\" content=\"summary_large_image\" \/>\n<meta name=\"twitter:creator\" content=\"@portalurbanook\" \/>\n<meta name=\"twitter:site\" content=\"@portalurbanook\" \/>\n<meta name=\"twitter:label1\" content=\"Escrito por\" \/>\n\t<meta name=\"twitter:data1\" content=\"admpu17wp\" \/>\n\t<meta name=\"twitter:label2\" content=\"Tiempo de lectura\" \/>\n\t<meta name=\"twitter:data2\" content=\"2 minutos\" \/>\n<script type=\"application\/ld+json\" class=\"yoast-schema-graph\">{\"@context\":\"https:\/\/schema.org\",\"@graph\":[{\"@type\":\"Article\",\"@id\":\"https:\/\/experienciadevida.com.ar\/portalurbano\/ante-la-crisis-economica-piden-que-se-extienda-el-reintegro-del-iva-a-beneficiarios-de-programas-sociales\/#article\",\"isPartOf\":{\"@id\":\"https:\/\/experienciadevida.com.ar\/portalurbano\/ante-la-crisis-economica-piden-que-se-extienda-el-reintegro-del-iva-a-beneficiarios-de-programas-sociales\/\"},\"author\":{\"name\":\"admpu17wp\",\"@id\":\"https:\/\/experienciadevida.com.ar\/portalurbano\/#\/schema\/person\/02dd326b1c4b056e9cc972486934a3a7\"},\"headline\":\"Ante la crisis econ\u00f3mica, piden que se extienda el reintegro del IVA a beneficiarios de programas sociales\",\"datePublished\":\"2019-01-23T19:02:20+00:00\",\"dateModified\":\"2019-01-23T19:02:20+00:00\",\"mainEntityOfPage\":{\"@id\":\"https:\/\/experienciadevida.com.ar\/portalurbano\/ante-la-crisis-economica-piden-que-se-extienda-el-reintegro-del-iva-a-beneficiarios-de-programas-sociales\/\"},\"wordCount\":478,\"commentCount\":0,\"publisher\":{\"@id\":\"https:\/\/experienciadevida.com.ar\/portalurbano\/#organization\"},\"articleSection\":[\"Naci\u00f3n\"],\"inLanguage\":\"es\",\"potentialAction\":[{\"@type\":\"CommentAction\",\"name\":\"Comment\",\"target\":[\"https:\/\/experienciadevida.com.ar\/portalurbano\/ante-la-crisis-economica-piden-que-se-extienda-el-reintegro-del-iva-a-beneficiarios-de-programas-sociales\/#respond\"]}]},{\"@type\":\"WebPage\",\"@id\":\"https:\/\/experienciadevida.com.ar\/portalurbano\/ante-la-crisis-economica-piden-que-se-extienda-el-reintegro-del-iva-a-beneficiarios-de-programas-sociales\/\",\"url\":\"https:\/\/experienciadevida.com.ar\/portalurbano\/ante-la-crisis-economica-piden-que-se-extienda-el-reintegro-del-iva-a-beneficiarios-de-programas-sociales\/\",\"name\":\"Ante la crisis econ\u00f3mica, piden que se extienda el reintegro del IVA a beneficiarios de programas sociales -\",\"isPartOf\":{\"@id\":\"https:\/\/experienciadevida.com.ar\/portalurbano\/#website\"},\"datePublished\":\"2019-01-23T19:02:20+00:00\",\"dateModified\":\"2019-01-23T19:02:20+00:00\",\"breadcrumb\":{\"@id\":\"https:\/\/experienciadevida.com.ar\/portalurbano\/ante-la-crisis-economica-piden-que-se-extienda-el-reintegro-del-iva-a-beneficiarios-de-programas-sociales\/#breadcrumb\"},\"inLanguage\":\"es\",\"potentialAction\":[{\"@type\":\"ReadAction\",\"target\":[\"https:\/\/experienciadevida.com.ar\/portalurbano\/ante-la-crisis-economica-piden-que-se-extienda-el-reintegro-del-iva-a-beneficiarios-de-programas-sociales\/\"]}]},{\"@type\":\"BreadcrumbList\",\"@id\":\"https:\/\/experienciadevida.com.ar\/portalurbano\/ante-la-crisis-economica-piden-que-se-extienda-el-reintegro-del-iva-a-beneficiarios-de-programas-sociales\/#breadcrumb\",\"itemListElement\":[{\"@type\":\"ListItem\",\"position\":1,\"name\":\"Portada\",\"item\":\"https:\/\/experienciadevida.com.ar\/portalurbano\/\"},{\"@type\":\"ListItem\",\"position\":2,\"name\":\"Ante la crisis econ\u00f3mica, piden que se extienda el reintegro del IVA a beneficiarios de programas sociales\"}]},{\"@type\":\"WebSite\",\"@id\":\"https:\/\/experienciadevida.com.ar\/portalurbano\/#website\",\"url\":\"https:\/\/experienciadevida.com.ar\/portalurbano\/\",\"name\":\"\",\"description\":\"\",\"publisher\":{\"@id\":\"https:\/\/experienciadevida.com.ar\/portalurbano\/#organization\"},\"potentialAction\":[{\"@type\":\"SearchAction\",\"target\":{\"@type\":\"EntryPoint\",\"urlTemplate\":\"https:\/\/experienciadevida.com.ar\/portalurbano\/?s={search_term_string}\"},\"query-input\":\"required name=search_term_string\"}],\"inLanguage\":\"es\"},{\"@type\":\"Organization\",\"@id\":\"https:\/\/experienciadevida.com.ar\/portalurbano\/#organization\",\"name\":\"Portal Urbano\",\"url\":\"https:\/\/experienciadevida.com.ar\/portalurbano\/\",\"logo\":{\"@type\":\"ImageObject\",\"inLanguage\":\"es\",\"@id\":\"https:\/\/experienciadevida.com.ar\/portalurbano\/#\/schema\/logo\/image\/\",\"url\":\"https:\/\/experienciadevida.com.ar\/portalurbano\/wp-content\/uploads\/2019\/09\/Logo-Original.png\",\"contentUrl\":\"https:\/\/experienciadevida.com.ar\/portalurbano\/wp-content\/uploads\/2019\/09\/Logo-Original.png\",\"width\":2236,\"height\":1216,\"caption\":\"Portal Urbano\"},\"image\":{\"@id\":\"https:\/\/experienciadevida.com.ar\/portalurbano\/#\/schema\/logo\/image\/\"},\"sameAs\":[\"https:\/\/www.facebook.com\/Portal-Urbano-171542830093757\/\",\"https:\/\/twitter.com\/portalurbanook\",\"https:\/\/www.instagram.com\/_portalurbano\/\",\"https:\/\/www.youtube.com\/channel\/UCXhagIfszH8KxFiOok79zbA?view_as=subscriber\"]},{\"@type\":\"Person\",\"@id\":\"https:\/\/experienciadevida.com.ar\/portalurbano\/#\/schema\/person\/02dd326b1c4b056e9cc972486934a3a7\",\"name\":\"admpu17wp\",\"image\":{\"@type\":\"ImageObject\",\"inLanguage\":\"es\",\"@id\":\"https:\/\/experienciadevida.com.ar\/portalurbano\/#\/schema\/person\/image\/\",\"url\":\"https:\/\/secure.gravatar.com\/avatar\/830d4c57adaae6630765e449a6908047?s=96&d=mm&r=g\",\"contentUrl\":\"https:\/\/secure.gravatar.com\/avatar\/830d4c57adaae6630765e449a6908047?s=96&d=mm&r=g\",\"caption\":\"admpu17wp\"}}]}<\/script>\n<!-- \/ Yoast SEO plugin. -->","yoast_head_json":{"title":"Ante la crisis econ\u00f3mica, piden que se extienda el reintegro del IVA a beneficiarios de programas sociales -","robots":{"index":"index","follow":"follow","max-snippet":"max-snippet:-1","max-image-preview":"max-image-preview:large","max-video-preview":"max-video-preview:-1"},"canonical":"https:\/\/experienciadevida.com.ar\/portalurbano\/ante-la-crisis-economica-piden-que-se-extienda-el-reintegro-del-iva-a-beneficiarios-de-programas-sociales\/","og_locale":"es_ES","og_type":"article","og_title":"Ante la crisis econ\u00f3mica, piden que se extienda el reintegro del IVA a beneficiarios de programas sociales -","og_description":"El Defensor del Pueblo Adjunto de la Provincia, Walter Martello, record\u00f3 que todav\u00eda no se...","og_url":"https:\/\/experienciadevida.com.ar\/portalurbano\/ante-la-crisis-economica-piden-que-se-extienda-el-reintegro-del-iva-a-beneficiarios-de-programas-sociales\/","article_publisher":"https:\/\/www.facebook.com\/Portal-Urbano-171542830093757\/","article_published_time":"2019-01-23T19:02:20+00:00","og_image":[{"width":750,"height":468,"url":"https:\/\/experienciadevida.com.ar\/portalurbano\/wp-content\/uploads\/2019\/01\/20190123085652_posnet-0-0-e1548267792571.jpg","type":"image\/jpeg"}],"author":"admpu17wp","twitter_card":"summary_large_image","twitter_creator":"@portalurbanook","twitter_site":"@portalurbanook","twitter_misc":{"Escrito por":"admpu17wp","Tiempo de lectura":"2 minutos"},"schema":{"@context":"https:\/\/schema.org","@graph":[{"@type":"Article","@id":"https:\/\/experienciadevida.com.ar\/portalurbano\/ante-la-crisis-economica-piden-que-se-extienda-el-reintegro-del-iva-a-beneficiarios-de-programas-sociales\/#article","isPartOf":{"@id":"https:\/\/experienciadevida.com.ar\/portalurbano\/ante-la-crisis-economica-piden-que-se-extienda-el-reintegro-del-iva-a-beneficiarios-de-programas-sociales\/"},"author":{"name":"admpu17wp","@id":"https:\/\/experienciadevida.com.ar\/portalurbano\/#\/schema\/person\/02dd326b1c4b056e9cc972486934a3a7"},"headline":"Ante la crisis econ\u00f3mica, piden que se extienda el reintegro del IVA a beneficiarios de programas sociales","datePublished":"2019-01-23T19:02:20+00:00","dateModified":"2019-01-23T19:02:20+00:00","mainEntityOfPage":{"@id":"https:\/\/experienciadevida.com.ar\/portalurbano\/ante-la-crisis-economica-piden-que-se-extienda-el-reintegro-del-iva-a-beneficiarios-de-programas-sociales\/"},"wordCount":478,"commentCount":0,"publisher":{"@id":"https:\/\/experienciadevida.com.ar\/portalurbano\/#organization"},"articleSection":["Naci\u00f3n"],"inLanguage":"es","potentialAction":[{"@type":"CommentAction","name":"Comment","target":["https:\/\/experienciadevida.com.ar\/portalurbano\/ante-la-crisis-economica-piden-que-se-extienda-el-reintegro-del-iva-a-beneficiarios-de-programas-sociales\/#respond"]}]},{"@type":"WebPage","@id":"https:\/\/experienciadevida.com.ar\/portalurbano\/ante-la-crisis-economica-piden-que-se-extienda-el-reintegro-del-iva-a-beneficiarios-de-programas-sociales\/","url":"https:\/\/experienciadevida.com.ar\/portalurbano\/ante-la-crisis-economica-piden-que-se-extienda-el-reintegro-del-iva-a-beneficiarios-de-programas-sociales\/","name":"Ante la crisis econ\u00f3mica, piden que se extienda el reintegro del IVA a beneficiarios de programas sociales -","isPartOf":{"@id":"https:\/\/experienciadevida.com.ar\/portalurbano\/#website"},"datePublished":"2019-01-23T19:02:20+00:00","dateModified":"2019-01-23T19:02:20+00:00","breadcrumb":{"@id":"https:\/\/experienciadevida.com.ar\/portalurbano\/ante-la-crisis-economica-piden-que-se-extienda-el-reintegro-del-iva-a-beneficiarios-de-programas-sociales\/#breadcrumb"},"inLanguage":"es","potentialAction":[{"@type":"ReadAction","target":["https:\/\/experienciadevida.com.ar\/portalurbano\/ante-la-crisis-economica-piden-que-se-extienda-el-reintegro-del-iva-a-beneficiarios-de-programas-sociales\/"]}]},{"@type":"BreadcrumbList","@id":"https:\/\/experienciadevida.com.ar\/portalurbano\/ante-la-crisis-economica-piden-que-se-extienda-el-reintegro-del-iva-a-beneficiarios-de-programas-sociales\/#breadcrumb","itemListElement":[{"@type":"ListItem","position":1,"name":"Portada","item":"https:\/\/experienciadevida.com.ar\/portalurbano\/"},{"@type":"ListItem","position":2,"name":"Ante la crisis econ\u00f3mica, piden que se extienda el reintegro del IVA a beneficiarios de programas sociales"}]},{"@type":"WebSite","@id":"https:\/\/experienciadevida.com.ar\/portalurbano\/#website","url":"https:\/\/experienciadevida.com.ar\/portalurbano\/","name":"","description":"","publisher":{"@id":"https:\/\/experienciadevida.com.ar\/portalurbano\/#organization"},"potentialAction":[{"@type":"SearchAction","target":{"@type":"EntryPoint","urlTemplate":"https:\/\/experienciadevida.com.ar\/portalurbano\/?s={search_term_string}"},"query-input":"required name=search_term_string"}],"inLanguage":"es"},{"@type":"Organization","@id":"https:\/\/experienciadevida.com.ar\/portalurbano\/#organization","name":"Portal Urbano","url":"https:\/\/experienciadevida.com.ar\/portalurbano\/","logo":{"@type":"ImageObject","inLanguage":"es","@id":"https:\/\/experienciadevida.com.ar\/portalurbano\/#\/schema\/logo\/image\/","url":"https:\/\/experienciadevida.com.ar\/portalurbano\/wp-content\/uploads\/2019\/09\/Logo-Original.png","contentUrl":"https:\/\/experienciadevida.com.ar\/portalurbano\/wp-content\/uploads\/2019\/09\/Logo-Original.png","width":2236,"height":1216,"caption":"Portal Urbano"},"image":{"@id":"https:\/\/experienciadevida.com.ar\/portalurbano\/#\/schema\/logo\/image\/"},"sameAs":["https:\/\/www.facebook.com\/Portal-Urbano-171542830093757\/","https:\/\/twitter.com\/portalurbanook","https:\/\/www.instagram.com\/_portalurbano\/","https:\/\/www.youtube.com\/channel\/UCXhagIfszH8KxFiOok79zbA?view_as=subscriber"]},{"@type":"Person","@id":"https:\/\/experienciadevida.com.ar\/portalurbano\/#\/schema\/person\/02dd326b1c4b056e9cc972486934a3a7","name":"admpu17wp","image":{"@type":"ImageObject","inLanguage":"es","@id":"https:\/\/experienciadevida.com.ar\/portalurbano\/#\/schema\/person\/image\/","url":"https:\/\/secure.gravatar.com\/avatar\/830d4c57adaae6630765e449a6908047?s=96&d=mm&r=g","contentUrl":"https:\/\/secure.gravatar.com\/avatar\/830d4c57adaae6630765e449a6908047?s=96&d=mm&r=g","caption":"admpu17wp"}}]}},"featured_image_urls":{"full":"","thumbnail":"","medium":"","medium_large":"","large":"","ug_big":"","1536x1536":"","2048x2048":"","newsever-slider-full":"","newsever-featured":"","newsever-medium":"","web-stories-poster-portrait":"","web-stories-publisher-logo":"","web-stories-thumbnail":""},"author_info":{"display_name":"admpu17wp","author_link":"https:\/\/experienciadevida.com.ar\/portalurbano\/author\/admpu17wp\/"},"category_info":"<a href=\"https:\/\/experienciadevida.com.ar\/portalurbano\/category\/nacion\/\" rel=\"category tag\">Naci\u00f3n<\/a>","tag_info":"Naci\u00f3n","comment_count":"0","amp_enabled":true,"_links":{"self":[{"href":"https:\/\/experienciadevida.com.ar\/portalurbano\/wp-json\/wp\/v2\/posts\/55444"}],"collection":[{"href":"https:\/\/experienciadevida.com.ar\/portalurbano\/wp-json\/wp\/v2\/posts"}],"about":[{"href":"https:\/\/experienciadevida.com.ar\/portalurbano\/wp-json\/wp\/v2\/types\/post"}],"author":[{"embeddable":true,"href":"https:\/\/experienciadevida.com.ar\/portalurbano\/wp-json\/wp\/v2\/users\/1"}],"replies":[{"embeddable":true,"href":"https:\/\/experienciadevida.com.ar\/portalurbano\/wp-json\/wp\/v2\/comments?post=55444"}],"version-history":[{"count":1,"href":"https:\/\/experienciadevida.com.ar\/portalurbano\/wp-json\/wp\/v2\/posts\/55444\/revisions"}],"predecessor-version":[{"id":55446,"href":"https:\/\/experienciadevida.com.ar\/portalurbano\/wp-json\/wp\/v2\/posts\/55444\/revisions\/55446"}],"wp:attachment":[{"href":"https:\/\/experienciadevida.com.ar\/portalurbano\/wp-json\/wp\/v2\/media?parent=55444"}],"wp:term":[{"taxonomy":"category","embeddable":true,"href":"https:\/\/experienciadevida.com.ar\/portalurbano\/wp-json\/wp\/v2\/categories?post=55444"},{"taxonomy":"post_tag","embeddable":true,"href":"https:\/\/experienciadevida.com.ar\/portalurbano\/wp-json\/wp\/v2\/tags?post=55444"}],"curies":[{"name":"wp","href":"https:\/\/api.w.org\/{rel}","templated":true}]}}