{"id":54029,"date":"2019-01-07T21:22:16","date_gmt":"2019-01-08T00:22:16","guid":{"rendered":"https:\/\/experienciadevida.com.ar\/portalurbano\/?p=54029"},"modified":"2019-01-07T21:22:16","modified_gmt":"2019-01-08T00:22:16","slug":"en-la-argentina-11-mil-personas-fueron-registradas-como-desaparecidas-en-los-ultimos-tres-anos","status":"publish","type":"post","link":"https:\/\/experienciadevida.com.ar\/portalurbano\/en-la-argentina-11-mil-personas-fueron-registradas-como-desaparecidas-en-los-ultimos-tres-anos\/","title":{"rendered":"En la Argentina, 11 mil personas fueron registradas como desaparecidas en los \u00faltimos tres a\u00f1os"},"content":{"rendered":"<article id=\"article-post\" class=\"first\">\n<p class=\"interiorCopete\">As\u00ed consta en los informes oficiales del Ministerio de Seguridad de la Naci\u00f3n; desde 2016 hasta la fecha se registraron 21613 personas extraviadas, de las cuales se encontr\u00f3 la mitad<\/p>\n<div class=\"separator-line\">Los datos son tan contundentes como reveladores. Seg\u00fan el Sistema Federal de B\u00fasqueda de Personas Desaparecidas y Extraviadas (Sifebu),\u00a0<strong>existen en la actualidad casi 11 mil personas que fueron registrados como desaparecidas<\/strong>\u00a0en los \u00faltimos tres a\u00f1os.<\/div>\n<div class=\"cuerpo\" data-twitter-link=\"https:\/\/twitter.com\/intent\/tweet?url=https:\/\/www.diariopopular.com.ar\/\/c381464&amp;via=poopulardiario&amp;related=Diario Popular&amp;text=\">\n<div id=\"div-gpt-ad-nota-939025\" class=\"banner-90\" data-mapping=\"mapping9\" data-google-query-id=\"CO3e_N303N8CFYR0wQod2JwDsw\">\n<div><\/div>\n<div id=\"google_ads_iframe_\/7581181\/dp_universal_0__container__\">De acuerdo con el informe realizado por el organismo dependiente del Ministerio de Seguridad de la Naci\u00f3n, desde 2016 hasta la fecha se denunciaron\u00a0<strong>21.613 casos de desapariciones<\/strong>, de los cuales fueron encontradas 10.945, un 50,6%. Sin embargo, a\u00fan quedan por encontrar 10.668 personas (el 49,4%).<\/div>\n<\/div>\n<\/div>\n<\/article>\n<article id=\"article-post\">\n<div class=\"cuerpo\" data-twitter-link=\"https:\/\/twitter.com\/intent\/tweet?url=https:\/\/www.diariopopular.com.ar\/\/c381464&amp;via=poopulardiario&amp;related=Diario Popular&amp;text=\">\n<p>Por su parte, la Coordinaci\u00f3n de B\u00fasqueda e Identificaci\u00f3n de Personas NN, que tiene como objetivo central buscar e identificar a las personas -halladas con vida o fallecidas- que son registradas con identidad desconocida en las dependencias estatales, destaca que desde enero de 2015,\u00a0<strong>se produjeron 1.743 identificaciones<\/strong>, de las cuales 1.462 remiten a personas fallecidas y 281 personas NN que fueron halladas con vida.<\/p>\n<p>\u201cEl Sifebu registra a nivel nacional los casos de personas desaparecidas y tambi\u00e9n de aquellas halladas con identidad desconocidas. Cuenta para ello con el Sifcop (Sistema Federal de Comunicaciones Policiales), plataforma a trav\u00e9s de la cual se retransmiten casos de personas\u00a0<strong>desaparecidas a nivel nacional de manera inmediata<\/strong>\u201d, explic\u00f3 Leticia Risco, coordinadora del organismo.<\/p>\n<p>Sifebu cuenta con\u00a0<strong>un equipo interdisciplinario conformado por abogados, psic\u00f3logos y soci\u00f3logos<\/strong>, que trabajan en el an\u00e1lisis de casos en los que se requiere la colaboraci\u00f3n, evaluando el tipo de recursos que pueden utilizarse.<\/p>\n<div id=\"div-gpt-ad-nota-688105\" class=\"banner-90\" data-mapping=\"mapping9\" data-google-query-id=\"CIHr_d303N8CFUHFwAod-yMLEg\">\n<div id=\"google_ads_iframe_\/7581181\/dp_universal_1__container__\">El gran porcentaje de personas que son buscadas\u00a0<strong>aparecen en las primeras 72 horas<\/strong>\u00a0desde la fecha de realizaci\u00f3n de la denuncia, se\u00f1ala el informe.<\/div>\n<\/div>\n<p>Entre las maneras de b\u00fasqueda y difusi\u00f3n de las personas extraviadas\u00a0<strong>se destacan los afiches en la v\u00eda p\u00fablica, rastrillajes, rastreo con empresas telef\u00f3nicas y de comunicaciones<\/strong>, controles de rutas y pedido de recompensa, adem\u00e1s de testimonios de familiares y allegados de las personas buscadas.<\/p>\n<p>El Sifebu \u201c<strong>s\u00f3lo deja sin efecto una b\u00fasqueda cuando la persona es hallada efectivamente<\/strong>\u00a0o la persona con identidad desconocida es identificada\u201d, se\u00f1ala.<\/p>\n<\/div>\n<\/article>\n","protected":false},"excerpt":{"rendered":"<p>As\u00ed consta en los informes oficiales del Ministerio de Seguridad de la Naci\u00f3n; desde 2016&#8230;<\/p>\n","protected":false},"author":1,"featured_media":0,"comment_status":"open","ping_status":"open","sticky":false,"template":"","format":"standard","meta":{"content-type":""},"categories":[39],"tags":[],"nelio_content":{"isAutoShareEnabled":false,"autoShareEndMode":"default","automationSources":{"useContentSentences":true,"useSocialTemplates":true,"useCustomSentences":false,"customSentences":[]},"followers":[1],"suggestedReferences":[],"includedReferences":[],"efiUrl":"","efiAlt":"","highlights":[]},"yoast_head":"<!-- This site is optimized with the Yoast SEO plugin v20.7 - https:\/\/yoast.com\/wordpress\/plugins\/seo\/ -->\n<title>En la Argentina, 11 mil personas fueron registradas como desaparecidas en los \u00faltimos tres a\u00f1os -<\/title>\n<meta name=\"robots\" content=\"index, follow, max-snippet:-1, max-image-preview:large, max-video-preview:-1\" \/>\n<link rel=\"canonical\" href=\"https:\/\/experienciadevida.com.ar\/portalurbano\/en-la-argentina-11-mil-personas-fueron-registradas-como-desaparecidas-en-los-ultimos-tres-anos\/\" \/>\n<meta property=\"og:locale\" content=\"es_ES\" \/>\n<meta property=\"og:type\" content=\"article\" \/>\n<meta property=\"og:title\" content=\"En la Argentina, 11 mil personas fueron registradas como desaparecidas en los \u00faltimos tres a\u00f1os -\" \/>\n<meta property=\"og:description\" content=\"As\u00ed consta en los informes oficiales del Ministerio de Seguridad de la Naci\u00f3n; desde 2016...\" \/>\n<meta property=\"og:url\" content=\"https:\/\/experienciadevida.com.ar\/portalurbano\/en-la-argentina-11-mil-personas-fueron-registradas-como-desaparecidas-en-los-ultimos-tres-anos\/\" \/>\n<meta property=\"article:publisher\" content=\"https:\/\/www.facebook.com\/Portal-Urbano-171542830093757\/\" \/>\n<meta property=\"article:published_time\" content=\"2019-01-08T00:22:16+00:00\" \/>\n<meta property=\"og:image\" content=\"https:\/\/experienciadevida.com.ar\/portalurbano\/wp-content\/uploads\/2019\/01\/0005638793-e1546906823528.jpg\" \/>\n\t<meta property=\"og:image:width\" content=\"800\" \/>\n\t<meta property=\"og:image:height\" content=\"449\" \/>\n\t<meta property=\"og:image:type\" content=\"image\/jpeg\" \/>\n<meta name=\"author\" content=\"admpu17wp\" \/>\n<meta name=\"twitter:card\" content=\"summary_large_image\" \/>\n<meta name=\"twitter:creator\" content=\"@portalurbanook\" \/>\n<meta name=\"twitter:site\" content=\"@portalurbanook\" \/>\n<meta name=\"twitter:label1\" content=\"Escrito por\" \/>\n\t<meta name=\"twitter:data1\" content=\"admpu17wp\" \/>\n\t<meta name=\"twitter:label2\" content=\"Tiempo de lectura\" \/>\n\t<meta name=\"twitter:data2\" content=\"2 minutos\" \/>\n<script type=\"application\/ld+json\" class=\"yoast-schema-graph\">{\"@context\":\"https:\/\/schema.org\",\"@graph\":[{\"@type\":\"Article\",\"@id\":\"https:\/\/experienciadevida.com.ar\/portalurbano\/en-la-argentina-11-mil-personas-fueron-registradas-como-desaparecidas-en-los-ultimos-tres-anos\/#article\",\"isPartOf\":{\"@id\":\"https:\/\/experienciadevida.com.ar\/portalurbano\/en-la-argentina-11-mil-personas-fueron-registradas-como-desaparecidas-en-los-ultimos-tres-anos\/\"},\"author\":{\"name\":\"admpu17wp\",\"@id\":\"https:\/\/experienciadevida.com.ar\/portalurbano\/#\/schema\/person\/02dd326b1c4b056e9cc972486934a3a7\"},\"headline\":\"En la Argentina, 11 mil personas fueron registradas como desaparecidas en los \u00faltimos tres a\u00f1os\",\"datePublished\":\"2019-01-08T00:22:16+00:00\",\"dateModified\":\"2019-01-08T00:22:16+00:00\",\"mainEntityOfPage\":{\"@id\":\"https:\/\/experienciadevida.com.ar\/portalurbano\/en-la-argentina-11-mil-personas-fueron-registradas-como-desaparecidas-en-los-ultimos-tres-anos\/\"},\"wordCount\":386,\"commentCount\":0,\"publisher\":{\"@id\":\"https:\/\/experienciadevida.com.ar\/portalurbano\/#organization\"},\"articleSection\":[\"Naci\u00f3n\"],\"inLanguage\":\"es\",\"potentialAction\":[{\"@type\":\"CommentAction\",\"name\":\"Comment\",\"target\":[\"https:\/\/experienciadevida.com.ar\/portalurbano\/en-la-argentina-11-mil-personas-fueron-registradas-como-desaparecidas-en-los-ultimos-tres-anos\/#respond\"]}]},{\"@type\":\"WebPage\",\"@id\":\"https:\/\/experienciadevida.com.ar\/portalurbano\/en-la-argentina-11-mil-personas-fueron-registradas-como-desaparecidas-en-los-ultimos-tres-anos\/\",\"url\":\"https:\/\/experienciadevida.com.ar\/portalurbano\/en-la-argentina-11-mil-personas-fueron-registradas-como-desaparecidas-en-los-ultimos-tres-anos\/\",\"name\":\"En la Argentina, 11 mil personas fueron registradas como desaparecidas en los \u00faltimos tres a\u00f1os -\",\"isPartOf\":{\"@id\":\"https:\/\/experienciadevida.com.ar\/portalurbano\/#website\"},\"datePublished\":\"2019-01-08T00:22:16+00:00\",\"dateModified\":\"2019-01-08T00:22:16+00:00\",\"breadcrumb\":{\"@id\":\"https:\/\/experienciadevida.com.ar\/portalurbano\/en-la-argentina-11-mil-personas-fueron-registradas-como-desaparecidas-en-los-ultimos-tres-anos\/#breadcrumb\"},\"inLanguage\":\"es\",\"potentialAction\":[{\"@type\":\"ReadAction\",\"target\":[\"https:\/\/experienciadevida.com.ar\/portalurbano\/en-la-argentina-11-mil-personas-fueron-registradas-como-desaparecidas-en-los-ultimos-tres-anos\/\"]}]},{\"@type\":\"BreadcrumbList\",\"@id\":\"https:\/\/experienciadevida.com.ar\/portalurbano\/en-la-argentina-11-mil-personas-fueron-registradas-como-desaparecidas-en-los-ultimos-tres-anos\/#breadcrumb\",\"itemListElement\":[{\"@type\":\"ListItem\",\"position\":1,\"name\":\"Portada\",\"item\":\"https:\/\/experienciadevida.com.ar\/portalurbano\/\"},{\"@type\":\"ListItem\",\"position\":2,\"name\":\"En la Argentina, 11 mil personas fueron registradas como desaparecidas en los \u00faltimos tres a\u00f1os\"}]},{\"@type\":\"WebSite\",\"@id\":\"https:\/\/experienciadevida.com.ar\/portalurbano\/#website\",\"url\":\"https:\/\/experienciadevida.com.ar\/portalurbano\/\",\"name\":\"\",\"description\":\"\",\"publisher\":{\"@id\":\"https:\/\/experienciadevida.com.ar\/portalurbano\/#organization\"},\"potentialAction\":[{\"@type\":\"SearchAction\",\"target\":{\"@type\":\"EntryPoint\",\"urlTemplate\":\"https:\/\/experienciadevida.com.ar\/portalurbano\/?s={search_term_string}\"},\"query-input\":\"required name=search_term_string\"}],\"inLanguage\":\"es\"},{\"@type\":\"Organization\",\"@id\":\"https:\/\/experienciadevida.com.ar\/portalurbano\/#organization\",\"name\":\"Portal Urbano\",\"url\":\"https:\/\/experienciadevida.com.ar\/portalurbano\/\",\"logo\":{\"@type\":\"ImageObject\",\"inLanguage\":\"es\",\"@id\":\"https:\/\/experienciadevida.com.ar\/portalurbano\/#\/schema\/logo\/image\/\",\"url\":\"https:\/\/experienciadevida.com.ar\/portalurbano\/wp-content\/uploads\/2019\/09\/Logo-Original.png\",\"contentUrl\":\"https:\/\/experienciadevida.com.ar\/portalurbano\/wp-content\/uploads\/2019\/09\/Logo-Original.png\",\"width\":2236,\"height\":1216,\"caption\":\"Portal Urbano\"},\"image\":{\"@id\":\"https:\/\/experienciadevida.com.ar\/portalurbano\/#\/schema\/logo\/image\/\"},\"sameAs\":[\"https:\/\/www.facebook.com\/Portal-Urbano-171542830093757\/\",\"https:\/\/twitter.com\/portalurbanook\",\"https:\/\/www.instagram.com\/_portalurbano\/\",\"https:\/\/www.youtube.com\/channel\/UCXhagIfszH8KxFiOok79zbA?view_as=subscriber\"]},{\"@type\":\"Person\",\"@id\":\"https:\/\/experienciadevida.com.ar\/portalurbano\/#\/schema\/person\/02dd326b1c4b056e9cc972486934a3a7\",\"name\":\"admpu17wp\",\"image\":{\"@type\":\"ImageObject\",\"inLanguage\":\"es\",\"@id\":\"https:\/\/experienciadevida.com.ar\/portalurbano\/#\/schema\/person\/image\/\",\"url\":\"https:\/\/secure.gravatar.com\/avatar\/830d4c57adaae6630765e449a6908047?s=96&d=mm&r=g\",\"contentUrl\":\"https:\/\/secure.gravatar.com\/avatar\/830d4c57adaae6630765e449a6908047?s=96&d=mm&r=g\",\"caption\":\"admpu17wp\"}}]}<\/script>\n<!-- \/ Yoast SEO plugin. -->","yoast_head_json":{"title":"En la Argentina, 11 mil personas fueron registradas como desaparecidas en los \u00faltimos tres a\u00f1os -","robots":{"index":"index","follow":"follow","max-snippet":"max-snippet:-1","max-image-preview":"max-image-preview:large","max-video-preview":"max-video-preview:-1"},"canonical":"https:\/\/experienciadevida.com.ar\/portalurbano\/en-la-argentina-11-mil-personas-fueron-registradas-como-desaparecidas-en-los-ultimos-tres-anos\/","og_locale":"es_ES","og_type":"article","og_title":"En la Argentina, 11 mil personas fueron registradas como desaparecidas en los \u00faltimos tres a\u00f1os -","og_description":"As\u00ed consta en los informes oficiales del Ministerio de Seguridad de la Naci\u00f3n; desde 2016...","og_url":"https:\/\/experienciadevida.com.ar\/portalurbano\/en-la-argentina-11-mil-personas-fueron-registradas-como-desaparecidas-en-los-ultimos-tres-anos\/","article_publisher":"https:\/\/www.facebook.com\/Portal-Urbano-171542830093757\/","article_published_time":"2019-01-08T00:22:16+00:00","og_image":[{"width":800,"height":449,"url":"https:\/\/experienciadevida.com.ar\/portalurbano\/wp-content\/uploads\/2019\/01\/0005638793-e1546906823528.jpg","type":"image\/jpeg"}],"author":"admpu17wp","twitter_card":"summary_large_image","twitter_creator":"@portalurbanook","twitter_site":"@portalurbanook","twitter_misc":{"Escrito por":"admpu17wp","Tiempo de lectura":"2 minutos"},"schema":{"@context":"https:\/\/schema.org","@graph":[{"@type":"Article","@id":"https:\/\/experienciadevida.com.ar\/portalurbano\/en-la-argentina-11-mil-personas-fueron-registradas-como-desaparecidas-en-los-ultimos-tres-anos\/#article","isPartOf":{"@id":"https:\/\/experienciadevida.com.ar\/portalurbano\/en-la-argentina-11-mil-personas-fueron-registradas-como-desaparecidas-en-los-ultimos-tres-anos\/"},"author":{"name":"admpu17wp","@id":"https:\/\/experienciadevida.com.ar\/portalurbano\/#\/schema\/person\/02dd326b1c4b056e9cc972486934a3a7"},"headline":"En la Argentina, 11 mil personas fueron registradas como desaparecidas en los \u00faltimos tres a\u00f1os","datePublished":"2019-01-08T00:22:16+00:00","dateModified":"2019-01-08T00:22:16+00:00","mainEntityOfPage":{"@id":"https:\/\/experienciadevida.com.ar\/portalurbano\/en-la-argentina-11-mil-personas-fueron-registradas-como-desaparecidas-en-los-ultimos-tres-anos\/"},"wordCount":386,"commentCount":0,"publisher":{"@id":"https:\/\/experienciadevida.com.ar\/portalurbano\/#organization"},"articleSection":["Naci\u00f3n"],"inLanguage":"es","potentialAction":[{"@type":"CommentAction","name":"Comment","target":["https:\/\/experienciadevida.com.ar\/portalurbano\/en-la-argentina-11-mil-personas-fueron-registradas-como-desaparecidas-en-los-ultimos-tres-anos\/#respond"]}]},{"@type":"WebPage","@id":"https:\/\/experienciadevida.com.ar\/portalurbano\/en-la-argentina-11-mil-personas-fueron-registradas-como-desaparecidas-en-los-ultimos-tres-anos\/","url":"https:\/\/experienciadevida.com.ar\/portalurbano\/en-la-argentina-11-mil-personas-fueron-registradas-como-desaparecidas-en-los-ultimos-tres-anos\/","name":"En la Argentina, 11 mil personas fueron registradas como desaparecidas en los \u00faltimos tres a\u00f1os -","isPartOf":{"@id":"https:\/\/experienciadevida.com.ar\/portalurbano\/#website"},"datePublished":"2019-01-08T00:22:16+00:00","dateModified":"2019-01-08T00:22:16+00:00","breadcrumb":{"@id":"https:\/\/experienciadevida.com.ar\/portalurbano\/en-la-argentina-11-mil-personas-fueron-registradas-como-desaparecidas-en-los-ultimos-tres-anos\/#breadcrumb"},"inLanguage":"es","potentialAction":[{"@type":"ReadAction","target":["https:\/\/experienciadevida.com.ar\/portalurbano\/en-la-argentina-11-mil-personas-fueron-registradas-como-desaparecidas-en-los-ultimos-tres-anos\/"]}]},{"@type":"BreadcrumbList","@id":"https:\/\/experienciadevida.com.ar\/portalurbano\/en-la-argentina-11-mil-personas-fueron-registradas-como-desaparecidas-en-los-ultimos-tres-anos\/#breadcrumb","itemListElement":[{"@type":"ListItem","position":1,"name":"Portada","item":"https:\/\/experienciadevida.com.ar\/portalurbano\/"},{"@type":"ListItem","position":2,"name":"En la Argentina, 11 mil personas fueron registradas como desaparecidas en los \u00faltimos tres a\u00f1os"}]},{"@type":"WebSite","@id":"https:\/\/experienciadevida.com.ar\/portalurbano\/#website","url":"https:\/\/experienciadevida.com.ar\/portalurbano\/","name":"","description":"","publisher":{"@id":"https:\/\/experienciadevida.com.ar\/portalurbano\/#organization"},"potentialAction":[{"@type":"SearchAction","target":{"@type":"EntryPoint","urlTemplate":"https:\/\/experienciadevida.com.ar\/portalurbano\/?s={search_term_string}"},"query-input":"required name=search_term_string"}],"inLanguage":"es"},{"@type":"Organization","@id":"https:\/\/experienciadevida.com.ar\/portalurbano\/#organization","name":"Portal Urbano","url":"https:\/\/experienciadevida.com.ar\/portalurbano\/","logo":{"@type":"ImageObject","inLanguage":"es","@id":"https:\/\/experienciadevida.com.ar\/portalurbano\/#\/schema\/logo\/image\/","url":"https:\/\/experienciadevida.com.ar\/portalurbano\/wp-content\/uploads\/2019\/09\/Logo-Original.png","contentUrl":"https:\/\/experienciadevida.com.ar\/portalurbano\/wp-content\/uploads\/2019\/09\/Logo-Original.png","width":2236,"height":1216,"caption":"Portal Urbano"},"image":{"@id":"https:\/\/experienciadevida.com.ar\/portalurbano\/#\/schema\/logo\/image\/"},"sameAs":["https:\/\/www.facebook.com\/Portal-Urbano-171542830093757\/","https:\/\/twitter.com\/portalurbanook","https:\/\/www.instagram.com\/_portalurbano\/","https:\/\/www.youtube.com\/channel\/UCXhagIfszH8KxFiOok79zbA?view_as=subscriber"]},{"@type":"Person","@id":"https:\/\/experienciadevida.com.ar\/portalurbano\/#\/schema\/person\/02dd326b1c4b056e9cc972486934a3a7","name":"admpu17wp","image":{"@type":"ImageObject","inLanguage":"es","@id":"https:\/\/experienciadevida.com.ar\/portalurbano\/#\/schema\/person\/image\/","url":"https:\/\/secure.gravatar.com\/avatar\/830d4c57adaae6630765e449a6908047?s=96&d=mm&r=g","contentUrl":"https:\/\/secure.gravatar.com\/avatar\/830d4c57adaae6630765e449a6908047?s=96&d=mm&r=g","caption":"admpu17wp"}}]}},"featured_image_urls":{"full":"","thumbnail":"","medium":"","medium_large":"","large":"","ug_big":"","1536x1536":"","2048x2048":"","newsever-slider-full":"","newsever-featured":"","newsever-medium":"","web-stories-poster-portrait":"","web-stories-publisher-logo":"","web-stories-thumbnail":""},"author_info":{"display_name":"admpu17wp","author_link":"https:\/\/experienciadevida.com.ar\/portalurbano\/author\/admpu17wp\/"},"category_info":"<a href=\"https:\/\/experienciadevida.com.ar\/portalurbano\/category\/nacion\/\" rel=\"category tag\">Naci\u00f3n<\/a>","tag_info":"Naci\u00f3n","comment_count":"0","amp_enabled":true,"_links":{"self":[{"href":"https:\/\/experienciadevida.com.ar\/portalurbano\/wp-json\/wp\/v2\/posts\/54029"}],"collection":[{"href":"https:\/\/experienciadevida.com.ar\/portalurbano\/wp-json\/wp\/v2\/posts"}],"about":[{"href":"https:\/\/experienciadevida.com.ar\/portalurbano\/wp-json\/wp\/v2\/types\/post"}],"author":[{"embeddable":true,"href":"https:\/\/experienciadevida.com.ar\/portalurbano\/wp-json\/wp\/v2\/users\/1"}],"replies":[{"embeddable":true,"href":"https:\/\/experienciadevida.com.ar\/portalurbano\/wp-json\/wp\/v2\/comments?post=54029"}],"version-history":[{"count":1,"href":"https:\/\/experienciadevida.com.ar\/portalurbano\/wp-json\/wp\/v2\/posts\/54029\/revisions"}],"predecessor-version":[{"id":54033,"href":"https:\/\/experienciadevida.com.ar\/portalurbano\/wp-json\/wp\/v2\/posts\/54029\/revisions\/54033"}],"wp:attachment":[{"href":"https:\/\/experienciadevida.com.ar\/portalurbano\/wp-json\/wp\/v2\/media?parent=54029"}],"wp:term":[{"taxonomy":"category","embeddable":true,"href":"https:\/\/experienciadevida.com.ar\/portalurbano\/wp-json\/wp\/v2\/categories?post=54029"},{"taxonomy":"post_tag","embeddable":true,"href":"https:\/\/experienciadevida.com.ar\/portalurbano\/wp-json\/wp\/v2\/tags?post=54029"}],"curies":[{"name":"wp","href":"https:\/\/api.w.org\/{rel}","templated":true}]}}