{"id":53794,"date":"2019-01-04T21:29:05","date_gmt":"2019-01-05T00:29:05","guid":{"rendered":"https:\/\/experienciadevida.com.ar\/portalurbano\/?p=53794"},"modified":"2019-01-04T21:29:35","modified_gmt":"2019-01-05T00:29:35","slug":"despidieron-a-mas-de-200-trabajadores-de-telefe-y-hay-paro-de-actividades","status":"publish","type":"post","link":"https:\/\/experienciadevida.com.ar\/portalurbano\/despidieron-a-mas-de-200-trabajadores-de-telefe-y-hay-paro-de-actividades\/","title":{"rendered":"Despidieron a m\u00e1s de 200 trabajadores de Telef\u00e9 y hay paro de actividades"},"content":{"rendered":"<p>En la ma\u00f1ana de este viernes y sin previo aviso, unos doscientos empleados del canal de aire Telef\u00e9 recibieron telegramas de despido. Por este motivo, desde Buenos Aires interrumpieron la transmisi\u00f3n y decidieron levantar todos los programas en vivo.<\/p>\n<p>Cuando en la pantalla se transmit\u00eda Morfi, el programa de la ma\u00f1ana conducido por Zaira Nara, de repente y sin dar muchas explicaciones, la modelo y conductora finaliz\u00f3 con la edici\u00f3n de este viernes. As\u00ed, mostraron en la pantalla del canal una placa que explicaba lo acontecido: por el despido de unos doscientos empleados habr\u00e1 paro de actividades en el canal.<\/p>\n<div class=\"SandboxRoot env-bp-350\" data-twitter-event-id=\"0\">\n<div id=\"twitter-widget-0\" class=\"EmbeddedTweet EmbeddedTweet--cta js-clickToOpenTarget tweet-InformationCircle-widgetParent\" lang=\"es\" data-click-to-open-target=\"https:\/\/twitter.com\/CITelefeNoti\/status\/1081188269801594880\" data-iframe-title=\"Tweet de Twitter\" data-scribe=\"page:tweet\" data-twitter-event-id=\"1\">\n<div class=\"EmbeddedTweet-tweetContainer\">\n<div class=\"EmbeddedTweet-tweet\">\n<blockquote class=\"Tweet h-entry js-tweetIdInfo subject expanded\" cite=\"https:\/\/twitter.com\/CITelefeNoti\/status\/1081188269801594880\" data-tweet-id=\"1081188269801594880\" data-scribe=\"section:subject\">\n<div class=\"Tweet-header\">\n<p><a class=\"TweetAuthor-avatar Identity-avatar u-linkBlend\" href=\"https:\/\/twitter.com\/CITelefeNoti\" data-scribe=\"element:user_link\" aria-label=\"C.I. Telefe Noticias (nombre de pantalla: CITelefeNoti)\"><img decoding=\"async\" class=\"Avatar\" src=\"https:\/\/pbs.twimg.com\/profile_images\/689584895543394305\/_iEoPc4h_normal.jpg\" alt=\"\" data-scribe=\"element:avatar\" data-src-2x=\"https:\/\/pbs.twimg.com\/profile_images\/689584895543394305\/_iEoPc4h_bigger.jpg\" data-src-1x=\"https:\/\/pbs.twimg.com\/profile_images\/689584895543394305\/_iEoPc4h_normal.jpg\" \/><\/a><\/p>\n<div class=\"TweetAuthor js-inViewportScribingTarget\" data-scribe=\"component:author\">\n<div class=\"TweetAuthor-nameScreenNameContainer\"><span class=\"TweetAuthor-decoratedName\"><span class=\"TweetAuthor-name Identity-name customisable-highlight\" title=\"C.I. Telefe Noticias\" data-scribe=\"element:name\">C.I. Telefe Noticias<\/span><\/span><span class=\"TweetAuthor-screenName Identity-screenName\" dir=\"ltr\" title=\"@CITelefeNoti\" data-scribe=\"element:screen_name\">@CITelefeNoti<\/span><\/div>\n<\/div>\n<div class=\"Tweet-brand\">\n<div class=\"Icon Icon--twitter \" title=\"Ver en Twitter\" role=\"presentation\" aria-label=\"Ver en Twitter\"><\/div>\n<\/div>\n<\/div>\n<div class=\"Tweet-body e-entry-content\" data-scribe=\"component:tweet\">\n<p class=\"Tweet-text e-entry-title\" dir=\"ltr\" lang=\"es\">URGENTE: Los trabajadores de prensa de Telefe Noticias, organizados en el <a class=\"PrettyLink profile customisable h-card\" dir=\"ltr\" href=\"https:\/\/twitter.com\/sipreba\" data-mentioned-user-id=\"2437879081\" data-scribe=\"element:mention\"><span class=\"PrettyLink-prefix\">@<\/span><span class=\"PrettyLink-value\">sipreba<\/span><\/a>, nos solidarizamos con los compa\u00f1eros del <a class=\"PrettyLink profile customisable h-card\" dir=\"ltr\" href=\"https:\/\/twitter.com\/SATSAIDnacional\" data-mentioned-user-id=\"151063288\" data-scribe=\"element:mention\"><span class=\"PrettyLink-prefix\">@<\/span><span class=\"PrettyLink-value\">SATSAIDnacional<\/span><\/a> y manifestamos nuestra preocupaci\u00f3n ante lo que ocurre con ellos en nuestro canal: asambleas y medidas de fuerza ante despidos masivos.<\/p>\n<div class=\"TweetInfo\">\n<div class=\"TweetInfo-like\">\n<div data-scribe=\"element:heart\">Telef\u00e9 est\u00e1 actualmente gestionado por la multinacional Viacom. La medida de fuerza fue tomada luego del anuncio a los trabajadores por el\u00a0Consejo Directivo Nacional del Sindicato Argentino de Televisi\u00f3n Telecomunicaciones Servicios Audiovisuales Interactivos y de Datos (Sattsaid) y la comisi\u00f3n gremial Interna. Adem\u00e1s, se presentaron en la puerta del edificio en modo de protesta.<\/div>\n<\/div>\n<\/div>\n<\/div>\n<\/blockquote>\n<\/div>\n<\/div>\n<\/div>\n<\/div>\n<p>A partir de este s\u00e1bado, el habr\u00e1 dos horas de suspensi\u00f3n de tareas por turno. A su vez, se declar\u00f3 el estado de asamblea permanente. De esa forma se mantendr\u00e1 al tanto a los empleados de todo el pa\u00eds dependientes de Viacom cu\u00e1l es la situaci\u00f3n ya que podr\u00edan continuar los despidos.<\/p>\n","protected":false},"excerpt":{"rendered":"<p>En la ma\u00f1ana de este viernes y sin previo aviso, unos doscientos empleados del canal&#8230;<\/p>\n","protected":false},"author":1,"featured_media":-53794,"comment_status":"open","ping_status":"open","sticky":false,"template":"","format":"standard","meta":{"content-type":""},"categories":[39],"tags":[],"nelio_content":{"isAutoShareEnabled":false,"autoShareEndMode":"default","automationSources":{"useContentSentences":true,"useSocialTemplates":true,"useCustomSentences":false,"customSentences":[]},"followers":[1],"suggestedReferences":[],"includedReferences":[],"efiUrl":"","efiAlt":"","highlights":[]},"yoast_head":"<!-- This site is optimized with the Yoast SEO plugin v20.7 - https:\/\/yoast.com\/wordpress\/plugins\/seo\/ -->\n<title>Despidieron a m\u00e1s de 200 trabajadores de Telef\u00e9 y hay paro de actividades -<\/title>\n<meta name=\"robots\" content=\"index, follow, max-snippet:-1, max-image-preview:large, max-video-preview:-1\" \/>\n<link rel=\"canonical\" href=\"https:\/\/experienciadevida.com.ar\/portalurbano\/despidieron-a-mas-de-200-trabajadores-de-telefe-y-hay-paro-de-actividades\/\" \/>\n<meta property=\"og:locale\" content=\"es_ES\" \/>\n<meta property=\"og:type\" content=\"article\" \/>\n<meta property=\"og:title\" content=\"Despidieron a m\u00e1s de 200 trabajadores de Telef\u00e9 y hay paro de actividades -\" \/>\n<meta property=\"og:description\" content=\"En la ma\u00f1ana de este viernes y sin previo aviso, unos doscientos empleados del canal...\" \/>\n<meta property=\"og:url\" content=\"https:\/\/experienciadevida.com.ar\/portalurbano\/despidieron-a-mas-de-200-trabajadores-de-telefe-y-hay-paro-de-actividades\/\" \/>\n<meta property=\"article:publisher\" content=\"https:\/\/www.facebook.com\/Portal-Urbano-171542830093757\/\" \/>\n<meta property=\"article:published_time\" content=\"2019-01-05T00:29:05+00:00\" \/>\n<meta property=\"article:modified_time\" content=\"2019-01-05T00:29:35+00:00\" \/>\n<meta property=\"og:image\" content=\"https:\/\/experienciadevida.com.ar\/portalurbano\/wp-content\/uploads\/2019\/01\/telefe-despedidos-e1546648136986.jpg\" \/>\n\t<meta property=\"og:image:width\" content=\"800\" \/>\n\t<meta property=\"og:image:height\" content=\"450\" \/>\n\t<meta property=\"og:image:type\" content=\"image\/jpeg\" \/>\n<meta name=\"author\" content=\"admpu17wp\" \/>\n<meta name=\"twitter:card\" content=\"summary_large_image\" \/>\n<meta name=\"twitter:creator\" content=\"@portalurbanook\" \/>\n<meta name=\"twitter:site\" content=\"@portalurbanook\" \/>\n<meta name=\"twitter:label1\" content=\"Escrito por\" \/>\n\t<meta name=\"twitter:data1\" content=\"admpu17wp\" \/>\n\t<meta name=\"twitter:label2\" content=\"Tiempo de lectura\" \/>\n\t<meta name=\"twitter:data2\" content=\"1 minuto\" \/>\n<script type=\"application\/ld+json\" class=\"yoast-schema-graph\">{\"@context\":\"https:\/\/schema.org\",\"@graph\":[{\"@type\":\"Article\",\"@id\":\"https:\/\/experienciadevida.com.ar\/portalurbano\/despidieron-a-mas-de-200-trabajadores-de-telefe-y-hay-paro-de-actividades\/#article\",\"isPartOf\":{\"@id\":\"https:\/\/experienciadevida.com.ar\/portalurbano\/despidieron-a-mas-de-200-trabajadores-de-telefe-y-hay-paro-de-actividades\/\"},\"author\":{\"name\":\"admpu17wp\",\"@id\":\"https:\/\/experienciadevida.com.ar\/portalurbano\/#\/schema\/person\/02dd326b1c4b056e9cc972486934a3a7\"},\"headline\":\"Despidieron a m\u00e1s de 200 trabajadores de Telef\u00e9 y hay paro de actividades\",\"datePublished\":\"2019-01-05T00:29:05+00:00\",\"dateModified\":\"2019-01-05T00:29:35+00:00\",\"mainEntityOfPage\":{\"@id\":\"https:\/\/experienciadevida.com.ar\/portalurbano\/despidieron-a-mas-de-200-trabajadores-de-telefe-y-hay-paro-de-actividades\/\"},\"wordCount\":281,\"commentCount\":0,\"publisher\":{\"@id\":\"https:\/\/experienciadevida.com.ar\/portalurbano\/#organization\"},\"articleSection\":[\"Naci\u00f3n\"],\"inLanguage\":\"es\",\"potentialAction\":[{\"@type\":\"CommentAction\",\"name\":\"Comment\",\"target\":[\"https:\/\/experienciadevida.com.ar\/portalurbano\/despidieron-a-mas-de-200-trabajadores-de-telefe-y-hay-paro-de-actividades\/#respond\"]}]},{\"@type\":\"WebPage\",\"@id\":\"https:\/\/experienciadevida.com.ar\/portalurbano\/despidieron-a-mas-de-200-trabajadores-de-telefe-y-hay-paro-de-actividades\/\",\"url\":\"https:\/\/experienciadevida.com.ar\/portalurbano\/despidieron-a-mas-de-200-trabajadores-de-telefe-y-hay-paro-de-actividades\/\",\"name\":\"Despidieron a m\u00e1s de 200 trabajadores de Telef\u00e9 y hay paro de actividades -\",\"isPartOf\":{\"@id\":\"https:\/\/experienciadevida.com.ar\/portalurbano\/#website\"},\"datePublished\":\"2019-01-05T00:29:05+00:00\",\"dateModified\":\"2019-01-05T00:29:35+00:00\",\"breadcrumb\":{\"@id\":\"https:\/\/experienciadevida.com.ar\/portalurbano\/despidieron-a-mas-de-200-trabajadores-de-telefe-y-hay-paro-de-actividades\/#breadcrumb\"},\"inLanguage\":\"es\",\"potentialAction\":[{\"@type\":\"ReadAction\",\"target\":[\"https:\/\/experienciadevida.com.ar\/portalurbano\/despidieron-a-mas-de-200-trabajadores-de-telefe-y-hay-paro-de-actividades\/\"]}]},{\"@type\":\"BreadcrumbList\",\"@id\":\"https:\/\/experienciadevida.com.ar\/portalurbano\/despidieron-a-mas-de-200-trabajadores-de-telefe-y-hay-paro-de-actividades\/#breadcrumb\",\"itemListElement\":[{\"@type\":\"ListItem\",\"position\":1,\"name\":\"Portada\",\"item\":\"https:\/\/experienciadevida.com.ar\/portalurbano\/\"},{\"@type\":\"ListItem\",\"position\":2,\"name\":\"Despidieron a m\u00e1s de 200 trabajadores de Telef\u00e9 y hay paro de actividades\"}]},{\"@type\":\"WebSite\",\"@id\":\"https:\/\/experienciadevida.com.ar\/portalurbano\/#website\",\"url\":\"https:\/\/experienciadevida.com.ar\/portalurbano\/\",\"name\":\"\",\"description\":\"\",\"publisher\":{\"@id\":\"https:\/\/experienciadevida.com.ar\/portalurbano\/#organization\"},\"potentialAction\":[{\"@type\":\"SearchAction\",\"target\":{\"@type\":\"EntryPoint\",\"urlTemplate\":\"https:\/\/experienciadevida.com.ar\/portalurbano\/?s={search_term_string}\"},\"query-input\":\"required name=search_term_string\"}],\"inLanguage\":\"es\"},{\"@type\":\"Organization\",\"@id\":\"https:\/\/experienciadevida.com.ar\/portalurbano\/#organization\",\"name\":\"Portal Urbano\",\"url\":\"https:\/\/experienciadevida.com.ar\/portalurbano\/\",\"logo\":{\"@type\":\"ImageObject\",\"inLanguage\":\"es\",\"@id\":\"https:\/\/experienciadevida.com.ar\/portalurbano\/#\/schema\/logo\/image\/\",\"url\":\"https:\/\/experienciadevida.com.ar\/portalurbano\/wp-content\/uploads\/2019\/09\/Logo-Original.png\",\"contentUrl\":\"https:\/\/experienciadevida.com.ar\/portalurbano\/wp-content\/uploads\/2019\/09\/Logo-Original.png\",\"width\":2236,\"height\":1216,\"caption\":\"Portal Urbano\"},\"image\":{\"@id\":\"https:\/\/experienciadevida.com.ar\/portalurbano\/#\/schema\/logo\/image\/\"},\"sameAs\":[\"https:\/\/www.facebook.com\/Portal-Urbano-171542830093757\/\",\"https:\/\/twitter.com\/portalurbanook\",\"https:\/\/www.instagram.com\/_portalurbano\/\",\"https:\/\/www.youtube.com\/channel\/UCXhagIfszH8KxFiOok79zbA?view_as=subscriber\"]},{\"@type\":\"Person\",\"@id\":\"https:\/\/experienciadevida.com.ar\/portalurbano\/#\/schema\/person\/02dd326b1c4b056e9cc972486934a3a7\",\"name\":\"admpu17wp\",\"image\":{\"@type\":\"ImageObject\",\"inLanguage\":\"es\",\"@id\":\"https:\/\/experienciadevida.com.ar\/portalurbano\/#\/schema\/person\/image\/\",\"url\":\"https:\/\/secure.gravatar.com\/avatar\/830d4c57adaae6630765e449a6908047?s=96&d=mm&r=g\",\"contentUrl\":\"https:\/\/secure.gravatar.com\/avatar\/830d4c57adaae6630765e449a6908047?s=96&d=mm&r=g\",\"caption\":\"admpu17wp\"}}]}<\/script>\n<!-- \/ Yoast SEO plugin. -->","yoast_head_json":{"title":"Despidieron a m\u00e1s de 200 trabajadores de Telef\u00e9 y hay paro de actividades -","robots":{"index":"index","follow":"follow","max-snippet":"max-snippet:-1","max-image-preview":"max-image-preview:large","max-video-preview":"max-video-preview:-1"},"canonical":"https:\/\/experienciadevida.com.ar\/portalurbano\/despidieron-a-mas-de-200-trabajadores-de-telefe-y-hay-paro-de-actividades\/","og_locale":"es_ES","og_type":"article","og_title":"Despidieron a m\u00e1s de 200 trabajadores de Telef\u00e9 y hay paro de actividades -","og_description":"En la ma\u00f1ana de este viernes y sin previo aviso, unos doscientos empleados del canal...","og_url":"https:\/\/experienciadevida.com.ar\/portalurbano\/despidieron-a-mas-de-200-trabajadores-de-telefe-y-hay-paro-de-actividades\/","article_publisher":"https:\/\/www.facebook.com\/Portal-Urbano-171542830093757\/","article_published_time":"2019-01-05T00:29:05+00:00","article_modified_time":"2019-01-05T00:29:35+00:00","og_image":[{"width":800,"height":450,"url":"https:\/\/experienciadevida.com.ar\/portalurbano\/wp-content\/uploads\/2019\/01\/telefe-despedidos-e1546648136986.jpg","type":"image\/jpeg"}],"author":"admpu17wp","twitter_card":"summary_large_image","twitter_creator":"@portalurbanook","twitter_site":"@portalurbanook","twitter_misc":{"Escrito por":"admpu17wp","Tiempo de lectura":"1 minuto"},"schema":{"@context":"https:\/\/schema.org","@graph":[{"@type":"Article","@id":"https:\/\/experienciadevida.com.ar\/portalurbano\/despidieron-a-mas-de-200-trabajadores-de-telefe-y-hay-paro-de-actividades\/#article","isPartOf":{"@id":"https:\/\/experienciadevida.com.ar\/portalurbano\/despidieron-a-mas-de-200-trabajadores-de-telefe-y-hay-paro-de-actividades\/"},"author":{"name":"admpu17wp","@id":"https:\/\/experienciadevida.com.ar\/portalurbano\/#\/schema\/person\/02dd326b1c4b056e9cc972486934a3a7"},"headline":"Despidieron a m\u00e1s de 200 trabajadores de Telef\u00e9 y hay paro de actividades","datePublished":"2019-01-05T00:29:05+00:00","dateModified":"2019-01-05T00:29:35+00:00","mainEntityOfPage":{"@id":"https:\/\/experienciadevida.com.ar\/portalurbano\/despidieron-a-mas-de-200-trabajadores-de-telefe-y-hay-paro-de-actividades\/"},"wordCount":281,"commentCount":0,"publisher":{"@id":"https:\/\/experienciadevida.com.ar\/portalurbano\/#organization"},"articleSection":["Naci\u00f3n"],"inLanguage":"es","potentialAction":[{"@type":"CommentAction","name":"Comment","target":["https:\/\/experienciadevida.com.ar\/portalurbano\/despidieron-a-mas-de-200-trabajadores-de-telefe-y-hay-paro-de-actividades\/#respond"]}]},{"@type":"WebPage","@id":"https:\/\/experienciadevida.com.ar\/portalurbano\/despidieron-a-mas-de-200-trabajadores-de-telefe-y-hay-paro-de-actividades\/","url":"https:\/\/experienciadevida.com.ar\/portalurbano\/despidieron-a-mas-de-200-trabajadores-de-telefe-y-hay-paro-de-actividades\/","name":"Despidieron a m\u00e1s de 200 trabajadores de Telef\u00e9 y hay paro de actividades -","isPartOf":{"@id":"https:\/\/experienciadevida.com.ar\/portalurbano\/#website"},"datePublished":"2019-01-05T00:29:05+00:00","dateModified":"2019-01-05T00:29:35+00:00","breadcrumb":{"@id":"https:\/\/experienciadevida.com.ar\/portalurbano\/despidieron-a-mas-de-200-trabajadores-de-telefe-y-hay-paro-de-actividades\/#breadcrumb"},"inLanguage":"es","potentialAction":[{"@type":"ReadAction","target":["https:\/\/experienciadevida.com.ar\/portalurbano\/despidieron-a-mas-de-200-trabajadores-de-telefe-y-hay-paro-de-actividades\/"]}]},{"@type":"BreadcrumbList","@id":"https:\/\/experienciadevida.com.ar\/portalurbano\/despidieron-a-mas-de-200-trabajadores-de-telefe-y-hay-paro-de-actividades\/#breadcrumb","itemListElement":[{"@type":"ListItem","position":1,"name":"Portada","item":"https:\/\/experienciadevida.com.ar\/portalurbano\/"},{"@type":"ListItem","position":2,"name":"Despidieron a m\u00e1s de 200 trabajadores de Telef\u00e9 y hay paro de actividades"}]},{"@type":"WebSite","@id":"https:\/\/experienciadevida.com.ar\/portalurbano\/#website","url":"https:\/\/experienciadevida.com.ar\/portalurbano\/","name":"","description":"","publisher":{"@id":"https:\/\/experienciadevida.com.ar\/portalurbano\/#organization"},"potentialAction":[{"@type":"SearchAction","target":{"@type":"EntryPoint","urlTemplate":"https:\/\/experienciadevida.com.ar\/portalurbano\/?s={search_term_string}"},"query-input":"required name=search_term_string"}],"inLanguage":"es"},{"@type":"Organization","@id":"https:\/\/experienciadevida.com.ar\/portalurbano\/#organization","name":"Portal Urbano","url":"https:\/\/experienciadevida.com.ar\/portalurbano\/","logo":{"@type":"ImageObject","inLanguage":"es","@id":"https:\/\/experienciadevida.com.ar\/portalurbano\/#\/schema\/logo\/image\/","url":"https:\/\/experienciadevida.com.ar\/portalurbano\/wp-content\/uploads\/2019\/09\/Logo-Original.png","contentUrl":"https:\/\/experienciadevida.com.ar\/portalurbano\/wp-content\/uploads\/2019\/09\/Logo-Original.png","width":2236,"height":1216,"caption":"Portal Urbano"},"image":{"@id":"https:\/\/experienciadevida.com.ar\/portalurbano\/#\/schema\/logo\/image\/"},"sameAs":["https:\/\/www.facebook.com\/Portal-Urbano-171542830093757\/","https:\/\/twitter.com\/portalurbanook","https:\/\/www.instagram.com\/_portalurbano\/","https:\/\/www.youtube.com\/channel\/UCXhagIfszH8KxFiOok79zbA?view_as=subscriber"]},{"@type":"Person","@id":"https:\/\/experienciadevida.com.ar\/portalurbano\/#\/schema\/person\/02dd326b1c4b056e9cc972486934a3a7","name":"admpu17wp","image":{"@type":"ImageObject","inLanguage":"es","@id":"https:\/\/experienciadevida.com.ar\/portalurbano\/#\/schema\/person\/image\/","url":"https:\/\/secure.gravatar.com\/avatar\/830d4c57adaae6630765e449a6908047?s=96&d=mm&r=g","contentUrl":"https:\/\/secure.gravatar.com\/avatar\/830d4c57adaae6630765e449a6908047?s=96&d=mm&r=g","caption":"admpu17wp"}}]}},"featured_image_urls":{"full":["https:\/\/pbs.twimg.com\/profile_images\/689584895543394305\/_iEoPc4h_normal.jpg",1920,1080,false],"thumbnail":["https:\/\/pbs.twimg.com\/profile_images\/689584895543394305\/_iEoPc4h_normal.jpg",150,150,true],"medium":["https:\/\/pbs.twimg.com\/profile_images\/689584895543394305\/_iEoPc4h_normal.jpg",300,169,true],"medium_large":["https:\/\/pbs.twimg.com\/profile_images\/689584895543394305\/_iEoPc4h_normal.jpg",640,360,true],"large":["https:\/\/pbs.twimg.com\/profile_images\/689584895543394305\/_iEoPc4h_normal.jpg",640,360,true],"ug_big":["https:\/\/pbs.twimg.com\/profile_images\/689584895543394305\/_iEoPc4h_normal.jpg",768,432,true],"1536x1536":["https:\/\/pbs.twimg.com\/profile_images\/689584895543394305\/_iEoPc4h_normal.jpg",1536,864,true],"2048x2048":["https:\/\/pbs.twimg.com\/profile_images\/689584895543394305\/_iEoPc4h_normal.jpg",1920,1080,false],"newsever-slider-full":["https:\/\/pbs.twimg.com\/profile_images\/689584895543394305\/_iEoPc4h_normal.jpg",1280,845,true],"newsever-featured":["https:\/\/pbs.twimg.com\/profile_images\/689584895543394305\/_iEoPc4h_normal.jpg",1024,576,true],"newsever-medium":["https:\/\/pbs.twimg.com\/profile_images\/689584895543394305\/_iEoPc4h_normal.jpg",720,475,true],"web-stories-poster-portrait":["https:\/\/pbs.twimg.com\/profile_images\/689584895543394305\/_iEoPc4h_normal.jpg",640,853,true],"web-stories-publisher-logo":["https:\/\/pbs.twimg.com\/profile_images\/689584895543394305\/_iEoPc4h_normal.jpg",96,96,true],"web-stories-thumbnail":["https:\/\/pbs.twimg.com\/profile_images\/689584895543394305\/_iEoPc4h_normal.jpg",150,84,true]},"author_info":{"display_name":"admpu17wp","author_link":"https:\/\/experienciadevida.com.ar\/portalurbano\/author\/admpu17wp\/"},"category_info":"<a href=\"https:\/\/experienciadevida.com.ar\/portalurbano\/category\/nacion\/\" rel=\"category tag\">Naci\u00f3n<\/a>","tag_info":"Naci\u00f3n","comment_count":"0","amp_enabled":true,"_links":{"self":[{"href":"https:\/\/experienciadevida.com.ar\/portalurbano\/wp-json\/wp\/v2\/posts\/53794"}],"collection":[{"href":"https:\/\/experienciadevida.com.ar\/portalurbano\/wp-json\/wp\/v2\/posts"}],"about":[{"href":"https:\/\/experienciadevida.com.ar\/portalurbano\/wp-json\/wp\/v2\/types\/post"}],"author":[{"embeddable":true,"href":"https:\/\/experienciadevida.com.ar\/portalurbano\/wp-json\/wp\/v2\/users\/1"}],"replies":[{"embeddable":true,"href":"https:\/\/experienciadevida.com.ar\/portalurbano\/wp-json\/wp\/v2\/comments?post=53794"}],"version-history":[{"count":2,"href":"https:\/\/experienciadevida.com.ar\/portalurbano\/wp-json\/wp\/v2\/posts\/53794\/revisions"}],"predecessor-version":[{"id":53797,"href":"https:\/\/experienciadevida.com.ar\/portalurbano\/wp-json\/wp\/v2\/posts\/53794\/revisions\/53797"}],"wp:featuredmedia":[{"embeddable":true,"href":"https:\/\/experienciadevida.com.ar\/portalurbano\/wp-json\/"}],"wp:attachment":[{"href":"https:\/\/experienciadevida.com.ar\/portalurbano\/wp-json\/wp\/v2\/media?parent=53794"}],"wp:term":[{"taxonomy":"category","embeddable":true,"href":"https:\/\/experienciadevida.com.ar\/portalurbano\/wp-json\/wp\/v2\/categories?post=53794"},{"taxonomy":"post_tag","embeddable":true,"href":"https:\/\/experienciadevida.com.ar\/portalurbano\/wp-json\/wp\/v2\/tags?post=53794"}],"curies":[{"name":"wp","href":"https:\/\/api.w.org\/{rel}","templated":true}]}}