{"id":53636,"date":"2019-01-02T19:06:37","date_gmt":"2019-01-02T22:06:37","guid":{"rendered":"https:\/\/experienciadevida.com.ar\/portalurbano\/?p=53636"},"modified":"2019-01-02T19:06:37","modified_gmt":"2019-01-02T22:06:37","slug":"la-auh-cada-vez-alcanza-menos","status":"publish","type":"post","link":"https:\/\/experienciadevida.com.ar\/portalurbano\/la-auh-cada-vez-alcanza-menos\/","title":{"rendered":"La AUH cada vez alcanza menos"},"content":{"rendered":"<article id=\"article-post\" class=\"first\">\n<div class=\"separator-line\">Desde la\u00a0<strong>Defensor\u00eda del Pueblo de la\u00a0Provincia de Buenos Aires<\/strong>\u00a0se\u00f1alaron que la\u00a0<strong>Asignaci\u00f3n Universal por Hijo \u201cse devalu\u00f3\u201d<\/strong>, as\u00ed como las\u00a0<strong>Asignaciones Familiares<\/strong>, tras lo cual advirtieron que \u201choy los beneficiarios pueden comprar much\u00edsimos menos alimentos que hace dos a\u00f1os\u201d.<\/div>\n<div class=\"cuerpo\" data-twitter-link=\"https:\/\/twitter.com\/intent\/tweet?url=https:\/\/www.diariopopular.com.ar\/\/c376913&amp;via=poopulardiario&amp;related=Diario Popular&amp;text=\">\n<div id=\"div-gpt-ad-nota-143592\" class=\"banner-90\" data-mapping=\"mapping9\" data-google-query-id=\"CLiL_7uM0N8CFUkSgQodkdkD0w\">\n<div id=\"google_ads_iframe_\/7581181\/dp_universal_0__container__\">\n\u201cHay un deterioro socioecon\u00f3mico que se evidencia en la evoluci\u00f3n del poder adquisitivo de la\u00a0<strong>Asignaci\u00f3n Universal por Hijo (AUH)<\/strong>: hoy los beneficiarios pueden comprar much\u00edsimos menos alimentos de primera necesidad que hace dos a\u00f1os\u201d, explic\u00f3\u00a0<strong>Walter Martello,<\/strong>\u00a0defensor adjunto del\u00a0<strong>Pueblo bonaerense<\/strong>.<\/div>\n<\/div>\n<\/div>\n<\/article>\n<article id=\"article-post\">\n<div class=\"cuerpo\" data-twitter-link=\"https:\/\/twitter.com\/intent\/tweet?url=https:\/\/www.diariopopular.com.ar\/\/c376913&amp;via=poopulardiario&amp;related=Diario Popular&amp;text=\">\n<p><strong>Martello,<\/strong>\u00a0tambi\u00e9n titular del\u00a0<strong>Observatorio de Derechos de Ni\u00f1os, Ni\u00f1as y Adolescentes de la Defensor\u00eda<\/strong>, insisti\u00f3 en que \u201ces necesario recuperar ingresos para garantizar derechos\u201d durante las terceras jornadas\u00a0<strong>\u201cDejando Huellas por sus Derechos\u201d<\/strong>, en la\u00a0<strong>Universidad Nacional del Sur (UNS) de Bah\u00eda Blanca<\/strong>.<\/p>\n<p>\u201cLa\u00a0<strong>AUH<\/strong>\u00a0es la principal pol\u00edtica del\u00a0<strong>Estado<\/strong>\u00a0para contener la situaci\u00f3n social, pero est\u00e1 resultando insuficiente y pierde la carrera contra la inflaci\u00f3n. Es necesario priorizar y reforzar las partidas presupuestarias de los programas sociales a nivel nacional y provincial\u201d, advirti\u00f3 el defensor adjunto.<\/p>\n<p>En esa l\u00ednea, propuso: \u201cEl nuevo impuesto al juego online y a los premios de las tragamonedas podr\u00eda aportar una parte de esos recursos en la\u00a0<strong>Provincia.<\/strong>\u00a0S\u00f3lo con el juego online se calcula que recaudar\u00e1 1.400 millones en 2019, cifra siete veces superior al presupuesto actual del\u00a0<strong>Programa Envi\u00f3n,<\/strong>\u00a0el cual est\u00e1 destinado a chicos de entre 12 y 21 a\u00f1os que se encuentran en situaci\u00f3n de vulnerabilidad social\u201d.<\/p>\n<p>Por su parte,\u00a0<strong>Martello<\/strong>\u00a0consider\u00f3 que \u201clos consejos locales pueden funcionar como un importante primer dique de contenci\u00f3n a la hora de intervenir ante la vulneraci\u00f3n de derechos de ni\u00f1as, ni\u00f1os y adolescentes, pero lamentablemente estos espacios, contemplados por el marco normativo vigente, en varios municipios no est\u00e1n funcionando o ni siquiera fueron creados\u201d.<\/p>\n<p>A la vez, aclar\u00f3 que el financiamiento de los programas sociales arrastra problemas desde hace m\u00e1s de una d\u00e9cada: \u201cEn 2006, el\u00a0<strong>Ministerio de Desarrollo<\/strong>\u00a0recib\u00eda poco m\u00e1s del 5% de los recursos totales de la\u00a0<strong>Provincia<\/strong>\u00a0y desde ese momento, con algunos vaivenes, comenz\u00f3 a reducirse la incidencia\u201d.<\/p>\n<p>\u201cHoy nos encontramos con que las pol\u00edticas sociales solo recibir\u00e1n en 2019 el 2,51%. De haberse mantenido la asignaci\u00f3n de 2006, en t\u00e9rminos porcentuales, al\u00a0<strong>Ministerio de Desarrollo Social<\/strong>le corresponder\u00eda en 2019 47.000 millones de pesos m\u00e1s que lo pautado, es decir, el doble del presupuesto\u201d, dispar\u00f3 el especialista.<\/p>\n<p>Por otro lado,\u00a0<strong>Martello<\/strong>\u00a0analiz\u00f3 la discusi\u00f3n en torno al debate por la baja de la edad imputabilidad. \u201cLas estad\u00edsticas del\u00a0<strong>Poder Judicial<\/strong>, a nivel nacional y provincial, muestran que en los casos judicializados la incidencia de los hechos delictivos cometidos por j\u00f3venes de entre 13 y 15 a\u00f1os viene disminuyendo\u201d, explic\u00f3.<\/p>\n<p>En tanto, sostuvo que en aquellos distritos donde se registra un aumento de las intervenciones judiciales que involucran a adolescentes, son las regiones de la\u00a0<strong>Provincia<\/strong>\u00a0donde m\u00e1s est\u00e1n impactando el crecimiento de la pobreza y la indigencia.<\/p>\n<\/div>\n<\/article>\n","protected":false},"excerpt":{"rendered":"<p>Desde la\u00a0Defensor\u00eda del Pueblo de la\u00a0Provincia de Buenos Aires\u00a0se\u00f1alaron que la\u00a0Asignaci\u00f3n Universal por Hijo \u201cse&#8230;<\/p>\n","protected":false},"author":1,"featured_media":0,"comment_status":"open","ping_status":"open","sticky":false,"template":"","format":"standard","meta":{"content-type":""},"categories":[39],"tags":[],"nelio_content":{"isAutoShareEnabled":false,"autoShareEndMode":"default","automationSources":{"useContentSentences":true,"useSocialTemplates":true,"useCustomSentences":false,"customSentences":[]},"followers":[1],"suggestedReferences":[],"includedReferences":[],"efiUrl":"","efiAlt":"","highlights":[]},"yoast_head":"<!-- This site is optimized with the Yoast SEO plugin v20.7 - https:\/\/yoast.com\/wordpress\/plugins\/seo\/ -->\n<title>La AUH cada vez alcanza menos -<\/title>\n<meta name=\"robots\" content=\"index, follow, max-snippet:-1, max-image-preview:large, max-video-preview:-1\" \/>\n<link rel=\"canonical\" href=\"https:\/\/experienciadevida.com.ar\/portalurbano\/la-auh-cada-vez-alcanza-menos\/\" \/>\n<meta property=\"og:locale\" content=\"es_ES\" \/>\n<meta property=\"og:type\" content=\"article\" \/>\n<meta property=\"og:title\" content=\"La AUH cada vez alcanza menos -\" \/>\n<meta property=\"og:description\" content=\"Desde la\u00a0Defensor\u00eda del Pueblo de la\u00a0Provincia de Buenos Aires\u00a0se\u00f1alaron que la\u00a0Asignaci\u00f3n Universal por Hijo \u201cse...\" \/>\n<meta property=\"og:url\" content=\"https:\/\/experienciadevida.com.ar\/portalurbano\/la-auh-cada-vez-alcanza-menos\/\" \/>\n<meta property=\"article:publisher\" content=\"https:\/\/www.facebook.com\/Portal-Urbano-171542830093757\/\" \/>\n<meta property=\"article:published_time\" content=\"2019-01-02T22:06:37+00:00\" \/>\n<meta property=\"og:image\" content=\"https:\/\/experienciadevida.com.ar\/portalurbano\/wp-content\/uploads\/2019\/01\/supermercado-e1559172175239.jpg\" \/>\n\t<meta property=\"og:image:width\" content=\"750\" \/>\n\t<meta property=\"og:image:height\" content=\"518\" \/>\n\t<meta property=\"og:image:type\" content=\"image\/jpeg\" \/>\n<meta name=\"author\" content=\"admpu17wp\" \/>\n<meta name=\"twitter:card\" content=\"summary_large_image\" \/>\n<meta name=\"twitter:creator\" content=\"@portalurbanook\" \/>\n<meta name=\"twitter:site\" content=\"@portalurbanook\" \/>\n<meta name=\"twitter:label1\" content=\"Escrito por\" \/>\n\t<meta name=\"twitter:data1\" content=\"admpu17wp\" \/>\n\t<meta name=\"twitter:label2\" content=\"Tiempo de lectura\" \/>\n\t<meta name=\"twitter:data2\" content=\"3 minutos\" \/>\n<script type=\"application\/ld+json\" class=\"yoast-schema-graph\">{\"@context\":\"https:\/\/schema.org\",\"@graph\":[{\"@type\":\"Article\",\"@id\":\"https:\/\/experienciadevida.com.ar\/portalurbano\/la-auh-cada-vez-alcanza-menos\/#article\",\"isPartOf\":{\"@id\":\"https:\/\/experienciadevida.com.ar\/portalurbano\/la-auh-cada-vez-alcanza-menos\/\"},\"author\":{\"name\":\"admpu17wp\",\"@id\":\"https:\/\/experienciadevida.com.ar\/portalurbano\/#\/schema\/person\/02dd326b1c4b056e9cc972486934a3a7\"},\"headline\":\"La AUH cada vez alcanza menos\",\"datePublished\":\"2019-01-02T22:06:37+00:00\",\"dateModified\":\"2019-01-02T22:06:37+00:00\",\"mainEntityOfPage\":{\"@id\":\"https:\/\/experienciadevida.com.ar\/portalurbano\/la-auh-cada-vez-alcanza-menos\/\"},\"wordCount\":524,\"commentCount\":0,\"publisher\":{\"@id\":\"https:\/\/experienciadevida.com.ar\/portalurbano\/#organization\"},\"articleSection\":[\"Naci\u00f3n\"],\"inLanguage\":\"es\",\"potentialAction\":[{\"@type\":\"CommentAction\",\"name\":\"Comment\",\"target\":[\"https:\/\/experienciadevida.com.ar\/portalurbano\/la-auh-cada-vez-alcanza-menos\/#respond\"]}]},{\"@type\":\"WebPage\",\"@id\":\"https:\/\/experienciadevida.com.ar\/portalurbano\/la-auh-cada-vez-alcanza-menos\/\",\"url\":\"https:\/\/experienciadevida.com.ar\/portalurbano\/la-auh-cada-vez-alcanza-menos\/\",\"name\":\"La AUH cada vez alcanza menos -\",\"isPartOf\":{\"@id\":\"https:\/\/experienciadevida.com.ar\/portalurbano\/#website\"},\"datePublished\":\"2019-01-02T22:06:37+00:00\",\"dateModified\":\"2019-01-02T22:06:37+00:00\",\"breadcrumb\":{\"@id\":\"https:\/\/experienciadevida.com.ar\/portalurbano\/la-auh-cada-vez-alcanza-menos\/#breadcrumb\"},\"inLanguage\":\"es\",\"potentialAction\":[{\"@type\":\"ReadAction\",\"target\":[\"https:\/\/experienciadevida.com.ar\/portalurbano\/la-auh-cada-vez-alcanza-menos\/\"]}]},{\"@type\":\"BreadcrumbList\",\"@id\":\"https:\/\/experienciadevida.com.ar\/portalurbano\/la-auh-cada-vez-alcanza-menos\/#breadcrumb\",\"itemListElement\":[{\"@type\":\"ListItem\",\"position\":1,\"name\":\"Portada\",\"item\":\"https:\/\/experienciadevida.com.ar\/portalurbano\/\"},{\"@type\":\"ListItem\",\"position\":2,\"name\":\"La AUH cada vez alcanza menos\"}]},{\"@type\":\"WebSite\",\"@id\":\"https:\/\/experienciadevida.com.ar\/portalurbano\/#website\",\"url\":\"https:\/\/experienciadevida.com.ar\/portalurbano\/\",\"name\":\"\",\"description\":\"\",\"publisher\":{\"@id\":\"https:\/\/experienciadevida.com.ar\/portalurbano\/#organization\"},\"potentialAction\":[{\"@type\":\"SearchAction\",\"target\":{\"@type\":\"EntryPoint\",\"urlTemplate\":\"https:\/\/experienciadevida.com.ar\/portalurbano\/?s={search_term_string}\"},\"query-input\":\"required name=search_term_string\"}],\"inLanguage\":\"es\"},{\"@type\":\"Organization\",\"@id\":\"https:\/\/experienciadevida.com.ar\/portalurbano\/#organization\",\"name\":\"Portal Urbano\",\"url\":\"https:\/\/experienciadevida.com.ar\/portalurbano\/\",\"logo\":{\"@type\":\"ImageObject\",\"inLanguage\":\"es\",\"@id\":\"https:\/\/experienciadevida.com.ar\/portalurbano\/#\/schema\/logo\/image\/\",\"url\":\"https:\/\/experienciadevida.com.ar\/portalurbano\/wp-content\/uploads\/2019\/09\/Logo-Original.png\",\"contentUrl\":\"https:\/\/experienciadevida.com.ar\/portalurbano\/wp-content\/uploads\/2019\/09\/Logo-Original.png\",\"width\":2236,\"height\":1216,\"caption\":\"Portal Urbano\"},\"image\":{\"@id\":\"https:\/\/experienciadevida.com.ar\/portalurbano\/#\/schema\/logo\/image\/\"},\"sameAs\":[\"https:\/\/www.facebook.com\/Portal-Urbano-171542830093757\/\",\"https:\/\/twitter.com\/portalurbanook\",\"https:\/\/www.instagram.com\/_portalurbano\/\",\"https:\/\/www.youtube.com\/channel\/UCXhagIfszH8KxFiOok79zbA?view_as=subscriber\"]},{\"@type\":\"Person\",\"@id\":\"https:\/\/experienciadevida.com.ar\/portalurbano\/#\/schema\/person\/02dd326b1c4b056e9cc972486934a3a7\",\"name\":\"admpu17wp\",\"image\":{\"@type\":\"ImageObject\",\"inLanguage\":\"es\",\"@id\":\"https:\/\/experienciadevida.com.ar\/portalurbano\/#\/schema\/person\/image\/\",\"url\":\"https:\/\/secure.gravatar.com\/avatar\/830d4c57adaae6630765e449a6908047?s=96&d=mm&r=g\",\"contentUrl\":\"https:\/\/secure.gravatar.com\/avatar\/830d4c57adaae6630765e449a6908047?s=96&d=mm&r=g\",\"caption\":\"admpu17wp\"}}]}<\/script>\n<!-- \/ Yoast SEO plugin. -->","yoast_head_json":{"title":"La AUH cada vez alcanza menos -","robots":{"index":"index","follow":"follow","max-snippet":"max-snippet:-1","max-image-preview":"max-image-preview:large","max-video-preview":"max-video-preview:-1"},"canonical":"https:\/\/experienciadevida.com.ar\/portalurbano\/la-auh-cada-vez-alcanza-menos\/","og_locale":"es_ES","og_type":"article","og_title":"La AUH cada vez alcanza menos -","og_description":"Desde la\u00a0Defensor\u00eda del Pueblo de la\u00a0Provincia de Buenos Aires\u00a0se\u00f1alaron que la\u00a0Asignaci\u00f3n Universal por Hijo \u201cse...","og_url":"https:\/\/experienciadevida.com.ar\/portalurbano\/la-auh-cada-vez-alcanza-menos\/","article_publisher":"https:\/\/www.facebook.com\/Portal-Urbano-171542830093757\/","article_published_time":"2019-01-02T22:06:37+00:00","og_image":[{"width":750,"height":518,"url":"https:\/\/experienciadevida.com.ar\/portalurbano\/wp-content\/uploads\/2019\/01\/supermercado-e1559172175239.jpg","type":"image\/jpeg"}],"author":"admpu17wp","twitter_card":"summary_large_image","twitter_creator":"@portalurbanook","twitter_site":"@portalurbanook","twitter_misc":{"Escrito por":"admpu17wp","Tiempo de lectura":"3 minutos"},"schema":{"@context":"https:\/\/schema.org","@graph":[{"@type":"Article","@id":"https:\/\/experienciadevida.com.ar\/portalurbano\/la-auh-cada-vez-alcanza-menos\/#article","isPartOf":{"@id":"https:\/\/experienciadevida.com.ar\/portalurbano\/la-auh-cada-vez-alcanza-menos\/"},"author":{"name":"admpu17wp","@id":"https:\/\/experienciadevida.com.ar\/portalurbano\/#\/schema\/person\/02dd326b1c4b056e9cc972486934a3a7"},"headline":"La AUH cada vez alcanza menos","datePublished":"2019-01-02T22:06:37+00:00","dateModified":"2019-01-02T22:06:37+00:00","mainEntityOfPage":{"@id":"https:\/\/experienciadevida.com.ar\/portalurbano\/la-auh-cada-vez-alcanza-menos\/"},"wordCount":524,"commentCount":0,"publisher":{"@id":"https:\/\/experienciadevida.com.ar\/portalurbano\/#organization"},"articleSection":["Naci\u00f3n"],"inLanguage":"es","potentialAction":[{"@type":"CommentAction","name":"Comment","target":["https:\/\/experienciadevida.com.ar\/portalurbano\/la-auh-cada-vez-alcanza-menos\/#respond"]}]},{"@type":"WebPage","@id":"https:\/\/experienciadevida.com.ar\/portalurbano\/la-auh-cada-vez-alcanza-menos\/","url":"https:\/\/experienciadevida.com.ar\/portalurbano\/la-auh-cada-vez-alcanza-menos\/","name":"La AUH cada vez alcanza menos -","isPartOf":{"@id":"https:\/\/experienciadevida.com.ar\/portalurbano\/#website"},"datePublished":"2019-01-02T22:06:37+00:00","dateModified":"2019-01-02T22:06:37+00:00","breadcrumb":{"@id":"https:\/\/experienciadevida.com.ar\/portalurbano\/la-auh-cada-vez-alcanza-menos\/#breadcrumb"},"inLanguage":"es","potentialAction":[{"@type":"ReadAction","target":["https:\/\/experienciadevida.com.ar\/portalurbano\/la-auh-cada-vez-alcanza-menos\/"]}]},{"@type":"BreadcrumbList","@id":"https:\/\/experienciadevida.com.ar\/portalurbano\/la-auh-cada-vez-alcanza-menos\/#breadcrumb","itemListElement":[{"@type":"ListItem","position":1,"name":"Portada","item":"https:\/\/experienciadevida.com.ar\/portalurbano\/"},{"@type":"ListItem","position":2,"name":"La AUH cada vez alcanza menos"}]},{"@type":"WebSite","@id":"https:\/\/experienciadevida.com.ar\/portalurbano\/#website","url":"https:\/\/experienciadevida.com.ar\/portalurbano\/","name":"","description":"","publisher":{"@id":"https:\/\/experienciadevida.com.ar\/portalurbano\/#organization"},"potentialAction":[{"@type":"SearchAction","target":{"@type":"EntryPoint","urlTemplate":"https:\/\/experienciadevida.com.ar\/portalurbano\/?s={search_term_string}"},"query-input":"required name=search_term_string"}],"inLanguage":"es"},{"@type":"Organization","@id":"https:\/\/experienciadevida.com.ar\/portalurbano\/#organization","name":"Portal Urbano","url":"https:\/\/experienciadevida.com.ar\/portalurbano\/","logo":{"@type":"ImageObject","inLanguage":"es","@id":"https:\/\/experienciadevida.com.ar\/portalurbano\/#\/schema\/logo\/image\/","url":"https:\/\/experienciadevida.com.ar\/portalurbano\/wp-content\/uploads\/2019\/09\/Logo-Original.png","contentUrl":"https:\/\/experienciadevida.com.ar\/portalurbano\/wp-content\/uploads\/2019\/09\/Logo-Original.png","width":2236,"height":1216,"caption":"Portal Urbano"},"image":{"@id":"https:\/\/experienciadevida.com.ar\/portalurbano\/#\/schema\/logo\/image\/"},"sameAs":["https:\/\/www.facebook.com\/Portal-Urbano-171542830093757\/","https:\/\/twitter.com\/portalurbanook","https:\/\/www.instagram.com\/_portalurbano\/","https:\/\/www.youtube.com\/channel\/UCXhagIfszH8KxFiOok79zbA?view_as=subscriber"]},{"@type":"Person","@id":"https:\/\/experienciadevida.com.ar\/portalurbano\/#\/schema\/person\/02dd326b1c4b056e9cc972486934a3a7","name":"admpu17wp","image":{"@type":"ImageObject","inLanguage":"es","@id":"https:\/\/experienciadevida.com.ar\/portalurbano\/#\/schema\/person\/image\/","url":"https:\/\/secure.gravatar.com\/avatar\/830d4c57adaae6630765e449a6908047?s=96&d=mm&r=g","contentUrl":"https:\/\/secure.gravatar.com\/avatar\/830d4c57adaae6630765e449a6908047?s=96&d=mm&r=g","caption":"admpu17wp"}}]}},"featured_image_urls":{"full":"","thumbnail":"","medium":"","medium_large":"","large":"","ug_big":"","1536x1536":"","2048x2048":"","newsever-slider-full":"","newsever-featured":"","newsever-medium":"","web-stories-poster-portrait":"","web-stories-publisher-logo":"","web-stories-thumbnail":""},"author_info":{"display_name":"admpu17wp","author_link":"https:\/\/experienciadevida.com.ar\/portalurbano\/author\/admpu17wp\/"},"category_info":"<a href=\"https:\/\/experienciadevida.com.ar\/portalurbano\/category\/nacion\/\" rel=\"category tag\">Naci\u00f3n<\/a>","tag_info":"Naci\u00f3n","comment_count":"0","amp_enabled":true,"_links":{"self":[{"href":"https:\/\/experienciadevida.com.ar\/portalurbano\/wp-json\/wp\/v2\/posts\/53636"}],"collection":[{"href":"https:\/\/experienciadevida.com.ar\/portalurbano\/wp-json\/wp\/v2\/posts"}],"about":[{"href":"https:\/\/experienciadevida.com.ar\/portalurbano\/wp-json\/wp\/v2\/types\/post"}],"author":[{"embeddable":true,"href":"https:\/\/experienciadevida.com.ar\/portalurbano\/wp-json\/wp\/v2\/users\/1"}],"replies":[{"embeddable":true,"href":"https:\/\/experienciadevida.com.ar\/portalurbano\/wp-json\/wp\/v2\/comments?post=53636"}],"version-history":[{"count":1,"href":"https:\/\/experienciadevida.com.ar\/portalurbano\/wp-json\/wp\/v2\/posts\/53636\/revisions"}],"predecessor-version":[{"id":53642,"href":"https:\/\/experienciadevida.com.ar\/portalurbano\/wp-json\/wp\/v2\/posts\/53636\/revisions\/53642"}],"wp:attachment":[{"href":"https:\/\/experienciadevida.com.ar\/portalurbano\/wp-json\/wp\/v2\/media?parent=53636"}],"wp:term":[{"taxonomy":"category","embeddable":true,"href":"https:\/\/experienciadevida.com.ar\/portalurbano\/wp-json\/wp\/v2\/categories?post=53636"},{"taxonomy":"post_tag","embeddable":true,"href":"https:\/\/experienciadevida.com.ar\/portalurbano\/wp-json\/wp\/v2\/tags?post=53636"}],"curies":[{"name":"wp","href":"https:\/\/api.w.org\/{rel}","templated":true}]}}