{"id":53446,"date":"2018-12-30T20:32:47","date_gmt":"2018-12-30T23:32:47","guid":{"rendered":"https:\/\/experienciadevida.com.ar\/portalurbano\/?p=53446"},"modified":"2018-12-30T20:32:47","modified_gmt":"2018-12-30T23:32:47","slug":"actos-y-homenajes-en-el-14-aniversario-de-la-tragedia-de-cromanon","status":"publish","type":"post","link":"https:\/\/experienciadevida.com.ar\/portalurbano\/actos-y-homenajes-en-el-14-aniversario-de-la-tragedia-de-cromanon\/","title":{"rendered":"Actos y homenajes en el 14\u00b0 aniversario de la tragedia de Croma\u00f1\u00f3n"},"content":{"rendered":"<p class=\"excerpt\"><strong>Organizaciones de sobrevivientes y familiares de las v\u00edctimas llevar\u00e1n a cabo homenajes en la vigilia de un nuevo aniversario de la tragedia ocurrida durante la actuaci\u00f3n del grupo &#8220;Callejeros&#8221;.<\/strong><\/p>\n<section class=\"detail-body\">\n<section id=\"note-body\" class=\"body-content note-body content-protected-false\" data-twitter-link=\"https:\/\/twitter.com\/intent\/tweet?url=https:\/\/www.ambito.com\/c5008151&amp;v\u00eda=Ambitocom&amp;related=\u00e1mbito.com&amp;text=\">Varios actos y homenajes se realizar\u00e1n este domingo en distintos puntos de Buenos Aires y del conurbano bonaerense con motivo del\u00a0<strong>14\u00b0 aniversario del incendio del boliche Rep\u00fablica de\u00a0Croma\u00f1\u00f3n<\/strong>,\u00a0<span id=\"saysCMSEmphasis2ts9q7omh7z\" class=\"saysCMSEmphasis\">en el que murieron 194 personas y hubo m\u00e1s de 1.400 heridos.<\/span><\/p>\n<\/section>\n<\/section>\n<section class=\"detail-body\">\n<section class=\"body-content note-body content-protected-false\">Organizaciones de sobrevivientes y familiares de las v\u00edctimas llevar\u00e1n a cabo homenajes en la vigilia de un nuevo aniversario de la tragedia ocurrida durante la actuaci\u00f3n del grupo\u00a0<strong>&#8220;Callejeros&#8221;.<\/strong><\/p>\n<p>La agrupaci\u00f3n &#8220;Coordinadora x\u00a0Croma\u00f1\u00f3n&#8221; realizar\u00e1 el festival &#8220;Croma\u00f1\u00f3n nos pas\u00f3 a todos&#8221; en la plaza de la localidad Tapiales en Velez Sarsfield y Humait\u00e1.<\/p>\n<p>All\u00ed se presentar\u00e1n las bandas &#8220;Sue\u00f1os de Pescado&#8221;, &#8220;Barrios Bajos&#8221;, &#8220;Pezones Cardozo&#8221;, &#8220;Salva&#8221;, &#8220;Acorralados&#8221;, &#8220;Ni te Gastes&#8221;, &#8220;El Gordo&#8221;, &#8220;Todos somos Nadie&#8221;, y &#8220;El Trebol&#8221;.<\/p>\n<p>En tanto, desde las 18 horas, la organizaci\u00f3n &#8220;No nos Cuenten Croma\u00f1\u00f3n&#8221; homenajear\u00e1 a las v\u00edctimas con un un festival en Parque Centenario bajo la consigna &#8220;#EducarEsCombatir&#8221;.<\/p>\n<p>All\u00ed se presentar\u00e1n &#8220;Ojos Locos &#8220;, &#8220;Hugo Lobo (&amp; Street Feeling Band)&#8221;, &#8220;El Mirador&#8221;, &#8220;Peligrosos Inocentes Rock&#8221;, adem\u00e1s de otros artistas invitados y un cierre sorpresa.<\/p>\n<p>Por su parte, &#8220;Organizaci\u00f3n Treinta de Diciembre&#8221; realizar\u00e1 un show con la presencia de &#8220;La furia de Petruza&#8221;, &#8220;Viejo Empedrado&#8221;, &#8220;El m\u00e1s ac\u00e1&#8221;, &#8220;Salva&#8221;, Ale Kurz de &#8220;El Bordo&#8221;, &#8220;Maldita Suerte&#8221;, &#8220;Revanchistas&#8221; y &#8220;ParaPipou&#8221;.<\/p>\n<p><span id=\"saysCMSEmphasisin06i70pu8k\" class=\"saysCMSEmphasis\">Los sobrevivientes y familiares de las v\u00edctimas participar\u00e1n de la misa anual en la Catedral Metropolitana a las 17.30 que ser\u00e1 presidida por el arzobispo coadjutor de San Juan, Jorge Lozano.<\/span><\/p>\n<p>&#8220;Hay fechas que nos recuerdan alg\u00fan dolor, cuando la muerte nos roza muchas cosas cambian, pero un abrazo, una mirada que acaricia, es consuelo y muestra cercan\u00eda, aunque nos cuesta, compartir el dolor es sanador para el que sufre y aun para nosotros mismos&#8221;, dijo Lozano en un video difundido por las redes sociales, en relaci\u00f3n a la tragedia.<\/p>\n<p>Luego, las familias marchar\u00e1n hasta el santuario de Once frente al cu\u00e1l se realizar\u00e1n una serie de intervenciones art\u00edsticas y presentaciones musicales.<\/p>\n<p>&#8220;Familias por la Vida&#8221; tambi\u00e9n participar\u00e1 el domingo por la noche de las actividades en el Santuario de Once, donde a las 22.50 encender\u00e1n 194 velas en homenaje a las v\u00edctimas.<\/p>\n<\/section>\n<\/section>\n","protected":false},"excerpt":{"rendered":"<p>Organizaciones de sobrevivientes y familiares de las v\u00edctimas llevar\u00e1n a cabo homenajes en la vigilia&#8230;<\/p>\n","protected":false},"author":1,"featured_media":0,"comment_status":"open","ping_status":"open","sticky":false,"template":"","format":"standard","meta":{"content-type":""},"categories":[39],"tags":[],"nelio_content":{"isAutoShareEnabled":false,"autoShareEndMode":"default","automationSources":{"useContentSentences":true,"useSocialTemplates":true,"useCustomSentences":false,"customSentences":[]},"followers":[1],"suggestedReferences":[],"includedReferences":[],"efiUrl":"","efiAlt":"","highlights":[]},"yoast_head":"<!-- This site is optimized with the Yoast SEO plugin v20.7 - https:\/\/yoast.com\/wordpress\/plugins\/seo\/ -->\n<title>Actos y homenajes en el 14\u00b0 aniversario de la tragedia de Croma\u00f1\u00f3n -<\/title>\n<meta name=\"robots\" content=\"index, follow, max-snippet:-1, max-image-preview:large, max-video-preview:-1\" \/>\n<link rel=\"canonical\" href=\"https:\/\/experienciadevida.com.ar\/portalurbano\/actos-y-homenajes-en-el-14-aniversario-de-la-tragedia-de-cromanon\/\" \/>\n<meta property=\"og:locale\" content=\"es_ES\" \/>\n<meta property=\"og:type\" content=\"article\" \/>\n<meta property=\"og:title\" content=\"Actos y homenajes en el 14\u00b0 aniversario de la tragedia de Croma\u00f1\u00f3n -\" \/>\n<meta property=\"og:description\" content=\"Organizaciones de sobrevivientes y familiares de las v\u00edctimas llevar\u00e1n a cabo homenajes en la vigilia...\" \/>\n<meta property=\"og:url\" content=\"https:\/\/experienciadevida.com.ar\/portalurbano\/actos-y-homenajes-en-el-14-aniversario-de-la-tragedia-de-cromanon\/\" \/>\n<meta property=\"article:publisher\" content=\"https:\/\/www.facebook.com\/Portal-Urbano-171542830093757\/\" \/>\n<meta property=\"article:published_time\" content=\"2018-12-30T23:32:47+00:00\" \/>\n<meta property=\"og:image\" content=\"https:\/\/experienciadevida.com.ar\/portalurbano\/wp-content\/uploads\/2018\/12\/0035965086.jpg\" \/>\n\t<meta property=\"og:image:width\" content=\"730\" \/>\n\t<meta property=\"og:image:height\" content=\"410\" \/>\n\t<meta property=\"og:image:type\" content=\"image\/jpeg\" \/>\n<meta name=\"author\" content=\"admpu17wp\" \/>\n<meta name=\"twitter:card\" content=\"summary_large_image\" \/>\n<meta name=\"twitter:creator\" content=\"@portalurbanook\" \/>\n<meta name=\"twitter:site\" content=\"@portalurbanook\" \/>\n<meta name=\"twitter:label1\" content=\"Escrito por\" \/>\n\t<meta name=\"twitter:data1\" content=\"admpu17wp\" \/>\n\t<meta name=\"twitter:label2\" content=\"Tiempo de lectura\" \/>\n\t<meta name=\"twitter:data2\" content=\"2 minutos\" \/>\n<script type=\"application\/ld+json\" class=\"yoast-schema-graph\">{\"@context\":\"https:\/\/schema.org\",\"@graph\":[{\"@type\":\"Article\",\"@id\":\"https:\/\/experienciadevida.com.ar\/portalurbano\/actos-y-homenajes-en-el-14-aniversario-de-la-tragedia-de-cromanon\/#article\",\"isPartOf\":{\"@id\":\"https:\/\/experienciadevida.com.ar\/portalurbano\/actos-y-homenajes-en-el-14-aniversario-de-la-tragedia-de-cromanon\/\"},\"author\":{\"name\":\"admpu17wp\",\"@id\":\"https:\/\/experienciadevida.com.ar\/portalurbano\/#\/schema\/person\/02dd326b1c4b056e9cc972486934a3a7\"},\"headline\":\"Actos y homenajes en el 14\u00b0 aniversario de la tragedia de Croma\u00f1\u00f3n\",\"datePublished\":\"2018-12-30T23:32:47+00:00\",\"dateModified\":\"2018-12-30T23:32:47+00:00\",\"mainEntityOfPage\":{\"@id\":\"https:\/\/experienciadevida.com.ar\/portalurbano\/actos-y-homenajes-en-el-14-aniversario-de-la-tragedia-de-cromanon\/\"},\"wordCount\":418,\"commentCount\":0,\"publisher\":{\"@id\":\"https:\/\/experienciadevida.com.ar\/portalurbano\/#organization\"},\"articleSection\":[\"Naci\u00f3n\"],\"inLanguage\":\"es\",\"potentialAction\":[{\"@type\":\"CommentAction\",\"name\":\"Comment\",\"target\":[\"https:\/\/experienciadevida.com.ar\/portalurbano\/actos-y-homenajes-en-el-14-aniversario-de-la-tragedia-de-cromanon\/#respond\"]}]},{\"@type\":\"WebPage\",\"@id\":\"https:\/\/experienciadevida.com.ar\/portalurbano\/actos-y-homenajes-en-el-14-aniversario-de-la-tragedia-de-cromanon\/\",\"url\":\"https:\/\/experienciadevida.com.ar\/portalurbano\/actos-y-homenajes-en-el-14-aniversario-de-la-tragedia-de-cromanon\/\",\"name\":\"Actos y homenajes en el 14\u00b0 aniversario de la tragedia de Croma\u00f1\u00f3n -\",\"isPartOf\":{\"@id\":\"https:\/\/experienciadevida.com.ar\/portalurbano\/#website\"},\"datePublished\":\"2018-12-30T23:32:47+00:00\",\"dateModified\":\"2018-12-30T23:32:47+00:00\",\"breadcrumb\":{\"@id\":\"https:\/\/experienciadevida.com.ar\/portalurbano\/actos-y-homenajes-en-el-14-aniversario-de-la-tragedia-de-cromanon\/#breadcrumb\"},\"inLanguage\":\"es\",\"potentialAction\":[{\"@type\":\"ReadAction\",\"target\":[\"https:\/\/experienciadevida.com.ar\/portalurbano\/actos-y-homenajes-en-el-14-aniversario-de-la-tragedia-de-cromanon\/\"]}]},{\"@type\":\"BreadcrumbList\",\"@id\":\"https:\/\/experienciadevida.com.ar\/portalurbano\/actos-y-homenajes-en-el-14-aniversario-de-la-tragedia-de-cromanon\/#breadcrumb\",\"itemListElement\":[{\"@type\":\"ListItem\",\"position\":1,\"name\":\"Portada\",\"item\":\"https:\/\/experienciadevida.com.ar\/portalurbano\/\"},{\"@type\":\"ListItem\",\"position\":2,\"name\":\"Actos y homenajes en el 14\u00b0 aniversario de la tragedia de Croma\u00f1\u00f3n\"}]},{\"@type\":\"WebSite\",\"@id\":\"https:\/\/experienciadevida.com.ar\/portalurbano\/#website\",\"url\":\"https:\/\/experienciadevida.com.ar\/portalurbano\/\",\"name\":\"\",\"description\":\"\",\"publisher\":{\"@id\":\"https:\/\/experienciadevida.com.ar\/portalurbano\/#organization\"},\"potentialAction\":[{\"@type\":\"SearchAction\",\"target\":{\"@type\":\"EntryPoint\",\"urlTemplate\":\"https:\/\/experienciadevida.com.ar\/portalurbano\/?s={search_term_string}\"},\"query-input\":\"required name=search_term_string\"}],\"inLanguage\":\"es\"},{\"@type\":\"Organization\",\"@id\":\"https:\/\/experienciadevida.com.ar\/portalurbano\/#organization\",\"name\":\"Portal Urbano\",\"url\":\"https:\/\/experienciadevida.com.ar\/portalurbano\/\",\"logo\":{\"@type\":\"ImageObject\",\"inLanguage\":\"es\",\"@id\":\"https:\/\/experienciadevida.com.ar\/portalurbano\/#\/schema\/logo\/image\/\",\"url\":\"https:\/\/experienciadevida.com.ar\/portalurbano\/wp-content\/uploads\/2019\/09\/Logo-Original.png\",\"contentUrl\":\"https:\/\/experienciadevida.com.ar\/portalurbano\/wp-content\/uploads\/2019\/09\/Logo-Original.png\",\"width\":2236,\"height\":1216,\"caption\":\"Portal Urbano\"},\"image\":{\"@id\":\"https:\/\/experienciadevida.com.ar\/portalurbano\/#\/schema\/logo\/image\/\"},\"sameAs\":[\"https:\/\/www.facebook.com\/Portal-Urbano-171542830093757\/\",\"https:\/\/twitter.com\/portalurbanook\",\"https:\/\/www.instagram.com\/_portalurbano\/\",\"https:\/\/www.youtube.com\/channel\/UCXhagIfszH8KxFiOok79zbA?view_as=subscriber\"]},{\"@type\":\"Person\",\"@id\":\"https:\/\/experienciadevida.com.ar\/portalurbano\/#\/schema\/person\/02dd326b1c4b056e9cc972486934a3a7\",\"name\":\"admpu17wp\",\"image\":{\"@type\":\"ImageObject\",\"inLanguage\":\"es\",\"@id\":\"https:\/\/experienciadevida.com.ar\/portalurbano\/#\/schema\/person\/image\/\",\"url\":\"https:\/\/secure.gravatar.com\/avatar\/830d4c57adaae6630765e449a6908047?s=96&d=mm&r=g\",\"contentUrl\":\"https:\/\/secure.gravatar.com\/avatar\/830d4c57adaae6630765e449a6908047?s=96&d=mm&r=g\",\"caption\":\"admpu17wp\"}}]}<\/script>\n<!-- \/ Yoast SEO plugin. -->","yoast_head_json":{"title":"Actos y homenajes en el 14\u00b0 aniversario de la tragedia de Croma\u00f1\u00f3n -","robots":{"index":"index","follow":"follow","max-snippet":"max-snippet:-1","max-image-preview":"max-image-preview:large","max-video-preview":"max-video-preview:-1"},"canonical":"https:\/\/experienciadevida.com.ar\/portalurbano\/actos-y-homenajes-en-el-14-aniversario-de-la-tragedia-de-cromanon\/","og_locale":"es_ES","og_type":"article","og_title":"Actos y homenajes en el 14\u00b0 aniversario de la tragedia de Croma\u00f1\u00f3n -","og_description":"Organizaciones de sobrevivientes y familiares de las v\u00edctimas llevar\u00e1n a cabo homenajes en la vigilia...","og_url":"https:\/\/experienciadevida.com.ar\/portalurbano\/actos-y-homenajes-en-el-14-aniversario-de-la-tragedia-de-cromanon\/","article_publisher":"https:\/\/www.facebook.com\/Portal-Urbano-171542830093757\/","article_published_time":"2018-12-30T23:32:47+00:00","og_image":[{"width":730,"height":410,"url":"https:\/\/experienciadevida.com.ar\/portalurbano\/wp-content\/uploads\/2018\/12\/0035965086.jpg","type":"image\/jpeg"}],"author":"admpu17wp","twitter_card":"summary_large_image","twitter_creator":"@portalurbanook","twitter_site":"@portalurbanook","twitter_misc":{"Escrito por":"admpu17wp","Tiempo de lectura":"2 minutos"},"schema":{"@context":"https:\/\/schema.org","@graph":[{"@type":"Article","@id":"https:\/\/experienciadevida.com.ar\/portalurbano\/actos-y-homenajes-en-el-14-aniversario-de-la-tragedia-de-cromanon\/#article","isPartOf":{"@id":"https:\/\/experienciadevida.com.ar\/portalurbano\/actos-y-homenajes-en-el-14-aniversario-de-la-tragedia-de-cromanon\/"},"author":{"name":"admpu17wp","@id":"https:\/\/experienciadevida.com.ar\/portalurbano\/#\/schema\/person\/02dd326b1c4b056e9cc972486934a3a7"},"headline":"Actos y homenajes en el 14\u00b0 aniversario de la tragedia de Croma\u00f1\u00f3n","datePublished":"2018-12-30T23:32:47+00:00","dateModified":"2018-12-30T23:32:47+00:00","mainEntityOfPage":{"@id":"https:\/\/experienciadevida.com.ar\/portalurbano\/actos-y-homenajes-en-el-14-aniversario-de-la-tragedia-de-cromanon\/"},"wordCount":418,"commentCount":0,"publisher":{"@id":"https:\/\/experienciadevida.com.ar\/portalurbano\/#organization"},"articleSection":["Naci\u00f3n"],"inLanguage":"es","potentialAction":[{"@type":"CommentAction","name":"Comment","target":["https:\/\/experienciadevida.com.ar\/portalurbano\/actos-y-homenajes-en-el-14-aniversario-de-la-tragedia-de-cromanon\/#respond"]}]},{"@type":"WebPage","@id":"https:\/\/experienciadevida.com.ar\/portalurbano\/actos-y-homenajes-en-el-14-aniversario-de-la-tragedia-de-cromanon\/","url":"https:\/\/experienciadevida.com.ar\/portalurbano\/actos-y-homenajes-en-el-14-aniversario-de-la-tragedia-de-cromanon\/","name":"Actos y homenajes en el 14\u00b0 aniversario de la tragedia de Croma\u00f1\u00f3n -","isPartOf":{"@id":"https:\/\/experienciadevida.com.ar\/portalurbano\/#website"},"datePublished":"2018-12-30T23:32:47+00:00","dateModified":"2018-12-30T23:32:47+00:00","breadcrumb":{"@id":"https:\/\/experienciadevida.com.ar\/portalurbano\/actos-y-homenajes-en-el-14-aniversario-de-la-tragedia-de-cromanon\/#breadcrumb"},"inLanguage":"es","potentialAction":[{"@type":"ReadAction","target":["https:\/\/experienciadevida.com.ar\/portalurbano\/actos-y-homenajes-en-el-14-aniversario-de-la-tragedia-de-cromanon\/"]}]},{"@type":"BreadcrumbList","@id":"https:\/\/experienciadevida.com.ar\/portalurbano\/actos-y-homenajes-en-el-14-aniversario-de-la-tragedia-de-cromanon\/#breadcrumb","itemListElement":[{"@type":"ListItem","position":1,"name":"Portada","item":"https:\/\/experienciadevida.com.ar\/portalurbano\/"},{"@type":"ListItem","position":2,"name":"Actos y homenajes en el 14\u00b0 aniversario de la tragedia de Croma\u00f1\u00f3n"}]},{"@type":"WebSite","@id":"https:\/\/experienciadevida.com.ar\/portalurbano\/#website","url":"https:\/\/experienciadevida.com.ar\/portalurbano\/","name":"","description":"","publisher":{"@id":"https:\/\/experienciadevida.com.ar\/portalurbano\/#organization"},"potentialAction":[{"@type":"SearchAction","target":{"@type":"EntryPoint","urlTemplate":"https:\/\/experienciadevida.com.ar\/portalurbano\/?s={search_term_string}"},"query-input":"required name=search_term_string"}],"inLanguage":"es"},{"@type":"Organization","@id":"https:\/\/experienciadevida.com.ar\/portalurbano\/#organization","name":"Portal Urbano","url":"https:\/\/experienciadevida.com.ar\/portalurbano\/","logo":{"@type":"ImageObject","inLanguage":"es","@id":"https:\/\/experienciadevida.com.ar\/portalurbano\/#\/schema\/logo\/image\/","url":"https:\/\/experienciadevida.com.ar\/portalurbano\/wp-content\/uploads\/2019\/09\/Logo-Original.png","contentUrl":"https:\/\/experienciadevida.com.ar\/portalurbano\/wp-content\/uploads\/2019\/09\/Logo-Original.png","width":2236,"height":1216,"caption":"Portal Urbano"},"image":{"@id":"https:\/\/experienciadevida.com.ar\/portalurbano\/#\/schema\/logo\/image\/"},"sameAs":["https:\/\/www.facebook.com\/Portal-Urbano-171542830093757\/","https:\/\/twitter.com\/portalurbanook","https:\/\/www.instagram.com\/_portalurbano\/","https:\/\/www.youtube.com\/channel\/UCXhagIfszH8KxFiOok79zbA?view_as=subscriber"]},{"@type":"Person","@id":"https:\/\/experienciadevida.com.ar\/portalurbano\/#\/schema\/person\/02dd326b1c4b056e9cc972486934a3a7","name":"admpu17wp","image":{"@type":"ImageObject","inLanguage":"es","@id":"https:\/\/experienciadevida.com.ar\/portalurbano\/#\/schema\/person\/image\/","url":"https:\/\/secure.gravatar.com\/avatar\/830d4c57adaae6630765e449a6908047?s=96&d=mm&r=g","contentUrl":"https:\/\/secure.gravatar.com\/avatar\/830d4c57adaae6630765e449a6908047?s=96&d=mm&r=g","caption":"admpu17wp"}}]}},"featured_image_urls":{"full":"","thumbnail":"","medium":"","medium_large":"","large":"","ug_big":"","1536x1536":"","2048x2048":"","newsever-slider-full":"","newsever-featured":"","newsever-medium":"","web-stories-poster-portrait":"","web-stories-publisher-logo":"","web-stories-thumbnail":""},"author_info":{"display_name":"admpu17wp","author_link":"https:\/\/experienciadevida.com.ar\/portalurbano\/author\/admpu17wp\/"},"category_info":"<a href=\"https:\/\/experienciadevida.com.ar\/portalurbano\/category\/nacion\/\" rel=\"category tag\">Naci\u00f3n<\/a>","tag_info":"Naci\u00f3n","comment_count":"0","amp_enabled":true,"_links":{"self":[{"href":"https:\/\/experienciadevida.com.ar\/portalurbano\/wp-json\/wp\/v2\/posts\/53446"}],"collection":[{"href":"https:\/\/experienciadevida.com.ar\/portalurbano\/wp-json\/wp\/v2\/posts"}],"about":[{"href":"https:\/\/experienciadevida.com.ar\/portalurbano\/wp-json\/wp\/v2\/types\/post"}],"author":[{"embeddable":true,"href":"https:\/\/experienciadevida.com.ar\/portalurbano\/wp-json\/wp\/v2\/users\/1"}],"replies":[{"embeddable":true,"href":"https:\/\/experienciadevida.com.ar\/portalurbano\/wp-json\/wp\/v2\/comments?post=53446"}],"version-history":[{"count":1,"href":"https:\/\/experienciadevida.com.ar\/portalurbano\/wp-json\/wp\/v2\/posts\/53446\/revisions"}],"predecessor-version":[{"id":53449,"href":"https:\/\/experienciadevida.com.ar\/portalurbano\/wp-json\/wp\/v2\/posts\/53446\/revisions\/53449"}],"wp:attachment":[{"href":"https:\/\/experienciadevida.com.ar\/portalurbano\/wp-json\/wp\/v2\/media?parent=53446"}],"wp:term":[{"taxonomy":"category","embeddable":true,"href":"https:\/\/experienciadevida.com.ar\/portalurbano\/wp-json\/wp\/v2\/categories?post=53446"},{"taxonomy":"post_tag","embeddable":true,"href":"https:\/\/experienciadevida.com.ar\/portalurbano\/wp-json\/wp\/v2\/tags?post=53446"}],"curies":[{"name":"wp","href":"https:\/\/api.w.org\/{rel}","templated":true}]}}