{"id":53341,"date":"2018-12-29T15:27:55","date_gmt":"2018-12-29T18:27:55","guid":{"rendered":"https:\/\/experienciadevida.com.ar\/portalurbano\/?p=53341"},"modified":"2018-12-29T15:27:55","modified_gmt":"2018-12-29T18:27:55","slug":"para-intentar-reactivar-el-consumo-renuevan-el-ahora-12-hasta-abril-de-2019","status":"publish","type":"post","link":"https:\/\/experienciadevida.com.ar\/portalurbano\/para-intentar-reactivar-el-consumo-renuevan-el-ahora-12-hasta-abril-de-2019\/","title":{"rendered":"Para intentar reactivar el consumo, renuevan el Ahora 12 hasta abril de 2019"},"content":{"rendered":"<div class=\"detail-body \">\n<div class=\"preview\">\n<h3>El programa comenz\u00f3 en septiembre de 2014 y hasta la era Macri financi\u00f3 compras de productos nacionales en cuotas sin inter\u00e9s.<\/h3>\n<\/div>\n<\/div>\n<div class=\"detail-body\">\n<article id=\"note-body\" class=\"note-body first\" data-twitter-link=\"https:\/\/twitter.com\/intent\/tweet?url=https:\/\/www.minutouno.com\/c5007973&amp;v\u00eda=minutounocom&amp;related=MinutoUno&amp;text=\">\n<div class=\"row\">\n<div class=\"inside-note col-xs-12\">\n<p>La Secretar\u00eda de Comercio Interior del Ministerio de Producci\u00f3n y Trabajo de la Naci\u00f3n anunci\u00f3 este viernes la renovaci\u00f3n,<strong>\u00a0a partir del 1 de enero y hasta el 30 de abril de 2019, de Ahora 3, Ahora 6,\u00a0Ahora 12\u00a0y\u00a0Ahora 18, para fomentar el\u00a0consumo\u00a0<\/strong>y la producci\u00f3n nacional de bienes y de servicios.<\/p>\n<\/div>\n<\/div>\n<\/article>\n<\/div>\n<div class=\"detail-body \">\n<article id=\"note-body\" class=\"note-body\" data-twitter-link=\"https:\/\/twitter.com\/intent\/tweet?url=https:\/\/www.minutouno.com\/c5007973&amp;v\u00eda=minutounocom&amp;related=MinutoUno&amp;text=\">\n<div class=\"row\">\n<div class=\"inside-note col-xs-12\">\n<p>Desde su inicio en septiembre de 2014,\u00a0<strong>el programa permiti\u00f3 financiar compras en cuotas y acumul\u00f3 hasta el tercer trimestre de 2018 m\u00e1s de $339 mil millones en ventas y 121 millones de operaciones<\/strong>. Entre enero y octubre 2018, la facturaci\u00f3n alcanz\u00f3 $ 106.050 millones, un 27% m\u00e1s que durante el mismo periodo de 2017.<\/p>\n<div class=\"teads-inread\">\n<div class=\"teads-ui-components-credits\">Adem\u00e1s,\u00a0<strong>la incorporaci\u00f3n de Ahora 3 y Ahora 6 en 2017 potenci\u00f3 su aplicaci\u00f3n<\/strong>. Desde su comienzo se facturaron m\u00e1s de $76 mil millones, con m\u00e1s de 47 millones de operaciones.<\/div>\n<\/div>\n<p>De jueves a domingo, c<strong>on Ahora 12 y Ahora 18 se pueden adquirir productos de fabricaci\u00f3n nacional<\/strong>\u00a0de l\u00ednea blanca, indumentaria, calzado y marroquiner\u00eda, materiales y herramientas para la construcci\u00f3n, muebles, bicicletas, motos, turismo, colchones, libros, art\u00edculos de librer\u00eda, tel\u00e9fonos celulares 4G, juguetes y juegos de mesa, computadoras, notebooks y tabletas, neum\u00e1ticos, accesorios y repuestos para automotores y motos, artefactos el\u00e9ctricos de iluminaci\u00f3n de tecnolog\u00eda led, instrumentos musicales y televisores.<\/p>\n<p><strong>Ahora 3 y Ahora 6<\/strong>\u00a0est\u00e1n disponibles para calzado, indumentaria, marroquiner\u00eda, muebles, libros juguetes, juegos de mesa y l\u00e1mparas led.<\/p>\n<p>Un informe reciente de la Confederaci\u00f3n Argentina de la Mediana Empresa (CAME) revel\u00f3 que<strong>\u00a0las ventas minoristas de los comercios pymes finalizaron noviembre con una ca\u00edda de 15,6%\u00a0<\/strong>frente a igual mes del a\u00f1o pasado. Es el descenso m\u00e1s marcado del 2018, en que se acumulan 11 meses consecutivos en baja.<\/p>\n<\/div>\n<\/div>\n<\/article>\n<\/div>\n","protected":false},"excerpt":{"rendered":"<p>El programa comenz\u00f3 en septiembre de 2014 y hasta la era Macri financi\u00f3 compras de&#8230;<\/p>\n","protected":false},"author":1,"featured_media":0,"comment_status":"open","ping_status":"open","sticky":false,"template":"","format":"standard","meta":{"content-type":""},"categories":[39],"tags":[],"nelio_content":{"isAutoShareEnabled":false,"autoShareEndMode":"default","automationSources":{"useContentSentences":true,"useSocialTemplates":true,"useCustomSentences":false,"customSentences":[]},"followers":[1],"suggestedReferences":[],"includedReferences":[],"efiUrl":"","efiAlt":"","highlights":[]},"yoast_head":"<!-- This site is optimized with the Yoast SEO plugin v20.7 - https:\/\/yoast.com\/wordpress\/plugins\/seo\/ -->\n<title>Para intentar reactivar el consumo, renuevan el Ahora 12 hasta abril de 2019 -<\/title>\n<meta name=\"robots\" content=\"index, follow, max-snippet:-1, max-image-preview:large, max-video-preview:-1\" \/>\n<link rel=\"canonical\" href=\"https:\/\/experienciadevida.com.ar\/portalurbano\/para-intentar-reactivar-el-consumo-renuevan-el-ahora-12-hasta-abril-de-2019\/\" \/>\n<meta property=\"og:locale\" content=\"es_ES\" \/>\n<meta property=\"og:type\" content=\"article\" \/>\n<meta property=\"og:title\" content=\"Para intentar reactivar el consumo, renuevan el Ahora 12 hasta abril de 2019 -\" \/>\n<meta property=\"og:description\" content=\"El programa comenz\u00f3 en septiembre de 2014 y hasta la era Macri financi\u00f3 compras de...\" \/>\n<meta property=\"og:url\" content=\"https:\/\/experienciadevida.com.ar\/portalurbano\/para-intentar-reactivar-el-consumo-renuevan-el-ahora-12-hasta-abril-de-2019\/\" \/>\n<meta property=\"article:publisher\" content=\"https:\/\/www.facebook.com\/Portal-Urbano-171542830093757\/\" \/>\n<meta property=\"article:published_time\" content=\"2018-12-29T18:27:55+00:00\" \/>\n<meta property=\"og:image\" content=\"https:\/\/experienciadevida.com.ar\/portalurbano\/wp-content\/uploads\/2018\/03\/Ahora-12-e1543026490847.png\" \/>\n\t<meta property=\"og:image:width\" content=\"800\" \/>\n\t<meta property=\"og:image:height\" content=\"789\" \/>\n\t<meta property=\"og:image:type\" content=\"image\/png\" \/>\n<meta name=\"author\" content=\"admpu17wp\" \/>\n<meta name=\"twitter:card\" content=\"summary_large_image\" \/>\n<meta name=\"twitter:creator\" content=\"@portalurbanook\" \/>\n<meta name=\"twitter:site\" content=\"@portalurbanook\" \/>\n<meta name=\"twitter:label1\" content=\"Escrito por\" \/>\n\t<meta name=\"twitter:data1\" content=\"admpu17wp\" \/>\n\t<meta name=\"twitter:label2\" content=\"Tiempo de lectura\" \/>\n\t<meta name=\"twitter:data2\" content=\"2 minutos\" \/>\n<script type=\"application\/ld+json\" class=\"yoast-schema-graph\">{\"@context\":\"https:\/\/schema.org\",\"@graph\":[{\"@type\":\"Article\",\"@id\":\"https:\/\/experienciadevida.com.ar\/portalurbano\/para-intentar-reactivar-el-consumo-renuevan-el-ahora-12-hasta-abril-de-2019\/#article\",\"isPartOf\":{\"@id\":\"https:\/\/experienciadevida.com.ar\/portalurbano\/para-intentar-reactivar-el-consumo-renuevan-el-ahora-12-hasta-abril-de-2019\/\"},\"author\":{\"name\":\"admpu17wp\",\"@id\":\"https:\/\/experienciadevida.com.ar\/portalurbano\/#\/schema\/person\/02dd326b1c4b056e9cc972486934a3a7\"},\"headline\":\"Para intentar reactivar el consumo, renuevan el Ahora 12 hasta abril de 2019\",\"datePublished\":\"2018-12-29T18:27:55+00:00\",\"dateModified\":\"2018-12-29T18:27:55+00:00\",\"mainEntityOfPage\":{\"@id\":\"https:\/\/experienciadevida.com.ar\/portalurbano\/para-intentar-reactivar-el-consumo-renuevan-el-ahora-12-hasta-abril-de-2019\/\"},\"wordCount\":318,\"commentCount\":0,\"publisher\":{\"@id\":\"https:\/\/experienciadevida.com.ar\/portalurbano\/#organization\"},\"articleSection\":[\"Naci\u00f3n\"],\"inLanguage\":\"es\",\"potentialAction\":[{\"@type\":\"CommentAction\",\"name\":\"Comment\",\"target\":[\"https:\/\/experienciadevida.com.ar\/portalurbano\/para-intentar-reactivar-el-consumo-renuevan-el-ahora-12-hasta-abril-de-2019\/#respond\"]}]},{\"@type\":\"WebPage\",\"@id\":\"https:\/\/experienciadevida.com.ar\/portalurbano\/para-intentar-reactivar-el-consumo-renuevan-el-ahora-12-hasta-abril-de-2019\/\",\"url\":\"https:\/\/experienciadevida.com.ar\/portalurbano\/para-intentar-reactivar-el-consumo-renuevan-el-ahora-12-hasta-abril-de-2019\/\",\"name\":\"Para intentar reactivar el consumo, renuevan el Ahora 12 hasta abril de 2019 -\",\"isPartOf\":{\"@id\":\"https:\/\/experienciadevida.com.ar\/portalurbano\/#website\"},\"datePublished\":\"2018-12-29T18:27:55+00:00\",\"dateModified\":\"2018-12-29T18:27:55+00:00\",\"breadcrumb\":{\"@id\":\"https:\/\/experienciadevida.com.ar\/portalurbano\/para-intentar-reactivar-el-consumo-renuevan-el-ahora-12-hasta-abril-de-2019\/#breadcrumb\"},\"inLanguage\":\"es\",\"potentialAction\":[{\"@type\":\"ReadAction\",\"target\":[\"https:\/\/experienciadevida.com.ar\/portalurbano\/para-intentar-reactivar-el-consumo-renuevan-el-ahora-12-hasta-abril-de-2019\/\"]}]},{\"@type\":\"BreadcrumbList\",\"@id\":\"https:\/\/experienciadevida.com.ar\/portalurbano\/para-intentar-reactivar-el-consumo-renuevan-el-ahora-12-hasta-abril-de-2019\/#breadcrumb\",\"itemListElement\":[{\"@type\":\"ListItem\",\"position\":1,\"name\":\"Portada\",\"item\":\"https:\/\/experienciadevida.com.ar\/portalurbano\/\"},{\"@type\":\"ListItem\",\"position\":2,\"name\":\"Para intentar reactivar el consumo, renuevan el Ahora 12 hasta abril de 2019\"}]},{\"@type\":\"WebSite\",\"@id\":\"https:\/\/experienciadevida.com.ar\/portalurbano\/#website\",\"url\":\"https:\/\/experienciadevida.com.ar\/portalurbano\/\",\"name\":\"\",\"description\":\"\",\"publisher\":{\"@id\":\"https:\/\/experienciadevida.com.ar\/portalurbano\/#organization\"},\"potentialAction\":[{\"@type\":\"SearchAction\",\"target\":{\"@type\":\"EntryPoint\",\"urlTemplate\":\"https:\/\/experienciadevida.com.ar\/portalurbano\/?s={search_term_string}\"},\"query-input\":\"required name=search_term_string\"}],\"inLanguage\":\"es\"},{\"@type\":\"Organization\",\"@id\":\"https:\/\/experienciadevida.com.ar\/portalurbano\/#organization\",\"name\":\"Portal Urbano\",\"url\":\"https:\/\/experienciadevida.com.ar\/portalurbano\/\",\"logo\":{\"@type\":\"ImageObject\",\"inLanguage\":\"es\",\"@id\":\"https:\/\/experienciadevida.com.ar\/portalurbano\/#\/schema\/logo\/image\/\",\"url\":\"https:\/\/experienciadevida.com.ar\/portalurbano\/wp-content\/uploads\/2019\/09\/Logo-Original.png\",\"contentUrl\":\"https:\/\/experienciadevida.com.ar\/portalurbano\/wp-content\/uploads\/2019\/09\/Logo-Original.png\",\"width\":2236,\"height\":1216,\"caption\":\"Portal Urbano\"},\"image\":{\"@id\":\"https:\/\/experienciadevida.com.ar\/portalurbano\/#\/schema\/logo\/image\/\"},\"sameAs\":[\"https:\/\/www.facebook.com\/Portal-Urbano-171542830093757\/\",\"https:\/\/twitter.com\/portalurbanook\",\"https:\/\/www.instagram.com\/_portalurbano\/\",\"https:\/\/www.youtube.com\/channel\/UCXhagIfszH8KxFiOok79zbA?view_as=subscriber\"]},{\"@type\":\"Person\",\"@id\":\"https:\/\/experienciadevida.com.ar\/portalurbano\/#\/schema\/person\/02dd326b1c4b056e9cc972486934a3a7\",\"name\":\"admpu17wp\",\"image\":{\"@type\":\"ImageObject\",\"inLanguage\":\"es\",\"@id\":\"https:\/\/experienciadevida.com.ar\/portalurbano\/#\/schema\/person\/image\/\",\"url\":\"https:\/\/secure.gravatar.com\/avatar\/830d4c57adaae6630765e449a6908047?s=96&d=mm&r=g\",\"contentUrl\":\"https:\/\/secure.gravatar.com\/avatar\/830d4c57adaae6630765e449a6908047?s=96&d=mm&r=g\",\"caption\":\"admpu17wp\"}}]}<\/script>\n<!-- \/ Yoast SEO plugin. -->","yoast_head_json":{"title":"Para intentar reactivar el consumo, renuevan el Ahora 12 hasta abril de 2019 -","robots":{"index":"index","follow":"follow","max-snippet":"max-snippet:-1","max-image-preview":"max-image-preview:large","max-video-preview":"max-video-preview:-1"},"canonical":"https:\/\/experienciadevida.com.ar\/portalurbano\/para-intentar-reactivar-el-consumo-renuevan-el-ahora-12-hasta-abril-de-2019\/","og_locale":"es_ES","og_type":"article","og_title":"Para intentar reactivar el consumo, renuevan el Ahora 12 hasta abril de 2019 -","og_description":"El programa comenz\u00f3 en septiembre de 2014 y hasta la era Macri financi\u00f3 compras de...","og_url":"https:\/\/experienciadevida.com.ar\/portalurbano\/para-intentar-reactivar-el-consumo-renuevan-el-ahora-12-hasta-abril-de-2019\/","article_publisher":"https:\/\/www.facebook.com\/Portal-Urbano-171542830093757\/","article_published_time":"2018-12-29T18:27:55+00:00","og_image":[{"width":800,"height":789,"url":"https:\/\/experienciadevida.com.ar\/portalurbano\/wp-content\/uploads\/2018\/03\/Ahora-12-e1543026490847.png","type":"image\/png"}],"author":"admpu17wp","twitter_card":"summary_large_image","twitter_creator":"@portalurbanook","twitter_site":"@portalurbanook","twitter_misc":{"Escrito por":"admpu17wp","Tiempo de lectura":"2 minutos"},"schema":{"@context":"https:\/\/schema.org","@graph":[{"@type":"Article","@id":"https:\/\/experienciadevida.com.ar\/portalurbano\/para-intentar-reactivar-el-consumo-renuevan-el-ahora-12-hasta-abril-de-2019\/#article","isPartOf":{"@id":"https:\/\/experienciadevida.com.ar\/portalurbano\/para-intentar-reactivar-el-consumo-renuevan-el-ahora-12-hasta-abril-de-2019\/"},"author":{"name":"admpu17wp","@id":"https:\/\/experienciadevida.com.ar\/portalurbano\/#\/schema\/person\/02dd326b1c4b056e9cc972486934a3a7"},"headline":"Para intentar reactivar el consumo, renuevan el Ahora 12 hasta abril de 2019","datePublished":"2018-12-29T18:27:55+00:00","dateModified":"2018-12-29T18:27:55+00:00","mainEntityOfPage":{"@id":"https:\/\/experienciadevida.com.ar\/portalurbano\/para-intentar-reactivar-el-consumo-renuevan-el-ahora-12-hasta-abril-de-2019\/"},"wordCount":318,"commentCount":0,"publisher":{"@id":"https:\/\/experienciadevida.com.ar\/portalurbano\/#organization"},"articleSection":["Naci\u00f3n"],"inLanguage":"es","potentialAction":[{"@type":"CommentAction","name":"Comment","target":["https:\/\/experienciadevida.com.ar\/portalurbano\/para-intentar-reactivar-el-consumo-renuevan-el-ahora-12-hasta-abril-de-2019\/#respond"]}]},{"@type":"WebPage","@id":"https:\/\/experienciadevida.com.ar\/portalurbano\/para-intentar-reactivar-el-consumo-renuevan-el-ahora-12-hasta-abril-de-2019\/","url":"https:\/\/experienciadevida.com.ar\/portalurbano\/para-intentar-reactivar-el-consumo-renuevan-el-ahora-12-hasta-abril-de-2019\/","name":"Para intentar reactivar el consumo, renuevan el Ahora 12 hasta abril de 2019 -","isPartOf":{"@id":"https:\/\/experienciadevida.com.ar\/portalurbano\/#website"},"datePublished":"2018-12-29T18:27:55+00:00","dateModified":"2018-12-29T18:27:55+00:00","breadcrumb":{"@id":"https:\/\/experienciadevida.com.ar\/portalurbano\/para-intentar-reactivar-el-consumo-renuevan-el-ahora-12-hasta-abril-de-2019\/#breadcrumb"},"inLanguage":"es","potentialAction":[{"@type":"ReadAction","target":["https:\/\/experienciadevida.com.ar\/portalurbano\/para-intentar-reactivar-el-consumo-renuevan-el-ahora-12-hasta-abril-de-2019\/"]}]},{"@type":"BreadcrumbList","@id":"https:\/\/experienciadevida.com.ar\/portalurbano\/para-intentar-reactivar-el-consumo-renuevan-el-ahora-12-hasta-abril-de-2019\/#breadcrumb","itemListElement":[{"@type":"ListItem","position":1,"name":"Portada","item":"https:\/\/experienciadevida.com.ar\/portalurbano\/"},{"@type":"ListItem","position":2,"name":"Para intentar reactivar el consumo, renuevan el Ahora 12 hasta abril de 2019"}]},{"@type":"WebSite","@id":"https:\/\/experienciadevida.com.ar\/portalurbano\/#website","url":"https:\/\/experienciadevida.com.ar\/portalurbano\/","name":"","description":"","publisher":{"@id":"https:\/\/experienciadevida.com.ar\/portalurbano\/#organization"},"potentialAction":[{"@type":"SearchAction","target":{"@type":"EntryPoint","urlTemplate":"https:\/\/experienciadevida.com.ar\/portalurbano\/?s={search_term_string}"},"query-input":"required name=search_term_string"}],"inLanguage":"es"},{"@type":"Organization","@id":"https:\/\/experienciadevida.com.ar\/portalurbano\/#organization","name":"Portal Urbano","url":"https:\/\/experienciadevida.com.ar\/portalurbano\/","logo":{"@type":"ImageObject","inLanguage":"es","@id":"https:\/\/experienciadevida.com.ar\/portalurbano\/#\/schema\/logo\/image\/","url":"https:\/\/experienciadevida.com.ar\/portalurbano\/wp-content\/uploads\/2019\/09\/Logo-Original.png","contentUrl":"https:\/\/experienciadevida.com.ar\/portalurbano\/wp-content\/uploads\/2019\/09\/Logo-Original.png","width":2236,"height":1216,"caption":"Portal Urbano"},"image":{"@id":"https:\/\/experienciadevida.com.ar\/portalurbano\/#\/schema\/logo\/image\/"},"sameAs":["https:\/\/www.facebook.com\/Portal-Urbano-171542830093757\/","https:\/\/twitter.com\/portalurbanook","https:\/\/www.instagram.com\/_portalurbano\/","https:\/\/www.youtube.com\/channel\/UCXhagIfszH8KxFiOok79zbA?view_as=subscriber"]},{"@type":"Person","@id":"https:\/\/experienciadevida.com.ar\/portalurbano\/#\/schema\/person\/02dd326b1c4b056e9cc972486934a3a7","name":"admpu17wp","image":{"@type":"ImageObject","inLanguage":"es","@id":"https:\/\/experienciadevida.com.ar\/portalurbano\/#\/schema\/person\/image\/","url":"https:\/\/secure.gravatar.com\/avatar\/830d4c57adaae6630765e449a6908047?s=96&d=mm&r=g","contentUrl":"https:\/\/secure.gravatar.com\/avatar\/830d4c57adaae6630765e449a6908047?s=96&d=mm&r=g","caption":"admpu17wp"}}]}},"featured_image_urls":{"full":"","thumbnail":"","medium":"","medium_large":"","large":"","ug_big":"","1536x1536":"","2048x2048":"","newsever-slider-full":"","newsever-featured":"","newsever-medium":"","web-stories-poster-portrait":"","web-stories-publisher-logo":"","web-stories-thumbnail":""},"author_info":{"display_name":"admpu17wp","author_link":"https:\/\/experienciadevida.com.ar\/portalurbano\/author\/admpu17wp\/"},"category_info":"<a href=\"https:\/\/experienciadevida.com.ar\/portalurbano\/category\/nacion\/\" rel=\"category tag\">Naci\u00f3n<\/a>","tag_info":"Naci\u00f3n","comment_count":"0","amp_enabled":true,"_links":{"self":[{"href":"https:\/\/experienciadevida.com.ar\/portalurbano\/wp-json\/wp\/v2\/posts\/53341"}],"collection":[{"href":"https:\/\/experienciadevida.com.ar\/portalurbano\/wp-json\/wp\/v2\/posts"}],"about":[{"href":"https:\/\/experienciadevida.com.ar\/portalurbano\/wp-json\/wp\/v2\/types\/post"}],"author":[{"embeddable":true,"href":"https:\/\/experienciadevida.com.ar\/portalurbano\/wp-json\/wp\/v2\/users\/1"}],"replies":[{"embeddable":true,"href":"https:\/\/experienciadevida.com.ar\/portalurbano\/wp-json\/wp\/v2\/comments?post=53341"}],"version-history":[{"count":1,"href":"https:\/\/experienciadevida.com.ar\/portalurbano\/wp-json\/wp\/v2\/posts\/53341\/revisions"}],"predecessor-version":[{"id":53346,"href":"https:\/\/experienciadevida.com.ar\/portalurbano\/wp-json\/wp\/v2\/posts\/53341\/revisions\/53346"}],"wp:attachment":[{"href":"https:\/\/experienciadevida.com.ar\/portalurbano\/wp-json\/wp\/v2\/media?parent=53341"}],"wp:term":[{"taxonomy":"category","embeddable":true,"href":"https:\/\/experienciadevida.com.ar\/portalurbano\/wp-json\/wp\/v2\/categories?post=53341"},{"taxonomy":"post_tag","embeddable":true,"href":"https:\/\/experienciadevida.com.ar\/portalurbano\/wp-json\/wp\/v2\/tags?post=53341"}],"curies":[{"name":"wp","href":"https:\/\/api.w.org\/{rel}","templated":true}]}}