{"id":53221,"date":"2018-12-28T15:35:38","date_gmt":"2018-12-28T18:35:38","guid":{"rendered":"https:\/\/experienciadevida.com.ar\/portalurbano\/?p=53221"},"modified":"2018-12-28T15:35:38","modified_gmt":"2018-12-28T18:35:38","slug":"javier-iguacel-renuncio-a-la-secretaria-de-energia-lo-reemplazara-gustavo-lopetegui","status":"publish","type":"post","link":"https:\/\/experienciadevida.com.ar\/portalurbano\/javier-iguacel-renuncio-a-la-secretaria-de-energia-lo-reemplazara-gustavo-lopetegui\/","title":{"rendered":"Javier Iguacel renunci\u00f3 a la Secretar\u00eda de Energ\u00eda: lo reemplazar\u00e1 Gustavo Lopetegui"},"content":{"rendered":"<header>\n<p class=\"interiorCopete\">Un d\u00eda despu\u00e9s de que se dieran a conocer fuertes aumentos en luz y gas para el primer cuatrimestre de 2019, Javier Iguacel deja su cargo al frente de la secretar\u00eda de Energ\u00eda y ser\u00e1 reemplazado por Gustavo Lopetegui.<\/p>\n<\/header>\n<div class=\"head-image thumb-wrap relative\">\n<div id=\"content-gallery\">\n<div id=\"fotogaleria-Object_6748_4842\" class=\"gallery\">\n<div class=\"col2\">\n<div class=\"image itemGallery classid7009718\"><a title=\"\" href=\"https:\/\/media.elpatagonico.com\/adjuntos\/193\/imagenes\/035\/961\/0035961497.jpg\"><img decoding=\"async\" title=\"Renunci\u00f3 Iguacel y ser\u00e1 reemplazado por Lopetegui\" src=\"https:\/\/media.elpatagonico.com\/adjuntos\/193\/imagenes\/035\/961\/0035961497.jpg\" alt=\"Renunci\u00f3 Iguacel y ser\u00e1 reemplazado por Lopetegui\" width=\"770\" height=\"433\" \/><\/a><\/p>\n<div class=\"gallery-header\"><\/div>\n<\/div>\n<\/div>\n<div class=\"clearfix\"><\/div>\n<\/div>\n<\/div>\n<\/div>\n<div class=\"cuerpo clearfix\">\n<p>El secretario de Energ\u00eda, Javier Iguacel, dejar\u00e1 su cargo despu\u00e9s de haber anunciado los tarifazos del primer cuatrimestre del 2019. Desde su asunci\u00f3n se le rebaj\u00f3 su cargo de ministro y decidi\u00f3 que los usuarios compensen a las distribuidoras de gas por la devaluaci\u00f3n, por lo que fue imputado. Lo reemplazar\u00e1 Gustavo Lopetegui.<\/p>\n<p>El 2019 tendr\u00e1 cambios importantes en el Gabinete. Uno de ellos ser\u00e1 el de Iguacel, que ayer se encarg\u00f3 de anunciar el tarifazo para el a\u00f1o electoral. La suba del gas se dar\u00e1 en abril, y la mayor parte se destinar\u00e1 a pagarle a las petroleras que lo producen, con el objetivo de reducir subsidios. En octubre, el 70% de los usuarios de la Ciudad y la Provincia hab\u00edan sufrido entre un 40 y un 50 por ciento de ajuste.<\/p>\n<p>En el caso puntual de la electricidad, subi\u00f3 m\u00e1s del 60% en 2018, siendo que desde que lleg\u00f3 Mauricio Macri a la presidencia los argentinos pagan en promedio un 1.768% m\u00e1s contra una suba de los salarios de 77% en el mismo periodo, seg\u00fan datos del INDEC.<\/p>\n<p>El nuevo secretario de Energ\u00eda ser\u00e1 Lopetegui, que compart\u00eda un lugar junto a Mario Quintana en la mesa chica del dupla jefe de Gabinete, Marcos Pe\u00f1a. En septiembre Quintana se fue del Gobierno y Lopetegui perdi\u00f3 poder y su cargo, aunque no se alej\u00f3 de la Casa Rosada.<\/p>\n<p>La salida de Iguacel se preve\u00eda desde que protagoniz\u00f3 el esc\u00e1ndalo por el cual las empresas encargadas de la distribuci\u00f3n de gas empezar\u00edan a recibir una compensaci\u00f3n por la devaluaci\u00f3n. La fiscal Paloma Ochoa lo imput\u00f3 por ese tema, con el argumento de que se habr\u00eda tratado de un acto que busc\u00f3 &#8220;asegurar un margen de ganancia&#8221; de las compa\u00f1\u00edas en un contexto devaluatorio que afecta a la mayor\u00eda de los sectores de la sociedad argentina.<\/p>\n<p>El ingeniero reemplaz\u00f3 a Juan Jos\u00e9 Aranguren en el Ministerio de Energ\u00eda en junio, cuando asegur\u00f3 que no hab\u00eda pactado ning\u00fan incremento en las naftas con las pretroleras. Pocas semanas despu\u00e9s se dio el primero de los aumentos en los combustibles de los que hubo en su gesti\u00f3n. Con la reestructuraci\u00f3n del Gabinete perdi\u00f3 el cargo de ministro para pasar a ser secretario de Gobierno bajo el ala del ministro de Hacienda, Nicol\u00e1s Dujovne.<\/p>\n<\/div>\n","protected":false},"excerpt":{"rendered":"<p>Un d\u00eda despu\u00e9s de que se dieran a conocer fuertes aumentos en luz y gas&#8230;<\/p>\n","protected":false},"author":1,"featured_media":-53221,"comment_status":"open","ping_status":"open","sticky":false,"template":"","format":"standard","meta":{"content-type":""},"categories":[39],"tags":[],"nelio_content":{"isAutoShareEnabled":false,"autoShareEndMode":"default","automationSources":{"useContentSentences":true,"useSocialTemplates":true,"useCustomSentences":false,"customSentences":[]},"followers":[1],"suggestedReferences":[],"includedReferences":[],"efiUrl":"","efiAlt":"","highlights":[]},"yoast_head":"<!-- This site is optimized with the Yoast SEO plugin v20.7 - https:\/\/yoast.com\/wordpress\/plugins\/seo\/ -->\n<title>Javier Iguacel renunci\u00f3 a la Secretar\u00eda de Energ\u00eda: lo reemplazar\u00e1 Gustavo Lopetegui -<\/title>\n<meta name=\"robots\" content=\"index, follow, max-snippet:-1, max-image-preview:large, max-video-preview:-1\" \/>\n<link rel=\"canonical\" href=\"https:\/\/experienciadevida.com.ar\/portalurbano\/javier-iguacel-renuncio-a-la-secretaria-de-energia-lo-reemplazara-gustavo-lopetegui\/\" \/>\n<meta property=\"og:locale\" content=\"es_ES\" \/>\n<meta property=\"og:type\" content=\"article\" \/>\n<meta property=\"og:title\" content=\"Javier Iguacel renunci\u00f3 a la Secretar\u00eda de Energ\u00eda: lo reemplazar\u00e1 Gustavo Lopetegui -\" \/>\n<meta property=\"og:description\" content=\"Un d\u00eda despu\u00e9s de que se dieran a conocer fuertes aumentos en luz y gas...\" \/>\n<meta property=\"og:url\" content=\"https:\/\/experienciadevida.com.ar\/portalurbano\/javier-iguacel-renuncio-a-la-secretaria-de-energia-lo-reemplazara-gustavo-lopetegui\/\" \/>\n<meta property=\"article:publisher\" content=\"https:\/\/www.facebook.com\/Portal-Urbano-171542830093757\/\" \/>\n<meta property=\"article:published_time\" content=\"2018-12-28T18:35:38+00:00\" \/>\n<meta property=\"og:image\" content=\"https:\/\/experienciadevida.com.ar\/portalurbano\/wp-content\/uploads\/2018\/12\/0035961497.jpg\" \/>\n\t<meta property=\"og:image:width\" content=\"790\" \/>\n\t<meta property=\"og:image:height\" content=\"444\" \/>\n\t<meta property=\"og:image:type\" content=\"image\/jpeg\" \/>\n<meta name=\"author\" content=\"admpu17wp\" \/>\n<meta name=\"twitter:card\" content=\"summary_large_image\" \/>\n<meta name=\"twitter:creator\" content=\"@portalurbanook\" \/>\n<meta name=\"twitter:site\" content=\"@portalurbanook\" \/>\n<meta name=\"twitter:label1\" content=\"Escrito por\" \/>\n\t<meta name=\"twitter:data1\" content=\"admpu17wp\" \/>\n\t<meta name=\"twitter:label2\" content=\"Tiempo de lectura\" \/>\n\t<meta name=\"twitter:data2\" content=\"2 minutos\" \/>\n<script type=\"application\/ld+json\" class=\"yoast-schema-graph\">{\"@context\":\"https:\/\/schema.org\",\"@graph\":[{\"@type\":\"Article\",\"@id\":\"https:\/\/experienciadevida.com.ar\/portalurbano\/javier-iguacel-renuncio-a-la-secretaria-de-energia-lo-reemplazara-gustavo-lopetegui\/#article\",\"isPartOf\":{\"@id\":\"https:\/\/experienciadevida.com.ar\/portalurbano\/javier-iguacel-renuncio-a-la-secretaria-de-energia-lo-reemplazara-gustavo-lopetegui\/\"},\"author\":{\"name\":\"admpu17wp\",\"@id\":\"https:\/\/experienciadevida.com.ar\/portalurbano\/#\/schema\/person\/02dd326b1c4b056e9cc972486934a3a7\"},\"headline\":\"Javier Iguacel renunci\u00f3 a la Secretar\u00eda de Energ\u00eda: lo reemplazar\u00e1 Gustavo Lopetegui\",\"datePublished\":\"2018-12-28T18:35:38+00:00\",\"dateModified\":\"2018-12-28T18:35:38+00:00\",\"mainEntityOfPage\":{\"@id\":\"https:\/\/experienciadevida.com.ar\/portalurbano\/javier-iguacel-renuncio-a-la-secretaria-de-energia-lo-reemplazara-gustavo-lopetegui\/\"},\"wordCount\":453,\"commentCount\":0,\"publisher\":{\"@id\":\"https:\/\/experienciadevida.com.ar\/portalurbano\/#organization\"},\"articleSection\":[\"Naci\u00f3n\"],\"inLanguage\":\"es\",\"potentialAction\":[{\"@type\":\"CommentAction\",\"name\":\"Comment\",\"target\":[\"https:\/\/experienciadevida.com.ar\/portalurbano\/javier-iguacel-renuncio-a-la-secretaria-de-energia-lo-reemplazara-gustavo-lopetegui\/#respond\"]}]},{\"@type\":\"WebPage\",\"@id\":\"https:\/\/experienciadevida.com.ar\/portalurbano\/javier-iguacel-renuncio-a-la-secretaria-de-energia-lo-reemplazara-gustavo-lopetegui\/\",\"url\":\"https:\/\/experienciadevida.com.ar\/portalurbano\/javier-iguacel-renuncio-a-la-secretaria-de-energia-lo-reemplazara-gustavo-lopetegui\/\",\"name\":\"Javier Iguacel renunci\u00f3 a la Secretar\u00eda de Energ\u00eda: lo reemplazar\u00e1 Gustavo Lopetegui -\",\"isPartOf\":{\"@id\":\"https:\/\/experienciadevida.com.ar\/portalurbano\/#website\"},\"datePublished\":\"2018-12-28T18:35:38+00:00\",\"dateModified\":\"2018-12-28T18:35:38+00:00\",\"breadcrumb\":{\"@id\":\"https:\/\/experienciadevida.com.ar\/portalurbano\/javier-iguacel-renuncio-a-la-secretaria-de-energia-lo-reemplazara-gustavo-lopetegui\/#breadcrumb\"},\"inLanguage\":\"es\",\"potentialAction\":[{\"@type\":\"ReadAction\",\"target\":[\"https:\/\/experienciadevida.com.ar\/portalurbano\/javier-iguacel-renuncio-a-la-secretaria-de-energia-lo-reemplazara-gustavo-lopetegui\/\"]}]},{\"@type\":\"BreadcrumbList\",\"@id\":\"https:\/\/experienciadevida.com.ar\/portalurbano\/javier-iguacel-renuncio-a-la-secretaria-de-energia-lo-reemplazara-gustavo-lopetegui\/#breadcrumb\",\"itemListElement\":[{\"@type\":\"ListItem\",\"position\":1,\"name\":\"Portada\",\"item\":\"https:\/\/experienciadevida.com.ar\/portalurbano\/\"},{\"@type\":\"ListItem\",\"position\":2,\"name\":\"Javier Iguacel renunci\u00f3 a la Secretar\u00eda de Energ\u00eda: lo reemplazar\u00e1 Gustavo Lopetegui\"}]},{\"@type\":\"WebSite\",\"@id\":\"https:\/\/experienciadevida.com.ar\/portalurbano\/#website\",\"url\":\"https:\/\/experienciadevida.com.ar\/portalurbano\/\",\"name\":\"\",\"description\":\"\",\"publisher\":{\"@id\":\"https:\/\/experienciadevida.com.ar\/portalurbano\/#organization\"},\"potentialAction\":[{\"@type\":\"SearchAction\",\"target\":{\"@type\":\"EntryPoint\",\"urlTemplate\":\"https:\/\/experienciadevida.com.ar\/portalurbano\/?s={search_term_string}\"},\"query-input\":\"required name=search_term_string\"}],\"inLanguage\":\"es\"},{\"@type\":\"Organization\",\"@id\":\"https:\/\/experienciadevida.com.ar\/portalurbano\/#organization\",\"name\":\"Portal Urbano\",\"url\":\"https:\/\/experienciadevida.com.ar\/portalurbano\/\",\"logo\":{\"@type\":\"ImageObject\",\"inLanguage\":\"es\",\"@id\":\"https:\/\/experienciadevida.com.ar\/portalurbano\/#\/schema\/logo\/image\/\",\"url\":\"https:\/\/experienciadevida.com.ar\/portalurbano\/wp-content\/uploads\/2019\/09\/Logo-Original.png\",\"contentUrl\":\"https:\/\/experienciadevida.com.ar\/portalurbano\/wp-content\/uploads\/2019\/09\/Logo-Original.png\",\"width\":2236,\"height\":1216,\"caption\":\"Portal Urbano\"},\"image\":{\"@id\":\"https:\/\/experienciadevida.com.ar\/portalurbano\/#\/schema\/logo\/image\/\"},\"sameAs\":[\"https:\/\/www.facebook.com\/Portal-Urbano-171542830093757\/\",\"https:\/\/twitter.com\/portalurbanook\",\"https:\/\/www.instagram.com\/_portalurbano\/\",\"https:\/\/www.youtube.com\/channel\/UCXhagIfszH8KxFiOok79zbA?view_as=subscriber\"]},{\"@type\":\"Person\",\"@id\":\"https:\/\/experienciadevida.com.ar\/portalurbano\/#\/schema\/person\/02dd326b1c4b056e9cc972486934a3a7\",\"name\":\"admpu17wp\",\"image\":{\"@type\":\"ImageObject\",\"inLanguage\":\"es\",\"@id\":\"https:\/\/experienciadevida.com.ar\/portalurbano\/#\/schema\/person\/image\/\",\"url\":\"https:\/\/secure.gravatar.com\/avatar\/830d4c57adaae6630765e449a6908047?s=96&d=mm&r=g\",\"contentUrl\":\"https:\/\/secure.gravatar.com\/avatar\/830d4c57adaae6630765e449a6908047?s=96&d=mm&r=g\",\"caption\":\"admpu17wp\"}}]}<\/script>\n<!-- \/ Yoast SEO plugin. -->","yoast_head_json":{"title":"Javier Iguacel renunci\u00f3 a la Secretar\u00eda de Energ\u00eda: lo reemplazar\u00e1 Gustavo Lopetegui -","robots":{"index":"index","follow":"follow","max-snippet":"max-snippet:-1","max-image-preview":"max-image-preview:large","max-video-preview":"max-video-preview:-1"},"canonical":"https:\/\/experienciadevida.com.ar\/portalurbano\/javier-iguacel-renuncio-a-la-secretaria-de-energia-lo-reemplazara-gustavo-lopetegui\/","og_locale":"es_ES","og_type":"article","og_title":"Javier Iguacel renunci\u00f3 a la Secretar\u00eda de Energ\u00eda: lo reemplazar\u00e1 Gustavo Lopetegui -","og_description":"Un d\u00eda despu\u00e9s de que se dieran a conocer fuertes aumentos en luz y gas...","og_url":"https:\/\/experienciadevida.com.ar\/portalurbano\/javier-iguacel-renuncio-a-la-secretaria-de-energia-lo-reemplazara-gustavo-lopetegui\/","article_publisher":"https:\/\/www.facebook.com\/Portal-Urbano-171542830093757\/","article_published_time":"2018-12-28T18:35:38+00:00","og_image":[{"width":790,"height":444,"url":"https:\/\/experienciadevida.com.ar\/portalurbano\/wp-content\/uploads\/2018\/12\/0035961497.jpg","type":"image\/jpeg"}],"author":"admpu17wp","twitter_card":"summary_large_image","twitter_creator":"@portalurbanook","twitter_site":"@portalurbanook","twitter_misc":{"Escrito por":"admpu17wp","Tiempo de lectura":"2 minutos"},"schema":{"@context":"https:\/\/schema.org","@graph":[{"@type":"Article","@id":"https:\/\/experienciadevida.com.ar\/portalurbano\/javier-iguacel-renuncio-a-la-secretaria-de-energia-lo-reemplazara-gustavo-lopetegui\/#article","isPartOf":{"@id":"https:\/\/experienciadevida.com.ar\/portalurbano\/javier-iguacel-renuncio-a-la-secretaria-de-energia-lo-reemplazara-gustavo-lopetegui\/"},"author":{"name":"admpu17wp","@id":"https:\/\/experienciadevida.com.ar\/portalurbano\/#\/schema\/person\/02dd326b1c4b056e9cc972486934a3a7"},"headline":"Javier Iguacel renunci\u00f3 a la Secretar\u00eda de Energ\u00eda: lo reemplazar\u00e1 Gustavo Lopetegui","datePublished":"2018-12-28T18:35:38+00:00","dateModified":"2018-12-28T18:35:38+00:00","mainEntityOfPage":{"@id":"https:\/\/experienciadevida.com.ar\/portalurbano\/javier-iguacel-renuncio-a-la-secretaria-de-energia-lo-reemplazara-gustavo-lopetegui\/"},"wordCount":453,"commentCount":0,"publisher":{"@id":"https:\/\/experienciadevida.com.ar\/portalurbano\/#organization"},"articleSection":["Naci\u00f3n"],"inLanguage":"es","potentialAction":[{"@type":"CommentAction","name":"Comment","target":["https:\/\/experienciadevida.com.ar\/portalurbano\/javier-iguacel-renuncio-a-la-secretaria-de-energia-lo-reemplazara-gustavo-lopetegui\/#respond"]}]},{"@type":"WebPage","@id":"https:\/\/experienciadevida.com.ar\/portalurbano\/javier-iguacel-renuncio-a-la-secretaria-de-energia-lo-reemplazara-gustavo-lopetegui\/","url":"https:\/\/experienciadevida.com.ar\/portalurbano\/javier-iguacel-renuncio-a-la-secretaria-de-energia-lo-reemplazara-gustavo-lopetegui\/","name":"Javier Iguacel renunci\u00f3 a la Secretar\u00eda de Energ\u00eda: lo reemplazar\u00e1 Gustavo Lopetegui -","isPartOf":{"@id":"https:\/\/experienciadevida.com.ar\/portalurbano\/#website"},"datePublished":"2018-12-28T18:35:38+00:00","dateModified":"2018-12-28T18:35:38+00:00","breadcrumb":{"@id":"https:\/\/experienciadevida.com.ar\/portalurbano\/javier-iguacel-renuncio-a-la-secretaria-de-energia-lo-reemplazara-gustavo-lopetegui\/#breadcrumb"},"inLanguage":"es","potentialAction":[{"@type":"ReadAction","target":["https:\/\/experienciadevida.com.ar\/portalurbano\/javier-iguacel-renuncio-a-la-secretaria-de-energia-lo-reemplazara-gustavo-lopetegui\/"]}]},{"@type":"BreadcrumbList","@id":"https:\/\/experienciadevida.com.ar\/portalurbano\/javier-iguacel-renuncio-a-la-secretaria-de-energia-lo-reemplazara-gustavo-lopetegui\/#breadcrumb","itemListElement":[{"@type":"ListItem","position":1,"name":"Portada","item":"https:\/\/experienciadevida.com.ar\/portalurbano\/"},{"@type":"ListItem","position":2,"name":"Javier Iguacel renunci\u00f3 a la Secretar\u00eda de Energ\u00eda: lo reemplazar\u00e1 Gustavo Lopetegui"}]},{"@type":"WebSite","@id":"https:\/\/experienciadevida.com.ar\/portalurbano\/#website","url":"https:\/\/experienciadevida.com.ar\/portalurbano\/","name":"","description":"","publisher":{"@id":"https:\/\/experienciadevida.com.ar\/portalurbano\/#organization"},"potentialAction":[{"@type":"SearchAction","target":{"@type":"EntryPoint","urlTemplate":"https:\/\/experienciadevida.com.ar\/portalurbano\/?s={search_term_string}"},"query-input":"required name=search_term_string"}],"inLanguage":"es"},{"@type":"Organization","@id":"https:\/\/experienciadevida.com.ar\/portalurbano\/#organization","name":"Portal Urbano","url":"https:\/\/experienciadevida.com.ar\/portalurbano\/","logo":{"@type":"ImageObject","inLanguage":"es","@id":"https:\/\/experienciadevida.com.ar\/portalurbano\/#\/schema\/logo\/image\/","url":"https:\/\/experienciadevida.com.ar\/portalurbano\/wp-content\/uploads\/2019\/09\/Logo-Original.png","contentUrl":"https:\/\/experienciadevida.com.ar\/portalurbano\/wp-content\/uploads\/2019\/09\/Logo-Original.png","width":2236,"height":1216,"caption":"Portal Urbano"},"image":{"@id":"https:\/\/experienciadevida.com.ar\/portalurbano\/#\/schema\/logo\/image\/"},"sameAs":["https:\/\/www.facebook.com\/Portal-Urbano-171542830093757\/","https:\/\/twitter.com\/portalurbanook","https:\/\/www.instagram.com\/_portalurbano\/","https:\/\/www.youtube.com\/channel\/UCXhagIfszH8KxFiOok79zbA?view_as=subscriber"]},{"@type":"Person","@id":"https:\/\/experienciadevida.com.ar\/portalurbano\/#\/schema\/person\/02dd326b1c4b056e9cc972486934a3a7","name":"admpu17wp","image":{"@type":"ImageObject","inLanguage":"es","@id":"https:\/\/experienciadevida.com.ar\/portalurbano\/#\/schema\/person\/image\/","url":"https:\/\/secure.gravatar.com\/avatar\/830d4c57adaae6630765e449a6908047?s=96&d=mm&r=g","contentUrl":"https:\/\/secure.gravatar.com\/avatar\/830d4c57adaae6630765e449a6908047?s=96&d=mm&r=g","caption":"admpu17wp"}}]}},"featured_image_urls":{"full":["https:\/\/media.elpatagonico.com\/adjuntos\/193\/imagenes\/035\/961\/0035961497.jpg",1920,1080,false],"thumbnail":["https:\/\/media.elpatagonico.com\/adjuntos\/193\/imagenes\/035\/961\/0035961497.jpg",150,150,true],"medium":["https:\/\/media.elpatagonico.com\/adjuntos\/193\/imagenes\/035\/961\/0035961497.jpg",300,169,true],"medium_large":["https:\/\/media.elpatagonico.com\/adjuntos\/193\/imagenes\/035\/961\/0035961497.jpg",640,360,true],"large":["https:\/\/media.elpatagonico.com\/adjuntos\/193\/imagenes\/035\/961\/0035961497.jpg",640,360,true],"ug_big":["https:\/\/media.elpatagonico.com\/adjuntos\/193\/imagenes\/035\/961\/0035961497.jpg",768,432,true],"1536x1536":["https:\/\/media.elpatagonico.com\/adjuntos\/193\/imagenes\/035\/961\/0035961497.jpg",1536,864,true],"2048x2048":["https:\/\/media.elpatagonico.com\/adjuntos\/193\/imagenes\/035\/961\/0035961497.jpg",1920,1080,false],"newsever-slider-full":["https:\/\/media.elpatagonico.com\/adjuntos\/193\/imagenes\/035\/961\/0035961497.jpg",1280,845,true],"newsever-featured":["https:\/\/media.elpatagonico.com\/adjuntos\/193\/imagenes\/035\/961\/0035961497.jpg",1024,576,true],"newsever-medium":["https:\/\/media.elpatagonico.com\/adjuntos\/193\/imagenes\/035\/961\/0035961497.jpg",720,475,true],"web-stories-poster-portrait":["https:\/\/media.elpatagonico.com\/adjuntos\/193\/imagenes\/035\/961\/0035961497.jpg",640,853,true],"web-stories-publisher-logo":["https:\/\/media.elpatagonico.com\/adjuntos\/193\/imagenes\/035\/961\/0035961497.jpg",96,96,true],"web-stories-thumbnail":["https:\/\/media.elpatagonico.com\/adjuntos\/193\/imagenes\/035\/961\/0035961497.jpg",150,84,true]},"author_info":{"display_name":"admpu17wp","author_link":"https:\/\/experienciadevida.com.ar\/portalurbano\/author\/admpu17wp\/"},"category_info":"<a href=\"https:\/\/experienciadevida.com.ar\/portalurbano\/category\/nacion\/\" rel=\"category tag\">Naci\u00f3n<\/a>","tag_info":"Naci\u00f3n","comment_count":"0","amp_enabled":true,"_links":{"self":[{"href":"https:\/\/experienciadevida.com.ar\/portalurbano\/wp-json\/wp\/v2\/posts\/53221"}],"collection":[{"href":"https:\/\/experienciadevida.com.ar\/portalurbano\/wp-json\/wp\/v2\/posts"}],"about":[{"href":"https:\/\/experienciadevida.com.ar\/portalurbano\/wp-json\/wp\/v2\/types\/post"}],"author":[{"embeddable":true,"href":"https:\/\/experienciadevida.com.ar\/portalurbano\/wp-json\/wp\/v2\/users\/1"}],"replies":[{"embeddable":true,"href":"https:\/\/experienciadevida.com.ar\/portalurbano\/wp-json\/wp\/v2\/comments?post=53221"}],"version-history":[{"count":1,"href":"https:\/\/experienciadevida.com.ar\/portalurbano\/wp-json\/wp\/v2\/posts\/53221\/revisions"}],"predecessor-version":[{"id":53223,"href":"https:\/\/experienciadevida.com.ar\/portalurbano\/wp-json\/wp\/v2\/posts\/53221\/revisions\/53223"}],"wp:featuredmedia":[{"embeddable":true,"href":"https:\/\/experienciadevida.com.ar\/portalurbano\/wp-json\/"}],"wp:attachment":[{"href":"https:\/\/experienciadevida.com.ar\/portalurbano\/wp-json\/wp\/v2\/media?parent=53221"}],"wp:term":[{"taxonomy":"category","embeddable":true,"href":"https:\/\/experienciadevida.com.ar\/portalurbano\/wp-json\/wp\/v2\/categories?post=53221"},{"taxonomy":"post_tag","embeddable":true,"href":"https:\/\/experienciadevida.com.ar\/portalurbano\/wp-json\/wp\/v2\/tags?post=53221"}],"curies":[{"name":"wp","href":"https:\/\/api.w.org\/{rel}","templated":true}]}}