{"id":179170,"date":"2022-10-20T12:53:31","date_gmt":"2022-10-20T15:53:31","guid":{"rendered":"https:\/\/experienciadevida.com.ar\/portalurbano\/?p=179170"},"modified":"2022-10-20T12:55:09","modified_gmt":"2022-10-20T15:55:09","slug":"reunion-entre-funcionarios-municipales-y-provinciales-por-el-tramite-de-generacion-de-suelo-en-sierras-bayas","status":"publish","type":"post","link":"https:\/\/experienciadevida.com.ar\/portalurbano\/reunion-entre-funcionarios-municipales-y-provinciales-por-el-tramite-de-generacion-de-suelo-en-sierras-bayas\/","title":{"rendered":"Reuni\u00f3n entre funcionarios municipales y provinciales por el tr\u00e1mite de generaci\u00f3n de suelo en Sierras Bayas"},"content":{"rendered":"<p>Reuni\u00f3n entre funcionarios municipales y provinciales por el tr\u00e1mite de generaci\u00f3n de suelo en Sierras Bayas, d\u00edas pasados, funcionarios municipales concretaron una reuni\u00f3n con autoridades del gabinete provincial, con el objeto de definir lineamientos comunes para dar avance al tr\u00e1mite de generaci\u00f3n de suelo en la localidad de Sierras Bayas; mediante la afectaci\u00f3n del inmueble al Programa de Lotes con Servicios, de la Ley de Acceso Justo al H\u00e1bitat N\u00ba 14.449.<\/p>\n<p>Participaron del encuentro los responsables de las Direcciones de Casa de Tierras y Regularizaci\u00f3n Dominial, Planeamiento y Catastro de la <a href=\"https:\/\/www.facebook.com\/municipiodeolavarria\">Municipalidad<\/a> de Olavarr\u00eda, junto con autoridades de la Direcci\u00f3n Provincial de Producci\u00f3n de H\u00e1bitat, dependiente de la Subsecretar\u00eda de H\u00e1bitat de la Comunidad.<\/p>\n<p>Producto de dicha reuni\u00f3n, se realiz\u00f3 un intercambio de ideas entre los profesionales de los organismos con el objeto de avanzar en el plano de mensura que individualizar\u00e1 la extensi\u00f3n territorial de las parcelas a generar, y establecer criterios referidos al convenio urban\u00edstico y la Ordenanza Municipal a confeccionar.<\/p>\n<p>Cabe destacar que la Ley 14.449 de Acceso Justo al H\u00e1bitat proporciona un tratamiento integral a los temas vinculados con el derecho a la ciudad y a la vivienda, incorporando herramientas e instrumentos que permiten una intervenci\u00f3n por parte del Estado, con el objetivo de resolver el d\u00e9ficit urbano habitacional. En este marco, como instrumento de la ley, se crea el Programa Lotes con Servicios, el cual consiste en la generaci\u00f3n de suelo habitable para las familias.<\/p>\n","protected":false},"excerpt":{"rendered":"<p>Reuni\u00f3n entre funcionarios municipales y provinciales por el tr\u00e1mite de generaci\u00f3n de suelo en Sierras&#8230;<\/p>\n","protected":false},"author":1,"featured_media":179171,"comment_status":"closed","ping_status":"closed","sticky":false,"template":"","format":"standard","meta":{"content-type":""},"categories":[27,64],"tags":[],"nelio_content":{"isAutoShareEnabled":false,"autoShareEndMode":"default","automationSources":{"useContentSentences":true,"useSocialTemplates":true,"useCustomSentences":false,"customSentences":[]},"followers":[1],"suggestedReferences":[],"includedReferences":[],"efiUrl":"","efiAlt":"","highlights":[]},"yoast_head":"<!-- This site is optimized with the Yoast SEO plugin v20.7 - https:\/\/yoast.com\/wordpress\/plugins\/seo\/ -->\n<title>Reuni\u00f3n entre funcionarios Municipales y provinciales<\/title>\n<meta name=\"description\" content=\"Reuni\u00f3n entre funcionarios municipales y provinciales por el tr\u00e1mite de generaci\u00f3n de suelo en Sierras Bayas, d\u00edas pasados,\" \/>\n<meta name=\"robots\" content=\"index, follow, max-snippet:-1, max-image-preview:large, max-video-preview:-1\" \/>\n<link rel=\"canonical\" href=\"https:\/\/experienciadevida.com.ar\/portalurbano\/reunion-entre-funcionarios-municipales-y-provinciales-por-el-tramite-de-generacion-de-suelo-en-sierras-bayas\/\" \/>\n<meta property=\"og:locale\" content=\"es_ES\" \/>\n<meta property=\"og:type\" content=\"article\" \/>\n<meta property=\"og:title\" content=\"Reuni\u00f3n entre funcionarios Municipales y provinciales\" \/>\n<meta property=\"og:description\" content=\"Reuni\u00f3n entre funcionarios municipales y provinciales por el tr\u00e1mite de generaci\u00f3n de suelo en Sierras Bayas, d\u00edas pasados,\" \/>\n<meta property=\"og:url\" content=\"https:\/\/experienciadevida.com.ar\/portalurbano\/reunion-entre-funcionarios-municipales-y-provinciales-por-el-tramite-de-generacion-de-suelo-en-sierras-bayas\/\" \/>\n<meta property=\"article:publisher\" content=\"https:\/\/www.facebook.com\/Portal-Urbano-171542830093757\/\" \/>\n<meta property=\"article:published_time\" content=\"2022-10-20T15:53:31+00:00\" \/>\n<meta property=\"article:modified_time\" content=\"2022-10-20T15:55:09+00:00\" \/>\n<meta property=\"og:image\" content=\"https:\/\/experienciadevida.com.ar\/portalurbano\/wp-content\/uploads\/2022\/10\/Reunion-entre-funcionarios-municipales.jpg\" \/>\n\t<meta property=\"og:image:width\" content=\"1024\" \/>\n\t<meta property=\"og:image:height\" content=\"683\" \/>\n\t<meta property=\"og:image:type\" content=\"image\/jpeg\" \/>\n<meta name=\"author\" content=\"admpu17wp\" \/>\n<meta name=\"twitter:card\" content=\"summary_large_image\" \/>\n<meta name=\"twitter:creator\" content=\"@portalurbanook\" \/>\n<meta name=\"twitter:site\" content=\"@portalurbanook\" \/>\n<meta name=\"twitter:label1\" content=\"Escrito por\" \/>\n\t<meta name=\"twitter:data1\" content=\"admpu17wp\" \/>\n\t<meta name=\"twitter:label2\" content=\"Tiempo de lectura\" \/>\n\t<meta name=\"twitter:data2\" content=\"2 minutos\" \/>\n<script type=\"application\/ld+json\" class=\"yoast-schema-graph\">{\"@context\":\"https:\/\/schema.org\",\"@graph\":[{\"@type\":\"Article\",\"@id\":\"https:\/\/experienciadevida.com.ar\/portalurbano\/reunion-entre-funcionarios-municipales-y-provinciales-por-el-tramite-de-generacion-de-suelo-en-sierras-bayas\/#article\",\"isPartOf\":{\"@id\":\"https:\/\/experienciadevida.com.ar\/portalurbano\/reunion-entre-funcionarios-municipales-y-provinciales-por-el-tramite-de-generacion-de-suelo-en-sierras-bayas\/\"},\"author\":{\"name\":\"admpu17wp\",\"@id\":\"https:\/\/experienciadevida.com.ar\/portalurbano\/#\/schema\/person\/02dd326b1c4b056e9cc972486934a3a7\"},\"headline\":\"Reuni\u00f3n entre funcionarios municipales y provinciales por el tr\u00e1mite de generaci\u00f3n de suelo en Sierras Bayas\",\"datePublished\":\"2022-10-20T15:53:31+00:00\",\"dateModified\":\"2022-10-20T15:55:09+00:00\",\"mainEntityOfPage\":{\"@id\":\"https:\/\/experienciadevida.com.ar\/portalurbano\/reunion-entre-funcionarios-municipales-y-provinciales-por-el-tramite-de-generacion-de-suelo-en-sierras-bayas\/\"},\"wordCount\":280,\"publisher\":{\"@id\":\"https:\/\/experienciadevida.com.ar\/portalurbano\/#organization\"},\"articleSection\":[\"Ciudad\",\"Destacadas 2\"],\"inLanguage\":\"es\"},{\"@type\":\"WebPage\",\"@id\":\"https:\/\/experienciadevida.com.ar\/portalurbano\/reunion-entre-funcionarios-municipales-y-provinciales-por-el-tramite-de-generacion-de-suelo-en-sierras-bayas\/\",\"url\":\"https:\/\/experienciadevida.com.ar\/portalurbano\/reunion-entre-funcionarios-municipales-y-provinciales-por-el-tramite-de-generacion-de-suelo-en-sierras-bayas\/\",\"name\":\"Reuni\u00f3n entre funcionarios Municipales y provinciales\",\"isPartOf\":{\"@id\":\"https:\/\/experienciadevida.com.ar\/portalurbano\/#website\"},\"datePublished\":\"2022-10-20T15:53:31+00:00\",\"dateModified\":\"2022-10-20T15:55:09+00:00\",\"description\":\"Reuni\u00f3n entre funcionarios municipales y provinciales por el tr\u00e1mite de generaci\u00f3n de suelo en Sierras Bayas, d\u00edas pasados,\",\"breadcrumb\":{\"@id\":\"https:\/\/experienciadevida.com.ar\/portalurbano\/reunion-entre-funcionarios-municipales-y-provinciales-por-el-tramite-de-generacion-de-suelo-en-sierras-bayas\/#breadcrumb\"},\"inLanguage\":\"es\",\"potentialAction\":[{\"@type\":\"ReadAction\",\"target\":[\"https:\/\/experienciadevida.com.ar\/portalurbano\/reunion-entre-funcionarios-municipales-y-provinciales-por-el-tramite-de-generacion-de-suelo-en-sierras-bayas\/\"]}]},{\"@type\":\"BreadcrumbList\",\"@id\":\"https:\/\/experienciadevida.com.ar\/portalurbano\/reunion-entre-funcionarios-municipales-y-provinciales-por-el-tramite-de-generacion-de-suelo-en-sierras-bayas\/#breadcrumb\",\"itemListElement\":[{\"@type\":\"ListItem\",\"position\":1,\"name\":\"Portada\",\"item\":\"https:\/\/experienciadevida.com.ar\/portalurbano\/\"},{\"@type\":\"ListItem\",\"position\":2,\"name\":\"Reuni\u00f3n entre funcionarios municipales y provinciales por el tr\u00e1mite de generaci\u00f3n de suelo en Sierras Bayas\"}]},{\"@type\":\"WebSite\",\"@id\":\"https:\/\/experienciadevida.com.ar\/portalurbano\/#website\",\"url\":\"https:\/\/experienciadevida.com.ar\/portalurbano\/\",\"name\":\"\",\"description\":\"\",\"publisher\":{\"@id\":\"https:\/\/experienciadevida.com.ar\/portalurbano\/#organization\"},\"potentialAction\":[{\"@type\":\"SearchAction\",\"target\":{\"@type\":\"EntryPoint\",\"urlTemplate\":\"https:\/\/experienciadevida.com.ar\/portalurbano\/?s={search_term_string}\"},\"query-input\":\"required name=search_term_string\"}],\"inLanguage\":\"es\"},{\"@type\":\"Organization\",\"@id\":\"https:\/\/experienciadevida.com.ar\/portalurbano\/#organization\",\"name\":\"Portal Urbano\",\"url\":\"https:\/\/experienciadevida.com.ar\/portalurbano\/\",\"logo\":{\"@type\":\"ImageObject\",\"inLanguage\":\"es\",\"@id\":\"https:\/\/experienciadevida.com.ar\/portalurbano\/#\/schema\/logo\/image\/\",\"url\":\"https:\/\/experienciadevida.com.ar\/portalurbano\/wp-content\/uploads\/2019\/09\/Logo-Original.png\",\"contentUrl\":\"https:\/\/experienciadevida.com.ar\/portalurbano\/wp-content\/uploads\/2019\/09\/Logo-Original.png\",\"width\":2236,\"height\":1216,\"caption\":\"Portal Urbano\"},\"image\":{\"@id\":\"https:\/\/experienciadevida.com.ar\/portalurbano\/#\/schema\/logo\/image\/\"},\"sameAs\":[\"https:\/\/www.facebook.com\/Portal-Urbano-171542830093757\/\",\"https:\/\/twitter.com\/portalurbanook\",\"https:\/\/www.instagram.com\/_portalurbano\/\",\"https:\/\/www.youtube.com\/channel\/UCXhagIfszH8KxFiOok79zbA?view_as=subscriber\"]},{\"@type\":\"Person\",\"@id\":\"https:\/\/experienciadevida.com.ar\/portalurbano\/#\/schema\/person\/02dd326b1c4b056e9cc972486934a3a7\",\"name\":\"admpu17wp\",\"image\":{\"@type\":\"ImageObject\",\"inLanguage\":\"es\",\"@id\":\"https:\/\/experienciadevida.com.ar\/portalurbano\/#\/schema\/person\/image\/\",\"url\":\"https:\/\/secure.gravatar.com\/avatar\/830d4c57adaae6630765e449a6908047?s=96&d=mm&r=g\",\"contentUrl\":\"https:\/\/secure.gravatar.com\/avatar\/830d4c57adaae6630765e449a6908047?s=96&d=mm&r=g\",\"caption\":\"admpu17wp\"}}]}<\/script>\n<!-- \/ Yoast SEO plugin. -->","yoast_head_json":{"title":"Reuni\u00f3n entre funcionarios Municipales y provinciales","description":"Reuni\u00f3n entre funcionarios municipales y provinciales por el tr\u00e1mite de generaci\u00f3n de suelo en Sierras Bayas, d\u00edas pasados,","robots":{"index":"index","follow":"follow","max-snippet":"max-snippet:-1","max-image-preview":"max-image-preview:large","max-video-preview":"max-video-preview:-1"},"canonical":"https:\/\/experienciadevida.com.ar\/portalurbano\/reunion-entre-funcionarios-municipales-y-provinciales-por-el-tramite-de-generacion-de-suelo-en-sierras-bayas\/","og_locale":"es_ES","og_type":"article","og_title":"Reuni\u00f3n entre funcionarios Municipales y provinciales","og_description":"Reuni\u00f3n entre funcionarios municipales y provinciales por el tr\u00e1mite de generaci\u00f3n de suelo en Sierras Bayas, d\u00edas pasados,","og_url":"https:\/\/experienciadevida.com.ar\/portalurbano\/reunion-entre-funcionarios-municipales-y-provinciales-por-el-tramite-de-generacion-de-suelo-en-sierras-bayas\/","article_publisher":"https:\/\/www.facebook.com\/Portal-Urbano-171542830093757\/","article_published_time":"2022-10-20T15:53:31+00:00","article_modified_time":"2022-10-20T15:55:09+00:00","og_image":[{"width":1024,"height":683,"url":"https:\/\/experienciadevida.com.ar\/portalurbano\/wp-content\/uploads\/2022\/10\/Reunion-entre-funcionarios-municipales.jpg","type":"image\/jpeg"}],"author":"admpu17wp","twitter_card":"summary_large_image","twitter_creator":"@portalurbanook","twitter_site":"@portalurbanook","twitter_misc":{"Escrito por":"admpu17wp","Tiempo de lectura":"2 minutos"},"schema":{"@context":"https:\/\/schema.org","@graph":[{"@type":"Article","@id":"https:\/\/experienciadevida.com.ar\/portalurbano\/reunion-entre-funcionarios-municipales-y-provinciales-por-el-tramite-de-generacion-de-suelo-en-sierras-bayas\/#article","isPartOf":{"@id":"https:\/\/experienciadevida.com.ar\/portalurbano\/reunion-entre-funcionarios-municipales-y-provinciales-por-el-tramite-de-generacion-de-suelo-en-sierras-bayas\/"},"author":{"name":"admpu17wp","@id":"https:\/\/experienciadevida.com.ar\/portalurbano\/#\/schema\/person\/02dd326b1c4b056e9cc972486934a3a7"},"headline":"Reuni\u00f3n entre funcionarios municipales y provinciales por el tr\u00e1mite de generaci\u00f3n de suelo en Sierras Bayas","datePublished":"2022-10-20T15:53:31+00:00","dateModified":"2022-10-20T15:55:09+00:00","mainEntityOfPage":{"@id":"https:\/\/experienciadevida.com.ar\/portalurbano\/reunion-entre-funcionarios-municipales-y-provinciales-por-el-tramite-de-generacion-de-suelo-en-sierras-bayas\/"},"wordCount":280,"publisher":{"@id":"https:\/\/experienciadevida.com.ar\/portalurbano\/#organization"},"articleSection":["Ciudad","Destacadas 2"],"inLanguage":"es"},{"@type":"WebPage","@id":"https:\/\/experienciadevida.com.ar\/portalurbano\/reunion-entre-funcionarios-municipales-y-provinciales-por-el-tramite-de-generacion-de-suelo-en-sierras-bayas\/","url":"https:\/\/experienciadevida.com.ar\/portalurbano\/reunion-entre-funcionarios-municipales-y-provinciales-por-el-tramite-de-generacion-de-suelo-en-sierras-bayas\/","name":"Reuni\u00f3n entre funcionarios Municipales y provinciales","isPartOf":{"@id":"https:\/\/experienciadevida.com.ar\/portalurbano\/#website"},"datePublished":"2022-10-20T15:53:31+00:00","dateModified":"2022-10-20T15:55:09+00:00","description":"Reuni\u00f3n entre funcionarios municipales y provinciales por el tr\u00e1mite de generaci\u00f3n de suelo en Sierras Bayas, d\u00edas pasados,","breadcrumb":{"@id":"https:\/\/experienciadevida.com.ar\/portalurbano\/reunion-entre-funcionarios-municipales-y-provinciales-por-el-tramite-de-generacion-de-suelo-en-sierras-bayas\/#breadcrumb"},"inLanguage":"es","potentialAction":[{"@type":"ReadAction","target":["https:\/\/experienciadevida.com.ar\/portalurbano\/reunion-entre-funcionarios-municipales-y-provinciales-por-el-tramite-de-generacion-de-suelo-en-sierras-bayas\/"]}]},{"@type":"BreadcrumbList","@id":"https:\/\/experienciadevida.com.ar\/portalurbano\/reunion-entre-funcionarios-municipales-y-provinciales-por-el-tramite-de-generacion-de-suelo-en-sierras-bayas\/#breadcrumb","itemListElement":[{"@type":"ListItem","position":1,"name":"Portada","item":"https:\/\/experienciadevida.com.ar\/portalurbano\/"},{"@type":"ListItem","position":2,"name":"Reuni\u00f3n entre funcionarios municipales y provinciales por el tr\u00e1mite de generaci\u00f3n de suelo en Sierras Bayas"}]},{"@type":"WebSite","@id":"https:\/\/experienciadevida.com.ar\/portalurbano\/#website","url":"https:\/\/experienciadevida.com.ar\/portalurbano\/","name":"","description":"","publisher":{"@id":"https:\/\/experienciadevida.com.ar\/portalurbano\/#organization"},"potentialAction":[{"@type":"SearchAction","target":{"@type":"EntryPoint","urlTemplate":"https:\/\/experienciadevida.com.ar\/portalurbano\/?s={search_term_string}"},"query-input":"required name=search_term_string"}],"inLanguage":"es"},{"@type":"Organization","@id":"https:\/\/experienciadevida.com.ar\/portalurbano\/#organization","name":"Portal Urbano","url":"https:\/\/experienciadevida.com.ar\/portalurbano\/","logo":{"@type":"ImageObject","inLanguage":"es","@id":"https:\/\/experienciadevida.com.ar\/portalurbano\/#\/schema\/logo\/image\/","url":"https:\/\/experienciadevida.com.ar\/portalurbano\/wp-content\/uploads\/2019\/09\/Logo-Original.png","contentUrl":"https:\/\/experienciadevida.com.ar\/portalurbano\/wp-content\/uploads\/2019\/09\/Logo-Original.png","width":2236,"height":1216,"caption":"Portal Urbano"},"image":{"@id":"https:\/\/experienciadevida.com.ar\/portalurbano\/#\/schema\/logo\/image\/"},"sameAs":["https:\/\/www.facebook.com\/Portal-Urbano-171542830093757\/","https:\/\/twitter.com\/portalurbanook","https:\/\/www.instagram.com\/_portalurbano\/","https:\/\/www.youtube.com\/channel\/UCXhagIfszH8KxFiOok79zbA?view_as=subscriber"]},{"@type":"Person","@id":"https:\/\/experienciadevida.com.ar\/portalurbano\/#\/schema\/person\/02dd326b1c4b056e9cc972486934a3a7","name":"admpu17wp","image":{"@type":"ImageObject","inLanguage":"es","@id":"https:\/\/experienciadevida.com.ar\/portalurbano\/#\/schema\/person\/image\/","url":"https:\/\/secure.gravatar.com\/avatar\/830d4c57adaae6630765e449a6908047?s=96&d=mm&r=g","contentUrl":"https:\/\/secure.gravatar.com\/avatar\/830d4c57adaae6630765e449a6908047?s=96&d=mm&r=g","caption":"admpu17wp"}}]}},"featured_image_urls":{"full":["https:\/\/experienciadevida.com.ar\/portalurbano\/wp-content\/uploads\/2022\/10\/Reunion-entre-funcionarios-municipales.jpg",1024,683,false],"thumbnail":["https:\/\/experienciadevida.com.ar\/portalurbano\/wp-content\/uploads\/2022\/10\/Reunion-entre-funcionarios-municipales-150x150.jpg",150,150,true],"medium":["https:\/\/experienciadevida.com.ar\/portalurbano\/wp-content\/uploads\/2022\/10\/Reunion-entre-funcionarios-municipales-300x200.jpg",300,200,true],"medium_large":["https:\/\/experienciadevida.com.ar\/portalurbano\/wp-content\/uploads\/2022\/10\/Reunion-entre-funcionarios-municipales-768x512.jpg",640,427,true],"large":["https:\/\/experienciadevida.com.ar\/portalurbano\/wp-content\/uploads\/2022\/10\/Reunion-entre-funcionarios-municipales.jpg",640,427,false],"ug_big":["https:\/\/experienciadevida.com.ar\/portalurbano\/wp-content\/uploads\/2022\/10\/Reunion-entre-funcionarios-municipales-768x512.jpg",768,512,true],"1536x1536":["https:\/\/experienciadevida.com.ar\/portalurbano\/wp-content\/uploads\/2022\/10\/Reunion-entre-funcionarios-municipales.jpg",1024,683,false],"2048x2048":["https:\/\/experienciadevida.com.ar\/portalurbano\/wp-content\/uploads\/2022\/10\/Reunion-entre-funcionarios-municipales.jpg",1024,683,false],"newsever-slider-full":["https:\/\/experienciadevida.com.ar\/portalurbano\/wp-content\/uploads\/2022\/10\/Reunion-entre-funcionarios-municipales.jpg",1024,683,false],"newsever-featured":["https:\/\/experienciadevida.com.ar\/portalurbano\/wp-content\/uploads\/2022\/10\/Reunion-entre-funcionarios-municipales.jpg",1024,683,false],"newsever-medium":["https:\/\/experienciadevida.com.ar\/portalurbano\/wp-content\/uploads\/2022\/10\/Reunion-entre-funcionarios-municipales.jpg",712,475,false],"web-stories-poster-portrait":["https:\/\/experienciadevida.com.ar\/portalurbano\/wp-content\/uploads\/2022\/10\/Reunion-entre-funcionarios-municipales-640x683.jpg",640,683,true],"web-stories-publisher-logo":["https:\/\/experienciadevida.com.ar\/portalurbano\/wp-content\/uploads\/2022\/10\/Reunion-entre-funcionarios-municipales-96x96.jpg",96,96,true],"web-stories-thumbnail":["https:\/\/experienciadevida.com.ar\/portalurbano\/wp-content\/uploads\/2022\/10\/Reunion-entre-funcionarios-municipales-150x100.jpg",150,100,true]},"author_info":{"display_name":"admpu17wp","author_link":"https:\/\/experienciadevida.com.ar\/portalurbano\/author\/admpu17wp\/"},"category_info":"<a href=\"https:\/\/experienciadevida.com.ar\/portalurbano\/category\/ciudad\/\" rel=\"category tag\">Ciudad<\/a> <a href=\"https:\/\/experienciadevida.com.ar\/portalurbano\/category\/destacadas-2\/\" rel=\"category tag\">Destacadas 2<\/a>","tag_info":"Destacadas 2","comment_count":"0","amp_enabled":true,"_links":{"self":[{"href":"https:\/\/experienciadevida.com.ar\/portalurbano\/wp-json\/wp\/v2\/posts\/179170"}],"collection":[{"href":"https:\/\/experienciadevida.com.ar\/portalurbano\/wp-json\/wp\/v2\/posts"}],"about":[{"href":"https:\/\/experienciadevida.com.ar\/portalurbano\/wp-json\/wp\/v2\/types\/post"}],"author":[{"embeddable":true,"href":"https:\/\/experienciadevida.com.ar\/portalurbano\/wp-json\/wp\/v2\/users\/1"}],"replies":[{"embeddable":true,"href":"https:\/\/experienciadevida.com.ar\/portalurbano\/wp-json\/wp\/v2\/comments?post=179170"}],"version-history":[{"count":3,"href":"https:\/\/experienciadevida.com.ar\/portalurbano\/wp-json\/wp\/v2\/posts\/179170\/revisions"}],"predecessor-version":[{"id":179174,"href":"https:\/\/experienciadevida.com.ar\/portalurbano\/wp-json\/wp\/v2\/posts\/179170\/revisions\/179174"}],"wp:featuredmedia":[{"embeddable":true,"href":"https:\/\/experienciadevida.com.ar\/portalurbano\/wp-json\/wp\/v2\/media\/179171"}],"wp:attachment":[{"href":"https:\/\/experienciadevida.com.ar\/portalurbano\/wp-json\/wp\/v2\/media?parent=179170"}],"wp:term":[{"taxonomy":"category","embeddable":true,"href":"https:\/\/experienciadevida.com.ar\/portalurbano\/wp-json\/wp\/v2\/categories?post=179170"},{"taxonomy":"post_tag","embeddable":true,"href":"https:\/\/experienciadevida.com.ar\/portalurbano\/wp-json\/wp\/v2\/tags?post=179170"}],"curies":[{"name":"wp","href":"https:\/\/api.w.org\/{rel}","templated":true}]}}