{"id":177608,"date":"2022-10-03T12:12:48","date_gmt":"2022-10-03T15:12:48","guid":{"rendered":"https:\/\/experienciadevida.com.ar\/portalurbano\/?p=177608"},"modified":"2022-10-03T12:14:19","modified_gmt":"2022-10-03T15:14:19","slug":"dos-dias-en-tu-futuro-una-nueva-edicion-del-proyecto-que-acompana-a-jovenes","status":"publish","type":"post","link":"https:\/\/experienciadevida.com.ar\/portalurbano\/dos-dias-en-tu-futuro-una-nueva-edicion-del-proyecto-que-acompana-a-jovenes\/","title":{"rendered":"Dos d\u00edas en tu futuro: una nueva edici\u00f3n del proyecto que acompa\u00f1a a j\u00f3venes"},"content":{"rendered":"<p>Dos d\u00edas en tu futuro: una nueva edici\u00f3n del proyecto que acompa\u00f1a a j\u00f3venes en la definici\u00f3n de su futuro profesional y laboral.<\/p>\n<p><a href=\"https:\/\/www.facebook.com\/loma.negra.92\">Fundaci\u00f3n Loma Negra<\/a> lanza la 13\u00b0 edici\u00f3n de este proyecto que vuelve a ser presencial. Estudiantes del \u00faltimo a\u00f1o de todas las escuelas secundarias de Olavarr\u00eda participar\u00e1n de una experiencia que los ayudar\u00e1 a definir su futuro profesional y\/o laboral, ser\u00e1 el 4-5-6 de octubre para los j\u00f3venes que est\u00e1n cursando el \u00faltimo a\u00f1o de secundaria en su proceso de definici\u00f3n de su futuro profesional y\/o laboral.<\/p>\n<p>La propuesta tiene como objetivo contribuir a la orientaci\u00f3n vocacional de los j\u00f3venes, quienes comparten una jornada de trabajo junto con un profesional del campo de estudios de su inter\u00e9s. Los \u201csocios\u201d participan de manera voluntaria y son trabajadores destacados en su profesi\u00f3n.<\/p>\n<p>La experiencia inicia el martes 4 de octubre a las 18 hs. en el Mini Gimnasio del Club Racing (ingreso por calle Cerrito). All\u00ed los j\u00f3venes, acompa\u00f1ados por sus familias, realizar\u00e1n din\u00e1micas interactivas a cargo de Human Work para profundizar sobre la vocaci\u00f3n, elecci\u00f3n, empat\u00eda y v\u00ednculos.<\/p>\n<p>Como novedad, este a\u00f1o las jornadas de interacci\u00f3n con los profesionales se dividir\u00e1n en dos d\u00edas:<\/p>\n<p>#PROFESIONES: mi\u00e9rcoles 5 de octubre a partir de las 8 hs. en el Mini Gimnasio del Club Racing se realizar\u00e1 un desayuno que dar\u00e1 comienzo a la jornada laboral que compartir\u00e1n socios y j\u00f3venes. A las 14 hs. tendr\u00e1 lugar el cierre para compartir lo vivido.<\/p>\n<p>#OFICIOS: jueves 6 de octubre a partir de las 8 hs. desde la Estaci\u00f3n de Tren Ferrosur Roca (Av. Pringles 3100) saldr\u00e1 un micro con destino al PIO-ITECO para que los participantes puedan compartir la jornada junto al profesional ligado al oficio de su elecci\u00f3n.<\/p>\n<p>Cabe destacar que el proyecto Dos D\u00edas en tu Futuro se concreta anualmente gracias al acompa\u00f1amiento de socios de la comunidad, de las diferentes esferas del sistema educativo, as\u00ed como del compromiso de voluntarios de las empresas de Loma Negra y Ferrosur.<\/p>\n","protected":false},"excerpt":{"rendered":"<p>Dos d\u00edas en tu futuro: una nueva edici\u00f3n del proyecto que acompa\u00f1a a j\u00f3venes en&#8230;<\/p>\n","protected":false},"author":1,"featured_media":177609,"comment_status":"closed","ping_status":"closed","sticky":false,"template":"","format":"standard","meta":{"content-type":""},"categories":[27,51],"tags":[],"nelio_content":{"isAutoShareEnabled":false,"autoShareEndMode":"default","automationSources":{"useContentSentences":true,"useSocialTemplates":true,"useCustomSentences":false,"customSentences":[]},"followers":[1],"suggestedReferences":[],"includedReferences":[],"efiUrl":"","efiAlt":"","highlights":[]},"yoast_head":"<!-- This site is optimized with the Yoast SEO plugin v20.7 - https:\/\/yoast.com\/wordpress\/plugins\/seo\/ -->\n<title>Dos d\u00edas en tu futuro: una nueva edici\u00f3n del proyecto<\/title>\n<meta name=\"description\" content=\"Dos d\u00edas en tu futuro: una nueva edici\u00f3n del proyecto que acompa\u00f1a a j\u00f3venes en la definici\u00f3n de su futuro profesional y laboral\" \/>\n<meta name=\"robots\" content=\"index, follow, max-snippet:-1, max-image-preview:large, max-video-preview:-1\" \/>\n<link rel=\"canonical\" href=\"https:\/\/experienciadevida.com.ar\/portalurbano\/dos-dias-en-tu-futuro-una-nueva-edicion-del-proyecto-que-acompana-a-jovenes\/\" \/>\n<meta property=\"og:locale\" content=\"es_ES\" \/>\n<meta property=\"og:type\" content=\"article\" \/>\n<meta property=\"og:title\" content=\"Dos d\u00edas en tu futuro: una nueva edici\u00f3n del proyecto\" \/>\n<meta property=\"og:description\" content=\"Dos d\u00edas en tu futuro: una nueva edici\u00f3n del proyecto que acompa\u00f1a a j\u00f3venes en la definici\u00f3n de su futuro profesional y laboral\" \/>\n<meta property=\"og:url\" content=\"https:\/\/experienciadevida.com.ar\/portalurbano\/dos-dias-en-tu-futuro-una-nueva-edicion-del-proyecto-que-acompana-a-jovenes\/\" \/>\n<meta property=\"article:publisher\" content=\"https:\/\/www.facebook.com\/Portal-Urbano-171542830093757\/\" \/>\n<meta property=\"article:published_time\" content=\"2022-10-03T15:12:48+00:00\" \/>\n<meta property=\"article:modified_time\" content=\"2022-10-03T15:14:19+00:00\" \/>\n<meta property=\"og:image\" content=\"https:\/\/experienciadevida.com.ar\/portalurbano\/wp-content\/uploads\/2022\/10\/Dos-dias-en-tu-scaled-e1664809919406.jpg\" \/>\n\t<meta property=\"og:image:width\" content=\"765\" \/>\n\t<meta property=\"og:image:height\" content=\"510\" \/>\n\t<meta property=\"og:image:type\" content=\"image\/jpeg\" \/>\n<meta name=\"author\" content=\"admpu17wp\" \/>\n<meta name=\"twitter:card\" content=\"summary_large_image\" \/>\n<meta name=\"twitter:creator\" content=\"@portalurbanook\" \/>\n<meta name=\"twitter:site\" content=\"@portalurbanook\" \/>\n<meta name=\"twitter:label1\" content=\"Escrito por\" \/>\n\t<meta name=\"twitter:data1\" content=\"admpu17wp\" \/>\n\t<meta name=\"twitter:label2\" content=\"Tiempo de lectura\" \/>\n\t<meta name=\"twitter:data2\" content=\"2 minutos\" \/>\n<script type=\"application\/ld+json\" class=\"yoast-schema-graph\">{\"@context\":\"https:\/\/schema.org\",\"@graph\":[{\"@type\":\"Article\",\"@id\":\"https:\/\/experienciadevida.com.ar\/portalurbano\/dos-dias-en-tu-futuro-una-nueva-edicion-del-proyecto-que-acompana-a-jovenes\/#article\",\"isPartOf\":{\"@id\":\"https:\/\/experienciadevida.com.ar\/portalurbano\/dos-dias-en-tu-futuro-una-nueva-edicion-del-proyecto-que-acompana-a-jovenes\/\"},\"author\":{\"name\":\"admpu17wp\",\"@id\":\"https:\/\/experienciadevida.com.ar\/portalurbano\/#\/schema\/person\/02dd326b1c4b056e9cc972486934a3a7\"},\"headline\":\"Dos d\u00edas en tu futuro: una nueva edici\u00f3n del proyecto que acompa\u00f1a a j\u00f3venes\",\"datePublished\":\"2022-10-03T15:12:48+00:00\",\"dateModified\":\"2022-10-03T15:14:19+00:00\",\"mainEntityOfPage\":{\"@id\":\"https:\/\/experienciadevida.com.ar\/portalurbano\/dos-dias-en-tu-futuro-una-nueva-edicion-del-proyecto-que-acompana-a-jovenes\/\"},\"wordCount\":378,\"publisher\":{\"@id\":\"https:\/\/experienciadevida.com.ar\/portalurbano\/#organization\"},\"articleSection\":[\"Ciudad\",\"Destacadas\"],\"inLanguage\":\"es\"},{\"@type\":\"WebPage\",\"@id\":\"https:\/\/experienciadevida.com.ar\/portalurbano\/dos-dias-en-tu-futuro-una-nueva-edicion-del-proyecto-que-acompana-a-jovenes\/\",\"url\":\"https:\/\/experienciadevida.com.ar\/portalurbano\/dos-dias-en-tu-futuro-una-nueva-edicion-del-proyecto-que-acompana-a-jovenes\/\",\"name\":\"Dos d\u00edas en tu futuro: una nueva edici\u00f3n del proyecto\",\"isPartOf\":{\"@id\":\"https:\/\/experienciadevida.com.ar\/portalurbano\/#website\"},\"datePublished\":\"2022-10-03T15:12:48+00:00\",\"dateModified\":\"2022-10-03T15:14:19+00:00\",\"description\":\"Dos d\u00edas en tu futuro: una nueva edici\u00f3n del proyecto que acompa\u00f1a a j\u00f3venes en la definici\u00f3n de su futuro profesional y laboral\",\"breadcrumb\":{\"@id\":\"https:\/\/experienciadevida.com.ar\/portalurbano\/dos-dias-en-tu-futuro-una-nueva-edicion-del-proyecto-que-acompana-a-jovenes\/#breadcrumb\"},\"inLanguage\":\"es\",\"potentialAction\":[{\"@type\":\"ReadAction\",\"target\":[\"https:\/\/experienciadevida.com.ar\/portalurbano\/dos-dias-en-tu-futuro-una-nueva-edicion-del-proyecto-que-acompana-a-jovenes\/\"]}]},{\"@type\":\"BreadcrumbList\",\"@id\":\"https:\/\/experienciadevida.com.ar\/portalurbano\/dos-dias-en-tu-futuro-una-nueva-edicion-del-proyecto-que-acompana-a-jovenes\/#breadcrumb\",\"itemListElement\":[{\"@type\":\"ListItem\",\"position\":1,\"name\":\"Portada\",\"item\":\"https:\/\/experienciadevida.com.ar\/portalurbano\/\"},{\"@type\":\"ListItem\",\"position\":2,\"name\":\"Dos d\u00edas en tu futuro: una nueva edici\u00f3n del proyecto que acompa\u00f1a a j\u00f3venes\"}]},{\"@type\":\"WebSite\",\"@id\":\"https:\/\/experienciadevida.com.ar\/portalurbano\/#website\",\"url\":\"https:\/\/experienciadevida.com.ar\/portalurbano\/\",\"name\":\"\",\"description\":\"\",\"publisher\":{\"@id\":\"https:\/\/experienciadevida.com.ar\/portalurbano\/#organization\"},\"potentialAction\":[{\"@type\":\"SearchAction\",\"target\":{\"@type\":\"EntryPoint\",\"urlTemplate\":\"https:\/\/experienciadevida.com.ar\/portalurbano\/?s={search_term_string}\"},\"query-input\":\"required name=search_term_string\"}],\"inLanguage\":\"es\"},{\"@type\":\"Organization\",\"@id\":\"https:\/\/experienciadevida.com.ar\/portalurbano\/#organization\",\"name\":\"Portal Urbano\",\"url\":\"https:\/\/experienciadevida.com.ar\/portalurbano\/\",\"logo\":{\"@type\":\"ImageObject\",\"inLanguage\":\"es\",\"@id\":\"https:\/\/experienciadevida.com.ar\/portalurbano\/#\/schema\/logo\/image\/\",\"url\":\"https:\/\/experienciadevida.com.ar\/portalurbano\/wp-content\/uploads\/2019\/09\/Logo-Original.png\",\"contentUrl\":\"https:\/\/experienciadevida.com.ar\/portalurbano\/wp-content\/uploads\/2019\/09\/Logo-Original.png\",\"width\":2236,\"height\":1216,\"caption\":\"Portal Urbano\"},\"image\":{\"@id\":\"https:\/\/experienciadevida.com.ar\/portalurbano\/#\/schema\/logo\/image\/\"},\"sameAs\":[\"https:\/\/www.facebook.com\/Portal-Urbano-171542830093757\/\",\"https:\/\/twitter.com\/portalurbanook\",\"https:\/\/www.instagram.com\/_portalurbano\/\",\"https:\/\/www.youtube.com\/channel\/UCXhagIfszH8KxFiOok79zbA?view_as=subscriber\"]},{\"@type\":\"Person\",\"@id\":\"https:\/\/experienciadevida.com.ar\/portalurbano\/#\/schema\/person\/02dd326b1c4b056e9cc972486934a3a7\",\"name\":\"admpu17wp\",\"image\":{\"@type\":\"ImageObject\",\"inLanguage\":\"es\",\"@id\":\"https:\/\/experienciadevida.com.ar\/portalurbano\/#\/schema\/person\/image\/\",\"url\":\"https:\/\/secure.gravatar.com\/avatar\/830d4c57adaae6630765e449a6908047?s=96&d=mm&r=g\",\"contentUrl\":\"https:\/\/secure.gravatar.com\/avatar\/830d4c57adaae6630765e449a6908047?s=96&d=mm&r=g\",\"caption\":\"admpu17wp\"}}]}<\/script>\n<!-- \/ Yoast SEO plugin. -->","yoast_head_json":{"title":"Dos d\u00edas en tu futuro: una nueva edici\u00f3n del proyecto","description":"Dos d\u00edas en tu futuro: una nueva edici\u00f3n del proyecto que acompa\u00f1a a j\u00f3venes en la definici\u00f3n de su futuro profesional y laboral","robots":{"index":"index","follow":"follow","max-snippet":"max-snippet:-1","max-image-preview":"max-image-preview:large","max-video-preview":"max-video-preview:-1"},"canonical":"https:\/\/experienciadevida.com.ar\/portalurbano\/dos-dias-en-tu-futuro-una-nueva-edicion-del-proyecto-que-acompana-a-jovenes\/","og_locale":"es_ES","og_type":"article","og_title":"Dos d\u00edas en tu futuro: una nueva edici\u00f3n del proyecto","og_description":"Dos d\u00edas en tu futuro: una nueva edici\u00f3n del proyecto que acompa\u00f1a a j\u00f3venes en la definici\u00f3n de su futuro profesional y laboral","og_url":"https:\/\/experienciadevida.com.ar\/portalurbano\/dos-dias-en-tu-futuro-una-nueva-edicion-del-proyecto-que-acompana-a-jovenes\/","article_publisher":"https:\/\/www.facebook.com\/Portal-Urbano-171542830093757\/","article_published_time":"2022-10-03T15:12:48+00:00","article_modified_time":"2022-10-03T15:14:19+00:00","og_image":[{"width":765,"height":510,"url":"https:\/\/experienciadevida.com.ar\/portalurbano\/wp-content\/uploads\/2022\/10\/Dos-dias-en-tu-scaled-e1664809919406.jpg","type":"image\/jpeg"}],"author":"admpu17wp","twitter_card":"summary_large_image","twitter_creator":"@portalurbanook","twitter_site":"@portalurbanook","twitter_misc":{"Escrito por":"admpu17wp","Tiempo de lectura":"2 minutos"},"schema":{"@context":"https:\/\/schema.org","@graph":[{"@type":"Article","@id":"https:\/\/experienciadevida.com.ar\/portalurbano\/dos-dias-en-tu-futuro-una-nueva-edicion-del-proyecto-que-acompana-a-jovenes\/#article","isPartOf":{"@id":"https:\/\/experienciadevida.com.ar\/portalurbano\/dos-dias-en-tu-futuro-una-nueva-edicion-del-proyecto-que-acompana-a-jovenes\/"},"author":{"name":"admpu17wp","@id":"https:\/\/experienciadevida.com.ar\/portalurbano\/#\/schema\/person\/02dd326b1c4b056e9cc972486934a3a7"},"headline":"Dos d\u00edas en tu futuro: una nueva edici\u00f3n del proyecto que acompa\u00f1a a j\u00f3venes","datePublished":"2022-10-03T15:12:48+00:00","dateModified":"2022-10-03T15:14:19+00:00","mainEntityOfPage":{"@id":"https:\/\/experienciadevida.com.ar\/portalurbano\/dos-dias-en-tu-futuro-una-nueva-edicion-del-proyecto-que-acompana-a-jovenes\/"},"wordCount":378,"publisher":{"@id":"https:\/\/experienciadevida.com.ar\/portalurbano\/#organization"},"articleSection":["Ciudad","Destacadas"],"inLanguage":"es"},{"@type":"WebPage","@id":"https:\/\/experienciadevida.com.ar\/portalurbano\/dos-dias-en-tu-futuro-una-nueva-edicion-del-proyecto-que-acompana-a-jovenes\/","url":"https:\/\/experienciadevida.com.ar\/portalurbano\/dos-dias-en-tu-futuro-una-nueva-edicion-del-proyecto-que-acompana-a-jovenes\/","name":"Dos d\u00edas en tu futuro: una nueva edici\u00f3n del proyecto","isPartOf":{"@id":"https:\/\/experienciadevida.com.ar\/portalurbano\/#website"},"datePublished":"2022-10-03T15:12:48+00:00","dateModified":"2022-10-03T15:14:19+00:00","description":"Dos d\u00edas en tu futuro: una nueva edici\u00f3n del proyecto que acompa\u00f1a a j\u00f3venes en la definici\u00f3n de su futuro profesional y laboral","breadcrumb":{"@id":"https:\/\/experienciadevida.com.ar\/portalurbano\/dos-dias-en-tu-futuro-una-nueva-edicion-del-proyecto-que-acompana-a-jovenes\/#breadcrumb"},"inLanguage":"es","potentialAction":[{"@type":"ReadAction","target":["https:\/\/experienciadevida.com.ar\/portalurbano\/dos-dias-en-tu-futuro-una-nueva-edicion-del-proyecto-que-acompana-a-jovenes\/"]}]},{"@type":"BreadcrumbList","@id":"https:\/\/experienciadevida.com.ar\/portalurbano\/dos-dias-en-tu-futuro-una-nueva-edicion-del-proyecto-que-acompana-a-jovenes\/#breadcrumb","itemListElement":[{"@type":"ListItem","position":1,"name":"Portada","item":"https:\/\/experienciadevida.com.ar\/portalurbano\/"},{"@type":"ListItem","position":2,"name":"Dos d\u00edas en tu futuro: una nueva edici\u00f3n del proyecto que acompa\u00f1a a j\u00f3venes"}]},{"@type":"WebSite","@id":"https:\/\/experienciadevida.com.ar\/portalurbano\/#website","url":"https:\/\/experienciadevida.com.ar\/portalurbano\/","name":"","description":"","publisher":{"@id":"https:\/\/experienciadevida.com.ar\/portalurbano\/#organization"},"potentialAction":[{"@type":"SearchAction","target":{"@type":"EntryPoint","urlTemplate":"https:\/\/experienciadevida.com.ar\/portalurbano\/?s={search_term_string}"},"query-input":"required name=search_term_string"}],"inLanguage":"es"},{"@type":"Organization","@id":"https:\/\/experienciadevida.com.ar\/portalurbano\/#organization","name":"Portal Urbano","url":"https:\/\/experienciadevida.com.ar\/portalurbano\/","logo":{"@type":"ImageObject","inLanguage":"es","@id":"https:\/\/experienciadevida.com.ar\/portalurbano\/#\/schema\/logo\/image\/","url":"https:\/\/experienciadevida.com.ar\/portalurbano\/wp-content\/uploads\/2019\/09\/Logo-Original.png","contentUrl":"https:\/\/experienciadevida.com.ar\/portalurbano\/wp-content\/uploads\/2019\/09\/Logo-Original.png","width":2236,"height":1216,"caption":"Portal Urbano"},"image":{"@id":"https:\/\/experienciadevida.com.ar\/portalurbano\/#\/schema\/logo\/image\/"},"sameAs":["https:\/\/www.facebook.com\/Portal-Urbano-171542830093757\/","https:\/\/twitter.com\/portalurbanook","https:\/\/www.instagram.com\/_portalurbano\/","https:\/\/www.youtube.com\/channel\/UCXhagIfszH8KxFiOok79zbA?view_as=subscriber"]},{"@type":"Person","@id":"https:\/\/experienciadevida.com.ar\/portalurbano\/#\/schema\/person\/02dd326b1c4b056e9cc972486934a3a7","name":"admpu17wp","image":{"@type":"ImageObject","inLanguage":"es","@id":"https:\/\/experienciadevida.com.ar\/portalurbano\/#\/schema\/person\/image\/","url":"https:\/\/secure.gravatar.com\/avatar\/830d4c57adaae6630765e449a6908047?s=96&d=mm&r=g","contentUrl":"https:\/\/secure.gravatar.com\/avatar\/830d4c57adaae6630765e449a6908047?s=96&d=mm&r=g","caption":"admpu17wp"}}]}},"featured_image_urls":{"full":["https:\/\/experienciadevida.com.ar\/portalurbano\/wp-content\/uploads\/2022\/10\/Dos-dias-en-tu-scaled-e1664809919406.jpg",765,510,false],"thumbnail":["https:\/\/experienciadevida.com.ar\/portalurbano\/wp-content\/uploads\/2022\/10\/Dos-dias-en-tu-scaled-e1664809919406-150x150.jpg",150,150,true],"medium":["https:\/\/experienciadevida.com.ar\/portalurbano\/wp-content\/uploads\/2022\/10\/Dos-dias-en-tu-scaled-e1664809919406-300x200.jpg",300,200,true],"medium_large":["https:\/\/experienciadevida.com.ar\/portalurbano\/wp-content\/uploads\/2022\/10\/Dos-dias-en-tu-768x512.jpg",640,427,true],"large":["https:\/\/experienciadevida.com.ar\/portalurbano\/wp-content\/uploads\/2022\/10\/Dos-dias-en-tu-1024x683.jpg",640,427,true],"ug_big":["https:\/\/experienciadevida.com.ar\/portalurbano\/wp-content\/uploads\/2022\/10\/Dos-dias-en-tu-768x512.jpg",768,512,true],"1536x1536":["https:\/\/experienciadevida.com.ar\/portalurbano\/wp-content\/uploads\/2022\/10\/Dos-dias-en-tu-1536x1024.jpg",1536,1024,true],"2048x2048":["https:\/\/experienciadevida.com.ar\/portalurbano\/wp-content\/uploads\/2022\/10\/Dos-dias-en-tu-2048x1365.jpg",2048,1365,true],"newsever-slider-full":["https:\/\/experienciadevida.com.ar\/portalurbano\/wp-content\/uploads\/2022\/10\/Dos-dias-en-tu-scaled-e1664809919406.jpg",765,510,false],"newsever-featured":["https:\/\/experienciadevida.com.ar\/portalurbano\/wp-content\/uploads\/2022\/10\/Dos-dias-en-tu-scaled-e1664809919406.jpg",765,510,false],"newsever-medium":["https:\/\/experienciadevida.com.ar\/portalurbano\/wp-content\/uploads\/2022\/10\/Dos-dias-en-tu-scaled-e1664809919406.jpg",713,475,false],"web-stories-poster-portrait":["https:\/\/experienciadevida.com.ar\/portalurbano\/wp-content\/uploads\/2022\/10\/Dos-dias-en-tu-scaled-e1664809919406-640x510.jpg",640,510,true],"web-stories-publisher-logo":["https:\/\/experienciadevida.com.ar\/portalurbano\/wp-content\/uploads\/2022\/10\/Dos-dias-en-tu-scaled-e1664809919406-96x96.jpg",96,96,true],"web-stories-thumbnail":["https:\/\/experienciadevida.com.ar\/portalurbano\/wp-content\/uploads\/2022\/10\/Dos-dias-en-tu-scaled-e1664809919406-150x100.jpg",150,100,true]},"author_info":{"display_name":"admpu17wp","author_link":"https:\/\/experienciadevida.com.ar\/portalurbano\/author\/admpu17wp\/"},"category_info":"<a href=\"https:\/\/experienciadevida.com.ar\/portalurbano\/category\/ciudad\/\" rel=\"category tag\">Ciudad<\/a> <a href=\"https:\/\/experienciadevida.com.ar\/portalurbano\/category\/destacadas\/\" rel=\"category tag\">Destacadas<\/a>","tag_info":"Destacadas","comment_count":"0","amp_enabled":true,"_links":{"self":[{"href":"https:\/\/experienciadevida.com.ar\/portalurbano\/wp-json\/wp\/v2\/posts\/177608"}],"collection":[{"href":"https:\/\/experienciadevida.com.ar\/portalurbano\/wp-json\/wp\/v2\/posts"}],"about":[{"href":"https:\/\/experienciadevida.com.ar\/portalurbano\/wp-json\/wp\/v2\/types\/post"}],"author":[{"embeddable":true,"href":"https:\/\/experienciadevida.com.ar\/portalurbano\/wp-json\/wp\/v2\/users\/1"}],"replies":[{"embeddable":true,"href":"https:\/\/experienciadevida.com.ar\/portalurbano\/wp-json\/wp\/v2\/comments?post=177608"}],"version-history":[{"count":3,"href":"https:\/\/experienciadevida.com.ar\/portalurbano\/wp-json\/wp\/v2\/posts\/177608\/revisions"}],"predecessor-version":[{"id":177611,"href":"https:\/\/experienciadevida.com.ar\/portalurbano\/wp-json\/wp\/v2\/posts\/177608\/revisions\/177611"}],"wp:featuredmedia":[{"embeddable":true,"href":"https:\/\/experienciadevida.com.ar\/portalurbano\/wp-json\/wp\/v2\/media\/177609"}],"wp:attachment":[{"href":"https:\/\/experienciadevida.com.ar\/portalurbano\/wp-json\/wp\/v2\/media?parent=177608"}],"wp:term":[{"taxonomy":"category","embeddable":true,"href":"https:\/\/experienciadevida.com.ar\/portalurbano\/wp-json\/wp\/v2\/categories?post=177608"},{"taxonomy":"post_tag","embeddable":true,"href":"https:\/\/experienciadevida.com.ar\/portalurbano\/wp-json\/wp\/v2\/tags?post=177608"}],"curies":[{"name":"wp","href":"https:\/\/api.w.org\/{rel}","templated":true}]}}