{"id":177580,"date":"2022-10-03T10:22:09","date_gmt":"2022-10-03T13:22:09","guid":{"rendered":"https:\/\/experienciadevida.com.ar\/portalurbano\/?p=177580"},"modified":"2022-10-03T10:22:40","modified_gmt":"2022-10-03T13:22:40","slug":"la-aventura-de-emprender-talleres-a-estudiantes-del-ultimo-ano-de-secundaria","status":"publish","type":"post","link":"https:\/\/experienciadevida.com.ar\/portalurbano\/la-aventura-de-emprender-talleres-a-estudiantes-del-ultimo-ano-de-secundaria\/","title":{"rendered":"\u201cLa aventura de emprender\u201d: talleres a estudiantes del \u00faltimo a\u00f1o de secundaria"},"content":{"rendered":"<p>\u201cLa aventura de <a href=\"https:\/\/www.facebook.com\/municipiodeolavarria\">emprender<\/a>\u201d: talleres a estudiantes del \u00faltimo a\u00f1o de secundaria, en el marco del taller \u201cLa aventura de emprender\u201d, se llev\u00f3 a cabo una jornada en la EES N\u00ba 4 de la localidad de Hinojo, que cont\u00f3 con la participaci\u00f3n de m\u00e1s de 40 j\u00f3venes.<\/p>\n<p>Dicho taller est\u00e1 a cargo de la Direcci\u00f3n de Econom\u00eda Social de la Secretar\u00eda de Desarrollo Econ\u00f3mico. Dictado por Leonardo Maiola, director del \u00e1rea, el taller se destina a estudiantes que se encuentren cursando el \u00faltimo a\u00f1o de la escuela secundaria. Tiene como objetivo principal cultivar e impulsar el esp\u00edritu emprendedor de los j\u00f3venes olavarrienses, a trav\u00e9s del cual puedan visualizar el empleo independiente como una alternativa importante del mercado de trabajo local, regional y nacional.<\/p>\n<p>Su contenido est\u00e1 centrado en los aspectos subjetivos y en brindar las herramientas necesarias para iniciar y sostener la iniciativa de emprendimiento.<\/p>\n<p>Las instituciones interesadas en implementar el taller pueden comunicarse a la Direcci\u00f3n de Econom\u00eda Social de la Secretar\u00eda de Desarrollo Econ\u00f3mico, Moreno 2765, Tel. 422135 \/ 422195 o al correo electr\u00f3nico: econom\u00eda.social@olavarria.gov.ar.<\/p>\n<p><a href=\"https:\/\/experienciadevida.com.ar\/portalurbano\/la-aventura-de-emprender-talleres-a-estudiantes-del-ultimo-ano-de-secundaria\/la-aventura\/\" rel=\"attachment wp-att-177582\"><img decoding=\"async\" class=\"alignnone size-large wp-image-177582\" src=\"https:\/\/experienciadevida.com.ar\/portalurbano\/wp-content\/uploads\/2022\/10\/La-aventura-1024x682.jpg\" alt=\"La aventura \" width=\"900\" height=\"599\" srcset=\"https:\/\/experienciadevida.com.ar\/portalurbano\/wp-content\/uploads\/2022\/10\/La-aventura-1024x682.jpg 1024w, https:\/\/experienciadevida.com.ar\/portalurbano\/wp-content\/uploads\/2022\/10\/La-aventura-300x200.jpg 300w, https:\/\/experienciadevida.com.ar\/portalurbano\/wp-content\/uploads\/2022\/10\/La-aventura-768x512.jpg 768w, https:\/\/experienciadevida.com.ar\/portalurbano\/wp-content\/uploads\/2022\/10\/La-aventura-1536x1024.jpg 1536w, https:\/\/experienciadevida.com.ar\/portalurbano\/wp-content\/uploads\/2022\/10\/La-aventura-150x100.jpg 150w, https:\/\/experienciadevida.com.ar\/portalurbano\/wp-content\/uploads\/2022\/10\/La-aventura.jpg 1772w\" sizes=\"(max-width: 900px) 100vw, 900px\" \/><\/a><\/p>\n","protected":false},"excerpt":{"rendered":"<p>\u201cLa aventura de emprender\u201d: talleres a estudiantes del \u00faltimo a\u00f1o de secundaria, en el marco&#8230;<\/p>\n","protected":false},"author":1,"featured_media":177581,"comment_status":"closed","ping_status":"closed","sticky":false,"template":"","format":"standard","meta":{"content-type":""},"categories":[27],"tags":[],"nelio_content":{"isAutoShareEnabled":false,"autoShareEndMode":"default","automationSources":{"useContentSentences":true,"useSocialTemplates":true,"useCustomSentences":false,"customSentences":[]},"followers":[1],"suggestedReferences":[],"includedReferences":[],"efiUrl":"","efiAlt":"","highlights":[]},"yoast_head":"<!-- This site is optimized with the Yoast SEO plugin v20.7 - https:\/\/yoast.com\/wordpress\/plugins\/seo\/ -->\n<title>&quot;La aventura de emprender&quot;: talleres a estudiantes del \u00faltimo a\u00f1o<\/title>\n<meta name=\"description\" content=\"\u201cLa aventura de emprender\u201d: talleres a estudiantes del \u00faltimo a\u00f1o de secundaria, en el marco del taller \u201cLa aventura de emprender\u201d,\" \/>\n<meta name=\"robots\" content=\"index, follow, max-snippet:-1, max-image-preview:large, max-video-preview:-1\" \/>\n<link rel=\"canonical\" href=\"https:\/\/experienciadevida.com.ar\/portalurbano\/la-aventura-de-emprender-talleres-a-estudiantes-del-ultimo-ano-de-secundaria\/\" \/>\n<meta property=\"og:locale\" content=\"es_ES\" \/>\n<meta property=\"og:type\" content=\"article\" \/>\n<meta property=\"og:title\" content=\"&quot;La aventura de emprender&quot;: talleres a estudiantes del \u00faltimo a\u00f1o\" \/>\n<meta property=\"og:description\" content=\"\u201cLa aventura de emprender\u201d: talleres a estudiantes del \u00faltimo a\u00f1o de secundaria, en el marco del taller \u201cLa aventura de emprender\u201d,\" \/>\n<meta property=\"og:url\" content=\"https:\/\/experienciadevida.com.ar\/portalurbano\/la-aventura-de-emprender-talleres-a-estudiantes-del-ultimo-ano-de-secundaria\/\" \/>\n<meta property=\"article:publisher\" content=\"https:\/\/www.facebook.com\/Portal-Urbano-171542830093757\/\" \/>\n<meta property=\"article:published_time\" content=\"2022-10-03T13:22:09+00:00\" \/>\n<meta property=\"article:modified_time\" content=\"2022-10-03T13:22:40+00:00\" \/>\n<meta property=\"og:image\" content=\"https:\/\/experienciadevida.com.ar\/portalurbano\/wp-content\/uploads\/2022\/10\/La-aventura-de-emprender.jpg\" \/>\n\t<meta property=\"og:image:width\" content=\"1772\" \/>\n\t<meta property=\"og:image:height\" content=\"1181\" \/>\n\t<meta property=\"og:image:type\" content=\"image\/jpeg\" \/>\n<meta name=\"author\" content=\"admpu17wp\" \/>\n<meta name=\"twitter:card\" content=\"summary_large_image\" \/>\n<meta name=\"twitter:creator\" content=\"@portalurbanook\" \/>\n<meta name=\"twitter:site\" content=\"@portalurbanook\" \/>\n<meta name=\"twitter:label1\" content=\"Escrito por\" \/>\n\t<meta name=\"twitter:data1\" content=\"admpu17wp\" \/>\n\t<meta name=\"twitter:label2\" content=\"Tiempo de lectura\" \/>\n\t<meta name=\"twitter:data2\" content=\"2 minutos\" \/>\n<script type=\"application\/ld+json\" class=\"yoast-schema-graph\">{\"@context\":\"https:\/\/schema.org\",\"@graph\":[{\"@type\":\"Article\",\"@id\":\"https:\/\/experienciadevida.com.ar\/portalurbano\/la-aventura-de-emprender-talleres-a-estudiantes-del-ultimo-ano-de-secundaria\/#article\",\"isPartOf\":{\"@id\":\"https:\/\/experienciadevida.com.ar\/portalurbano\/la-aventura-de-emprender-talleres-a-estudiantes-del-ultimo-ano-de-secundaria\/\"},\"author\":{\"name\":\"admpu17wp\",\"@id\":\"https:\/\/experienciadevida.com.ar\/portalurbano\/#\/schema\/person\/02dd326b1c4b056e9cc972486934a3a7\"},\"headline\":\"\u201cLa aventura de emprender\u201d: talleres a estudiantes del \u00faltimo a\u00f1o de secundaria\",\"datePublished\":\"2022-10-03T13:22:09+00:00\",\"dateModified\":\"2022-10-03T13:22:40+00:00\",\"mainEntityOfPage\":{\"@id\":\"https:\/\/experienciadevida.com.ar\/portalurbano\/la-aventura-de-emprender-talleres-a-estudiantes-del-ultimo-ano-de-secundaria\/\"},\"wordCount\":206,\"publisher\":{\"@id\":\"https:\/\/experienciadevida.com.ar\/portalurbano\/#organization\"},\"articleSection\":[\"Ciudad\"],\"inLanguage\":\"es\"},{\"@type\":\"WebPage\",\"@id\":\"https:\/\/experienciadevida.com.ar\/portalurbano\/la-aventura-de-emprender-talleres-a-estudiantes-del-ultimo-ano-de-secundaria\/\",\"url\":\"https:\/\/experienciadevida.com.ar\/portalurbano\/la-aventura-de-emprender-talleres-a-estudiantes-del-ultimo-ano-de-secundaria\/\",\"name\":\"\\\"La aventura de emprender\\\": talleres a estudiantes del \u00faltimo a\u00f1o\",\"isPartOf\":{\"@id\":\"https:\/\/experienciadevida.com.ar\/portalurbano\/#website\"},\"datePublished\":\"2022-10-03T13:22:09+00:00\",\"dateModified\":\"2022-10-03T13:22:40+00:00\",\"description\":\"\u201cLa aventura de emprender\u201d: talleres a estudiantes del \u00faltimo a\u00f1o de secundaria, en el marco del taller \u201cLa aventura de emprender\u201d,\",\"breadcrumb\":{\"@id\":\"https:\/\/experienciadevida.com.ar\/portalurbano\/la-aventura-de-emprender-talleres-a-estudiantes-del-ultimo-ano-de-secundaria\/#breadcrumb\"},\"inLanguage\":\"es\",\"potentialAction\":[{\"@type\":\"ReadAction\",\"target\":[\"https:\/\/experienciadevida.com.ar\/portalurbano\/la-aventura-de-emprender-talleres-a-estudiantes-del-ultimo-ano-de-secundaria\/\"]}]},{\"@type\":\"BreadcrumbList\",\"@id\":\"https:\/\/experienciadevida.com.ar\/portalurbano\/la-aventura-de-emprender-talleres-a-estudiantes-del-ultimo-ano-de-secundaria\/#breadcrumb\",\"itemListElement\":[{\"@type\":\"ListItem\",\"position\":1,\"name\":\"Portada\",\"item\":\"https:\/\/experienciadevida.com.ar\/portalurbano\/\"},{\"@type\":\"ListItem\",\"position\":2,\"name\":\"\u201cLa aventura de emprender\u201d: talleres a estudiantes del \u00faltimo a\u00f1o de secundaria\"}]},{\"@type\":\"WebSite\",\"@id\":\"https:\/\/experienciadevida.com.ar\/portalurbano\/#website\",\"url\":\"https:\/\/experienciadevida.com.ar\/portalurbano\/\",\"name\":\"\",\"description\":\"\",\"publisher\":{\"@id\":\"https:\/\/experienciadevida.com.ar\/portalurbano\/#organization\"},\"potentialAction\":[{\"@type\":\"SearchAction\",\"target\":{\"@type\":\"EntryPoint\",\"urlTemplate\":\"https:\/\/experienciadevida.com.ar\/portalurbano\/?s={search_term_string}\"},\"query-input\":\"required name=search_term_string\"}],\"inLanguage\":\"es\"},{\"@type\":\"Organization\",\"@id\":\"https:\/\/experienciadevida.com.ar\/portalurbano\/#organization\",\"name\":\"Portal Urbano\",\"url\":\"https:\/\/experienciadevida.com.ar\/portalurbano\/\",\"logo\":{\"@type\":\"ImageObject\",\"inLanguage\":\"es\",\"@id\":\"https:\/\/experienciadevida.com.ar\/portalurbano\/#\/schema\/logo\/image\/\",\"url\":\"https:\/\/experienciadevida.com.ar\/portalurbano\/wp-content\/uploads\/2019\/09\/Logo-Original.png\",\"contentUrl\":\"https:\/\/experienciadevida.com.ar\/portalurbano\/wp-content\/uploads\/2019\/09\/Logo-Original.png\",\"width\":2236,\"height\":1216,\"caption\":\"Portal Urbano\"},\"image\":{\"@id\":\"https:\/\/experienciadevida.com.ar\/portalurbano\/#\/schema\/logo\/image\/\"},\"sameAs\":[\"https:\/\/www.facebook.com\/Portal-Urbano-171542830093757\/\",\"https:\/\/twitter.com\/portalurbanook\",\"https:\/\/www.instagram.com\/_portalurbano\/\",\"https:\/\/www.youtube.com\/channel\/UCXhagIfszH8KxFiOok79zbA?view_as=subscriber\"]},{\"@type\":\"Person\",\"@id\":\"https:\/\/experienciadevida.com.ar\/portalurbano\/#\/schema\/person\/02dd326b1c4b056e9cc972486934a3a7\",\"name\":\"admpu17wp\",\"image\":{\"@type\":\"ImageObject\",\"inLanguage\":\"es\",\"@id\":\"https:\/\/experienciadevida.com.ar\/portalurbano\/#\/schema\/person\/image\/\",\"url\":\"https:\/\/secure.gravatar.com\/avatar\/830d4c57adaae6630765e449a6908047?s=96&d=mm&r=g\",\"contentUrl\":\"https:\/\/secure.gravatar.com\/avatar\/830d4c57adaae6630765e449a6908047?s=96&d=mm&r=g\",\"caption\":\"admpu17wp\"}}]}<\/script>\n<!-- \/ Yoast SEO plugin. -->","yoast_head_json":{"title":"\"La aventura de emprender\": talleres a estudiantes del \u00faltimo a\u00f1o","description":"\u201cLa aventura de emprender\u201d: talleres a estudiantes del \u00faltimo a\u00f1o de secundaria, en el marco del taller \u201cLa aventura de emprender\u201d,","robots":{"index":"index","follow":"follow","max-snippet":"max-snippet:-1","max-image-preview":"max-image-preview:large","max-video-preview":"max-video-preview:-1"},"canonical":"https:\/\/experienciadevida.com.ar\/portalurbano\/la-aventura-de-emprender-talleres-a-estudiantes-del-ultimo-ano-de-secundaria\/","og_locale":"es_ES","og_type":"article","og_title":"\"La aventura de emprender\": talleres a estudiantes del \u00faltimo a\u00f1o","og_description":"\u201cLa aventura de emprender\u201d: talleres a estudiantes del \u00faltimo a\u00f1o de secundaria, en el marco del taller \u201cLa aventura de emprender\u201d,","og_url":"https:\/\/experienciadevida.com.ar\/portalurbano\/la-aventura-de-emprender-talleres-a-estudiantes-del-ultimo-ano-de-secundaria\/","article_publisher":"https:\/\/www.facebook.com\/Portal-Urbano-171542830093757\/","article_published_time":"2022-10-03T13:22:09+00:00","article_modified_time":"2022-10-03T13:22:40+00:00","og_image":[{"width":1772,"height":1181,"url":"https:\/\/experienciadevida.com.ar\/portalurbano\/wp-content\/uploads\/2022\/10\/La-aventura-de-emprender.jpg","type":"image\/jpeg"}],"author":"admpu17wp","twitter_card":"summary_large_image","twitter_creator":"@portalurbanook","twitter_site":"@portalurbanook","twitter_misc":{"Escrito por":"admpu17wp","Tiempo de lectura":"2 minutos"},"schema":{"@context":"https:\/\/schema.org","@graph":[{"@type":"Article","@id":"https:\/\/experienciadevida.com.ar\/portalurbano\/la-aventura-de-emprender-talleres-a-estudiantes-del-ultimo-ano-de-secundaria\/#article","isPartOf":{"@id":"https:\/\/experienciadevida.com.ar\/portalurbano\/la-aventura-de-emprender-talleres-a-estudiantes-del-ultimo-ano-de-secundaria\/"},"author":{"name":"admpu17wp","@id":"https:\/\/experienciadevida.com.ar\/portalurbano\/#\/schema\/person\/02dd326b1c4b056e9cc972486934a3a7"},"headline":"\u201cLa aventura de emprender\u201d: talleres a estudiantes del \u00faltimo a\u00f1o de secundaria","datePublished":"2022-10-03T13:22:09+00:00","dateModified":"2022-10-03T13:22:40+00:00","mainEntityOfPage":{"@id":"https:\/\/experienciadevida.com.ar\/portalurbano\/la-aventura-de-emprender-talleres-a-estudiantes-del-ultimo-ano-de-secundaria\/"},"wordCount":206,"publisher":{"@id":"https:\/\/experienciadevida.com.ar\/portalurbano\/#organization"},"articleSection":["Ciudad"],"inLanguage":"es"},{"@type":"WebPage","@id":"https:\/\/experienciadevida.com.ar\/portalurbano\/la-aventura-de-emprender-talleres-a-estudiantes-del-ultimo-ano-de-secundaria\/","url":"https:\/\/experienciadevida.com.ar\/portalurbano\/la-aventura-de-emprender-talleres-a-estudiantes-del-ultimo-ano-de-secundaria\/","name":"\"La aventura de emprender\": talleres a estudiantes del \u00faltimo a\u00f1o","isPartOf":{"@id":"https:\/\/experienciadevida.com.ar\/portalurbano\/#website"},"datePublished":"2022-10-03T13:22:09+00:00","dateModified":"2022-10-03T13:22:40+00:00","description":"\u201cLa aventura de emprender\u201d: talleres a estudiantes del \u00faltimo a\u00f1o de secundaria, en el marco del taller \u201cLa aventura de emprender\u201d,","breadcrumb":{"@id":"https:\/\/experienciadevida.com.ar\/portalurbano\/la-aventura-de-emprender-talleres-a-estudiantes-del-ultimo-ano-de-secundaria\/#breadcrumb"},"inLanguage":"es","potentialAction":[{"@type":"ReadAction","target":["https:\/\/experienciadevida.com.ar\/portalurbano\/la-aventura-de-emprender-talleres-a-estudiantes-del-ultimo-ano-de-secundaria\/"]}]},{"@type":"BreadcrumbList","@id":"https:\/\/experienciadevida.com.ar\/portalurbano\/la-aventura-de-emprender-talleres-a-estudiantes-del-ultimo-ano-de-secundaria\/#breadcrumb","itemListElement":[{"@type":"ListItem","position":1,"name":"Portada","item":"https:\/\/experienciadevida.com.ar\/portalurbano\/"},{"@type":"ListItem","position":2,"name":"\u201cLa aventura de emprender\u201d: talleres a estudiantes del \u00faltimo a\u00f1o de secundaria"}]},{"@type":"WebSite","@id":"https:\/\/experienciadevida.com.ar\/portalurbano\/#website","url":"https:\/\/experienciadevida.com.ar\/portalurbano\/","name":"","description":"","publisher":{"@id":"https:\/\/experienciadevida.com.ar\/portalurbano\/#organization"},"potentialAction":[{"@type":"SearchAction","target":{"@type":"EntryPoint","urlTemplate":"https:\/\/experienciadevida.com.ar\/portalurbano\/?s={search_term_string}"},"query-input":"required name=search_term_string"}],"inLanguage":"es"},{"@type":"Organization","@id":"https:\/\/experienciadevida.com.ar\/portalurbano\/#organization","name":"Portal Urbano","url":"https:\/\/experienciadevida.com.ar\/portalurbano\/","logo":{"@type":"ImageObject","inLanguage":"es","@id":"https:\/\/experienciadevida.com.ar\/portalurbano\/#\/schema\/logo\/image\/","url":"https:\/\/experienciadevida.com.ar\/portalurbano\/wp-content\/uploads\/2019\/09\/Logo-Original.png","contentUrl":"https:\/\/experienciadevida.com.ar\/portalurbano\/wp-content\/uploads\/2019\/09\/Logo-Original.png","width":2236,"height":1216,"caption":"Portal Urbano"},"image":{"@id":"https:\/\/experienciadevida.com.ar\/portalurbano\/#\/schema\/logo\/image\/"},"sameAs":["https:\/\/www.facebook.com\/Portal-Urbano-171542830093757\/","https:\/\/twitter.com\/portalurbanook","https:\/\/www.instagram.com\/_portalurbano\/","https:\/\/www.youtube.com\/channel\/UCXhagIfszH8KxFiOok79zbA?view_as=subscriber"]},{"@type":"Person","@id":"https:\/\/experienciadevida.com.ar\/portalurbano\/#\/schema\/person\/02dd326b1c4b056e9cc972486934a3a7","name":"admpu17wp","image":{"@type":"ImageObject","inLanguage":"es","@id":"https:\/\/experienciadevida.com.ar\/portalurbano\/#\/schema\/person\/image\/","url":"https:\/\/secure.gravatar.com\/avatar\/830d4c57adaae6630765e449a6908047?s=96&d=mm&r=g","contentUrl":"https:\/\/secure.gravatar.com\/avatar\/830d4c57adaae6630765e449a6908047?s=96&d=mm&r=g","caption":"admpu17wp"}}]}},"featured_image_urls":{"full":["https:\/\/experienciadevida.com.ar\/portalurbano\/wp-content\/uploads\/2022\/10\/La-aventura-de-emprender.jpg",1772,1181,false],"thumbnail":["https:\/\/experienciadevida.com.ar\/portalurbano\/wp-content\/uploads\/2022\/10\/La-aventura-de-emprender-150x150.jpg",150,150,true],"medium":["https:\/\/experienciadevida.com.ar\/portalurbano\/wp-content\/uploads\/2022\/10\/La-aventura-de-emprender-300x200.jpg",300,200,true],"medium_large":["https:\/\/experienciadevida.com.ar\/portalurbano\/wp-content\/uploads\/2022\/10\/La-aventura-de-emprender-768x512.jpg",640,427,true],"large":["https:\/\/experienciadevida.com.ar\/portalurbano\/wp-content\/uploads\/2022\/10\/La-aventura-de-emprender-1024x682.jpg",640,426,true],"ug_big":["https:\/\/experienciadevida.com.ar\/portalurbano\/wp-content\/uploads\/2022\/10\/La-aventura-de-emprender-768x512.jpg",768,512,true],"1536x1536":["https:\/\/experienciadevida.com.ar\/portalurbano\/wp-content\/uploads\/2022\/10\/La-aventura-de-emprender-1536x1024.jpg",1536,1024,true],"2048x2048":["https:\/\/experienciadevida.com.ar\/portalurbano\/wp-content\/uploads\/2022\/10\/La-aventura-de-emprender.jpg",1772,1181,false],"newsever-slider-full":["https:\/\/experienciadevida.com.ar\/portalurbano\/wp-content\/uploads\/2022\/10\/La-aventura-de-emprender.jpg",1268,845,false],"newsever-featured":["https:\/\/experienciadevida.com.ar\/portalurbano\/wp-content\/uploads\/2022\/10\/La-aventura-de-emprender.jpg",1024,682,false],"newsever-medium":["https:\/\/experienciadevida.com.ar\/portalurbano\/wp-content\/uploads\/2022\/10\/La-aventura-de-emprender.jpg",713,475,false],"web-stories-poster-portrait":["https:\/\/experienciadevida.com.ar\/portalurbano\/wp-content\/uploads\/2022\/10\/La-aventura-de-emprender-640x853.jpg",640,853,true],"web-stories-publisher-logo":["https:\/\/experienciadevida.com.ar\/portalurbano\/wp-content\/uploads\/2022\/10\/La-aventura-de-emprender-96x96.jpg",96,96,true],"web-stories-thumbnail":["https:\/\/experienciadevida.com.ar\/portalurbano\/wp-content\/uploads\/2022\/10\/La-aventura-de-emprender-150x100.jpg",150,100,true]},"author_info":{"display_name":"admpu17wp","author_link":"https:\/\/experienciadevida.com.ar\/portalurbano\/author\/admpu17wp\/"},"category_info":"<a href=\"https:\/\/experienciadevida.com.ar\/portalurbano\/category\/ciudad\/\" rel=\"category tag\">Ciudad<\/a>","tag_info":"Ciudad","comment_count":"0","amp_enabled":true,"_links":{"self":[{"href":"https:\/\/experienciadevida.com.ar\/portalurbano\/wp-json\/wp\/v2\/posts\/177580"}],"collection":[{"href":"https:\/\/experienciadevida.com.ar\/portalurbano\/wp-json\/wp\/v2\/posts"}],"about":[{"href":"https:\/\/experienciadevida.com.ar\/portalurbano\/wp-json\/wp\/v2\/types\/post"}],"author":[{"embeddable":true,"href":"https:\/\/experienciadevida.com.ar\/portalurbano\/wp-json\/wp\/v2\/users\/1"}],"replies":[{"embeddable":true,"href":"https:\/\/experienciadevida.com.ar\/portalurbano\/wp-json\/wp\/v2\/comments?post=177580"}],"version-history":[{"count":2,"href":"https:\/\/experienciadevida.com.ar\/portalurbano\/wp-json\/wp\/v2\/posts\/177580\/revisions"}],"predecessor-version":[{"id":177584,"href":"https:\/\/experienciadevida.com.ar\/portalurbano\/wp-json\/wp\/v2\/posts\/177580\/revisions\/177584"}],"wp:featuredmedia":[{"embeddable":true,"href":"https:\/\/experienciadevida.com.ar\/portalurbano\/wp-json\/wp\/v2\/media\/177581"}],"wp:attachment":[{"href":"https:\/\/experienciadevida.com.ar\/portalurbano\/wp-json\/wp\/v2\/media?parent=177580"}],"wp:term":[{"taxonomy":"category","embeddable":true,"href":"https:\/\/experienciadevida.com.ar\/portalurbano\/wp-json\/wp\/v2\/categories?post=177580"},{"taxonomy":"post_tag","embeddable":true,"href":"https:\/\/experienciadevida.com.ar\/portalurbano\/wp-json\/wp\/v2\/tags?post=177580"}],"curies":[{"name":"wp","href":"https:\/\/api.w.org\/{rel}","templated":true}]}}