{"id":177565,"date":"2022-10-03T09:53:56","date_gmt":"2022-10-03T12:53:56","guid":{"rendered":"https:\/\/experienciadevida.com.ar\/portalurbano\/?p=177565"},"modified":"2022-10-03T10:06:58","modified_gmt":"2022-10-03T13:06:58","slug":"colonia-san-miguel-celebro-sus-141-anos","status":"publish","type":"post","link":"https:\/\/experienciadevida.com.ar\/portalurbano\/colonia-san-miguel-celebro-sus-141-anos\/","title":{"rendered":"Colonia San Miguel celebr\u00f3 sus 141 a\u00f1os"},"content":{"rendered":"<p>Colonia San Miguel celebr\u00f3 sus 141\u00a0 a\u00f1os, fue fundada el d\u00eda 3 de octubre de 1881, con la llegada de las primeras familias inmigrantes de alemanes del Volga, que se asentaron en distintos puntos del Partido de Olavarr\u00eda.<\/p>\n<p><a href=\"https:\/\/experienciadevida.com.ar\/portalurbano\/colonia-san-miguel-celebro-sus-141-anos\/colonia\/\" rel=\"attachment wp-att-177570\"><img decoding=\"async\" class=\"alignnone size-large wp-image-177570\" src=\"https:\/\/experienciadevida.com.ar\/portalurbano\/wp-content\/uploads\/2022\/10\/Colonia-1024x682.jpg\" alt=\"Colonia \" width=\"900\" height=\"599\" srcset=\"https:\/\/experienciadevida.com.ar\/portalurbano\/wp-content\/uploads\/2022\/10\/Colonia-1024x682.jpg 1024w, https:\/\/experienciadevida.com.ar\/portalurbano\/wp-content\/uploads\/2022\/10\/Colonia-300x200.jpg 300w, https:\/\/experienciadevida.com.ar\/portalurbano\/wp-content\/uploads\/2022\/10\/Colonia-768x512.jpg 768w, https:\/\/experienciadevida.com.ar\/portalurbano\/wp-content\/uploads\/2022\/10\/Colonia-1536x1024.jpg 1536w, https:\/\/experienciadevida.com.ar\/portalurbano\/wp-content\/uploads\/2022\/10\/Colonia-150x100.jpg 150w, https:\/\/experienciadevida.com.ar\/portalurbano\/wp-content\/uploads\/2022\/10\/Colonia.jpg 1772w\" sizes=\"(max-width: 900px) 100vw, 900px\" \/><\/a><\/p>\n<p>El nombre originario de Colonia San Miguel fue \u201cDeheler\u201d. La historia de los alemanes del Volga comienza en Rusia, bajo el reinado de Catalina II (conocida como Catalina La Grande), quien \u2013en 1763- promovi\u00f3 el asentamiento de colonos provenientes de Alemania en la regi\u00f3n del r\u00edo Volga.<\/p>\n<p>Al morir Catalina, los colonos alemanes fueron obligados a prestar servicio militar.<\/p>\n<p>Muchos de ellos emigraron a Sudam\u00e9rica, llegando a la Argentina en 1877 y esparci\u00e9ndose \u2013entre otras- por la provincia de Buenos Aires.<\/p>\n<p>Algunas de estas familias de colonos fundaron la Colonia San Miguel, situada a 10 km. de Sierras Bayas y a 25 km. de la ciudad de Olavarr\u00eda.<\/p>\n<p>Este domingo con una muy buena convocatoria por parte de la comunidad local y de la regi\u00f3n, se desarrollaron los festejos conmemorativos por el 141\u00ba aniversario, sobre Av. San Miguel Arc\u00e1ngel entre San Mart\u00edn y Los Fundadores. En este marco tambi\u00e9n se celebr\u00f3 la tradicional Fiesta de la Kerb.<\/p>\n<p>El programa de la jornada festiva se inici\u00f3 con la apertura de los puestos de comidas t\u00edpicas y artesanos.<\/p>\n<p>Por la tarde se realiz\u00f3 el acto protocolar, que cont\u00f3 con la presencia de autoridades de distintas instituciones representativas. Por parte del <a href=\"https:\/\/www.facebook.com\/municipiodeolavarria\">Municipio<\/a>, se hicieron presentes el delegado Guillermo Rikal, el director de Delegaciones C\u00e9sar Bournot, la directora de Relaciones con la Comunidad Laura Sequeira y el concejal Carlos Coscia.<\/p>\n<p>Participaron delegaciones de la Escuela N\u00ba 5 \u201cIndependencia Argentina\u201d, Jard\u00edn de Infantes N\u00ba 920, Anexo de Secundaria N\u00ba 2, Jubilados, Iglesia, Museo Municipal \u201cMiguel Stoessel M\u00fcller\u201d, Sociedad de Fomento \u201cLos Amigos\u201d y Club Independiente.<\/p>\n<p>Seguidamente se iniciaron las distintas presentaciones art\u00edsticas previstas para la jornada festiva. Zumba, taekwondo, danzas \u00e1rabes, danzas alemanas y folclore. Posteriormente se realiz\u00f3 el corte tradicional de la torta rusa gigante.<\/p>\n<p>La actuaci\u00f3n de N\u00e9stor Beltramella en acorde\u00f3n, fue la antesala del gran cierre a puro baile, a cargo de \u201cDiamante Rojo\u201d.<\/p>\n<p><a href=\"https:\/\/experienciadevida.com.ar\/portalurbano\/colonia-san-miguel-celebro-sus-141-anos\/san-2\/\" rel=\"attachment wp-att-177572\"><img decoding=\"async\" class=\"alignnone size-large wp-image-177572\" src=\"https:\/\/experienciadevida.com.ar\/portalurbano\/wp-content\/uploads\/2022\/10\/San-1024x682.jpg\" alt=\"San \" width=\"900\" height=\"599\" srcset=\"https:\/\/experienciadevida.com.ar\/portalurbano\/wp-content\/uploads\/2022\/10\/San-1024x682.jpg 1024w, https:\/\/experienciadevida.com.ar\/portalurbano\/wp-content\/uploads\/2022\/10\/San-300x200.jpg 300w, https:\/\/experienciadevida.com.ar\/portalurbano\/wp-content\/uploads\/2022\/10\/San-768x512.jpg 768w, https:\/\/experienciadevida.com.ar\/portalurbano\/wp-content\/uploads\/2022\/10\/San-1536x1024.jpg 1536w, https:\/\/experienciadevida.com.ar\/portalurbano\/wp-content\/uploads\/2022\/10\/San-150x100.jpg 150w, https:\/\/experienciadevida.com.ar\/portalurbano\/wp-content\/uploads\/2022\/10\/San.jpg 1772w\" sizes=\"(max-width: 900px) 100vw, 900px\" \/><\/a><\/p>\n","protected":false},"excerpt":{"rendered":"<p>Colonia San Miguel celebr\u00f3 sus 141\u00a0 a\u00f1os, fue fundada el d\u00eda 3 de octubre de&#8230;<\/p>\n","protected":false},"author":1,"featured_media":177566,"comment_status":"closed","ping_status":"closed","sticky":false,"template":"","format":"standard","meta":{"content-type":""},"categories":[27,64],"tags":[],"nelio_content":{"isAutoShareEnabled":false,"autoShareEndMode":"default","automationSources":{"useContentSentences":true,"useSocialTemplates":true,"useCustomSentences":false,"customSentences":[]},"followers":[1],"suggestedReferences":[],"includedReferences":[],"efiUrl":"","efiAlt":"","highlights":[]},"yoast_head":"<!-- This site is optimized with the Yoast SEO plugin v20.7 - https:\/\/yoast.com\/wordpress\/plugins\/seo\/ -->\n<title>Colonia San Miguel celebr\u00f3 sus 141 a\u00f1os<\/title>\n<meta name=\"description\" content=\"Colonia San Miguel celebr\u00f3 Colonia San Miguel, fue fundada el d\u00eda 3 de octubre de 1881, con la llegada de las primeras familias\" \/>\n<meta name=\"robots\" content=\"index, follow, max-snippet:-1, max-image-preview:large, max-video-preview:-1\" \/>\n<link rel=\"canonical\" href=\"https:\/\/experienciadevida.com.ar\/portalurbano\/colonia-san-miguel-celebro-sus-141-anos\/\" \/>\n<meta property=\"og:locale\" content=\"es_ES\" \/>\n<meta property=\"og:type\" content=\"article\" \/>\n<meta property=\"og:title\" content=\"Colonia San Miguel celebr\u00f3 sus 141 a\u00f1os\" \/>\n<meta property=\"og:description\" content=\"Colonia San Miguel celebr\u00f3 Colonia San Miguel, fue fundada el d\u00eda 3 de octubre de 1881, con la llegada de las primeras familias\" \/>\n<meta property=\"og:url\" content=\"https:\/\/experienciadevida.com.ar\/portalurbano\/colonia-san-miguel-celebro-sus-141-anos\/\" \/>\n<meta property=\"article:publisher\" content=\"https:\/\/www.facebook.com\/Portal-Urbano-171542830093757\/\" \/>\n<meta property=\"article:published_time\" content=\"2022-10-03T12:53:56+00:00\" \/>\n<meta property=\"article:modified_time\" content=\"2022-10-03T13:06:58+00:00\" \/>\n<meta property=\"og:image\" content=\"https:\/\/experienciadevida.com.ar\/portalurbano\/wp-content\/uploads\/2022\/10\/Colonia-San-Miguel-celebro.jpg\" \/>\n\t<meta property=\"og:image:width\" content=\"1772\" \/>\n\t<meta property=\"og:image:height\" content=\"1181\" \/>\n\t<meta property=\"og:image:type\" content=\"image\/jpeg\" \/>\n<meta name=\"author\" content=\"admpu17wp\" \/>\n<meta name=\"twitter:card\" content=\"summary_large_image\" \/>\n<meta name=\"twitter:creator\" content=\"@portalurbanook\" \/>\n<meta name=\"twitter:site\" content=\"@portalurbanook\" \/>\n<meta name=\"twitter:label1\" content=\"Escrito por\" \/>\n\t<meta name=\"twitter:data1\" content=\"admpu17wp\" \/>\n\t<meta name=\"twitter:label2\" content=\"Tiempo de lectura\" \/>\n\t<meta name=\"twitter:data2\" content=\"3 minutos\" \/>\n<script type=\"application\/ld+json\" class=\"yoast-schema-graph\">{\"@context\":\"https:\/\/schema.org\",\"@graph\":[{\"@type\":\"Article\",\"@id\":\"https:\/\/experienciadevida.com.ar\/portalurbano\/colonia-san-miguel-celebro-sus-141-anos\/#article\",\"isPartOf\":{\"@id\":\"https:\/\/experienciadevida.com.ar\/portalurbano\/colonia-san-miguel-celebro-sus-141-anos\/\"},\"author\":{\"name\":\"admpu17wp\",\"@id\":\"https:\/\/experienciadevida.com.ar\/portalurbano\/#\/schema\/person\/02dd326b1c4b056e9cc972486934a3a7\"},\"headline\":\"Colonia San Miguel celebr\u00f3 sus 141 a\u00f1os\",\"datePublished\":\"2022-10-03T12:53:56+00:00\",\"dateModified\":\"2022-10-03T13:06:58+00:00\",\"mainEntityOfPage\":{\"@id\":\"https:\/\/experienciadevida.com.ar\/portalurbano\/colonia-san-miguel-celebro-sus-141-anos\/\"},\"wordCount\":367,\"publisher\":{\"@id\":\"https:\/\/experienciadevida.com.ar\/portalurbano\/#organization\"},\"articleSection\":[\"Ciudad\",\"Destacadas 2\"],\"inLanguage\":\"es\"},{\"@type\":\"WebPage\",\"@id\":\"https:\/\/experienciadevida.com.ar\/portalurbano\/colonia-san-miguel-celebro-sus-141-anos\/\",\"url\":\"https:\/\/experienciadevida.com.ar\/portalurbano\/colonia-san-miguel-celebro-sus-141-anos\/\",\"name\":\"Colonia San Miguel celebr\u00f3 sus 141 a\u00f1os\",\"isPartOf\":{\"@id\":\"https:\/\/experienciadevida.com.ar\/portalurbano\/#website\"},\"datePublished\":\"2022-10-03T12:53:56+00:00\",\"dateModified\":\"2022-10-03T13:06:58+00:00\",\"description\":\"Colonia San Miguel celebr\u00f3 Colonia San Miguel, fue fundada el d\u00eda 3 de octubre de 1881, con la llegada de las primeras familias\",\"breadcrumb\":{\"@id\":\"https:\/\/experienciadevida.com.ar\/portalurbano\/colonia-san-miguel-celebro-sus-141-anos\/#breadcrumb\"},\"inLanguage\":\"es\",\"potentialAction\":[{\"@type\":\"ReadAction\",\"target\":[\"https:\/\/experienciadevida.com.ar\/portalurbano\/colonia-san-miguel-celebro-sus-141-anos\/\"]}]},{\"@type\":\"BreadcrumbList\",\"@id\":\"https:\/\/experienciadevida.com.ar\/portalurbano\/colonia-san-miguel-celebro-sus-141-anos\/#breadcrumb\",\"itemListElement\":[{\"@type\":\"ListItem\",\"position\":1,\"name\":\"Portada\",\"item\":\"https:\/\/experienciadevida.com.ar\/portalurbano\/\"},{\"@type\":\"ListItem\",\"position\":2,\"name\":\"Colonia San Miguel celebr\u00f3 sus 141 a\u00f1os\"}]},{\"@type\":\"WebSite\",\"@id\":\"https:\/\/experienciadevida.com.ar\/portalurbano\/#website\",\"url\":\"https:\/\/experienciadevida.com.ar\/portalurbano\/\",\"name\":\"\",\"description\":\"\",\"publisher\":{\"@id\":\"https:\/\/experienciadevida.com.ar\/portalurbano\/#organization\"},\"potentialAction\":[{\"@type\":\"SearchAction\",\"target\":{\"@type\":\"EntryPoint\",\"urlTemplate\":\"https:\/\/experienciadevida.com.ar\/portalurbano\/?s={search_term_string}\"},\"query-input\":\"required name=search_term_string\"}],\"inLanguage\":\"es\"},{\"@type\":\"Organization\",\"@id\":\"https:\/\/experienciadevida.com.ar\/portalurbano\/#organization\",\"name\":\"Portal Urbano\",\"url\":\"https:\/\/experienciadevida.com.ar\/portalurbano\/\",\"logo\":{\"@type\":\"ImageObject\",\"inLanguage\":\"es\",\"@id\":\"https:\/\/experienciadevida.com.ar\/portalurbano\/#\/schema\/logo\/image\/\",\"url\":\"https:\/\/experienciadevida.com.ar\/portalurbano\/wp-content\/uploads\/2019\/09\/Logo-Original.png\",\"contentUrl\":\"https:\/\/experienciadevida.com.ar\/portalurbano\/wp-content\/uploads\/2019\/09\/Logo-Original.png\",\"width\":2236,\"height\":1216,\"caption\":\"Portal Urbano\"},\"image\":{\"@id\":\"https:\/\/experienciadevida.com.ar\/portalurbano\/#\/schema\/logo\/image\/\"},\"sameAs\":[\"https:\/\/www.facebook.com\/Portal-Urbano-171542830093757\/\",\"https:\/\/twitter.com\/portalurbanook\",\"https:\/\/www.instagram.com\/_portalurbano\/\",\"https:\/\/www.youtube.com\/channel\/UCXhagIfszH8KxFiOok79zbA?view_as=subscriber\"]},{\"@type\":\"Person\",\"@id\":\"https:\/\/experienciadevida.com.ar\/portalurbano\/#\/schema\/person\/02dd326b1c4b056e9cc972486934a3a7\",\"name\":\"admpu17wp\",\"image\":{\"@type\":\"ImageObject\",\"inLanguage\":\"es\",\"@id\":\"https:\/\/experienciadevida.com.ar\/portalurbano\/#\/schema\/person\/image\/\",\"url\":\"https:\/\/secure.gravatar.com\/avatar\/830d4c57adaae6630765e449a6908047?s=96&d=mm&r=g\",\"contentUrl\":\"https:\/\/secure.gravatar.com\/avatar\/830d4c57adaae6630765e449a6908047?s=96&d=mm&r=g\",\"caption\":\"admpu17wp\"}}]}<\/script>\n<!-- \/ Yoast SEO plugin. -->","yoast_head_json":{"title":"Colonia San Miguel celebr\u00f3 sus 141 a\u00f1os","description":"Colonia San Miguel celebr\u00f3 Colonia San Miguel, fue fundada el d\u00eda 3 de octubre de 1881, con la llegada de las primeras familias","robots":{"index":"index","follow":"follow","max-snippet":"max-snippet:-1","max-image-preview":"max-image-preview:large","max-video-preview":"max-video-preview:-1"},"canonical":"https:\/\/experienciadevida.com.ar\/portalurbano\/colonia-san-miguel-celebro-sus-141-anos\/","og_locale":"es_ES","og_type":"article","og_title":"Colonia San Miguel celebr\u00f3 sus 141 a\u00f1os","og_description":"Colonia San Miguel celebr\u00f3 Colonia San Miguel, fue fundada el d\u00eda 3 de octubre de 1881, con la llegada de las primeras familias","og_url":"https:\/\/experienciadevida.com.ar\/portalurbano\/colonia-san-miguel-celebro-sus-141-anos\/","article_publisher":"https:\/\/www.facebook.com\/Portal-Urbano-171542830093757\/","article_published_time":"2022-10-03T12:53:56+00:00","article_modified_time":"2022-10-03T13:06:58+00:00","og_image":[{"width":1772,"height":1181,"url":"https:\/\/experienciadevida.com.ar\/portalurbano\/wp-content\/uploads\/2022\/10\/Colonia-San-Miguel-celebro.jpg","type":"image\/jpeg"}],"author":"admpu17wp","twitter_card":"summary_large_image","twitter_creator":"@portalurbanook","twitter_site":"@portalurbanook","twitter_misc":{"Escrito por":"admpu17wp","Tiempo de lectura":"3 minutos"},"schema":{"@context":"https:\/\/schema.org","@graph":[{"@type":"Article","@id":"https:\/\/experienciadevida.com.ar\/portalurbano\/colonia-san-miguel-celebro-sus-141-anos\/#article","isPartOf":{"@id":"https:\/\/experienciadevida.com.ar\/portalurbano\/colonia-san-miguel-celebro-sus-141-anos\/"},"author":{"name":"admpu17wp","@id":"https:\/\/experienciadevida.com.ar\/portalurbano\/#\/schema\/person\/02dd326b1c4b056e9cc972486934a3a7"},"headline":"Colonia San Miguel celebr\u00f3 sus 141 a\u00f1os","datePublished":"2022-10-03T12:53:56+00:00","dateModified":"2022-10-03T13:06:58+00:00","mainEntityOfPage":{"@id":"https:\/\/experienciadevida.com.ar\/portalurbano\/colonia-san-miguel-celebro-sus-141-anos\/"},"wordCount":367,"publisher":{"@id":"https:\/\/experienciadevida.com.ar\/portalurbano\/#organization"},"articleSection":["Ciudad","Destacadas 2"],"inLanguage":"es"},{"@type":"WebPage","@id":"https:\/\/experienciadevida.com.ar\/portalurbano\/colonia-san-miguel-celebro-sus-141-anos\/","url":"https:\/\/experienciadevida.com.ar\/portalurbano\/colonia-san-miguel-celebro-sus-141-anos\/","name":"Colonia San Miguel celebr\u00f3 sus 141 a\u00f1os","isPartOf":{"@id":"https:\/\/experienciadevida.com.ar\/portalurbano\/#website"},"datePublished":"2022-10-03T12:53:56+00:00","dateModified":"2022-10-03T13:06:58+00:00","description":"Colonia San Miguel celebr\u00f3 Colonia San Miguel, fue fundada el d\u00eda 3 de octubre de 1881, con la llegada de las primeras familias","breadcrumb":{"@id":"https:\/\/experienciadevida.com.ar\/portalurbano\/colonia-san-miguel-celebro-sus-141-anos\/#breadcrumb"},"inLanguage":"es","potentialAction":[{"@type":"ReadAction","target":["https:\/\/experienciadevida.com.ar\/portalurbano\/colonia-san-miguel-celebro-sus-141-anos\/"]}]},{"@type":"BreadcrumbList","@id":"https:\/\/experienciadevida.com.ar\/portalurbano\/colonia-san-miguel-celebro-sus-141-anos\/#breadcrumb","itemListElement":[{"@type":"ListItem","position":1,"name":"Portada","item":"https:\/\/experienciadevida.com.ar\/portalurbano\/"},{"@type":"ListItem","position":2,"name":"Colonia San Miguel celebr\u00f3 sus 141 a\u00f1os"}]},{"@type":"WebSite","@id":"https:\/\/experienciadevida.com.ar\/portalurbano\/#website","url":"https:\/\/experienciadevida.com.ar\/portalurbano\/","name":"","description":"","publisher":{"@id":"https:\/\/experienciadevida.com.ar\/portalurbano\/#organization"},"potentialAction":[{"@type":"SearchAction","target":{"@type":"EntryPoint","urlTemplate":"https:\/\/experienciadevida.com.ar\/portalurbano\/?s={search_term_string}"},"query-input":"required name=search_term_string"}],"inLanguage":"es"},{"@type":"Organization","@id":"https:\/\/experienciadevida.com.ar\/portalurbano\/#organization","name":"Portal Urbano","url":"https:\/\/experienciadevida.com.ar\/portalurbano\/","logo":{"@type":"ImageObject","inLanguage":"es","@id":"https:\/\/experienciadevida.com.ar\/portalurbano\/#\/schema\/logo\/image\/","url":"https:\/\/experienciadevida.com.ar\/portalurbano\/wp-content\/uploads\/2019\/09\/Logo-Original.png","contentUrl":"https:\/\/experienciadevida.com.ar\/portalurbano\/wp-content\/uploads\/2019\/09\/Logo-Original.png","width":2236,"height":1216,"caption":"Portal Urbano"},"image":{"@id":"https:\/\/experienciadevida.com.ar\/portalurbano\/#\/schema\/logo\/image\/"},"sameAs":["https:\/\/www.facebook.com\/Portal-Urbano-171542830093757\/","https:\/\/twitter.com\/portalurbanook","https:\/\/www.instagram.com\/_portalurbano\/","https:\/\/www.youtube.com\/channel\/UCXhagIfszH8KxFiOok79zbA?view_as=subscriber"]},{"@type":"Person","@id":"https:\/\/experienciadevida.com.ar\/portalurbano\/#\/schema\/person\/02dd326b1c4b056e9cc972486934a3a7","name":"admpu17wp","image":{"@type":"ImageObject","inLanguage":"es","@id":"https:\/\/experienciadevida.com.ar\/portalurbano\/#\/schema\/person\/image\/","url":"https:\/\/secure.gravatar.com\/avatar\/830d4c57adaae6630765e449a6908047?s=96&d=mm&r=g","contentUrl":"https:\/\/secure.gravatar.com\/avatar\/830d4c57adaae6630765e449a6908047?s=96&d=mm&r=g","caption":"admpu17wp"}}]}},"featured_image_urls":{"full":["https:\/\/experienciadevida.com.ar\/portalurbano\/wp-content\/uploads\/2022\/10\/Colonia-San-Miguel-celebro.jpg",1772,1181,false],"thumbnail":["https:\/\/experienciadevida.com.ar\/portalurbano\/wp-content\/uploads\/2022\/10\/Colonia-San-Miguel-celebro-150x150.jpg",150,150,true],"medium":["https:\/\/experienciadevida.com.ar\/portalurbano\/wp-content\/uploads\/2022\/10\/Colonia-San-Miguel-celebro-300x200.jpg",300,200,true],"medium_large":["https:\/\/experienciadevida.com.ar\/portalurbano\/wp-content\/uploads\/2022\/10\/Colonia-San-Miguel-celebro-768x512.jpg",640,427,true],"large":["https:\/\/experienciadevida.com.ar\/portalurbano\/wp-content\/uploads\/2022\/10\/Colonia-San-Miguel-celebro-1024x682.jpg",640,426,true],"ug_big":["https:\/\/experienciadevida.com.ar\/portalurbano\/wp-content\/uploads\/2022\/10\/Colonia-San-Miguel-celebro-768x512.jpg",768,512,true],"1536x1536":["https:\/\/experienciadevida.com.ar\/portalurbano\/wp-content\/uploads\/2022\/10\/Colonia-San-Miguel-celebro-1536x1024.jpg",1536,1024,true],"2048x2048":["https:\/\/experienciadevida.com.ar\/portalurbano\/wp-content\/uploads\/2022\/10\/Colonia-San-Miguel-celebro.jpg",1772,1181,false],"newsever-slider-full":["https:\/\/experienciadevida.com.ar\/portalurbano\/wp-content\/uploads\/2022\/10\/Colonia-San-Miguel-celebro.jpg",1268,845,false],"newsever-featured":["https:\/\/experienciadevida.com.ar\/portalurbano\/wp-content\/uploads\/2022\/10\/Colonia-San-Miguel-celebro.jpg",1024,682,false],"newsever-medium":["https:\/\/experienciadevida.com.ar\/portalurbano\/wp-content\/uploads\/2022\/10\/Colonia-San-Miguel-celebro.jpg",713,475,false],"web-stories-poster-portrait":["https:\/\/experienciadevida.com.ar\/portalurbano\/wp-content\/uploads\/2022\/10\/Colonia-San-Miguel-celebro-640x853.jpg",640,853,true],"web-stories-publisher-logo":["https:\/\/experienciadevida.com.ar\/portalurbano\/wp-content\/uploads\/2022\/10\/Colonia-San-Miguel-celebro-96x96.jpg",96,96,true],"web-stories-thumbnail":["https:\/\/experienciadevida.com.ar\/portalurbano\/wp-content\/uploads\/2022\/10\/Colonia-San-Miguel-celebro-150x100.jpg",150,100,true]},"author_info":{"display_name":"admpu17wp","author_link":"https:\/\/experienciadevida.com.ar\/portalurbano\/author\/admpu17wp\/"},"category_info":"<a href=\"https:\/\/experienciadevida.com.ar\/portalurbano\/category\/ciudad\/\" rel=\"category tag\">Ciudad<\/a> <a href=\"https:\/\/experienciadevida.com.ar\/portalurbano\/category\/destacadas-2\/\" rel=\"category tag\">Destacadas 2<\/a>","tag_info":"Destacadas 2","comment_count":"0","amp_enabled":true,"_links":{"self":[{"href":"https:\/\/experienciadevida.com.ar\/portalurbano\/wp-json\/wp\/v2\/posts\/177565"}],"collection":[{"href":"https:\/\/experienciadevida.com.ar\/portalurbano\/wp-json\/wp\/v2\/posts"}],"about":[{"href":"https:\/\/experienciadevida.com.ar\/portalurbano\/wp-json\/wp\/v2\/types\/post"}],"author":[{"embeddable":true,"href":"https:\/\/experienciadevida.com.ar\/portalurbano\/wp-json\/wp\/v2\/users\/1"}],"replies":[{"embeddable":true,"href":"https:\/\/experienciadevida.com.ar\/portalurbano\/wp-json\/wp\/v2\/comments?post=177565"}],"version-history":[{"count":6,"href":"https:\/\/experienciadevida.com.ar\/portalurbano\/wp-json\/wp\/v2\/posts\/177565\/revisions"}],"predecessor-version":[{"id":177574,"href":"https:\/\/experienciadevida.com.ar\/portalurbano\/wp-json\/wp\/v2\/posts\/177565\/revisions\/177574"}],"wp:featuredmedia":[{"embeddable":true,"href":"https:\/\/experienciadevida.com.ar\/portalurbano\/wp-json\/wp\/v2\/media\/177566"}],"wp:attachment":[{"href":"https:\/\/experienciadevida.com.ar\/portalurbano\/wp-json\/wp\/v2\/media?parent=177565"}],"wp:term":[{"taxonomy":"category","embeddable":true,"href":"https:\/\/experienciadevida.com.ar\/portalurbano\/wp-json\/wp\/v2\/categories?post=177565"},{"taxonomy":"post_tag","embeddable":true,"href":"https:\/\/experienciadevida.com.ar\/portalurbano\/wp-json\/wp\/v2\/tags?post=177565"}],"curies":[{"name":"wp","href":"https:\/\/api.w.org\/{rel}","templated":true}]}}