{"id":177445,"date":"2022-10-01T11:20:43","date_gmt":"2022-10-01T14:20:43","guid":{"rendered":"https:\/\/experienciadevida.com.ar\/portalurbano\/?p=177445"},"modified":"2022-10-01T11:25:21","modified_gmt":"2022-10-01T14:25:21","slug":"envion-1-visito-la-muestra-colectiva-vihsibles-que-se-expone-en-el-centro-cultural-universitario","status":"publish","type":"post","link":"https:\/\/experienciadevida.com.ar\/portalurbano\/envion-1-visito-la-muestra-colectiva-vihsibles-que-se-expone-en-el-centro-cultural-universitario\/","title":{"rendered":"Envi\u00f3n 1 visit\u00f3 la Muestra Colectiva \u00abVihsibles\u00bb que se expone en el Centro Cultural Universitario"},"content":{"rendered":"<p>Envi\u00f3n 1 visit\u00f3 la Muestra Colectiva \u00abVihsibles\u00bb que se expone en el <a href=\"https:\/\/www.facebook.com\/CCUOlavarria\">Centro Cultural Universitario<\/a>, la Direcci\u00f3n de Ni\u00f1eces y Adolescencias del Municipio informa que los chicos y chicas que asisten al Programa Envi\u00f3n 1, recorrieron las instalaciones del Centro Cultural Universitario (CCU) de la UNICEN, en compa\u00f1\u00eda de sus referentes; para visitar la Muestra Colectiva \u00abVihsibles\u00bb.<\/p>\n<p><a href=\"https:\/\/experienciadevida.com.ar\/portalurbano\/envion-1-visito-la-muestra-colectiva-vihsibles-que-se-expone-en-el-centro-cultural-universitario\/envion-3\/\" rel=\"attachment wp-att-177448\"><img decoding=\"async\" class=\"alignnone size-large wp-image-177448\" src=\"https:\/\/experienciadevida.com.ar\/portalurbano\/wp-content\/uploads\/2022\/10\/Envion-1024x682.jpg\" alt=\"Envi\u00f3n \" width=\"900\" height=\"599\" srcset=\"https:\/\/experienciadevida.com.ar\/portalurbano\/wp-content\/uploads\/2022\/10\/Envion-1024x682.jpg 1024w, https:\/\/experienciadevida.com.ar\/portalurbano\/wp-content\/uploads\/2022\/10\/Envion-300x200.jpg 300w, https:\/\/experienciadevida.com.ar\/portalurbano\/wp-content\/uploads\/2022\/10\/Envion-768x512.jpg 768w, https:\/\/experienciadevida.com.ar\/portalurbano\/wp-content\/uploads\/2022\/10\/Envion-1536x1024.jpg 1536w, https:\/\/experienciadevida.com.ar\/portalurbano\/wp-content\/uploads\/2022\/10\/Envion-150x100.jpg 150w, https:\/\/experienciadevida.com.ar\/portalurbano\/wp-content\/uploads\/2022\/10\/Envion.jpg 1772w\" sizes=\"(max-width: 900px) 100vw, 900px\" \/><\/a><\/p>\n<p>Se trata de una propuesta basada en un recorrido visual, a 40 a\u00f1os de la pandemia del VIH en el mundo, la impronta del activismo y la resistencia de las organizaciones de personas viviendo con VIH, a trav\u00e9s de sus demandas puntuales vinculadas a la planificaci\u00f3n de pol\u00edticas p\u00fablicas integrales.<\/p>\n<p>Esta actividad, se relaciona de manera directa con los contenidos que desarrolla el Programa Envi\u00f3n en su encuadre institucional, ya que tiene que ver con la educaci\u00f3n sexual integral, el acceso a derechos, la inclusi\u00f3n, y el compromiso por las causas que nos interpelan para construir una sociedad m\u00e1s justa e igualitaria, ejes que desde las cotidianidades se abordan en de manera permanente con los chicos y chicas que all\u00ed asisten.<\/p>\n<p><a href=\"https:\/\/experienciadevida.com.ar\/portalurbano\/envion-1-visito-la-muestra-colectiva-vihsibles-que-se-expone-en-el-centro-cultural-universitario\/1-4\/\" rel=\"attachment wp-att-177449\"><img decoding=\"async\" class=\"alignnone size-large wp-image-177449\" src=\"https:\/\/experienciadevida.com.ar\/portalurbano\/wp-content\/uploads\/2022\/10\/1-1024x682.jpg\" alt=\"1\" width=\"900\" height=\"599\" srcset=\"https:\/\/experienciadevida.com.ar\/portalurbano\/wp-content\/uploads\/2022\/10\/1-1024x682.jpg 1024w, https:\/\/experienciadevida.com.ar\/portalurbano\/wp-content\/uploads\/2022\/10\/1-300x200.jpg 300w, https:\/\/experienciadevida.com.ar\/portalurbano\/wp-content\/uploads\/2022\/10\/1-768x512.jpg 768w, https:\/\/experienciadevida.com.ar\/portalurbano\/wp-content\/uploads\/2022\/10\/1-1536x1024.jpg 1536w, https:\/\/experienciadevida.com.ar\/portalurbano\/wp-content\/uploads\/2022\/10\/1-150x100.jpg 150w, https:\/\/experienciadevida.com.ar\/portalurbano\/wp-content\/uploads\/2022\/10\/1.jpg 1772w\" sizes=\"(max-width: 900px) 100vw, 900px\" \/><\/a><\/p>\n","protected":false},"excerpt":{"rendered":"<p>Envi\u00f3n 1 visit\u00f3 la Muestra Colectiva \u00abVihsibles\u00bb que se expone en el Centro Cultural Universitario,&#8230;<\/p>\n","protected":false},"author":1,"featured_media":177446,"comment_status":"closed","ping_status":"closed","sticky":false,"template":"","format":"standard","meta":{"content-type":""},"categories":[27],"tags":[],"nelio_content":{"isAutoShareEnabled":false,"autoShareEndMode":"default","automationSources":{"useContentSentences":true,"useSocialTemplates":true,"useCustomSentences":false,"customSentences":[]},"followers":[1],"suggestedReferences":[],"includedReferences":[],"efiUrl":"","efiAlt":"","highlights":[]},"yoast_head":"<!-- This site is optimized with the Yoast SEO plugin v20.7 - https:\/\/yoast.com\/wordpress\/plugins\/seo\/ -->\n<title>Envi\u00f3n 1 visit\u00f3 la Muestra colectiva &quot;Vihsibles&quot;<\/title>\n<meta name=\"description\" content=\"Envi\u00f3n 1 visit\u00f3 la Muestra Colectiva \u00abVihsibles\u00bb que se expone en el Centro Cultural Universitario, la Direcci\u00f3n de Ni\u00f1eces y Adolescencias\" \/>\n<meta name=\"robots\" content=\"index, follow, max-snippet:-1, max-image-preview:large, max-video-preview:-1\" \/>\n<link rel=\"canonical\" href=\"https:\/\/experienciadevida.com.ar\/portalurbano\/envion-1-visito-la-muestra-colectiva-vihsibles-que-se-expone-en-el-centro-cultural-universitario\/\" \/>\n<meta property=\"og:locale\" content=\"es_ES\" \/>\n<meta property=\"og:type\" content=\"article\" \/>\n<meta property=\"og:title\" content=\"Envi\u00f3n 1 visit\u00f3 la Muestra colectiva &quot;Vihsibles&quot;\" \/>\n<meta property=\"og:description\" content=\"Envi\u00f3n 1 visit\u00f3 la Muestra Colectiva \u00abVihsibles\u00bb que se expone en el Centro Cultural Universitario, la Direcci\u00f3n de Ni\u00f1eces y Adolescencias\" \/>\n<meta property=\"og:url\" content=\"https:\/\/experienciadevida.com.ar\/portalurbano\/envion-1-visito-la-muestra-colectiva-vihsibles-que-se-expone-en-el-centro-cultural-universitario\/\" \/>\n<meta property=\"article:publisher\" content=\"https:\/\/www.facebook.com\/Portal-Urbano-171542830093757\/\" \/>\n<meta property=\"article:published_time\" content=\"2022-10-01T14:20:43+00:00\" \/>\n<meta property=\"article:modified_time\" content=\"2022-10-01T14:25:21+00:00\" \/>\n<meta property=\"og:image\" content=\"https:\/\/experienciadevida.com.ar\/portalurbano\/wp-content\/uploads\/2022\/10\/Envion-1-visito-la.jpg\" \/>\n\t<meta property=\"og:image:width\" content=\"1772\" \/>\n\t<meta property=\"og:image:height\" content=\"1181\" \/>\n\t<meta property=\"og:image:type\" content=\"image\/jpeg\" \/>\n<meta name=\"author\" content=\"admpu17wp\" \/>\n<meta name=\"twitter:card\" content=\"summary_large_image\" \/>\n<meta name=\"twitter:creator\" content=\"@portalurbanook\" \/>\n<meta name=\"twitter:site\" content=\"@portalurbanook\" \/>\n<meta name=\"twitter:label1\" content=\"Escrito por\" \/>\n\t<meta name=\"twitter:data1\" content=\"admpu17wp\" \/>\n\t<meta name=\"twitter:label2\" content=\"Tiempo de lectura\" \/>\n\t<meta name=\"twitter:data2\" content=\"2 minutos\" \/>\n<script type=\"application\/ld+json\" class=\"yoast-schema-graph\">{\"@context\":\"https:\/\/schema.org\",\"@graph\":[{\"@type\":\"Article\",\"@id\":\"https:\/\/experienciadevida.com.ar\/portalurbano\/envion-1-visito-la-muestra-colectiva-vihsibles-que-se-expone-en-el-centro-cultural-universitario\/#article\",\"isPartOf\":{\"@id\":\"https:\/\/experienciadevida.com.ar\/portalurbano\/envion-1-visito-la-muestra-colectiva-vihsibles-que-se-expone-en-el-centro-cultural-universitario\/\"},\"author\":{\"name\":\"admpu17wp\",\"@id\":\"https:\/\/experienciadevida.com.ar\/portalurbano\/#\/schema\/person\/02dd326b1c4b056e9cc972486934a3a7\"},\"headline\":\"Envi\u00f3n 1 visit\u00f3 la Muestra Colectiva \u00abVihsibles\u00bb que se expone en el Centro Cultural Universitario\",\"datePublished\":\"2022-10-01T14:20:43+00:00\",\"dateModified\":\"2022-10-01T14:25:21+00:00\",\"mainEntityOfPage\":{\"@id\":\"https:\/\/experienciadevida.com.ar\/portalurbano\/envion-1-visito-la-muestra-colectiva-vihsibles-que-se-expone-en-el-centro-cultural-universitario\/\"},\"wordCount\":204,\"publisher\":{\"@id\":\"https:\/\/experienciadevida.com.ar\/portalurbano\/#organization\"},\"articleSection\":[\"Ciudad\"],\"inLanguage\":\"es\"},{\"@type\":\"WebPage\",\"@id\":\"https:\/\/experienciadevida.com.ar\/portalurbano\/envion-1-visito-la-muestra-colectiva-vihsibles-que-se-expone-en-el-centro-cultural-universitario\/\",\"url\":\"https:\/\/experienciadevida.com.ar\/portalurbano\/envion-1-visito-la-muestra-colectiva-vihsibles-que-se-expone-en-el-centro-cultural-universitario\/\",\"name\":\"Envi\u00f3n 1 visit\u00f3 la Muestra colectiva \\\"Vihsibles\\\"\",\"isPartOf\":{\"@id\":\"https:\/\/experienciadevida.com.ar\/portalurbano\/#website\"},\"datePublished\":\"2022-10-01T14:20:43+00:00\",\"dateModified\":\"2022-10-01T14:25:21+00:00\",\"description\":\"Envi\u00f3n 1 visit\u00f3 la Muestra Colectiva \u00abVihsibles\u00bb que se expone en el Centro Cultural Universitario, la Direcci\u00f3n de Ni\u00f1eces y Adolescencias\",\"breadcrumb\":{\"@id\":\"https:\/\/experienciadevida.com.ar\/portalurbano\/envion-1-visito-la-muestra-colectiva-vihsibles-que-se-expone-en-el-centro-cultural-universitario\/#breadcrumb\"},\"inLanguage\":\"es\",\"potentialAction\":[{\"@type\":\"ReadAction\",\"target\":[\"https:\/\/experienciadevida.com.ar\/portalurbano\/envion-1-visito-la-muestra-colectiva-vihsibles-que-se-expone-en-el-centro-cultural-universitario\/\"]}]},{\"@type\":\"BreadcrumbList\",\"@id\":\"https:\/\/experienciadevida.com.ar\/portalurbano\/envion-1-visito-la-muestra-colectiva-vihsibles-que-se-expone-en-el-centro-cultural-universitario\/#breadcrumb\",\"itemListElement\":[{\"@type\":\"ListItem\",\"position\":1,\"name\":\"Portada\",\"item\":\"https:\/\/experienciadevida.com.ar\/portalurbano\/\"},{\"@type\":\"ListItem\",\"position\":2,\"name\":\"Envi\u00f3n 1 visit\u00f3 la Muestra Colectiva \u00abVihsibles\u00bb que se expone en el Centro Cultural Universitario\"}]},{\"@type\":\"WebSite\",\"@id\":\"https:\/\/experienciadevida.com.ar\/portalurbano\/#website\",\"url\":\"https:\/\/experienciadevida.com.ar\/portalurbano\/\",\"name\":\"\",\"description\":\"\",\"publisher\":{\"@id\":\"https:\/\/experienciadevida.com.ar\/portalurbano\/#organization\"},\"potentialAction\":[{\"@type\":\"SearchAction\",\"target\":{\"@type\":\"EntryPoint\",\"urlTemplate\":\"https:\/\/experienciadevida.com.ar\/portalurbano\/?s={search_term_string}\"},\"query-input\":\"required name=search_term_string\"}],\"inLanguage\":\"es\"},{\"@type\":\"Organization\",\"@id\":\"https:\/\/experienciadevida.com.ar\/portalurbano\/#organization\",\"name\":\"Portal Urbano\",\"url\":\"https:\/\/experienciadevida.com.ar\/portalurbano\/\",\"logo\":{\"@type\":\"ImageObject\",\"inLanguage\":\"es\",\"@id\":\"https:\/\/experienciadevida.com.ar\/portalurbano\/#\/schema\/logo\/image\/\",\"url\":\"https:\/\/experienciadevida.com.ar\/portalurbano\/wp-content\/uploads\/2019\/09\/Logo-Original.png\",\"contentUrl\":\"https:\/\/experienciadevida.com.ar\/portalurbano\/wp-content\/uploads\/2019\/09\/Logo-Original.png\",\"width\":2236,\"height\":1216,\"caption\":\"Portal Urbano\"},\"image\":{\"@id\":\"https:\/\/experienciadevida.com.ar\/portalurbano\/#\/schema\/logo\/image\/\"},\"sameAs\":[\"https:\/\/www.facebook.com\/Portal-Urbano-171542830093757\/\",\"https:\/\/twitter.com\/portalurbanook\",\"https:\/\/www.instagram.com\/_portalurbano\/\",\"https:\/\/www.youtube.com\/channel\/UCXhagIfszH8KxFiOok79zbA?view_as=subscriber\"]},{\"@type\":\"Person\",\"@id\":\"https:\/\/experienciadevida.com.ar\/portalurbano\/#\/schema\/person\/02dd326b1c4b056e9cc972486934a3a7\",\"name\":\"admpu17wp\",\"image\":{\"@type\":\"ImageObject\",\"inLanguage\":\"es\",\"@id\":\"https:\/\/experienciadevida.com.ar\/portalurbano\/#\/schema\/person\/image\/\",\"url\":\"https:\/\/secure.gravatar.com\/avatar\/830d4c57adaae6630765e449a6908047?s=96&d=mm&r=g\",\"contentUrl\":\"https:\/\/secure.gravatar.com\/avatar\/830d4c57adaae6630765e449a6908047?s=96&d=mm&r=g\",\"caption\":\"admpu17wp\"}}]}<\/script>\n<!-- \/ Yoast SEO plugin. -->","yoast_head_json":{"title":"Envi\u00f3n 1 visit\u00f3 la Muestra colectiva \"Vihsibles\"","description":"Envi\u00f3n 1 visit\u00f3 la Muestra Colectiva \u00abVihsibles\u00bb que se expone en el Centro Cultural Universitario, la Direcci\u00f3n de Ni\u00f1eces y Adolescencias","robots":{"index":"index","follow":"follow","max-snippet":"max-snippet:-1","max-image-preview":"max-image-preview:large","max-video-preview":"max-video-preview:-1"},"canonical":"https:\/\/experienciadevida.com.ar\/portalurbano\/envion-1-visito-la-muestra-colectiva-vihsibles-que-se-expone-en-el-centro-cultural-universitario\/","og_locale":"es_ES","og_type":"article","og_title":"Envi\u00f3n 1 visit\u00f3 la Muestra colectiva \"Vihsibles\"","og_description":"Envi\u00f3n 1 visit\u00f3 la Muestra Colectiva \u00abVihsibles\u00bb que se expone en el Centro Cultural Universitario, la Direcci\u00f3n de Ni\u00f1eces y Adolescencias","og_url":"https:\/\/experienciadevida.com.ar\/portalurbano\/envion-1-visito-la-muestra-colectiva-vihsibles-que-se-expone-en-el-centro-cultural-universitario\/","article_publisher":"https:\/\/www.facebook.com\/Portal-Urbano-171542830093757\/","article_published_time":"2022-10-01T14:20:43+00:00","article_modified_time":"2022-10-01T14:25:21+00:00","og_image":[{"width":1772,"height":1181,"url":"https:\/\/experienciadevida.com.ar\/portalurbano\/wp-content\/uploads\/2022\/10\/Envion-1-visito-la.jpg","type":"image\/jpeg"}],"author":"admpu17wp","twitter_card":"summary_large_image","twitter_creator":"@portalurbanook","twitter_site":"@portalurbanook","twitter_misc":{"Escrito por":"admpu17wp","Tiempo de lectura":"2 minutos"},"schema":{"@context":"https:\/\/schema.org","@graph":[{"@type":"Article","@id":"https:\/\/experienciadevida.com.ar\/portalurbano\/envion-1-visito-la-muestra-colectiva-vihsibles-que-se-expone-en-el-centro-cultural-universitario\/#article","isPartOf":{"@id":"https:\/\/experienciadevida.com.ar\/portalurbano\/envion-1-visito-la-muestra-colectiva-vihsibles-que-se-expone-en-el-centro-cultural-universitario\/"},"author":{"name":"admpu17wp","@id":"https:\/\/experienciadevida.com.ar\/portalurbano\/#\/schema\/person\/02dd326b1c4b056e9cc972486934a3a7"},"headline":"Envi\u00f3n 1 visit\u00f3 la Muestra Colectiva \u00abVihsibles\u00bb que se expone en el Centro Cultural Universitario","datePublished":"2022-10-01T14:20:43+00:00","dateModified":"2022-10-01T14:25:21+00:00","mainEntityOfPage":{"@id":"https:\/\/experienciadevida.com.ar\/portalurbano\/envion-1-visito-la-muestra-colectiva-vihsibles-que-se-expone-en-el-centro-cultural-universitario\/"},"wordCount":204,"publisher":{"@id":"https:\/\/experienciadevida.com.ar\/portalurbano\/#organization"},"articleSection":["Ciudad"],"inLanguage":"es"},{"@type":"WebPage","@id":"https:\/\/experienciadevida.com.ar\/portalurbano\/envion-1-visito-la-muestra-colectiva-vihsibles-que-se-expone-en-el-centro-cultural-universitario\/","url":"https:\/\/experienciadevida.com.ar\/portalurbano\/envion-1-visito-la-muestra-colectiva-vihsibles-que-se-expone-en-el-centro-cultural-universitario\/","name":"Envi\u00f3n 1 visit\u00f3 la Muestra colectiva \"Vihsibles\"","isPartOf":{"@id":"https:\/\/experienciadevida.com.ar\/portalurbano\/#website"},"datePublished":"2022-10-01T14:20:43+00:00","dateModified":"2022-10-01T14:25:21+00:00","description":"Envi\u00f3n 1 visit\u00f3 la Muestra Colectiva \u00abVihsibles\u00bb que se expone en el Centro Cultural Universitario, la Direcci\u00f3n de Ni\u00f1eces y Adolescencias","breadcrumb":{"@id":"https:\/\/experienciadevida.com.ar\/portalurbano\/envion-1-visito-la-muestra-colectiva-vihsibles-que-se-expone-en-el-centro-cultural-universitario\/#breadcrumb"},"inLanguage":"es","potentialAction":[{"@type":"ReadAction","target":["https:\/\/experienciadevida.com.ar\/portalurbano\/envion-1-visito-la-muestra-colectiva-vihsibles-que-se-expone-en-el-centro-cultural-universitario\/"]}]},{"@type":"BreadcrumbList","@id":"https:\/\/experienciadevida.com.ar\/portalurbano\/envion-1-visito-la-muestra-colectiva-vihsibles-que-se-expone-en-el-centro-cultural-universitario\/#breadcrumb","itemListElement":[{"@type":"ListItem","position":1,"name":"Portada","item":"https:\/\/experienciadevida.com.ar\/portalurbano\/"},{"@type":"ListItem","position":2,"name":"Envi\u00f3n 1 visit\u00f3 la Muestra Colectiva \u00abVihsibles\u00bb que se expone en el Centro Cultural Universitario"}]},{"@type":"WebSite","@id":"https:\/\/experienciadevida.com.ar\/portalurbano\/#website","url":"https:\/\/experienciadevida.com.ar\/portalurbano\/","name":"","description":"","publisher":{"@id":"https:\/\/experienciadevida.com.ar\/portalurbano\/#organization"},"potentialAction":[{"@type":"SearchAction","target":{"@type":"EntryPoint","urlTemplate":"https:\/\/experienciadevida.com.ar\/portalurbano\/?s={search_term_string}"},"query-input":"required name=search_term_string"}],"inLanguage":"es"},{"@type":"Organization","@id":"https:\/\/experienciadevida.com.ar\/portalurbano\/#organization","name":"Portal Urbano","url":"https:\/\/experienciadevida.com.ar\/portalurbano\/","logo":{"@type":"ImageObject","inLanguage":"es","@id":"https:\/\/experienciadevida.com.ar\/portalurbano\/#\/schema\/logo\/image\/","url":"https:\/\/experienciadevida.com.ar\/portalurbano\/wp-content\/uploads\/2019\/09\/Logo-Original.png","contentUrl":"https:\/\/experienciadevida.com.ar\/portalurbano\/wp-content\/uploads\/2019\/09\/Logo-Original.png","width":2236,"height":1216,"caption":"Portal Urbano"},"image":{"@id":"https:\/\/experienciadevida.com.ar\/portalurbano\/#\/schema\/logo\/image\/"},"sameAs":["https:\/\/www.facebook.com\/Portal-Urbano-171542830093757\/","https:\/\/twitter.com\/portalurbanook","https:\/\/www.instagram.com\/_portalurbano\/","https:\/\/www.youtube.com\/channel\/UCXhagIfszH8KxFiOok79zbA?view_as=subscriber"]},{"@type":"Person","@id":"https:\/\/experienciadevida.com.ar\/portalurbano\/#\/schema\/person\/02dd326b1c4b056e9cc972486934a3a7","name":"admpu17wp","image":{"@type":"ImageObject","inLanguage":"es","@id":"https:\/\/experienciadevida.com.ar\/portalurbano\/#\/schema\/person\/image\/","url":"https:\/\/secure.gravatar.com\/avatar\/830d4c57adaae6630765e449a6908047?s=96&d=mm&r=g","contentUrl":"https:\/\/secure.gravatar.com\/avatar\/830d4c57adaae6630765e449a6908047?s=96&d=mm&r=g","caption":"admpu17wp"}}]}},"featured_image_urls":{"full":["https:\/\/experienciadevida.com.ar\/portalurbano\/wp-content\/uploads\/2022\/10\/Envion-1-visito-la.jpg",1772,1181,false],"thumbnail":["https:\/\/experienciadevida.com.ar\/portalurbano\/wp-content\/uploads\/2022\/10\/Envion-1-visito-la-150x150.jpg",150,150,true],"medium":["https:\/\/experienciadevida.com.ar\/portalurbano\/wp-content\/uploads\/2022\/10\/Envion-1-visito-la-300x200.jpg",300,200,true],"medium_large":["https:\/\/experienciadevida.com.ar\/portalurbano\/wp-content\/uploads\/2022\/10\/Envion-1-visito-la-768x512.jpg",640,427,true],"large":["https:\/\/experienciadevida.com.ar\/portalurbano\/wp-content\/uploads\/2022\/10\/Envion-1-visito-la-1024x682.jpg",640,426,true],"ug_big":["https:\/\/experienciadevida.com.ar\/portalurbano\/wp-content\/uploads\/2022\/10\/Envion-1-visito-la-768x512.jpg",768,512,true],"1536x1536":["https:\/\/experienciadevida.com.ar\/portalurbano\/wp-content\/uploads\/2022\/10\/Envion-1-visito-la-1536x1024.jpg",1536,1024,true],"2048x2048":["https:\/\/experienciadevida.com.ar\/portalurbano\/wp-content\/uploads\/2022\/10\/Envion-1-visito-la.jpg",1772,1181,false],"newsever-slider-full":["https:\/\/experienciadevida.com.ar\/portalurbano\/wp-content\/uploads\/2022\/10\/Envion-1-visito-la.jpg",1268,845,false],"newsever-featured":["https:\/\/experienciadevida.com.ar\/portalurbano\/wp-content\/uploads\/2022\/10\/Envion-1-visito-la.jpg",1024,682,false],"newsever-medium":["https:\/\/experienciadevida.com.ar\/portalurbano\/wp-content\/uploads\/2022\/10\/Envion-1-visito-la.jpg",713,475,false],"web-stories-poster-portrait":["https:\/\/experienciadevida.com.ar\/portalurbano\/wp-content\/uploads\/2022\/10\/Envion-1-visito-la-640x853.jpg",640,853,true],"web-stories-publisher-logo":["https:\/\/experienciadevida.com.ar\/portalurbano\/wp-content\/uploads\/2022\/10\/Envion-1-visito-la-96x96.jpg",96,96,true],"web-stories-thumbnail":["https:\/\/experienciadevida.com.ar\/portalurbano\/wp-content\/uploads\/2022\/10\/Envion-1-visito-la-150x100.jpg",150,100,true]},"author_info":{"display_name":"admpu17wp","author_link":"https:\/\/experienciadevida.com.ar\/portalurbano\/author\/admpu17wp\/"},"category_info":"<a href=\"https:\/\/experienciadevida.com.ar\/portalurbano\/category\/ciudad\/\" rel=\"category tag\">Ciudad<\/a>","tag_info":"Ciudad","comment_count":"0","amp_enabled":true,"_links":{"self":[{"href":"https:\/\/experienciadevida.com.ar\/portalurbano\/wp-json\/wp\/v2\/posts\/177445"}],"collection":[{"href":"https:\/\/experienciadevida.com.ar\/portalurbano\/wp-json\/wp\/v2\/posts"}],"about":[{"href":"https:\/\/experienciadevida.com.ar\/portalurbano\/wp-json\/wp\/v2\/types\/post"}],"author":[{"embeddable":true,"href":"https:\/\/experienciadevida.com.ar\/portalurbano\/wp-json\/wp\/v2\/users\/1"}],"replies":[{"embeddable":true,"href":"https:\/\/experienciadevida.com.ar\/portalurbano\/wp-json\/wp\/v2\/comments?post=177445"}],"version-history":[{"count":4,"href":"https:\/\/experienciadevida.com.ar\/portalurbano\/wp-json\/wp\/v2\/posts\/177445\/revisions"}],"predecessor-version":[{"id":177452,"href":"https:\/\/experienciadevida.com.ar\/portalurbano\/wp-json\/wp\/v2\/posts\/177445\/revisions\/177452"}],"wp:featuredmedia":[{"embeddable":true,"href":"https:\/\/experienciadevida.com.ar\/portalurbano\/wp-json\/wp\/v2\/media\/177446"}],"wp:attachment":[{"href":"https:\/\/experienciadevida.com.ar\/portalurbano\/wp-json\/wp\/v2\/media?parent=177445"}],"wp:term":[{"taxonomy":"category","embeddable":true,"href":"https:\/\/experienciadevida.com.ar\/portalurbano\/wp-json\/wp\/v2\/categories?post=177445"},{"taxonomy":"post_tag","embeddable":true,"href":"https:\/\/experienciadevida.com.ar\/portalurbano\/wp-json\/wp\/v2\/tags?post=177445"}],"curies":[{"name":"wp","href":"https:\/\/api.w.org\/{rel}","templated":true}]}}