{"id":177441,"date":"2022-10-01T11:19:03","date_gmt":"2022-10-01T14:19:03","guid":{"rendered":"https:\/\/experienciadevida.com.ar\/portalurbano\/?p=177441"},"modified":"2022-10-01T11:19:21","modified_gmt":"2022-10-01T14:19:21","slug":"jornadas-de-castracion-y-vacunacion-antirrabica-canina-y-felina-en-localidades","status":"publish","type":"post","link":"https:\/\/experienciadevida.com.ar\/portalurbano\/jornadas-de-castracion-y-vacunacion-antirrabica-canina-y-felina-en-localidades\/","title":{"rendered":"Jornadas de castraci\u00f3n y vacunaci\u00f3n antirr\u00e1bica canina y felina en localidades"},"content":{"rendered":"<p>Jornadas de castraci\u00f3n y vacunaci\u00f3n antirr\u00e1bica canina y felina en localidades, desde la Direcci\u00f3n de <a href=\"https:\/\/www.facebook.com\/profile.php?id=100009966739206\">Bromatolog\u00eda <\/a>se recuerda que para el mes de octubre se programaron dos jornadas especiales de castraci\u00f3n y vacunaci\u00f3n antirr\u00e1bica canina y felina en localidades rurales.<\/p>\n<p>La primera ser\u00e1 este s\u00e1bado 1\u00ba de octubre, de 9 a 12 horas, en el Club Social y Deportivo de Santa Luisa.<\/p>\n<p>Para la atenci\u00f3n en el Quir\u00f3fano M\u00f3vil, los vecinos de Santa Luisa deber\u00e1n solicitar turno previamente acordado por mensaje de texto, v\u00eda WhatsApp al (2284) 229029 (L\u00ednea Interactiva) o comunicarse con personal de la Delegaci\u00f3n al 15-471560.<\/p>\n<p>El s\u00e1bado 15 de octubre, dicha jornada se repetir\u00e1 en Recalde, de 9 a 12 horas, el sal\u00f3n \u201cEl Quincho\u201d, frente al Parque Centenario.<\/p>\n<p>De la misma forma, para esterilizaciones quir\u00fargicas de caninos y felinos, los vecinos de Recalde deber\u00e1n solicitar turno previamente acordado por mensaje de texto, v\u00eda WhatsApp al (2284) 229029 (L\u00ednea Interactiva) o bien deber\u00e1n comunicarse con personal de la Delegaci\u00f3n de 8 a 12 horas.<\/p>\n<p>En el caso de la vacunaci\u00f3n antirr\u00e1bica se efectuar\u00e1, tanto en Santa Luisa como en Recalde por orden de llegada.<\/p>\n<p>A continuaci\u00f3n, te dejamos algunas recomendaciones a tener en cuenta para la jornada de castraci\u00f3n y vacunaci\u00f3n antirr\u00e1bica canina y felina:<\/p>\n<p>Se solicita que las mascotas sean trasladadas por un adulto de forma segura.<br \/>\nSi es un canino acercarlo con correa y pretal o collar (y bozal en caso de ser necesario).<br \/>\nSi es un felino, llevarlo encerrado en un canil, jaula grande o canasto calado, bien cerrado, con adecuada ventilaci\u00f3n. No llevarlo suelto o en una caja de cart\u00f3n.<br \/>\nConsidera quedarte en el lugar, esperando a tu mascota y llevar una manta para poder taparlo.<br \/>\nPor \u00faltimo, cabe aclarar que en caso de lluvia, la jornada se suspender\u00e1 y se reprogramar\u00e1, siendo oportunamente informada por canales oficiales.<\/p>\n<p>&nbsp;<\/p>\n<p>&nbsp;<\/p>\n","protected":false},"excerpt":{"rendered":"<p>Jornadas de castraci\u00f3n y vacunaci\u00f3n antirr\u00e1bica canina y felina en localidades, desde la Direcci\u00f3n de&#8230;<\/p>\n","protected":false},"author":1,"featured_media":177442,"comment_status":"closed","ping_status":"closed","sticky":false,"template":"","format":"standard","meta":{"content-type":""},"categories":[27],"tags":[],"nelio_content":{"isAutoShareEnabled":false,"autoShareEndMode":"default","automationSources":{"useContentSentences":true,"useSocialTemplates":true,"useCustomSentences":false,"customSentences":[]},"followers":[1],"suggestedReferences":[],"includedReferences":[],"efiUrl":"","efiAlt":"","highlights":[]},"yoast_head":"<!-- This site is optimized with the Yoast SEO plugin v20.7 - https:\/\/yoast.com\/wordpress\/plugins\/seo\/ -->\n<title>Jornadas de castraci\u00f3n y vacunaci\u00f3n antirr\u00e1bica canina y felina<\/title>\n<meta name=\"description\" content=\"Jornadas de castraci\u00f3n y vacunaci\u00f3n antirr\u00e1bica canina y felina en localidades, desde la Direcci\u00f3n de Bromatolog\u00eda recuerda\" \/>\n<meta name=\"robots\" content=\"index, follow, max-snippet:-1, max-image-preview:large, max-video-preview:-1\" \/>\n<link rel=\"canonical\" href=\"https:\/\/experienciadevida.com.ar\/portalurbano\/jornadas-de-castracion-y-vacunacion-antirrabica-canina-y-felina-en-localidades\/\" \/>\n<meta property=\"og:locale\" content=\"es_ES\" \/>\n<meta property=\"og:type\" content=\"article\" \/>\n<meta property=\"og:title\" content=\"Jornadas de castraci\u00f3n y vacunaci\u00f3n antirr\u00e1bica canina y felina\" \/>\n<meta property=\"og:description\" content=\"Jornadas de castraci\u00f3n y vacunaci\u00f3n antirr\u00e1bica canina y felina en localidades, desde la Direcci\u00f3n de Bromatolog\u00eda recuerda\" \/>\n<meta property=\"og:url\" content=\"https:\/\/experienciadevida.com.ar\/portalurbano\/jornadas-de-castracion-y-vacunacion-antirrabica-canina-y-felina-en-localidades\/\" \/>\n<meta property=\"article:publisher\" content=\"https:\/\/www.facebook.com\/Portal-Urbano-171542830093757\/\" \/>\n<meta property=\"article:published_time\" content=\"2022-10-01T14:19:03+00:00\" \/>\n<meta property=\"article:modified_time\" content=\"2022-10-01T14:19:21+00:00\" \/>\n<meta property=\"og:image\" content=\"https:\/\/experienciadevida.com.ar\/portalurbano\/wp-content\/uploads\/2022\/10\/Jornadas-de-castracion-y.jpg\" \/>\n\t<meta property=\"og:image:width\" content=\"1024\" \/>\n\t<meta property=\"og:image:height\" content=\"682\" \/>\n\t<meta property=\"og:image:type\" content=\"image\/jpeg\" \/>\n<meta name=\"author\" content=\"admpu17wp\" \/>\n<meta name=\"twitter:card\" content=\"summary_large_image\" \/>\n<meta name=\"twitter:creator\" content=\"@portalurbanook\" \/>\n<meta name=\"twitter:site\" content=\"@portalurbanook\" \/>\n<meta name=\"twitter:label1\" content=\"Escrito por\" \/>\n\t<meta name=\"twitter:data1\" content=\"admpu17wp\" \/>\n\t<meta name=\"twitter:label2\" content=\"Tiempo de lectura\" \/>\n\t<meta name=\"twitter:data2\" content=\"2 minutos\" \/>\n<script type=\"application\/ld+json\" class=\"yoast-schema-graph\">{\"@context\":\"https:\/\/schema.org\",\"@graph\":[{\"@type\":\"Article\",\"@id\":\"https:\/\/experienciadevida.com.ar\/portalurbano\/jornadas-de-castracion-y-vacunacion-antirrabica-canina-y-felina-en-localidades\/#article\",\"isPartOf\":{\"@id\":\"https:\/\/experienciadevida.com.ar\/portalurbano\/jornadas-de-castracion-y-vacunacion-antirrabica-canina-y-felina-en-localidades\/\"},\"author\":{\"name\":\"admpu17wp\",\"@id\":\"https:\/\/experienciadevida.com.ar\/portalurbano\/#\/schema\/person\/02dd326b1c4b056e9cc972486934a3a7\"},\"headline\":\"Jornadas de castraci\u00f3n y vacunaci\u00f3n antirr\u00e1bica canina y felina en localidades\",\"datePublished\":\"2022-10-01T14:19:03+00:00\",\"dateModified\":\"2022-10-01T14:19:21+00:00\",\"mainEntityOfPage\":{\"@id\":\"https:\/\/experienciadevida.com.ar\/portalurbano\/jornadas-de-castracion-y-vacunacion-antirrabica-canina-y-felina-en-localidades\/\"},\"wordCount\":342,\"publisher\":{\"@id\":\"https:\/\/experienciadevida.com.ar\/portalurbano\/#organization\"},\"articleSection\":[\"Ciudad\"],\"inLanguage\":\"es\"},{\"@type\":\"WebPage\",\"@id\":\"https:\/\/experienciadevida.com.ar\/portalurbano\/jornadas-de-castracion-y-vacunacion-antirrabica-canina-y-felina-en-localidades\/\",\"url\":\"https:\/\/experienciadevida.com.ar\/portalurbano\/jornadas-de-castracion-y-vacunacion-antirrabica-canina-y-felina-en-localidades\/\",\"name\":\"Jornadas de castraci\u00f3n y vacunaci\u00f3n antirr\u00e1bica canina y felina\",\"isPartOf\":{\"@id\":\"https:\/\/experienciadevida.com.ar\/portalurbano\/#website\"},\"datePublished\":\"2022-10-01T14:19:03+00:00\",\"dateModified\":\"2022-10-01T14:19:21+00:00\",\"description\":\"Jornadas de castraci\u00f3n y vacunaci\u00f3n antirr\u00e1bica canina y felina en localidades, desde la Direcci\u00f3n de Bromatolog\u00eda recuerda\",\"breadcrumb\":{\"@id\":\"https:\/\/experienciadevida.com.ar\/portalurbano\/jornadas-de-castracion-y-vacunacion-antirrabica-canina-y-felina-en-localidades\/#breadcrumb\"},\"inLanguage\":\"es\",\"potentialAction\":[{\"@type\":\"ReadAction\",\"target\":[\"https:\/\/experienciadevida.com.ar\/portalurbano\/jornadas-de-castracion-y-vacunacion-antirrabica-canina-y-felina-en-localidades\/\"]}]},{\"@type\":\"BreadcrumbList\",\"@id\":\"https:\/\/experienciadevida.com.ar\/portalurbano\/jornadas-de-castracion-y-vacunacion-antirrabica-canina-y-felina-en-localidades\/#breadcrumb\",\"itemListElement\":[{\"@type\":\"ListItem\",\"position\":1,\"name\":\"Portada\",\"item\":\"https:\/\/experienciadevida.com.ar\/portalurbano\/\"},{\"@type\":\"ListItem\",\"position\":2,\"name\":\"Jornadas de castraci\u00f3n y vacunaci\u00f3n antirr\u00e1bica canina y felina en localidades\"}]},{\"@type\":\"WebSite\",\"@id\":\"https:\/\/experienciadevida.com.ar\/portalurbano\/#website\",\"url\":\"https:\/\/experienciadevida.com.ar\/portalurbano\/\",\"name\":\"\",\"description\":\"\",\"publisher\":{\"@id\":\"https:\/\/experienciadevida.com.ar\/portalurbano\/#organization\"},\"potentialAction\":[{\"@type\":\"SearchAction\",\"target\":{\"@type\":\"EntryPoint\",\"urlTemplate\":\"https:\/\/experienciadevida.com.ar\/portalurbano\/?s={search_term_string}\"},\"query-input\":\"required name=search_term_string\"}],\"inLanguage\":\"es\"},{\"@type\":\"Organization\",\"@id\":\"https:\/\/experienciadevida.com.ar\/portalurbano\/#organization\",\"name\":\"Portal Urbano\",\"url\":\"https:\/\/experienciadevida.com.ar\/portalurbano\/\",\"logo\":{\"@type\":\"ImageObject\",\"inLanguage\":\"es\",\"@id\":\"https:\/\/experienciadevida.com.ar\/portalurbano\/#\/schema\/logo\/image\/\",\"url\":\"https:\/\/experienciadevida.com.ar\/portalurbano\/wp-content\/uploads\/2019\/09\/Logo-Original.png\",\"contentUrl\":\"https:\/\/experienciadevida.com.ar\/portalurbano\/wp-content\/uploads\/2019\/09\/Logo-Original.png\",\"width\":2236,\"height\":1216,\"caption\":\"Portal Urbano\"},\"image\":{\"@id\":\"https:\/\/experienciadevida.com.ar\/portalurbano\/#\/schema\/logo\/image\/\"},\"sameAs\":[\"https:\/\/www.facebook.com\/Portal-Urbano-171542830093757\/\",\"https:\/\/twitter.com\/portalurbanook\",\"https:\/\/www.instagram.com\/_portalurbano\/\",\"https:\/\/www.youtube.com\/channel\/UCXhagIfszH8KxFiOok79zbA?view_as=subscriber\"]},{\"@type\":\"Person\",\"@id\":\"https:\/\/experienciadevida.com.ar\/portalurbano\/#\/schema\/person\/02dd326b1c4b056e9cc972486934a3a7\",\"name\":\"admpu17wp\",\"image\":{\"@type\":\"ImageObject\",\"inLanguage\":\"es\",\"@id\":\"https:\/\/experienciadevida.com.ar\/portalurbano\/#\/schema\/person\/image\/\",\"url\":\"https:\/\/secure.gravatar.com\/avatar\/830d4c57adaae6630765e449a6908047?s=96&d=mm&r=g\",\"contentUrl\":\"https:\/\/secure.gravatar.com\/avatar\/830d4c57adaae6630765e449a6908047?s=96&d=mm&r=g\",\"caption\":\"admpu17wp\"}}]}<\/script>\n<!-- \/ Yoast SEO plugin. -->","yoast_head_json":{"title":"Jornadas de castraci\u00f3n y vacunaci\u00f3n antirr\u00e1bica canina y felina","description":"Jornadas de castraci\u00f3n y vacunaci\u00f3n antirr\u00e1bica canina y felina en localidades, desde la Direcci\u00f3n de Bromatolog\u00eda recuerda","robots":{"index":"index","follow":"follow","max-snippet":"max-snippet:-1","max-image-preview":"max-image-preview:large","max-video-preview":"max-video-preview:-1"},"canonical":"https:\/\/experienciadevida.com.ar\/portalurbano\/jornadas-de-castracion-y-vacunacion-antirrabica-canina-y-felina-en-localidades\/","og_locale":"es_ES","og_type":"article","og_title":"Jornadas de castraci\u00f3n y vacunaci\u00f3n antirr\u00e1bica canina y felina","og_description":"Jornadas de castraci\u00f3n y vacunaci\u00f3n antirr\u00e1bica canina y felina en localidades, desde la Direcci\u00f3n de Bromatolog\u00eda recuerda","og_url":"https:\/\/experienciadevida.com.ar\/portalurbano\/jornadas-de-castracion-y-vacunacion-antirrabica-canina-y-felina-en-localidades\/","article_publisher":"https:\/\/www.facebook.com\/Portal-Urbano-171542830093757\/","article_published_time":"2022-10-01T14:19:03+00:00","article_modified_time":"2022-10-01T14:19:21+00:00","og_image":[{"width":1024,"height":682,"url":"https:\/\/experienciadevida.com.ar\/portalurbano\/wp-content\/uploads\/2022\/10\/Jornadas-de-castracion-y.jpg","type":"image\/jpeg"}],"author":"admpu17wp","twitter_card":"summary_large_image","twitter_creator":"@portalurbanook","twitter_site":"@portalurbanook","twitter_misc":{"Escrito por":"admpu17wp","Tiempo de lectura":"2 minutos"},"schema":{"@context":"https:\/\/schema.org","@graph":[{"@type":"Article","@id":"https:\/\/experienciadevida.com.ar\/portalurbano\/jornadas-de-castracion-y-vacunacion-antirrabica-canina-y-felina-en-localidades\/#article","isPartOf":{"@id":"https:\/\/experienciadevida.com.ar\/portalurbano\/jornadas-de-castracion-y-vacunacion-antirrabica-canina-y-felina-en-localidades\/"},"author":{"name":"admpu17wp","@id":"https:\/\/experienciadevida.com.ar\/portalurbano\/#\/schema\/person\/02dd326b1c4b056e9cc972486934a3a7"},"headline":"Jornadas de castraci\u00f3n y vacunaci\u00f3n antirr\u00e1bica canina y felina en localidades","datePublished":"2022-10-01T14:19:03+00:00","dateModified":"2022-10-01T14:19:21+00:00","mainEntityOfPage":{"@id":"https:\/\/experienciadevida.com.ar\/portalurbano\/jornadas-de-castracion-y-vacunacion-antirrabica-canina-y-felina-en-localidades\/"},"wordCount":342,"publisher":{"@id":"https:\/\/experienciadevida.com.ar\/portalurbano\/#organization"},"articleSection":["Ciudad"],"inLanguage":"es"},{"@type":"WebPage","@id":"https:\/\/experienciadevida.com.ar\/portalurbano\/jornadas-de-castracion-y-vacunacion-antirrabica-canina-y-felina-en-localidades\/","url":"https:\/\/experienciadevida.com.ar\/portalurbano\/jornadas-de-castracion-y-vacunacion-antirrabica-canina-y-felina-en-localidades\/","name":"Jornadas de castraci\u00f3n y vacunaci\u00f3n antirr\u00e1bica canina y felina","isPartOf":{"@id":"https:\/\/experienciadevida.com.ar\/portalurbano\/#website"},"datePublished":"2022-10-01T14:19:03+00:00","dateModified":"2022-10-01T14:19:21+00:00","description":"Jornadas de castraci\u00f3n y vacunaci\u00f3n antirr\u00e1bica canina y felina en localidades, desde la Direcci\u00f3n de Bromatolog\u00eda recuerda","breadcrumb":{"@id":"https:\/\/experienciadevida.com.ar\/portalurbano\/jornadas-de-castracion-y-vacunacion-antirrabica-canina-y-felina-en-localidades\/#breadcrumb"},"inLanguage":"es","potentialAction":[{"@type":"ReadAction","target":["https:\/\/experienciadevida.com.ar\/portalurbano\/jornadas-de-castracion-y-vacunacion-antirrabica-canina-y-felina-en-localidades\/"]}]},{"@type":"BreadcrumbList","@id":"https:\/\/experienciadevida.com.ar\/portalurbano\/jornadas-de-castracion-y-vacunacion-antirrabica-canina-y-felina-en-localidades\/#breadcrumb","itemListElement":[{"@type":"ListItem","position":1,"name":"Portada","item":"https:\/\/experienciadevida.com.ar\/portalurbano\/"},{"@type":"ListItem","position":2,"name":"Jornadas de castraci\u00f3n y vacunaci\u00f3n antirr\u00e1bica canina y felina en localidades"}]},{"@type":"WebSite","@id":"https:\/\/experienciadevida.com.ar\/portalurbano\/#website","url":"https:\/\/experienciadevida.com.ar\/portalurbano\/","name":"","description":"","publisher":{"@id":"https:\/\/experienciadevida.com.ar\/portalurbano\/#organization"},"potentialAction":[{"@type":"SearchAction","target":{"@type":"EntryPoint","urlTemplate":"https:\/\/experienciadevida.com.ar\/portalurbano\/?s={search_term_string}"},"query-input":"required name=search_term_string"}],"inLanguage":"es"},{"@type":"Organization","@id":"https:\/\/experienciadevida.com.ar\/portalurbano\/#organization","name":"Portal Urbano","url":"https:\/\/experienciadevida.com.ar\/portalurbano\/","logo":{"@type":"ImageObject","inLanguage":"es","@id":"https:\/\/experienciadevida.com.ar\/portalurbano\/#\/schema\/logo\/image\/","url":"https:\/\/experienciadevida.com.ar\/portalurbano\/wp-content\/uploads\/2019\/09\/Logo-Original.png","contentUrl":"https:\/\/experienciadevida.com.ar\/portalurbano\/wp-content\/uploads\/2019\/09\/Logo-Original.png","width":2236,"height":1216,"caption":"Portal Urbano"},"image":{"@id":"https:\/\/experienciadevida.com.ar\/portalurbano\/#\/schema\/logo\/image\/"},"sameAs":["https:\/\/www.facebook.com\/Portal-Urbano-171542830093757\/","https:\/\/twitter.com\/portalurbanook","https:\/\/www.instagram.com\/_portalurbano\/","https:\/\/www.youtube.com\/channel\/UCXhagIfszH8KxFiOok79zbA?view_as=subscriber"]},{"@type":"Person","@id":"https:\/\/experienciadevida.com.ar\/portalurbano\/#\/schema\/person\/02dd326b1c4b056e9cc972486934a3a7","name":"admpu17wp","image":{"@type":"ImageObject","inLanguage":"es","@id":"https:\/\/experienciadevida.com.ar\/portalurbano\/#\/schema\/person\/image\/","url":"https:\/\/secure.gravatar.com\/avatar\/830d4c57adaae6630765e449a6908047?s=96&d=mm&r=g","contentUrl":"https:\/\/secure.gravatar.com\/avatar\/830d4c57adaae6630765e449a6908047?s=96&d=mm&r=g","caption":"admpu17wp"}}]}},"featured_image_urls":{"full":["https:\/\/experienciadevida.com.ar\/portalurbano\/wp-content\/uploads\/2022\/10\/Jornadas-de-castracion-y.jpg",1024,682,false],"thumbnail":["https:\/\/experienciadevida.com.ar\/portalurbano\/wp-content\/uploads\/2022\/10\/Jornadas-de-castracion-y-150x150.jpg",150,150,true],"medium":["https:\/\/experienciadevida.com.ar\/portalurbano\/wp-content\/uploads\/2022\/10\/Jornadas-de-castracion-y-300x200.jpg",300,200,true],"medium_large":["https:\/\/experienciadevida.com.ar\/portalurbano\/wp-content\/uploads\/2022\/10\/Jornadas-de-castracion-y-768x512.jpg",640,427,true],"large":["https:\/\/experienciadevida.com.ar\/portalurbano\/wp-content\/uploads\/2022\/10\/Jornadas-de-castracion-y.jpg",640,426,false],"ug_big":["https:\/\/experienciadevida.com.ar\/portalurbano\/wp-content\/uploads\/2022\/10\/Jornadas-de-castracion-y-768x512.jpg",768,512,true],"1536x1536":["https:\/\/experienciadevida.com.ar\/portalurbano\/wp-content\/uploads\/2022\/10\/Jornadas-de-castracion-y.jpg",1024,682,false],"2048x2048":["https:\/\/experienciadevida.com.ar\/portalurbano\/wp-content\/uploads\/2022\/10\/Jornadas-de-castracion-y.jpg",1024,682,false],"newsever-slider-full":["https:\/\/experienciadevida.com.ar\/portalurbano\/wp-content\/uploads\/2022\/10\/Jornadas-de-castracion-y.jpg",1024,682,false],"newsever-featured":["https:\/\/experienciadevida.com.ar\/portalurbano\/wp-content\/uploads\/2022\/10\/Jornadas-de-castracion-y.jpg",1024,682,false],"newsever-medium":["https:\/\/experienciadevida.com.ar\/portalurbano\/wp-content\/uploads\/2022\/10\/Jornadas-de-castracion-y.jpg",713,475,false],"web-stories-poster-portrait":["https:\/\/experienciadevida.com.ar\/portalurbano\/wp-content\/uploads\/2022\/10\/Jornadas-de-castracion-y-640x682.jpg",640,682,true],"web-stories-publisher-logo":["https:\/\/experienciadevida.com.ar\/portalurbano\/wp-content\/uploads\/2022\/10\/Jornadas-de-castracion-y-96x96.jpg",96,96,true],"web-stories-thumbnail":["https:\/\/experienciadevida.com.ar\/portalurbano\/wp-content\/uploads\/2022\/10\/Jornadas-de-castracion-y-150x100.jpg",150,100,true]},"author_info":{"display_name":"admpu17wp","author_link":"https:\/\/experienciadevida.com.ar\/portalurbano\/author\/admpu17wp\/"},"category_info":"<a href=\"https:\/\/experienciadevida.com.ar\/portalurbano\/category\/ciudad\/\" rel=\"category tag\">Ciudad<\/a>","tag_info":"Ciudad","comment_count":"0","amp_enabled":true,"_links":{"self":[{"href":"https:\/\/experienciadevida.com.ar\/portalurbano\/wp-json\/wp\/v2\/posts\/177441"}],"collection":[{"href":"https:\/\/experienciadevida.com.ar\/portalurbano\/wp-json\/wp\/v2\/posts"}],"about":[{"href":"https:\/\/experienciadevida.com.ar\/portalurbano\/wp-json\/wp\/v2\/types\/post"}],"author":[{"embeddable":true,"href":"https:\/\/experienciadevida.com.ar\/portalurbano\/wp-json\/wp\/v2\/users\/1"}],"replies":[{"embeddable":true,"href":"https:\/\/experienciadevida.com.ar\/portalurbano\/wp-json\/wp\/v2\/comments?post=177441"}],"version-history":[{"count":2,"href":"https:\/\/experienciadevida.com.ar\/portalurbano\/wp-json\/wp\/v2\/posts\/177441\/revisions"}],"predecessor-version":[{"id":177444,"href":"https:\/\/experienciadevida.com.ar\/portalurbano\/wp-json\/wp\/v2\/posts\/177441\/revisions\/177444"}],"wp:featuredmedia":[{"embeddable":true,"href":"https:\/\/experienciadevida.com.ar\/portalurbano\/wp-json\/wp\/v2\/media\/177442"}],"wp:attachment":[{"href":"https:\/\/experienciadevida.com.ar\/portalurbano\/wp-json\/wp\/v2\/media?parent=177441"}],"wp:term":[{"taxonomy":"category","embeddable":true,"href":"https:\/\/experienciadevida.com.ar\/portalurbano\/wp-json\/wp\/v2\/categories?post=177441"},{"taxonomy":"post_tag","embeddable":true,"href":"https:\/\/experienciadevida.com.ar\/portalurbano\/wp-json\/wp\/v2\/tags?post=177441"}],"curies":[{"name":"wp","href":"https:\/\/api.w.org\/{rel}","templated":true}]}}