{"id":177051,"date":"2022-09-28T10:32:34","date_gmt":"2022-09-28T13:32:34","guid":{"rendered":"https:\/\/experienciadevida.com.ar\/portalurbano\/?p=177051"},"modified":"2022-09-28T10:55:03","modified_gmt":"2022-09-28T13:55:03","slug":"hoy-es-el-dia-mundial-de-lucha-contra-la-rabia","status":"publish","type":"post","link":"https:\/\/experienciadevida.com.ar\/portalurbano\/hoy-es-el-dia-mundial-de-lucha-contra-la-rabia\/","title":{"rendered":"Hoy es el d\u00eda Mundial de lucha contra la Rabia"},"content":{"rendered":"<p>Hoy es el d\u00eda Mundial de lucha contra la Rabia, con motivo de conmemorarse este mi\u00e9rcoles, como cada 28 de septiembre, el D\u00eda Mundial de lucha contra la Rabia, la Direcci\u00f3n de Bromatolog\u00eda del Municipio ofrece informaci\u00f3n vinculada a concientizar sobre la prevenci\u00f3n de la enfermedad y sus consecuencias, tanto para animales como para humanos.<\/p>\n<p>La rabia es una enfermedad zoon\u00f3tica mortal, que puede afectar el sistema nervioso central de todos los mam\u00edferos, entre ellos el humano, y una vez que se manifiesta causa inevitablemente la muerte.<\/p>\n<p>El virus est\u00e1 presente en la saliva y el cerebro de los animales infectados, siendo la saliva el medio de contagio, generalmente a trav\u00e9s de una mordedura.<\/p>\n<p>Desde el \u00e1rea de zoonosis de la Direcci\u00f3n de Bromatolog\u00eda se promueve y trabaja permanentemente sobre la prevenci\u00f3n de la enfermedad. Por tal motivo todos los a\u00f1os durante, los meses de septiembre y hasta fines de noviembre, se lleva a cabo la Campa\u00f1a Anual de Vacunaci\u00f3n Antirr\u00e1bica. Actualmente se disponen 39 puestos distribuidos por todos los barrios y localidades del partido.<\/p>\n<p>En este sentido, se recuerda que este jueves 29 se dispondr\u00e1 del puesto de inmunizaci\u00f3n en el Parque Mitre \u2013 Paseo de la Salud (Brown y Belgrano), de 9 a 12:30 horas; en tanto que el s\u00e1bado 1\u00ba estar\u00e1n en Santa Luisa \u2013 Club Santa Luisa \u2013 de 9:00 a 13 horas.<\/p>\n<p>Es importante recordar que los principales transmisores de la rabia son los perros, gatos, murci\u00e9lagos y zorros; y que para prevenirla es fundamental realizar la vacunaci\u00f3n de perros y gatos anualmente a partir de los tres meses de edad. La vacunaci\u00f3n es anual, obligatoria y gratuita para todos los perros y gatos.<\/p>\n<p>Si un animal enfermo de rabia nos muerde, ara\u00f1a o lame una herida podemos contraer la enfermedad, la cual es potencialmente mortal. Recordemos que si encontramos un murci\u00e9lago NO debemos tocarlo y evitar su contacto con perros y\/o gatos. Es importante comunicar la situaci\u00f3n dirigi\u00e9ndose a la Direcci\u00f3n de Bromatolog\u00eda (Av. Urquiza 5493), en el horario de 8 a 13 horas o por tel\u00e9fono al 2284-423737.<\/p>\n","protected":false},"excerpt":{"rendered":"<p>Hoy es el d\u00eda Mundial de lucha contra la Rabia, con motivo de conmemorarse este&#8230;<\/p>\n","protected":false},"author":1,"featured_media":177052,"comment_status":"closed","ping_status":"closed","sticky":false,"template":"","format":"standard","meta":{"content-type":""},"categories":[27,64],"tags":[],"nelio_content":{"isAutoShareEnabled":false,"autoShareEndMode":"default","automationSources":{"useContentSentences":true,"useSocialTemplates":true,"useCustomSentences":false,"customSentences":[]},"followers":[1],"suggestedReferences":[],"includedReferences":[],"efiUrl":"","efiAlt":"","highlights":[]},"yoast_head":"<!-- This site is optimized with the Yoast SEO plugin v20.7 - https:\/\/yoast.com\/wordpress\/plugins\/seo\/ -->\n<title>Hoy es el d\u00eda mundial de lucha contra la rabia<\/title>\n<meta name=\"description\" content=\"Hoy es el d\u00eda Mundial de lucha contra la Rabia, con motivo de conmemorarse este mi\u00e9rcoles, como cada 28 de septiembre,\" \/>\n<meta name=\"robots\" content=\"index, follow, max-snippet:-1, max-image-preview:large, max-video-preview:-1\" \/>\n<link rel=\"canonical\" href=\"https:\/\/experienciadevida.com.ar\/portalurbano\/hoy-es-el-dia-mundial-de-lucha-contra-la-rabia\/\" \/>\n<meta property=\"og:locale\" content=\"es_ES\" \/>\n<meta property=\"og:type\" content=\"article\" \/>\n<meta property=\"og:title\" content=\"Hoy es el d\u00eda mundial de lucha contra la rabia\" \/>\n<meta property=\"og:description\" content=\"Hoy es el d\u00eda Mundial de lucha contra la Rabia, con motivo de conmemorarse este mi\u00e9rcoles, como cada 28 de septiembre,\" \/>\n<meta property=\"og:url\" content=\"https:\/\/experienciadevida.com.ar\/portalurbano\/hoy-es-el-dia-mundial-de-lucha-contra-la-rabia\/\" \/>\n<meta property=\"article:publisher\" content=\"https:\/\/www.facebook.com\/Portal-Urbano-171542830093757\/\" \/>\n<meta property=\"article:published_time\" content=\"2022-09-28T13:32:34+00:00\" \/>\n<meta property=\"article:modified_time\" content=\"2022-09-28T13:55:03+00:00\" \/>\n<meta property=\"og:image\" content=\"https:\/\/experienciadevida.com.ar\/portalurbano\/wp-content\/uploads\/2022\/09\/Hoy-es-el-dia.jpg\" \/>\n\t<meta property=\"og:image:width\" content=\"1772\" \/>\n\t<meta property=\"og:image:height\" content=\"1181\" \/>\n\t<meta property=\"og:image:type\" content=\"image\/jpeg\" \/>\n<meta name=\"author\" content=\"admpu17wp\" \/>\n<meta name=\"twitter:card\" content=\"summary_large_image\" \/>\n<meta name=\"twitter:creator\" content=\"@portalurbanook\" \/>\n<meta name=\"twitter:site\" content=\"@portalurbanook\" \/>\n<meta name=\"twitter:label1\" content=\"Escrito por\" \/>\n\t<meta name=\"twitter:data1\" content=\"admpu17wp\" \/>\n\t<meta name=\"twitter:label2\" content=\"Tiempo de lectura\" \/>\n\t<meta name=\"twitter:data2\" content=\"2 minutos\" \/>\n<script type=\"application\/ld+json\" class=\"yoast-schema-graph\">{\"@context\":\"https:\/\/schema.org\",\"@graph\":[{\"@type\":\"Article\",\"@id\":\"https:\/\/experienciadevida.com.ar\/portalurbano\/hoy-es-el-dia-mundial-de-lucha-contra-la-rabia\/#article\",\"isPartOf\":{\"@id\":\"https:\/\/experienciadevida.com.ar\/portalurbano\/hoy-es-el-dia-mundial-de-lucha-contra-la-rabia\/\"},\"author\":{\"name\":\"admpu17wp\",\"@id\":\"https:\/\/experienciadevida.com.ar\/portalurbano\/#\/schema\/person\/02dd326b1c4b056e9cc972486934a3a7\"},\"headline\":\"Hoy es el d\u00eda Mundial de lucha contra la Rabia\",\"datePublished\":\"2022-09-28T13:32:34+00:00\",\"dateModified\":\"2022-09-28T13:55:03+00:00\",\"mainEntityOfPage\":{\"@id\":\"https:\/\/experienciadevida.com.ar\/portalurbano\/hoy-es-el-dia-mundial-de-lucha-contra-la-rabia\/\"},\"wordCount\":373,\"publisher\":{\"@id\":\"https:\/\/experienciadevida.com.ar\/portalurbano\/#organization\"},\"articleSection\":[\"Ciudad\",\"Destacadas 2\"],\"inLanguage\":\"es\"},{\"@type\":\"WebPage\",\"@id\":\"https:\/\/experienciadevida.com.ar\/portalurbano\/hoy-es-el-dia-mundial-de-lucha-contra-la-rabia\/\",\"url\":\"https:\/\/experienciadevida.com.ar\/portalurbano\/hoy-es-el-dia-mundial-de-lucha-contra-la-rabia\/\",\"name\":\"Hoy es el d\u00eda mundial de lucha contra la rabia\",\"isPartOf\":{\"@id\":\"https:\/\/experienciadevida.com.ar\/portalurbano\/#website\"},\"datePublished\":\"2022-09-28T13:32:34+00:00\",\"dateModified\":\"2022-09-28T13:55:03+00:00\",\"description\":\"Hoy es el d\u00eda Mundial de lucha contra la Rabia, con motivo de conmemorarse este mi\u00e9rcoles, como cada 28 de septiembre,\",\"breadcrumb\":{\"@id\":\"https:\/\/experienciadevida.com.ar\/portalurbano\/hoy-es-el-dia-mundial-de-lucha-contra-la-rabia\/#breadcrumb\"},\"inLanguage\":\"es\",\"potentialAction\":[{\"@type\":\"ReadAction\",\"target\":[\"https:\/\/experienciadevida.com.ar\/portalurbano\/hoy-es-el-dia-mundial-de-lucha-contra-la-rabia\/\"]}]},{\"@type\":\"BreadcrumbList\",\"@id\":\"https:\/\/experienciadevida.com.ar\/portalurbano\/hoy-es-el-dia-mundial-de-lucha-contra-la-rabia\/#breadcrumb\",\"itemListElement\":[{\"@type\":\"ListItem\",\"position\":1,\"name\":\"Portada\",\"item\":\"https:\/\/experienciadevida.com.ar\/portalurbano\/\"},{\"@type\":\"ListItem\",\"position\":2,\"name\":\"Hoy es el d\u00eda Mundial de lucha contra la Rabia\"}]},{\"@type\":\"WebSite\",\"@id\":\"https:\/\/experienciadevida.com.ar\/portalurbano\/#website\",\"url\":\"https:\/\/experienciadevida.com.ar\/portalurbano\/\",\"name\":\"\",\"description\":\"\",\"publisher\":{\"@id\":\"https:\/\/experienciadevida.com.ar\/portalurbano\/#organization\"},\"potentialAction\":[{\"@type\":\"SearchAction\",\"target\":{\"@type\":\"EntryPoint\",\"urlTemplate\":\"https:\/\/experienciadevida.com.ar\/portalurbano\/?s={search_term_string}\"},\"query-input\":\"required name=search_term_string\"}],\"inLanguage\":\"es\"},{\"@type\":\"Organization\",\"@id\":\"https:\/\/experienciadevida.com.ar\/portalurbano\/#organization\",\"name\":\"Portal Urbano\",\"url\":\"https:\/\/experienciadevida.com.ar\/portalurbano\/\",\"logo\":{\"@type\":\"ImageObject\",\"inLanguage\":\"es\",\"@id\":\"https:\/\/experienciadevida.com.ar\/portalurbano\/#\/schema\/logo\/image\/\",\"url\":\"https:\/\/experienciadevida.com.ar\/portalurbano\/wp-content\/uploads\/2019\/09\/Logo-Original.png\",\"contentUrl\":\"https:\/\/experienciadevida.com.ar\/portalurbano\/wp-content\/uploads\/2019\/09\/Logo-Original.png\",\"width\":2236,\"height\":1216,\"caption\":\"Portal Urbano\"},\"image\":{\"@id\":\"https:\/\/experienciadevida.com.ar\/portalurbano\/#\/schema\/logo\/image\/\"},\"sameAs\":[\"https:\/\/www.facebook.com\/Portal-Urbano-171542830093757\/\",\"https:\/\/twitter.com\/portalurbanook\",\"https:\/\/www.instagram.com\/_portalurbano\/\",\"https:\/\/www.youtube.com\/channel\/UCXhagIfszH8KxFiOok79zbA?view_as=subscriber\"]},{\"@type\":\"Person\",\"@id\":\"https:\/\/experienciadevida.com.ar\/portalurbano\/#\/schema\/person\/02dd326b1c4b056e9cc972486934a3a7\",\"name\":\"admpu17wp\",\"image\":{\"@type\":\"ImageObject\",\"inLanguage\":\"es\",\"@id\":\"https:\/\/experienciadevida.com.ar\/portalurbano\/#\/schema\/person\/image\/\",\"url\":\"https:\/\/secure.gravatar.com\/avatar\/830d4c57adaae6630765e449a6908047?s=96&d=mm&r=g\",\"contentUrl\":\"https:\/\/secure.gravatar.com\/avatar\/830d4c57adaae6630765e449a6908047?s=96&d=mm&r=g\",\"caption\":\"admpu17wp\"}}]}<\/script>\n<!-- \/ Yoast SEO plugin. -->","yoast_head_json":{"title":"Hoy es el d\u00eda mundial de lucha contra la rabia","description":"Hoy es el d\u00eda Mundial de lucha contra la Rabia, con motivo de conmemorarse este mi\u00e9rcoles, como cada 28 de septiembre,","robots":{"index":"index","follow":"follow","max-snippet":"max-snippet:-1","max-image-preview":"max-image-preview:large","max-video-preview":"max-video-preview:-1"},"canonical":"https:\/\/experienciadevida.com.ar\/portalurbano\/hoy-es-el-dia-mundial-de-lucha-contra-la-rabia\/","og_locale":"es_ES","og_type":"article","og_title":"Hoy es el d\u00eda mundial de lucha contra la rabia","og_description":"Hoy es el d\u00eda Mundial de lucha contra la Rabia, con motivo de conmemorarse este mi\u00e9rcoles, como cada 28 de septiembre,","og_url":"https:\/\/experienciadevida.com.ar\/portalurbano\/hoy-es-el-dia-mundial-de-lucha-contra-la-rabia\/","article_publisher":"https:\/\/www.facebook.com\/Portal-Urbano-171542830093757\/","article_published_time":"2022-09-28T13:32:34+00:00","article_modified_time":"2022-09-28T13:55:03+00:00","og_image":[{"width":1772,"height":1181,"url":"https:\/\/experienciadevida.com.ar\/portalurbano\/wp-content\/uploads\/2022\/09\/Hoy-es-el-dia.jpg","type":"image\/jpeg"}],"author":"admpu17wp","twitter_card":"summary_large_image","twitter_creator":"@portalurbanook","twitter_site":"@portalurbanook","twitter_misc":{"Escrito por":"admpu17wp","Tiempo de lectura":"2 minutos"},"schema":{"@context":"https:\/\/schema.org","@graph":[{"@type":"Article","@id":"https:\/\/experienciadevida.com.ar\/portalurbano\/hoy-es-el-dia-mundial-de-lucha-contra-la-rabia\/#article","isPartOf":{"@id":"https:\/\/experienciadevida.com.ar\/portalurbano\/hoy-es-el-dia-mundial-de-lucha-contra-la-rabia\/"},"author":{"name":"admpu17wp","@id":"https:\/\/experienciadevida.com.ar\/portalurbano\/#\/schema\/person\/02dd326b1c4b056e9cc972486934a3a7"},"headline":"Hoy es el d\u00eda Mundial de lucha contra la Rabia","datePublished":"2022-09-28T13:32:34+00:00","dateModified":"2022-09-28T13:55:03+00:00","mainEntityOfPage":{"@id":"https:\/\/experienciadevida.com.ar\/portalurbano\/hoy-es-el-dia-mundial-de-lucha-contra-la-rabia\/"},"wordCount":373,"publisher":{"@id":"https:\/\/experienciadevida.com.ar\/portalurbano\/#organization"},"articleSection":["Ciudad","Destacadas 2"],"inLanguage":"es"},{"@type":"WebPage","@id":"https:\/\/experienciadevida.com.ar\/portalurbano\/hoy-es-el-dia-mundial-de-lucha-contra-la-rabia\/","url":"https:\/\/experienciadevida.com.ar\/portalurbano\/hoy-es-el-dia-mundial-de-lucha-contra-la-rabia\/","name":"Hoy es el d\u00eda mundial de lucha contra la rabia","isPartOf":{"@id":"https:\/\/experienciadevida.com.ar\/portalurbano\/#website"},"datePublished":"2022-09-28T13:32:34+00:00","dateModified":"2022-09-28T13:55:03+00:00","description":"Hoy es el d\u00eda Mundial de lucha contra la Rabia, con motivo de conmemorarse este mi\u00e9rcoles, como cada 28 de septiembre,","breadcrumb":{"@id":"https:\/\/experienciadevida.com.ar\/portalurbano\/hoy-es-el-dia-mundial-de-lucha-contra-la-rabia\/#breadcrumb"},"inLanguage":"es","potentialAction":[{"@type":"ReadAction","target":["https:\/\/experienciadevida.com.ar\/portalurbano\/hoy-es-el-dia-mundial-de-lucha-contra-la-rabia\/"]}]},{"@type":"BreadcrumbList","@id":"https:\/\/experienciadevida.com.ar\/portalurbano\/hoy-es-el-dia-mundial-de-lucha-contra-la-rabia\/#breadcrumb","itemListElement":[{"@type":"ListItem","position":1,"name":"Portada","item":"https:\/\/experienciadevida.com.ar\/portalurbano\/"},{"@type":"ListItem","position":2,"name":"Hoy es el d\u00eda Mundial de lucha contra la Rabia"}]},{"@type":"WebSite","@id":"https:\/\/experienciadevida.com.ar\/portalurbano\/#website","url":"https:\/\/experienciadevida.com.ar\/portalurbano\/","name":"","description":"","publisher":{"@id":"https:\/\/experienciadevida.com.ar\/portalurbano\/#organization"},"potentialAction":[{"@type":"SearchAction","target":{"@type":"EntryPoint","urlTemplate":"https:\/\/experienciadevida.com.ar\/portalurbano\/?s={search_term_string}"},"query-input":"required name=search_term_string"}],"inLanguage":"es"},{"@type":"Organization","@id":"https:\/\/experienciadevida.com.ar\/portalurbano\/#organization","name":"Portal Urbano","url":"https:\/\/experienciadevida.com.ar\/portalurbano\/","logo":{"@type":"ImageObject","inLanguage":"es","@id":"https:\/\/experienciadevida.com.ar\/portalurbano\/#\/schema\/logo\/image\/","url":"https:\/\/experienciadevida.com.ar\/portalurbano\/wp-content\/uploads\/2019\/09\/Logo-Original.png","contentUrl":"https:\/\/experienciadevida.com.ar\/portalurbano\/wp-content\/uploads\/2019\/09\/Logo-Original.png","width":2236,"height":1216,"caption":"Portal Urbano"},"image":{"@id":"https:\/\/experienciadevida.com.ar\/portalurbano\/#\/schema\/logo\/image\/"},"sameAs":["https:\/\/www.facebook.com\/Portal-Urbano-171542830093757\/","https:\/\/twitter.com\/portalurbanook","https:\/\/www.instagram.com\/_portalurbano\/","https:\/\/www.youtube.com\/channel\/UCXhagIfszH8KxFiOok79zbA?view_as=subscriber"]},{"@type":"Person","@id":"https:\/\/experienciadevida.com.ar\/portalurbano\/#\/schema\/person\/02dd326b1c4b056e9cc972486934a3a7","name":"admpu17wp","image":{"@type":"ImageObject","inLanguage":"es","@id":"https:\/\/experienciadevida.com.ar\/portalurbano\/#\/schema\/person\/image\/","url":"https:\/\/secure.gravatar.com\/avatar\/830d4c57adaae6630765e449a6908047?s=96&d=mm&r=g","contentUrl":"https:\/\/secure.gravatar.com\/avatar\/830d4c57adaae6630765e449a6908047?s=96&d=mm&r=g","caption":"admpu17wp"}}]}},"featured_image_urls":{"full":["https:\/\/experienciadevida.com.ar\/portalurbano\/wp-content\/uploads\/2022\/09\/Hoy-es-el-dia.jpg",1772,1181,false],"thumbnail":["https:\/\/experienciadevida.com.ar\/portalurbano\/wp-content\/uploads\/2022\/09\/Hoy-es-el-dia-150x150.jpg",150,150,true],"medium":["https:\/\/experienciadevida.com.ar\/portalurbano\/wp-content\/uploads\/2022\/09\/Hoy-es-el-dia-300x200.jpg",300,200,true],"medium_large":["https:\/\/experienciadevida.com.ar\/portalurbano\/wp-content\/uploads\/2022\/09\/Hoy-es-el-dia-768x512.jpg",640,427,true],"large":["https:\/\/experienciadevida.com.ar\/portalurbano\/wp-content\/uploads\/2022\/09\/Hoy-es-el-dia-1024x682.jpg",640,426,true],"ug_big":["https:\/\/experienciadevida.com.ar\/portalurbano\/wp-content\/uploads\/2022\/09\/Hoy-es-el-dia-768x512.jpg",768,512,true],"1536x1536":["https:\/\/experienciadevida.com.ar\/portalurbano\/wp-content\/uploads\/2022\/09\/Hoy-es-el-dia-1536x1024.jpg",1536,1024,true],"2048x2048":["https:\/\/experienciadevida.com.ar\/portalurbano\/wp-content\/uploads\/2022\/09\/Hoy-es-el-dia.jpg",1772,1181,false],"newsever-slider-full":["https:\/\/experienciadevida.com.ar\/portalurbano\/wp-content\/uploads\/2022\/09\/Hoy-es-el-dia.jpg",1268,845,false],"newsever-featured":["https:\/\/experienciadevida.com.ar\/portalurbano\/wp-content\/uploads\/2022\/09\/Hoy-es-el-dia.jpg",1024,682,false],"newsever-medium":["https:\/\/experienciadevida.com.ar\/portalurbano\/wp-content\/uploads\/2022\/09\/Hoy-es-el-dia.jpg",713,475,false],"web-stories-poster-portrait":["https:\/\/experienciadevida.com.ar\/portalurbano\/wp-content\/uploads\/2022\/09\/Hoy-es-el-dia-640x853.jpg",640,853,true],"web-stories-publisher-logo":["https:\/\/experienciadevida.com.ar\/portalurbano\/wp-content\/uploads\/2022\/09\/Hoy-es-el-dia-96x96.jpg",96,96,true],"web-stories-thumbnail":["https:\/\/experienciadevida.com.ar\/portalurbano\/wp-content\/uploads\/2022\/09\/Hoy-es-el-dia-150x100.jpg",150,100,true]},"author_info":{"display_name":"admpu17wp","author_link":"https:\/\/experienciadevida.com.ar\/portalurbano\/author\/admpu17wp\/"},"category_info":"<a href=\"https:\/\/experienciadevida.com.ar\/portalurbano\/category\/ciudad\/\" rel=\"category tag\">Ciudad<\/a> <a href=\"https:\/\/experienciadevida.com.ar\/portalurbano\/category\/destacadas-2\/\" rel=\"category tag\">Destacadas 2<\/a>","tag_info":"Destacadas 2","comment_count":"0","amp_enabled":true,"_links":{"self":[{"href":"https:\/\/experienciadevida.com.ar\/portalurbano\/wp-json\/wp\/v2\/posts\/177051"}],"collection":[{"href":"https:\/\/experienciadevida.com.ar\/portalurbano\/wp-json\/wp\/v2\/posts"}],"about":[{"href":"https:\/\/experienciadevida.com.ar\/portalurbano\/wp-json\/wp\/v2\/types\/post"}],"author":[{"embeddable":true,"href":"https:\/\/experienciadevida.com.ar\/portalurbano\/wp-json\/wp\/v2\/users\/1"}],"replies":[{"embeddable":true,"href":"https:\/\/experienciadevida.com.ar\/portalurbano\/wp-json\/wp\/v2\/comments?post=177051"}],"version-history":[{"count":1,"href":"https:\/\/experienciadevida.com.ar\/portalurbano\/wp-json\/wp\/v2\/posts\/177051\/revisions"}],"predecessor-version":[{"id":177053,"href":"https:\/\/experienciadevida.com.ar\/portalurbano\/wp-json\/wp\/v2\/posts\/177051\/revisions\/177053"}],"wp:featuredmedia":[{"embeddable":true,"href":"https:\/\/experienciadevida.com.ar\/portalurbano\/wp-json\/wp\/v2\/media\/177052"}],"wp:attachment":[{"href":"https:\/\/experienciadevida.com.ar\/portalurbano\/wp-json\/wp\/v2\/media?parent=177051"}],"wp:term":[{"taxonomy":"category","embeddable":true,"href":"https:\/\/experienciadevida.com.ar\/portalurbano\/wp-json\/wp\/v2\/categories?post=177051"},{"taxonomy":"post_tag","embeddable":true,"href":"https:\/\/experienciadevida.com.ar\/portalurbano\/wp-json\/wp\/v2\/tags?post=177051"}],"curies":[{"name":"wp","href":"https:\/\/api.w.org\/{rel}","templated":true}]}}