{"id":176931,"date":"2022-09-27T11:05:57","date_gmt":"2022-09-27T14:05:57","guid":{"rendered":"https:\/\/experienciadevida.com.ar\/portalurbano\/?p=176931"},"modified":"2022-09-27T11:08:21","modified_gmt":"2022-09-27T14:08:21","slug":"el-consejero-escolar-ariel-rodriguez-recorrio-obras-de-escuelas-rurales","status":"publish","type":"post","link":"https:\/\/experienciadevida.com.ar\/portalurbano\/el-consejero-escolar-ariel-rodriguez-recorrio-obras-de-escuelas-rurales\/","title":{"rendered":"El Consejero Escolar Ariel Rodriguez recorri\u00f3 obras de escuelas rurales"},"content":{"rendered":"<p>El Consejero Escolar Ariel Rodriguez recorri\u00f3 obras de escuelas rurales, en el marco de las recorridas semanales visitando escuelas y supervisando obras realizadas queremos compartir con toda la comunidad que desde el Consejo Escolar hemos concretado m\u00e1s de mil obras de mantenimiento desde el \u00e1rea de Infraestructura.<\/p>\n<p><a href=\"https:\/\/experienciadevida.com.ar\/portalurbano\/el-consejero-escolar-ariel-rodriguez-recorrio-obras-de-escuelas-rurales\/el-43\/\" rel=\"attachment wp-att-176934\"><img decoding=\"async\" class=\"alignnone size-large wp-image-176934\" src=\"https:\/\/experienciadevida.com.ar\/portalurbano\/wp-content\/uploads\/2022\/09\/El-4-1024x768.jpg\" alt=\"El \" width=\"900\" height=\"675\" srcset=\"https:\/\/experienciadevida.com.ar\/portalurbano\/wp-content\/uploads\/2022\/09\/El-4-1024x768.jpg 1024w, https:\/\/experienciadevida.com.ar\/portalurbano\/wp-content\/uploads\/2022\/09\/El-4-300x225.jpg 300w, https:\/\/experienciadevida.com.ar\/portalurbano\/wp-content\/uploads\/2022\/09\/El-4-768x576.jpg 768w, https:\/\/experienciadevida.com.ar\/portalurbano\/wp-content\/uploads\/2022\/09\/El-4-1536x1152.jpg 1536w, https:\/\/experienciadevida.com.ar\/portalurbano\/wp-content\/uploads\/2022\/09\/El-4-150x113.jpg 150w, https:\/\/experienciadevida.com.ar\/portalurbano\/wp-content\/uploads\/2022\/09\/El-4.jpg 1600w\" sizes=\"(max-width: 900px) 100vw, 900px\" \/><\/a><\/p>\n<p>Las l\u00edneas de financiamiento de las partidas especiales enviadas por la Direcci\u00f3n Provincial de Infraestructura al inicio del ciclo lectivo 2022 sumado a los m\u00e1s de $22.000.000 en concepto de Fondo Compensador (fondo directo de la Pcia de Bs As a nuestro distrito) nos han permitido un acentuado trabajo ante demandas muy esperadas y diarias en nuestra ciudad.<\/p>\n<p>Las acciones m\u00e1s importantes se han realizado en arreglo y reparaciones de techos, remodelaci\u00f3n de redes el\u00e9ctricas, cambios de equipos lum\u00ednicos, reinstalaci\u00f3n completa de tableros, trabajos en redes cloacales, mantenimiento compra y cambio de calderas, mantenimiento de calefactores del cien por cien de las instituciones escolares. Compra de matafuegos nuevos y recargas. Compra de insumos el\u00e9ctricos y colocaci\u00f3n. Cambios de canaletas. Compra de insumos y reparaciones sanitarias. Compra de bombas y sistema de bombeo de agua potable. Entrega de pintura.<\/p>\n<p>Durante la \u00faltima recorrida estuvimos visitando escuelas del \u00e1mbito rural, nos recibieron:<br \/>\nIgnacio Sebrero director y maestro Escuela Primaria N\u00ba16 Paraje Media Estaci\u00f3n Pourtal\u00e9. Mantenimiento de calefacci\u00f3n.<\/p>\n<p>Natalia Ceniceros, directora y maestra Escuela Primaria N\u00ba21 y Marina Ledesma, maestra Jirimm N\u00ba411, Paraje Estaci\u00f3n Joaqu\u00edn Pourtal\u00e9. Mantenimiento y colocaci\u00f3n de sistema de calefacci\u00f3n.<\/p>\n<p>Florencia Cervino, directora y maestra Escuela Primaria N\u00ba 61. Cambio de techo y colocaci\u00f3n de cielorraso. Mantenimiento de equipos de calefacci\u00f3n, trabajos en aulas y cocina.<\/p>\n<p>Sofia Guarrochena Directora y maestra Escuela Primaria N\u00ba36. Cambio, colocaci\u00f3n y compra de bater\u00edas de paneles solares. Mantenimiento de calefacci\u00f3n en aulas y cocina.<\/p>\n<p>Juan Roa director de escuela secundaria Anexo N\u00ba20 y Paz Somoza directora Escuela Primaria N\u00ba48 Paraje La moderna. Colocaci\u00f3n de red el\u00e9ctrica exterior e interior nueva, cambio de luminaria, luminaria exterior. Cambio y colocaci\u00f3n de ca\u00f1er\u00edas de red de agua. Instalaci\u00f3n el\u00e9ctrica sistema de bombeo de agua. Lum\u00ednico exterior con arranque fotovoltaico nuevo.<\/p>\n<p>Patricia Vargas directora y maestra Escuela N\u00ba 63. Paraje Santa Elena. Realizaci\u00f3n de play\u00f3n deportivo. Mantenimiento de equipo de calefacci\u00f3n. Encolumnamiento de estructuras de techos. Entrega de pintura.<\/p>\n<p><a href=\"https:\/\/experienciadevida.com.ar\/portalurbano\/el-consejero-escolar-ariel-rodriguez-recorrio-obras-de-escuelas-rurales\/consejero\/\" rel=\"attachment wp-att-176935\"><img decoding=\"async\" class=\"alignnone size-large wp-image-176935\" src=\"https:\/\/experienciadevida.com.ar\/portalurbano\/wp-content\/uploads\/2022\/09\/consejero-1024x768.jpg\" alt=\"consejero \" width=\"900\" height=\"675\" srcset=\"https:\/\/experienciadevida.com.ar\/portalurbano\/wp-content\/uploads\/2022\/09\/consejero-1024x768.jpg 1024w, https:\/\/experienciadevida.com.ar\/portalurbano\/wp-content\/uploads\/2022\/09\/consejero-300x225.jpg 300w, https:\/\/experienciadevida.com.ar\/portalurbano\/wp-content\/uploads\/2022\/09\/consejero-768x576.jpg 768w, https:\/\/experienciadevida.com.ar\/portalurbano\/wp-content\/uploads\/2022\/09\/consejero-1536x1152.jpg 1536w, https:\/\/experienciadevida.com.ar\/portalurbano\/wp-content\/uploads\/2022\/09\/consejero-150x113.jpg 150w, https:\/\/experienciadevida.com.ar\/portalurbano\/wp-content\/uploads\/2022\/09\/consejero.jpg 1600w\" sizes=\"(max-width: 900px) 100vw, 900px\" \/><\/a><\/p>\n","protected":false},"excerpt":{"rendered":"<p>El Consejero Escolar Ariel Rodriguez recorri\u00f3 obras de escuelas rurales, en el marco de las&#8230;<\/p>\n","protected":false},"author":1,"featured_media":176932,"comment_status":"closed","ping_status":"closed","sticky":false,"template":"","format":"standard","meta":{"content-type":""},"categories":[27,51],"tags":[],"nelio_content":{"isAutoShareEnabled":false,"autoShareEndMode":"default","automationSources":{"useContentSentences":true,"useSocialTemplates":true,"useCustomSentences":false,"customSentences":[]},"followers":[1],"suggestedReferences":[],"includedReferences":[],"efiUrl":"","efiAlt":"","highlights":[]},"yoast_head":"<!-- This site is optimized with the Yoast SEO plugin v20.7 - https:\/\/yoast.com\/wordpress\/plugins\/seo\/ -->\n<title>El consejero escolar Ariel Rodr\u00edguez recorri\u00f3 obras de escuelas<\/title>\n<meta name=\"description\" content=\"El Consejero Escolar Ariel Rodriguez recorri\u00f3 obras de escuelas rurales, en el marco de las recorridas semanales visitando escuelas\" \/>\n<meta name=\"robots\" content=\"index, follow, max-snippet:-1, max-image-preview:large, max-video-preview:-1\" \/>\n<link rel=\"canonical\" href=\"https:\/\/experienciadevida.com.ar\/portalurbano\/el-consejero-escolar-ariel-rodriguez-recorrio-obras-de-escuelas-rurales\/\" \/>\n<meta property=\"og:locale\" content=\"es_ES\" \/>\n<meta property=\"og:type\" content=\"article\" \/>\n<meta property=\"og:title\" content=\"El consejero escolar Ariel Rodr\u00edguez recorri\u00f3 obras de escuelas\" \/>\n<meta property=\"og:description\" content=\"El Consejero Escolar Ariel Rodriguez recorri\u00f3 obras de escuelas rurales, en el marco de las recorridas semanales visitando escuelas\" \/>\n<meta property=\"og:url\" content=\"https:\/\/experienciadevida.com.ar\/portalurbano\/el-consejero-escolar-ariel-rodriguez-recorrio-obras-de-escuelas-rurales\/\" \/>\n<meta property=\"article:publisher\" content=\"https:\/\/www.facebook.com\/Portal-Urbano-171542830093757\/\" \/>\n<meta property=\"article:published_time\" content=\"2022-09-27T14:05:57+00:00\" \/>\n<meta property=\"article:modified_time\" content=\"2022-09-27T14:08:21+00:00\" \/>\n<meta property=\"og:image\" content=\"https:\/\/experienciadevida.com.ar\/portalurbano\/wp-content\/uploads\/2022\/09\/El-Consejero-Escolar-Ariel.jpg\" \/>\n\t<meta property=\"og:image:width\" content=\"1600\" \/>\n\t<meta property=\"og:image:height\" content=\"1200\" \/>\n\t<meta property=\"og:image:type\" content=\"image\/jpeg\" \/>\n<meta name=\"author\" content=\"admpu17wp\" \/>\n<meta name=\"twitter:card\" content=\"summary_large_image\" \/>\n<meta name=\"twitter:creator\" content=\"@portalurbanook\" \/>\n<meta name=\"twitter:site\" content=\"@portalurbanook\" \/>\n<meta name=\"twitter:label1\" content=\"Escrito por\" \/>\n\t<meta name=\"twitter:data1\" content=\"admpu17wp\" \/>\n\t<meta name=\"twitter:label2\" content=\"Tiempo de lectura\" \/>\n\t<meta name=\"twitter:data2\" content=\"2 minutos\" \/>\n<script type=\"application\/ld+json\" class=\"yoast-schema-graph\">{\"@context\":\"https:\/\/schema.org\",\"@graph\":[{\"@type\":\"Article\",\"@id\":\"https:\/\/experienciadevida.com.ar\/portalurbano\/el-consejero-escolar-ariel-rodriguez-recorrio-obras-de-escuelas-rurales\/#article\",\"isPartOf\":{\"@id\":\"https:\/\/experienciadevida.com.ar\/portalurbano\/el-consejero-escolar-ariel-rodriguez-recorrio-obras-de-escuelas-rurales\/\"},\"author\":{\"name\":\"admpu17wp\",\"@id\":\"https:\/\/experienciadevida.com.ar\/portalurbano\/#\/schema\/person\/02dd326b1c4b056e9cc972486934a3a7\"},\"headline\":\"El Consejero Escolar Ariel Rodriguez recorri\u00f3 obras de escuelas rurales\",\"datePublished\":\"2022-09-27T14:05:57+00:00\",\"dateModified\":\"2022-09-27T14:08:21+00:00\",\"mainEntityOfPage\":{\"@id\":\"https:\/\/experienciadevida.com.ar\/portalurbano\/el-consejero-escolar-ariel-rodriguez-recorrio-obras-de-escuelas-rurales\/\"},\"wordCount\":407,\"publisher\":{\"@id\":\"https:\/\/experienciadevida.com.ar\/portalurbano\/#organization\"},\"articleSection\":[\"Ciudad\",\"Destacadas\"],\"inLanguage\":\"es\"},{\"@type\":\"WebPage\",\"@id\":\"https:\/\/experienciadevida.com.ar\/portalurbano\/el-consejero-escolar-ariel-rodriguez-recorrio-obras-de-escuelas-rurales\/\",\"url\":\"https:\/\/experienciadevida.com.ar\/portalurbano\/el-consejero-escolar-ariel-rodriguez-recorrio-obras-de-escuelas-rurales\/\",\"name\":\"El consejero escolar Ariel Rodr\u00edguez recorri\u00f3 obras de escuelas\",\"isPartOf\":{\"@id\":\"https:\/\/experienciadevida.com.ar\/portalurbano\/#website\"},\"datePublished\":\"2022-09-27T14:05:57+00:00\",\"dateModified\":\"2022-09-27T14:08:21+00:00\",\"description\":\"El Consejero Escolar Ariel Rodriguez recorri\u00f3 obras de escuelas rurales, en el marco de las recorridas semanales visitando escuelas\",\"breadcrumb\":{\"@id\":\"https:\/\/experienciadevida.com.ar\/portalurbano\/el-consejero-escolar-ariel-rodriguez-recorrio-obras-de-escuelas-rurales\/#breadcrumb\"},\"inLanguage\":\"es\",\"potentialAction\":[{\"@type\":\"ReadAction\",\"target\":[\"https:\/\/experienciadevida.com.ar\/portalurbano\/el-consejero-escolar-ariel-rodriguez-recorrio-obras-de-escuelas-rurales\/\"]}]},{\"@type\":\"BreadcrumbList\",\"@id\":\"https:\/\/experienciadevida.com.ar\/portalurbano\/el-consejero-escolar-ariel-rodriguez-recorrio-obras-de-escuelas-rurales\/#breadcrumb\",\"itemListElement\":[{\"@type\":\"ListItem\",\"position\":1,\"name\":\"Portada\",\"item\":\"https:\/\/experienciadevida.com.ar\/portalurbano\/\"},{\"@type\":\"ListItem\",\"position\":2,\"name\":\"El Consejero Escolar Ariel Rodriguez recorri\u00f3 obras de escuelas rurales\"}]},{\"@type\":\"WebSite\",\"@id\":\"https:\/\/experienciadevida.com.ar\/portalurbano\/#website\",\"url\":\"https:\/\/experienciadevida.com.ar\/portalurbano\/\",\"name\":\"\",\"description\":\"\",\"publisher\":{\"@id\":\"https:\/\/experienciadevida.com.ar\/portalurbano\/#organization\"},\"potentialAction\":[{\"@type\":\"SearchAction\",\"target\":{\"@type\":\"EntryPoint\",\"urlTemplate\":\"https:\/\/experienciadevida.com.ar\/portalurbano\/?s={search_term_string}\"},\"query-input\":\"required name=search_term_string\"}],\"inLanguage\":\"es\"},{\"@type\":\"Organization\",\"@id\":\"https:\/\/experienciadevida.com.ar\/portalurbano\/#organization\",\"name\":\"Portal Urbano\",\"url\":\"https:\/\/experienciadevida.com.ar\/portalurbano\/\",\"logo\":{\"@type\":\"ImageObject\",\"inLanguage\":\"es\",\"@id\":\"https:\/\/experienciadevida.com.ar\/portalurbano\/#\/schema\/logo\/image\/\",\"url\":\"https:\/\/experienciadevida.com.ar\/portalurbano\/wp-content\/uploads\/2019\/09\/Logo-Original.png\",\"contentUrl\":\"https:\/\/experienciadevida.com.ar\/portalurbano\/wp-content\/uploads\/2019\/09\/Logo-Original.png\",\"width\":2236,\"height\":1216,\"caption\":\"Portal Urbano\"},\"image\":{\"@id\":\"https:\/\/experienciadevida.com.ar\/portalurbano\/#\/schema\/logo\/image\/\"},\"sameAs\":[\"https:\/\/www.facebook.com\/Portal-Urbano-171542830093757\/\",\"https:\/\/twitter.com\/portalurbanook\",\"https:\/\/www.instagram.com\/_portalurbano\/\",\"https:\/\/www.youtube.com\/channel\/UCXhagIfszH8KxFiOok79zbA?view_as=subscriber\"]},{\"@type\":\"Person\",\"@id\":\"https:\/\/experienciadevida.com.ar\/portalurbano\/#\/schema\/person\/02dd326b1c4b056e9cc972486934a3a7\",\"name\":\"admpu17wp\",\"image\":{\"@type\":\"ImageObject\",\"inLanguage\":\"es\",\"@id\":\"https:\/\/experienciadevida.com.ar\/portalurbano\/#\/schema\/person\/image\/\",\"url\":\"https:\/\/secure.gravatar.com\/avatar\/830d4c57adaae6630765e449a6908047?s=96&d=mm&r=g\",\"contentUrl\":\"https:\/\/secure.gravatar.com\/avatar\/830d4c57adaae6630765e449a6908047?s=96&d=mm&r=g\",\"caption\":\"admpu17wp\"}}]}<\/script>\n<!-- \/ Yoast SEO plugin. -->","yoast_head_json":{"title":"El consejero escolar Ariel Rodr\u00edguez recorri\u00f3 obras de escuelas","description":"El Consejero Escolar Ariel Rodriguez recorri\u00f3 obras de escuelas rurales, en el marco de las recorridas semanales visitando escuelas","robots":{"index":"index","follow":"follow","max-snippet":"max-snippet:-1","max-image-preview":"max-image-preview:large","max-video-preview":"max-video-preview:-1"},"canonical":"https:\/\/experienciadevida.com.ar\/portalurbano\/el-consejero-escolar-ariel-rodriguez-recorrio-obras-de-escuelas-rurales\/","og_locale":"es_ES","og_type":"article","og_title":"El consejero escolar Ariel Rodr\u00edguez recorri\u00f3 obras de escuelas","og_description":"El Consejero Escolar Ariel Rodriguez recorri\u00f3 obras de escuelas rurales, en el marco de las recorridas semanales visitando escuelas","og_url":"https:\/\/experienciadevida.com.ar\/portalurbano\/el-consejero-escolar-ariel-rodriguez-recorrio-obras-de-escuelas-rurales\/","article_publisher":"https:\/\/www.facebook.com\/Portal-Urbano-171542830093757\/","article_published_time":"2022-09-27T14:05:57+00:00","article_modified_time":"2022-09-27T14:08:21+00:00","og_image":[{"width":1600,"height":1200,"url":"https:\/\/experienciadevida.com.ar\/portalurbano\/wp-content\/uploads\/2022\/09\/El-Consejero-Escolar-Ariel.jpg","type":"image\/jpeg"}],"author":"admpu17wp","twitter_card":"summary_large_image","twitter_creator":"@portalurbanook","twitter_site":"@portalurbanook","twitter_misc":{"Escrito por":"admpu17wp","Tiempo de lectura":"2 minutos"},"schema":{"@context":"https:\/\/schema.org","@graph":[{"@type":"Article","@id":"https:\/\/experienciadevida.com.ar\/portalurbano\/el-consejero-escolar-ariel-rodriguez-recorrio-obras-de-escuelas-rurales\/#article","isPartOf":{"@id":"https:\/\/experienciadevida.com.ar\/portalurbano\/el-consejero-escolar-ariel-rodriguez-recorrio-obras-de-escuelas-rurales\/"},"author":{"name":"admpu17wp","@id":"https:\/\/experienciadevida.com.ar\/portalurbano\/#\/schema\/person\/02dd326b1c4b056e9cc972486934a3a7"},"headline":"El Consejero Escolar Ariel Rodriguez recorri\u00f3 obras de escuelas rurales","datePublished":"2022-09-27T14:05:57+00:00","dateModified":"2022-09-27T14:08:21+00:00","mainEntityOfPage":{"@id":"https:\/\/experienciadevida.com.ar\/portalurbano\/el-consejero-escolar-ariel-rodriguez-recorrio-obras-de-escuelas-rurales\/"},"wordCount":407,"publisher":{"@id":"https:\/\/experienciadevida.com.ar\/portalurbano\/#organization"},"articleSection":["Ciudad","Destacadas"],"inLanguage":"es"},{"@type":"WebPage","@id":"https:\/\/experienciadevida.com.ar\/portalurbano\/el-consejero-escolar-ariel-rodriguez-recorrio-obras-de-escuelas-rurales\/","url":"https:\/\/experienciadevida.com.ar\/portalurbano\/el-consejero-escolar-ariel-rodriguez-recorrio-obras-de-escuelas-rurales\/","name":"El consejero escolar Ariel Rodr\u00edguez recorri\u00f3 obras de escuelas","isPartOf":{"@id":"https:\/\/experienciadevida.com.ar\/portalurbano\/#website"},"datePublished":"2022-09-27T14:05:57+00:00","dateModified":"2022-09-27T14:08:21+00:00","description":"El Consejero Escolar Ariel Rodriguez recorri\u00f3 obras de escuelas rurales, en el marco de las recorridas semanales visitando escuelas","breadcrumb":{"@id":"https:\/\/experienciadevida.com.ar\/portalurbano\/el-consejero-escolar-ariel-rodriguez-recorrio-obras-de-escuelas-rurales\/#breadcrumb"},"inLanguage":"es","potentialAction":[{"@type":"ReadAction","target":["https:\/\/experienciadevida.com.ar\/portalurbano\/el-consejero-escolar-ariel-rodriguez-recorrio-obras-de-escuelas-rurales\/"]}]},{"@type":"BreadcrumbList","@id":"https:\/\/experienciadevida.com.ar\/portalurbano\/el-consejero-escolar-ariel-rodriguez-recorrio-obras-de-escuelas-rurales\/#breadcrumb","itemListElement":[{"@type":"ListItem","position":1,"name":"Portada","item":"https:\/\/experienciadevida.com.ar\/portalurbano\/"},{"@type":"ListItem","position":2,"name":"El Consejero Escolar Ariel Rodriguez recorri\u00f3 obras de escuelas rurales"}]},{"@type":"WebSite","@id":"https:\/\/experienciadevida.com.ar\/portalurbano\/#website","url":"https:\/\/experienciadevida.com.ar\/portalurbano\/","name":"","description":"","publisher":{"@id":"https:\/\/experienciadevida.com.ar\/portalurbano\/#organization"},"potentialAction":[{"@type":"SearchAction","target":{"@type":"EntryPoint","urlTemplate":"https:\/\/experienciadevida.com.ar\/portalurbano\/?s={search_term_string}"},"query-input":"required name=search_term_string"}],"inLanguage":"es"},{"@type":"Organization","@id":"https:\/\/experienciadevida.com.ar\/portalurbano\/#organization","name":"Portal Urbano","url":"https:\/\/experienciadevida.com.ar\/portalurbano\/","logo":{"@type":"ImageObject","inLanguage":"es","@id":"https:\/\/experienciadevida.com.ar\/portalurbano\/#\/schema\/logo\/image\/","url":"https:\/\/experienciadevida.com.ar\/portalurbano\/wp-content\/uploads\/2019\/09\/Logo-Original.png","contentUrl":"https:\/\/experienciadevida.com.ar\/portalurbano\/wp-content\/uploads\/2019\/09\/Logo-Original.png","width":2236,"height":1216,"caption":"Portal Urbano"},"image":{"@id":"https:\/\/experienciadevida.com.ar\/portalurbano\/#\/schema\/logo\/image\/"},"sameAs":["https:\/\/www.facebook.com\/Portal-Urbano-171542830093757\/","https:\/\/twitter.com\/portalurbanook","https:\/\/www.instagram.com\/_portalurbano\/","https:\/\/www.youtube.com\/channel\/UCXhagIfszH8KxFiOok79zbA?view_as=subscriber"]},{"@type":"Person","@id":"https:\/\/experienciadevida.com.ar\/portalurbano\/#\/schema\/person\/02dd326b1c4b056e9cc972486934a3a7","name":"admpu17wp","image":{"@type":"ImageObject","inLanguage":"es","@id":"https:\/\/experienciadevida.com.ar\/portalurbano\/#\/schema\/person\/image\/","url":"https:\/\/secure.gravatar.com\/avatar\/830d4c57adaae6630765e449a6908047?s=96&d=mm&r=g","contentUrl":"https:\/\/secure.gravatar.com\/avatar\/830d4c57adaae6630765e449a6908047?s=96&d=mm&r=g","caption":"admpu17wp"}}]}},"featured_image_urls":{"full":["https:\/\/experienciadevida.com.ar\/portalurbano\/wp-content\/uploads\/2022\/09\/El-Consejero-Escolar-Ariel.jpg",1600,1200,false],"thumbnail":["https:\/\/experienciadevida.com.ar\/portalurbano\/wp-content\/uploads\/2022\/09\/El-Consejero-Escolar-Ariel-150x150.jpg",150,150,true],"medium":["https:\/\/experienciadevida.com.ar\/portalurbano\/wp-content\/uploads\/2022\/09\/El-Consejero-Escolar-Ariel-300x225.jpg",300,225,true],"medium_large":["https:\/\/experienciadevida.com.ar\/portalurbano\/wp-content\/uploads\/2022\/09\/El-Consejero-Escolar-Ariel-768x576.jpg",640,480,true],"large":["https:\/\/experienciadevida.com.ar\/portalurbano\/wp-content\/uploads\/2022\/09\/El-Consejero-Escolar-Ariel-1024x768.jpg",640,480,true],"ug_big":["https:\/\/experienciadevida.com.ar\/portalurbano\/wp-content\/uploads\/2022\/09\/El-Consejero-Escolar-Ariel-768x576.jpg",768,576,true],"1536x1536":["https:\/\/experienciadevida.com.ar\/portalurbano\/wp-content\/uploads\/2022\/09\/El-Consejero-Escolar-Ariel-1536x1152.jpg",1536,1152,true],"2048x2048":["https:\/\/experienciadevida.com.ar\/portalurbano\/wp-content\/uploads\/2022\/09\/El-Consejero-Escolar-Ariel.jpg",1600,1200,false],"newsever-slider-full":["https:\/\/experienciadevida.com.ar\/portalurbano\/wp-content\/uploads\/2022\/09\/El-Consejero-Escolar-Ariel.jpg",1127,845,false],"newsever-featured":["https:\/\/experienciadevida.com.ar\/portalurbano\/wp-content\/uploads\/2022\/09\/El-Consejero-Escolar-Ariel.jpg",1024,768,false],"newsever-medium":["https:\/\/experienciadevida.com.ar\/portalurbano\/wp-content\/uploads\/2022\/09\/El-Consejero-Escolar-Ariel.jpg",633,475,false],"web-stories-poster-portrait":["https:\/\/experienciadevida.com.ar\/portalurbano\/wp-content\/uploads\/2022\/09\/El-Consejero-Escolar-Ariel-640x853.jpg",640,853,true],"web-stories-publisher-logo":["https:\/\/experienciadevida.com.ar\/portalurbano\/wp-content\/uploads\/2022\/09\/El-Consejero-Escolar-Ariel-96x96.jpg",96,96,true],"web-stories-thumbnail":["https:\/\/experienciadevida.com.ar\/portalurbano\/wp-content\/uploads\/2022\/09\/El-Consejero-Escolar-Ariel-150x113.jpg",150,113,true]},"author_info":{"display_name":"admpu17wp","author_link":"https:\/\/experienciadevida.com.ar\/portalurbano\/author\/admpu17wp\/"},"category_info":"<a href=\"https:\/\/experienciadevida.com.ar\/portalurbano\/category\/ciudad\/\" rel=\"category tag\">Ciudad<\/a> <a href=\"https:\/\/experienciadevida.com.ar\/portalurbano\/category\/destacadas\/\" rel=\"category tag\">Destacadas<\/a>","tag_info":"Destacadas","comment_count":"0","amp_enabled":true,"_links":{"self":[{"href":"https:\/\/experienciadevida.com.ar\/portalurbano\/wp-json\/wp\/v2\/posts\/176931"}],"collection":[{"href":"https:\/\/experienciadevida.com.ar\/portalurbano\/wp-json\/wp\/v2\/posts"}],"about":[{"href":"https:\/\/experienciadevida.com.ar\/portalurbano\/wp-json\/wp\/v2\/types\/post"}],"author":[{"embeddable":true,"href":"https:\/\/experienciadevida.com.ar\/portalurbano\/wp-json\/wp\/v2\/users\/1"}],"replies":[{"embeddable":true,"href":"https:\/\/experienciadevida.com.ar\/portalurbano\/wp-json\/wp\/v2\/comments?post=176931"}],"version-history":[{"count":3,"href":"https:\/\/experienciadevida.com.ar\/portalurbano\/wp-json\/wp\/v2\/posts\/176931\/revisions"}],"predecessor-version":[{"id":176937,"href":"https:\/\/experienciadevida.com.ar\/portalurbano\/wp-json\/wp\/v2\/posts\/176931\/revisions\/176937"}],"wp:featuredmedia":[{"embeddable":true,"href":"https:\/\/experienciadevida.com.ar\/portalurbano\/wp-json\/wp\/v2\/media\/176932"}],"wp:attachment":[{"href":"https:\/\/experienciadevida.com.ar\/portalurbano\/wp-json\/wp\/v2\/media?parent=176931"}],"wp:term":[{"taxonomy":"category","embeddable":true,"href":"https:\/\/experienciadevida.com.ar\/portalurbano\/wp-json\/wp\/v2\/categories?post=176931"},{"taxonomy":"post_tag","embeddable":true,"href":"https:\/\/experienciadevida.com.ar\/portalurbano\/wp-json\/wp\/v2\/tags?post=176931"}],"curies":[{"name":"wp","href":"https:\/\/api.w.org\/{rel}","templated":true}]}}