{"id":176767,"date":"2022-09-24T18:28:36","date_gmt":"2022-09-24T21:28:36","guid":{"rendered":"https:\/\/experienciadevida.com.ar\/portalurbano\/?p=176767"},"modified":"2022-09-24T18:30:37","modified_gmt":"2022-09-24T21:30:37","slug":"reunion-con-propietarios-de-estaciones-de-servicios","status":"publish","type":"post","link":"https:\/\/experienciadevida.com.ar\/portalurbano\/reunion-con-propietarios-de-estaciones-de-servicios\/","title":{"rendered":"Reuni\u00f3n con propietarios de estaciones de servicios"},"content":{"rendered":"<p>Reuni\u00f3n con propietarios de estaciones de servicios, en las \u00faltimas horas el intendente municipal <a href=\"https:\/\/www.instagram.com\/galliezequiel\/\">Ezequiel Galli<\/a> recibi\u00f3 en el Sal\u00f3n Blanco del Palacio Municipal a propietarios de estaciones de servicios locales, en un encuentro que tuvo como tema principal la seguridad de los trabajadores de ese sector, como consecuencia del hecho delictivo ocurrido el pasado fin de semana.<\/p>\n<p>El jefe comunal estuvo acompa\u00f1ado por el Secretario de Gobierno Hilario Galli y el subsecretario de Seguridad Mario Busto. Estuvieron presentes, adem\u00e1s, el doctor Jos\u00e9 Iturralde en representaci\u00f3n del Ministerio P\u00fablico Fiscal e integrantes de la c\u00fapula policial local, encabezados por el titular de la Estaci\u00f3n de Polic\u00eda Departamental Olavarr\u00eda, comisario inspector Roberto Landoni.<\/p>\n<p>Los integrantes de la C\u00e1mara de Estacioneros acercaron sus inquietudes y preocupaci\u00f3n acerca de lo acontecido, ocasi\u00f3n en la que desde el Ejecutivo local se les ratific\u00f3 el acompa\u00f1amiento y compromiso de seguir destinando recursos para incrementar los esfuerzos en materia de seguridad y prevenci\u00f3n.<\/p>\n<p>En ese sentido, se acordaron pautas de trabajo conjunto entre distintas \u00e1reas de la Municipalidad, Poder Judicial y Polic\u00eda Bonaerense. Entre ellas, adem\u00e1s del compromiso de incrementar las labores y presencia por parte de las fuerzas de seguridad, tambi\u00e9n comenz\u00f3 a diagramarse una labor mancomunada en cuanto al relevamiento y mapeo de c\u00e1maras de seguridad en la ciudad, para complementar la tarea del Centro de Monitoreo con los dispositivos del \u00e1mbito privado y empresarial.<\/p>\n<p>\u201cLa inseguridad es un tema que nos preocupa, no miro para el costado pese a que la seguridad no es responsabilidad del intendente por eso me pongo al frente\u201d, expres\u00f3 al respecto el intendente municipal.<\/p>\n","protected":false},"excerpt":{"rendered":"<p>Reuni\u00f3n con propietarios de estaciones de servicios, en las \u00faltimas horas el intendente municipal Ezequiel&#8230;<\/p>\n","protected":false},"author":1,"featured_media":176768,"comment_status":"closed","ping_status":"closed","sticky":false,"template":"","format":"standard","meta":{"content-type":""},"categories":[27,51],"tags":[],"nelio_content":{"isAutoShareEnabled":false,"autoShareEndMode":"default","automationSources":{"useContentSentences":true,"useSocialTemplates":true,"useCustomSentences":false,"customSentences":[]},"followers":[1],"suggestedReferences":[],"includedReferences":[],"efiUrl":"","efiAlt":"","highlights":[]},"yoast_head":"<!-- This site is optimized with the Yoast SEO plugin v20.7 - https:\/\/yoast.com\/wordpress\/plugins\/seo\/ -->\n<title>Reuni\u00f3n con propietarios de estaciones de servicio<\/title>\n<meta name=\"description\" content=\"Reuni\u00f3n con propietarios de estaciones de servicios, en las \u00faltimas horas el intendente municipal Ezequiel Galli recibi\u00f3 en el sal\u00f3n blanco\" \/>\n<meta name=\"robots\" content=\"index, follow, max-snippet:-1, max-image-preview:large, max-video-preview:-1\" \/>\n<link rel=\"canonical\" href=\"https:\/\/experienciadevida.com.ar\/portalurbano\/reunion-con-propietarios-de-estaciones-de-servicios\/\" \/>\n<meta property=\"og:locale\" content=\"es_ES\" \/>\n<meta property=\"og:type\" content=\"article\" \/>\n<meta property=\"og:title\" content=\"Reuni\u00f3n con propietarios de estaciones de servicio\" \/>\n<meta property=\"og:description\" content=\"Reuni\u00f3n con propietarios de estaciones de servicios, en las \u00faltimas horas el intendente municipal Ezequiel Galli recibi\u00f3 en el sal\u00f3n blanco\" \/>\n<meta property=\"og:url\" content=\"https:\/\/experienciadevida.com.ar\/portalurbano\/reunion-con-propietarios-de-estaciones-de-servicios\/\" \/>\n<meta property=\"article:publisher\" content=\"https:\/\/www.facebook.com\/Portal-Urbano-171542830093757\/\" \/>\n<meta property=\"article:published_time\" content=\"2022-09-24T21:28:36+00:00\" \/>\n<meta property=\"article:modified_time\" content=\"2022-09-24T21:30:37+00:00\" \/>\n<meta property=\"og:image\" content=\"https:\/\/experienciadevida.com.ar\/portalurbano\/wp-content\/uploads\/2022\/09\/Reunion-con-propietarios-de.jpg\" \/>\n\t<meta property=\"og:image:width\" content=\"1024\" \/>\n\t<meta property=\"og:image:height\" content=\"683\" \/>\n\t<meta property=\"og:image:type\" content=\"image\/jpeg\" \/>\n<meta name=\"author\" content=\"admpu17wp\" \/>\n<meta name=\"twitter:card\" content=\"summary_large_image\" \/>\n<meta name=\"twitter:creator\" content=\"@portalurbanook\" \/>\n<meta name=\"twitter:site\" content=\"@portalurbanook\" \/>\n<meta name=\"twitter:label1\" content=\"Escrito por\" \/>\n\t<meta name=\"twitter:data1\" content=\"admpu17wp\" \/>\n\t<meta name=\"twitter:label2\" content=\"Tiempo de lectura\" \/>\n\t<meta name=\"twitter:data2\" content=\"2 minutos\" \/>\n<script type=\"application\/ld+json\" class=\"yoast-schema-graph\">{\"@context\":\"https:\/\/schema.org\",\"@graph\":[{\"@type\":\"Article\",\"@id\":\"https:\/\/experienciadevida.com.ar\/portalurbano\/reunion-con-propietarios-de-estaciones-de-servicios\/#article\",\"isPartOf\":{\"@id\":\"https:\/\/experienciadevida.com.ar\/portalurbano\/reunion-con-propietarios-de-estaciones-de-servicios\/\"},\"author\":{\"name\":\"admpu17wp\",\"@id\":\"https:\/\/experienciadevida.com.ar\/portalurbano\/#\/schema\/person\/02dd326b1c4b056e9cc972486934a3a7\"},\"headline\":\"Reuni\u00f3n con propietarios de estaciones de servicios\",\"datePublished\":\"2022-09-24T21:28:36+00:00\",\"dateModified\":\"2022-09-24T21:30:37+00:00\",\"mainEntityOfPage\":{\"@id\":\"https:\/\/experienciadevida.com.ar\/portalurbano\/reunion-con-propietarios-de-estaciones-de-servicios\/\"},\"wordCount\":293,\"publisher\":{\"@id\":\"https:\/\/experienciadevida.com.ar\/portalurbano\/#organization\"},\"articleSection\":[\"Ciudad\",\"Destacadas\"],\"inLanguage\":\"es\"},{\"@type\":\"WebPage\",\"@id\":\"https:\/\/experienciadevida.com.ar\/portalurbano\/reunion-con-propietarios-de-estaciones-de-servicios\/\",\"url\":\"https:\/\/experienciadevida.com.ar\/portalurbano\/reunion-con-propietarios-de-estaciones-de-servicios\/\",\"name\":\"Reuni\u00f3n con propietarios de estaciones de servicio\",\"isPartOf\":{\"@id\":\"https:\/\/experienciadevida.com.ar\/portalurbano\/#website\"},\"datePublished\":\"2022-09-24T21:28:36+00:00\",\"dateModified\":\"2022-09-24T21:30:37+00:00\",\"description\":\"Reuni\u00f3n con propietarios de estaciones de servicios, en las \u00faltimas horas el intendente municipal Ezequiel Galli recibi\u00f3 en el sal\u00f3n blanco\",\"breadcrumb\":{\"@id\":\"https:\/\/experienciadevida.com.ar\/portalurbano\/reunion-con-propietarios-de-estaciones-de-servicios\/#breadcrumb\"},\"inLanguage\":\"es\",\"potentialAction\":[{\"@type\":\"ReadAction\",\"target\":[\"https:\/\/experienciadevida.com.ar\/portalurbano\/reunion-con-propietarios-de-estaciones-de-servicios\/\"]}]},{\"@type\":\"BreadcrumbList\",\"@id\":\"https:\/\/experienciadevida.com.ar\/portalurbano\/reunion-con-propietarios-de-estaciones-de-servicios\/#breadcrumb\",\"itemListElement\":[{\"@type\":\"ListItem\",\"position\":1,\"name\":\"Portada\",\"item\":\"https:\/\/experienciadevida.com.ar\/portalurbano\/\"},{\"@type\":\"ListItem\",\"position\":2,\"name\":\"Reuni\u00f3n con propietarios de estaciones de servicios\"}]},{\"@type\":\"WebSite\",\"@id\":\"https:\/\/experienciadevida.com.ar\/portalurbano\/#website\",\"url\":\"https:\/\/experienciadevida.com.ar\/portalurbano\/\",\"name\":\"\",\"description\":\"\",\"publisher\":{\"@id\":\"https:\/\/experienciadevida.com.ar\/portalurbano\/#organization\"},\"potentialAction\":[{\"@type\":\"SearchAction\",\"target\":{\"@type\":\"EntryPoint\",\"urlTemplate\":\"https:\/\/experienciadevida.com.ar\/portalurbano\/?s={search_term_string}\"},\"query-input\":\"required name=search_term_string\"}],\"inLanguage\":\"es\"},{\"@type\":\"Organization\",\"@id\":\"https:\/\/experienciadevida.com.ar\/portalurbano\/#organization\",\"name\":\"Portal Urbano\",\"url\":\"https:\/\/experienciadevida.com.ar\/portalurbano\/\",\"logo\":{\"@type\":\"ImageObject\",\"inLanguage\":\"es\",\"@id\":\"https:\/\/experienciadevida.com.ar\/portalurbano\/#\/schema\/logo\/image\/\",\"url\":\"https:\/\/experienciadevida.com.ar\/portalurbano\/wp-content\/uploads\/2019\/09\/Logo-Original.png\",\"contentUrl\":\"https:\/\/experienciadevida.com.ar\/portalurbano\/wp-content\/uploads\/2019\/09\/Logo-Original.png\",\"width\":2236,\"height\":1216,\"caption\":\"Portal Urbano\"},\"image\":{\"@id\":\"https:\/\/experienciadevida.com.ar\/portalurbano\/#\/schema\/logo\/image\/\"},\"sameAs\":[\"https:\/\/www.facebook.com\/Portal-Urbano-171542830093757\/\",\"https:\/\/twitter.com\/portalurbanook\",\"https:\/\/www.instagram.com\/_portalurbano\/\",\"https:\/\/www.youtube.com\/channel\/UCXhagIfszH8KxFiOok79zbA?view_as=subscriber\"]},{\"@type\":\"Person\",\"@id\":\"https:\/\/experienciadevida.com.ar\/portalurbano\/#\/schema\/person\/02dd326b1c4b056e9cc972486934a3a7\",\"name\":\"admpu17wp\",\"image\":{\"@type\":\"ImageObject\",\"inLanguage\":\"es\",\"@id\":\"https:\/\/experienciadevida.com.ar\/portalurbano\/#\/schema\/person\/image\/\",\"url\":\"https:\/\/secure.gravatar.com\/avatar\/830d4c57adaae6630765e449a6908047?s=96&d=mm&r=g\",\"contentUrl\":\"https:\/\/secure.gravatar.com\/avatar\/830d4c57adaae6630765e449a6908047?s=96&d=mm&r=g\",\"caption\":\"admpu17wp\"}}]}<\/script>\n<!-- \/ Yoast SEO plugin. -->","yoast_head_json":{"title":"Reuni\u00f3n con propietarios de estaciones de servicio","description":"Reuni\u00f3n con propietarios de estaciones de servicios, en las \u00faltimas horas el intendente municipal Ezequiel Galli recibi\u00f3 en el sal\u00f3n blanco","robots":{"index":"index","follow":"follow","max-snippet":"max-snippet:-1","max-image-preview":"max-image-preview:large","max-video-preview":"max-video-preview:-1"},"canonical":"https:\/\/experienciadevida.com.ar\/portalurbano\/reunion-con-propietarios-de-estaciones-de-servicios\/","og_locale":"es_ES","og_type":"article","og_title":"Reuni\u00f3n con propietarios de estaciones de servicio","og_description":"Reuni\u00f3n con propietarios de estaciones de servicios, en las \u00faltimas horas el intendente municipal Ezequiel Galli recibi\u00f3 en el sal\u00f3n blanco","og_url":"https:\/\/experienciadevida.com.ar\/portalurbano\/reunion-con-propietarios-de-estaciones-de-servicios\/","article_publisher":"https:\/\/www.facebook.com\/Portal-Urbano-171542830093757\/","article_published_time":"2022-09-24T21:28:36+00:00","article_modified_time":"2022-09-24T21:30:37+00:00","og_image":[{"width":1024,"height":683,"url":"https:\/\/experienciadevida.com.ar\/portalurbano\/wp-content\/uploads\/2022\/09\/Reunion-con-propietarios-de.jpg","type":"image\/jpeg"}],"author":"admpu17wp","twitter_card":"summary_large_image","twitter_creator":"@portalurbanook","twitter_site":"@portalurbanook","twitter_misc":{"Escrito por":"admpu17wp","Tiempo de lectura":"2 minutos"},"schema":{"@context":"https:\/\/schema.org","@graph":[{"@type":"Article","@id":"https:\/\/experienciadevida.com.ar\/portalurbano\/reunion-con-propietarios-de-estaciones-de-servicios\/#article","isPartOf":{"@id":"https:\/\/experienciadevida.com.ar\/portalurbano\/reunion-con-propietarios-de-estaciones-de-servicios\/"},"author":{"name":"admpu17wp","@id":"https:\/\/experienciadevida.com.ar\/portalurbano\/#\/schema\/person\/02dd326b1c4b056e9cc972486934a3a7"},"headline":"Reuni\u00f3n con propietarios de estaciones de servicios","datePublished":"2022-09-24T21:28:36+00:00","dateModified":"2022-09-24T21:30:37+00:00","mainEntityOfPage":{"@id":"https:\/\/experienciadevida.com.ar\/portalurbano\/reunion-con-propietarios-de-estaciones-de-servicios\/"},"wordCount":293,"publisher":{"@id":"https:\/\/experienciadevida.com.ar\/portalurbano\/#organization"},"articleSection":["Ciudad","Destacadas"],"inLanguage":"es"},{"@type":"WebPage","@id":"https:\/\/experienciadevida.com.ar\/portalurbano\/reunion-con-propietarios-de-estaciones-de-servicios\/","url":"https:\/\/experienciadevida.com.ar\/portalurbano\/reunion-con-propietarios-de-estaciones-de-servicios\/","name":"Reuni\u00f3n con propietarios de estaciones de servicio","isPartOf":{"@id":"https:\/\/experienciadevida.com.ar\/portalurbano\/#website"},"datePublished":"2022-09-24T21:28:36+00:00","dateModified":"2022-09-24T21:30:37+00:00","description":"Reuni\u00f3n con propietarios de estaciones de servicios, en las \u00faltimas horas el intendente municipal Ezequiel Galli recibi\u00f3 en el sal\u00f3n blanco","breadcrumb":{"@id":"https:\/\/experienciadevida.com.ar\/portalurbano\/reunion-con-propietarios-de-estaciones-de-servicios\/#breadcrumb"},"inLanguage":"es","potentialAction":[{"@type":"ReadAction","target":["https:\/\/experienciadevida.com.ar\/portalurbano\/reunion-con-propietarios-de-estaciones-de-servicios\/"]}]},{"@type":"BreadcrumbList","@id":"https:\/\/experienciadevida.com.ar\/portalurbano\/reunion-con-propietarios-de-estaciones-de-servicios\/#breadcrumb","itemListElement":[{"@type":"ListItem","position":1,"name":"Portada","item":"https:\/\/experienciadevida.com.ar\/portalurbano\/"},{"@type":"ListItem","position":2,"name":"Reuni\u00f3n con propietarios de estaciones de servicios"}]},{"@type":"WebSite","@id":"https:\/\/experienciadevida.com.ar\/portalurbano\/#website","url":"https:\/\/experienciadevida.com.ar\/portalurbano\/","name":"","description":"","publisher":{"@id":"https:\/\/experienciadevida.com.ar\/portalurbano\/#organization"},"potentialAction":[{"@type":"SearchAction","target":{"@type":"EntryPoint","urlTemplate":"https:\/\/experienciadevida.com.ar\/portalurbano\/?s={search_term_string}"},"query-input":"required name=search_term_string"}],"inLanguage":"es"},{"@type":"Organization","@id":"https:\/\/experienciadevida.com.ar\/portalurbano\/#organization","name":"Portal Urbano","url":"https:\/\/experienciadevida.com.ar\/portalurbano\/","logo":{"@type":"ImageObject","inLanguage":"es","@id":"https:\/\/experienciadevida.com.ar\/portalurbano\/#\/schema\/logo\/image\/","url":"https:\/\/experienciadevida.com.ar\/portalurbano\/wp-content\/uploads\/2019\/09\/Logo-Original.png","contentUrl":"https:\/\/experienciadevida.com.ar\/portalurbano\/wp-content\/uploads\/2019\/09\/Logo-Original.png","width":2236,"height":1216,"caption":"Portal Urbano"},"image":{"@id":"https:\/\/experienciadevida.com.ar\/portalurbano\/#\/schema\/logo\/image\/"},"sameAs":["https:\/\/www.facebook.com\/Portal-Urbano-171542830093757\/","https:\/\/twitter.com\/portalurbanook","https:\/\/www.instagram.com\/_portalurbano\/","https:\/\/www.youtube.com\/channel\/UCXhagIfszH8KxFiOok79zbA?view_as=subscriber"]},{"@type":"Person","@id":"https:\/\/experienciadevida.com.ar\/portalurbano\/#\/schema\/person\/02dd326b1c4b056e9cc972486934a3a7","name":"admpu17wp","image":{"@type":"ImageObject","inLanguage":"es","@id":"https:\/\/experienciadevida.com.ar\/portalurbano\/#\/schema\/person\/image\/","url":"https:\/\/secure.gravatar.com\/avatar\/830d4c57adaae6630765e449a6908047?s=96&d=mm&r=g","contentUrl":"https:\/\/secure.gravatar.com\/avatar\/830d4c57adaae6630765e449a6908047?s=96&d=mm&r=g","caption":"admpu17wp"}}]}},"featured_image_urls":{"full":["https:\/\/experienciadevida.com.ar\/portalurbano\/wp-content\/uploads\/2022\/09\/Reunion-con-propietarios-de.jpg",1024,683,false],"thumbnail":["https:\/\/experienciadevida.com.ar\/portalurbano\/wp-content\/uploads\/2022\/09\/Reunion-con-propietarios-de-150x150.jpg",150,150,true],"medium":["https:\/\/experienciadevida.com.ar\/portalurbano\/wp-content\/uploads\/2022\/09\/Reunion-con-propietarios-de-300x200.jpg",300,200,true],"medium_large":["https:\/\/experienciadevida.com.ar\/portalurbano\/wp-content\/uploads\/2022\/09\/Reunion-con-propietarios-de-768x512.jpg",640,427,true],"large":["https:\/\/experienciadevida.com.ar\/portalurbano\/wp-content\/uploads\/2022\/09\/Reunion-con-propietarios-de.jpg",640,427,false],"ug_big":["https:\/\/experienciadevida.com.ar\/portalurbano\/wp-content\/uploads\/2022\/09\/Reunion-con-propietarios-de-768x512.jpg",768,512,true],"1536x1536":["https:\/\/experienciadevida.com.ar\/portalurbano\/wp-content\/uploads\/2022\/09\/Reunion-con-propietarios-de.jpg",1024,683,false],"2048x2048":["https:\/\/experienciadevida.com.ar\/portalurbano\/wp-content\/uploads\/2022\/09\/Reunion-con-propietarios-de.jpg",1024,683,false],"newsever-slider-full":["https:\/\/experienciadevida.com.ar\/portalurbano\/wp-content\/uploads\/2022\/09\/Reunion-con-propietarios-de.jpg",1024,683,false],"newsever-featured":["https:\/\/experienciadevida.com.ar\/portalurbano\/wp-content\/uploads\/2022\/09\/Reunion-con-propietarios-de.jpg",1024,683,false],"newsever-medium":["https:\/\/experienciadevida.com.ar\/portalurbano\/wp-content\/uploads\/2022\/09\/Reunion-con-propietarios-de.jpg",712,475,false],"web-stories-poster-portrait":["https:\/\/experienciadevida.com.ar\/portalurbano\/wp-content\/uploads\/2022\/09\/Reunion-con-propietarios-de-640x683.jpg",640,683,true],"web-stories-publisher-logo":["https:\/\/experienciadevida.com.ar\/portalurbano\/wp-content\/uploads\/2022\/09\/Reunion-con-propietarios-de-96x96.jpg",96,96,true],"web-stories-thumbnail":["https:\/\/experienciadevida.com.ar\/portalurbano\/wp-content\/uploads\/2022\/09\/Reunion-con-propietarios-de-150x100.jpg",150,100,true]},"author_info":{"display_name":"admpu17wp","author_link":"https:\/\/experienciadevida.com.ar\/portalurbano\/author\/admpu17wp\/"},"category_info":"<a href=\"https:\/\/experienciadevida.com.ar\/portalurbano\/category\/ciudad\/\" rel=\"category tag\">Ciudad<\/a> <a href=\"https:\/\/experienciadevida.com.ar\/portalurbano\/category\/destacadas\/\" rel=\"category tag\">Destacadas<\/a>","tag_info":"Destacadas","comment_count":"0","amp_enabled":true,"_links":{"self":[{"href":"https:\/\/experienciadevida.com.ar\/portalurbano\/wp-json\/wp\/v2\/posts\/176767"}],"collection":[{"href":"https:\/\/experienciadevida.com.ar\/portalurbano\/wp-json\/wp\/v2\/posts"}],"about":[{"href":"https:\/\/experienciadevida.com.ar\/portalurbano\/wp-json\/wp\/v2\/types\/post"}],"author":[{"embeddable":true,"href":"https:\/\/experienciadevida.com.ar\/portalurbano\/wp-json\/wp\/v2\/users\/1"}],"replies":[{"embeddable":true,"href":"https:\/\/experienciadevida.com.ar\/portalurbano\/wp-json\/wp\/v2\/comments?post=176767"}],"version-history":[{"count":2,"href":"https:\/\/experienciadevida.com.ar\/portalurbano\/wp-json\/wp\/v2\/posts\/176767\/revisions"}],"predecessor-version":[{"id":176770,"href":"https:\/\/experienciadevida.com.ar\/portalurbano\/wp-json\/wp\/v2\/posts\/176767\/revisions\/176770"}],"wp:featuredmedia":[{"embeddable":true,"href":"https:\/\/experienciadevida.com.ar\/portalurbano\/wp-json\/wp\/v2\/media\/176768"}],"wp:attachment":[{"href":"https:\/\/experienciadevida.com.ar\/portalurbano\/wp-json\/wp\/v2\/media?parent=176767"}],"wp:term":[{"taxonomy":"category","embeddable":true,"href":"https:\/\/experienciadevida.com.ar\/portalurbano\/wp-json\/wp\/v2\/categories?post=176767"},{"taxonomy":"post_tag","embeddable":true,"href":"https:\/\/experienciadevida.com.ar\/portalurbano\/wp-json\/wp\/v2\/tags?post=176767"}],"curies":[{"name":"wp","href":"https:\/\/api.w.org\/{rel}","templated":true}]}}