{"id":176752,"date":"2022-09-24T12:45:25","date_gmt":"2022-09-24T15:45:25","guid":{"rendered":"https:\/\/experienciadevida.com.ar\/portalurbano\/?p=176752"},"modified":"2022-09-24T12:45:50","modified_gmt":"2022-09-24T15:45:50","slug":"olavarria-celebra-el-dia-del-turismo-con-actividades-especiales","status":"publish","type":"post","link":"https:\/\/experienciadevida.com.ar\/portalurbano\/olavarria-celebra-el-dia-del-turismo-con-actividades-especiales\/","title":{"rendered":"Olavarr\u00eda celebra el D\u00eda del Turismo con actividades especiales"},"content":{"rendered":"<p>Olavarr\u00eda celebra el D\u00eda del Turismo con actividades especiales, con motivo del d\u00eda Internacional del Turismo, Olavarr\u00eda se sumar\u00e1 a los festejos con distintas actividades especiales, que se desarrollar\u00e1n este s\u00e1bado 24 de septiembre.<\/p>\n<p>Las dos propuestas m\u00e1s concurrentes se unen para celebrar este d\u00eda particular. Para ello se realizar\u00e1 una edici\u00f3n \u00fanica del Bus Tur\u00edstico Olavarriense junto con el Cicloturismo.<\/p>\n<p>La propuesta \u2013impulsada por la Direcci\u00f3n de Turismo- consiste en que los dos circuitos compartir\u00e1n el punto de salida y un punto de encuentro especial. Por lo tanto, este s\u00e1bado, ambas actividades se encontrar\u00e1n en el Paseo Jes\u00fas Mend\u00eda para desde all\u00ed comenzar a disfrutar una tarde diferente.<\/p>\n<p>En el caso del Cicloturismo, se partir\u00e1 rumbo al alojamiento rural La Payanca \u201cCalma de Campo\u201d. El mismo se encuentra dentro del Partido de Olavarr\u00eda, ubicado a las afueras de la ciudad, aproximadamente a unos 20 km.<\/p>\n<p>El Bus Tur\u00edstico Olavarriense partir\u00e1 para conocer el proceso productivo de emprendimientos: Cervecer\u00eda Rab y Cervecer\u00eda Kabbalah. A mitad de la tarde, los pasajeros a bordo del Bus ir\u00e1n tambi\u00e9n a conocer la estancia rural, donde all\u00ed se prev\u00e9 una actividad de recreaci\u00f3n e importantes sorteos (apoyados por diferentes emprendimientos gastron\u00f3micos del Partido).<\/p>\n<p>La Direcci\u00f3n de Turismo busca visibilizar los diferentes actores econ\u00f3micos que forman parte de la actividad tur\u00edstica y por tal motivo es que se ir\u00e1 a visitar un alojamiento rural, se conocer\u00e1 parte del proceso productivo de unos de los productos regionales con los que cuenta nuestra localidad. El prop\u00f3sito es acercar a la comunidad, al entendimiento de la importancia de la actividad tur\u00edstica a nivel local.<\/p>\n<p>La salida est\u00e1 prevista, entonces, para este s\u00e1bado y tendr\u00e1 una duraci\u00f3n de 4 horas. El punto de encuentro ser\u00e1 el Paseo Padre Jes\u00fas Mend\u00eda a las 14:10 horas. El circuito arrancar\u00e1 a las 14:30 horas, para regresar a las 18:30 horas aproximadamente.<\/p>\n<p>Desde el \u00e1rea se agradece la colaboraci\u00f3n y participaci\u00f3n de: La Payanca, Cervecer\u00eda Rab, Cervecer\u00eda Kabbalah, Caf\u00e9 Vega, La R\u00fastica, Tano, Sur del Sur, Parrilla Chaira, Restaurante Tradici\u00f3n Barcelona y Brau.<\/p>\n<p>Por m\u00e1s informaci\u00f3n y\/o contacto, comunicarse a trav\u00e9s de Instagram: @Olavarria Turismo. Facebook: @disfrutaolavarria. Por tel\u00e9fono: (02284) 480023. Correo: turismo@olavarria.gov.ar. WhatsApp: (02284) 695796<\/p>\n<p>&nbsp;<\/p>\n<p>D\u00eda Mundial del Turismo<\/p>\n<p>A nivel internacional, cada 27 de septiembre se celebra el D\u00eda Mundial del Turismo desde 1980. Esto se debe a que dicha fecha coincide con la adopci\u00f3n de los Estatutos de la Organizaci\u00f3n en 1970, allanando el camino para el establecimiento de la OMT \u2013 Organizaci\u00f3n Mundial del Turismo \u2013 cinco a\u00f1os despu\u00e9s.<\/p>\n<p>Cada a\u00f1o se define un lema especial para la celebraci\u00f3n, en este 2022 se fij\u00f3 Repensar el Turismo. Hoy en d\u00eda est\u00e1 m\u00e1s claro que nunca el replantearse al turismo para que el mismo contribuya al desarrollo por medio de la educaci\u00f3n y el empleo, as\u00ed como tambi\u00e9n sobre el impacto del turismo en el planeta y las oportunidades de crecer de forma m\u00e1s sostenible.<\/p>\n","protected":false},"excerpt":{"rendered":"<p>Olavarr\u00eda celebra el D\u00eda del Turismo con actividades especiales, con motivo del d\u00eda Internacional del&#8230;<\/p>\n","protected":false},"author":1,"featured_media":176753,"comment_status":"closed","ping_status":"closed","sticky":false,"template":"","format":"standard","meta":{"content-type":""},"categories":[27],"tags":[],"nelio_content":{"isAutoShareEnabled":false,"autoShareEndMode":"default","automationSources":{"useContentSentences":true,"useSocialTemplates":true,"useCustomSentences":false,"customSentences":[]},"followers":[1],"suggestedReferences":[],"includedReferences":[],"efiUrl":"","efiAlt":"","highlights":[]},"yoast_head":"<!-- This site is optimized with the Yoast SEO plugin v20.7 - https:\/\/yoast.com\/wordpress\/plugins\/seo\/ -->\n<title>Olavarr\u00eda celebra el d\u00eda del turismo con actividades especiales<\/title>\n<meta name=\"description\" content=\"Olavarr\u00eda celebra el D\u00eda del Turismo con actividades especiales, con motivo del d\u00eda Internacional del Turismo,\" \/>\n<meta name=\"robots\" content=\"index, follow, max-snippet:-1, max-image-preview:large, max-video-preview:-1\" \/>\n<link rel=\"canonical\" href=\"https:\/\/experienciadevida.com.ar\/portalurbano\/olavarria-celebra-el-dia-del-turismo-con-actividades-especiales\/\" \/>\n<meta property=\"og:locale\" content=\"es_ES\" \/>\n<meta property=\"og:type\" content=\"article\" \/>\n<meta property=\"og:title\" content=\"Olavarr\u00eda celebra el d\u00eda del turismo con actividades especiales\" \/>\n<meta property=\"og:description\" content=\"Olavarr\u00eda celebra el D\u00eda del Turismo con actividades especiales, con motivo del d\u00eda Internacional del Turismo,\" \/>\n<meta property=\"og:url\" content=\"https:\/\/experienciadevida.com.ar\/portalurbano\/olavarria-celebra-el-dia-del-turismo-con-actividades-especiales\/\" \/>\n<meta property=\"article:publisher\" content=\"https:\/\/www.facebook.com\/Portal-Urbano-171542830093757\/\" \/>\n<meta property=\"article:published_time\" content=\"2022-09-24T15:45:25+00:00\" \/>\n<meta property=\"article:modified_time\" content=\"2022-09-24T15:45:50+00:00\" \/>\n<meta property=\"og:image\" content=\"https:\/\/experienciadevida.com.ar\/portalurbano\/wp-content\/uploads\/2022\/09\/Olavarria-celebra-el-Dia.jpg\" \/>\n\t<meta property=\"og:image:width\" content=\"609\" \/>\n\t<meta property=\"og:image:height\" content=\"226\" \/>\n\t<meta property=\"og:image:type\" content=\"image\/jpeg\" \/>\n<meta name=\"author\" content=\"admpu17wp\" \/>\n<meta name=\"twitter:card\" content=\"summary_large_image\" \/>\n<meta name=\"twitter:creator\" content=\"@portalurbanook\" \/>\n<meta name=\"twitter:site\" content=\"@portalurbanook\" \/>\n<meta name=\"twitter:label1\" content=\"Escrito por\" \/>\n\t<meta name=\"twitter:data1\" content=\"admpu17wp\" \/>\n\t<meta name=\"twitter:label2\" content=\"Tiempo de lectura\" \/>\n\t<meta name=\"twitter:data2\" content=\"3 minutos\" \/>\n<script type=\"application\/ld+json\" class=\"yoast-schema-graph\">{\"@context\":\"https:\/\/schema.org\",\"@graph\":[{\"@type\":\"Article\",\"@id\":\"https:\/\/experienciadevida.com.ar\/portalurbano\/olavarria-celebra-el-dia-del-turismo-con-actividades-especiales\/#article\",\"isPartOf\":{\"@id\":\"https:\/\/experienciadevida.com.ar\/portalurbano\/olavarria-celebra-el-dia-del-turismo-con-actividades-especiales\/\"},\"author\":{\"name\":\"admpu17wp\",\"@id\":\"https:\/\/experienciadevida.com.ar\/portalurbano\/#\/schema\/person\/02dd326b1c4b056e9cc972486934a3a7\"},\"headline\":\"Olavarr\u00eda celebra el D\u00eda del Turismo con actividades especiales\",\"datePublished\":\"2022-09-24T15:45:25+00:00\",\"dateModified\":\"2022-09-24T15:45:50+00:00\",\"mainEntityOfPage\":{\"@id\":\"https:\/\/experienciadevida.com.ar\/portalurbano\/olavarria-celebra-el-dia-del-turismo-con-actividades-especiales\/\"},\"wordCount\":542,\"publisher\":{\"@id\":\"https:\/\/experienciadevida.com.ar\/portalurbano\/#organization\"},\"articleSection\":[\"Ciudad\"],\"inLanguage\":\"es\"},{\"@type\":\"WebPage\",\"@id\":\"https:\/\/experienciadevida.com.ar\/portalurbano\/olavarria-celebra-el-dia-del-turismo-con-actividades-especiales\/\",\"url\":\"https:\/\/experienciadevida.com.ar\/portalurbano\/olavarria-celebra-el-dia-del-turismo-con-actividades-especiales\/\",\"name\":\"Olavarr\u00eda celebra el d\u00eda del turismo con actividades especiales\",\"isPartOf\":{\"@id\":\"https:\/\/experienciadevida.com.ar\/portalurbano\/#website\"},\"datePublished\":\"2022-09-24T15:45:25+00:00\",\"dateModified\":\"2022-09-24T15:45:50+00:00\",\"description\":\"Olavarr\u00eda celebra el D\u00eda del Turismo con actividades especiales, con motivo del d\u00eda Internacional del Turismo,\",\"breadcrumb\":{\"@id\":\"https:\/\/experienciadevida.com.ar\/portalurbano\/olavarria-celebra-el-dia-del-turismo-con-actividades-especiales\/#breadcrumb\"},\"inLanguage\":\"es\",\"potentialAction\":[{\"@type\":\"ReadAction\",\"target\":[\"https:\/\/experienciadevida.com.ar\/portalurbano\/olavarria-celebra-el-dia-del-turismo-con-actividades-especiales\/\"]}]},{\"@type\":\"BreadcrumbList\",\"@id\":\"https:\/\/experienciadevida.com.ar\/portalurbano\/olavarria-celebra-el-dia-del-turismo-con-actividades-especiales\/#breadcrumb\",\"itemListElement\":[{\"@type\":\"ListItem\",\"position\":1,\"name\":\"Portada\",\"item\":\"https:\/\/experienciadevida.com.ar\/portalurbano\/\"},{\"@type\":\"ListItem\",\"position\":2,\"name\":\"Olavarr\u00eda celebra el D\u00eda del Turismo con actividades especiales\"}]},{\"@type\":\"WebSite\",\"@id\":\"https:\/\/experienciadevida.com.ar\/portalurbano\/#website\",\"url\":\"https:\/\/experienciadevida.com.ar\/portalurbano\/\",\"name\":\"\",\"description\":\"\",\"publisher\":{\"@id\":\"https:\/\/experienciadevida.com.ar\/portalurbano\/#organization\"},\"potentialAction\":[{\"@type\":\"SearchAction\",\"target\":{\"@type\":\"EntryPoint\",\"urlTemplate\":\"https:\/\/experienciadevida.com.ar\/portalurbano\/?s={search_term_string}\"},\"query-input\":\"required name=search_term_string\"}],\"inLanguage\":\"es\"},{\"@type\":\"Organization\",\"@id\":\"https:\/\/experienciadevida.com.ar\/portalurbano\/#organization\",\"name\":\"Portal Urbano\",\"url\":\"https:\/\/experienciadevida.com.ar\/portalurbano\/\",\"logo\":{\"@type\":\"ImageObject\",\"inLanguage\":\"es\",\"@id\":\"https:\/\/experienciadevida.com.ar\/portalurbano\/#\/schema\/logo\/image\/\",\"url\":\"https:\/\/experienciadevida.com.ar\/portalurbano\/wp-content\/uploads\/2019\/09\/Logo-Original.png\",\"contentUrl\":\"https:\/\/experienciadevida.com.ar\/portalurbano\/wp-content\/uploads\/2019\/09\/Logo-Original.png\",\"width\":2236,\"height\":1216,\"caption\":\"Portal Urbano\"},\"image\":{\"@id\":\"https:\/\/experienciadevida.com.ar\/portalurbano\/#\/schema\/logo\/image\/\"},\"sameAs\":[\"https:\/\/www.facebook.com\/Portal-Urbano-171542830093757\/\",\"https:\/\/twitter.com\/portalurbanook\",\"https:\/\/www.instagram.com\/_portalurbano\/\",\"https:\/\/www.youtube.com\/channel\/UCXhagIfszH8KxFiOok79zbA?view_as=subscriber\"]},{\"@type\":\"Person\",\"@id\":\"https:\/\/experienciadevida.com.ar\/portalurbano\/#\/schema\/person\/02dd326b1c4b056e9cc972486934a3a7\",\"name\":\"admpu17wp\",\"image\":{\"@type\":\"ImageObject\",\"inLanguage\":\"es\",\"@id\":\"https:\/\/experienciadevida.com.ar\/portalurbano\/#\/schema\/person\/image\/\",\"url\":\"https:\/\/secure.gravatar.com\/avatar\/830d4c57adaae6630765e449a6908047?s=96&d=mm&r=g\",\"contentUrl\":\"https:\/\/secure.gravatar.com\/avatar\/830d4c57adaae6630765e449a6908047?s=96&d=mm&r=g\",\"caption\":\"admpu17wp\"}}]}<\/script>\n<!-- \/ Yoast SEO plugin. -->","yoast_head_json":{"title":"Olavarr\u00eda celebra el d\u00eda del turismo con actividades especiales","description":"Olavarr\u00eda celebra el D\u00eda del Turismo con actividades especiales, con motivo del d\u00eda Internacional del Turismo,","robots":{"index":"index","follow":"follow","max-snippet":"max-snippet:-1","max-image-preview":"max-image-preview:large","max-video-preview":"max-video-preview:-1"},"canonical":"https:\/\/experienciadevida.com.ar\/portalurbano\/olavarria-celebra-el-dia-del-turismo-con-actividades-especiales\/","og_locale":"es_ES","og_type":"article","og_title":"Olavarr\u00eda celebra el d\u00eda del turismo con actividades especiales","og_description":"Olavarr\u00eda celebra el D\u00eda del Turismo con actividades especiales, con motivo del d\u00eda Internacional del Turismo,","og_url":"https:\/\/experienciadevida.com.ar\/portalurbano\/olavarria-celebra-el-dia-del-turismo-con-actividades-especiales\/","article_publisher":"https:\/\/www.facebook.com\/Portal-Urbano-171542830093757\/","article_published_time":"2022-09-24T15:45:25+00:00","article_modified_time":"2022-09-24T15:45:50+00:00","og_image":[{"width":609,"height":226,"url":"https:\/\/experienciadevida.com.ar\/portalurbano\/wp-content\/uploads\/2022\/09\/Olavarria-celebra-el-Dia.jpg","type":"image\/jpeg"}],"author":"admpu17wp","twitter_card":"summary_large_image","twitter_creator":"@portalurbanook","twitter_site":"@portalurbanook","twitter_misc":{"Escrito por":"admpu17wp","Tiempo de lectura":"3 minutos"},"schema":{"@context":"https:\/\/schema.org","@graph":[{"@type":"Article","@id":"https:\/\/experienciadevida.com.ar\/portalurbano\/olavarria-celebra-el-dia-del-turismo-con-actividades-especiales\/#article","isPartOf":{"@id":"https:\/\/experienciadevida.com.ar\/portalurbano\/olavarria-celebra-el-dia-del-turismo-con-actividades-especiales\/"},"author":{"name":"admpu17wp","@id":"https:\/\/experienciadevida.com.ar\/portalurbano\/#\/schema\/person\/02dd326b1c4b056e9cc972486934a3a7"},"headline":"Olavarr\u00eda celebra el D\u00eda del Turismo con actividades especiales","datePublished":"2022-09-24T15:45:25+00:00","dateModified":"2022-09-24T15:45:50+00:00","mainEntityOfPage":{"@id":"https:\/\/experienciadevida.com.ar\/portalurbano\/olavarria-celebra-el-dia-del-turismo-con-actividades-especiales\/"},"wordCount":542,"publisher":{"@id":"https:\/\/experienciadevida.com.ar\/portalurbano\/#organization"},"articleSection":["Ciudad"],"inLanguage":"es"},{"@type":"WebPage","@id":"https:\/\/experienciadevida.com.ar\/portalurbano\/olavarria-celebra-el-dia-del-turismo-con-actividades-especiales\/","url":"https:\/\/experienciadevida.com.ar\/portalurbano\/olavarria-celebra-el-dia-del-turismo-con-actividades-especiales\/","name":"Olavarr\u00eda celebra el d\u00eda del turismo con actividades especiales","isPartOf":{"@id":"https:\/\/experienciadevida.com.ar\/portalurbano\/#website"},"datePublished":"2022-09-24T15:45:25+00:00","dateModified":"2022-09-24T15:45:50+00:00","description":"Olavarr\u00eda celebra el D\u00eda del Turismo con actividades especiales, con motivo del d\u00eda Internacional del Turismo,","breadcrumb":{"@id":"https:\/\/experienciadevida.com.ar\/portalurbano\/olavarria-celebra-el-dia-del-turismo-con-actividades-especiales\/#breadcrumb"},"inLanguage":"es","potentialAction":[{"@type":"ReadAction","target":["https:\/\/experienciadevida.com.ar\/portalurbano\/olavarria-celebra-el-dia-del-turismo-con-actividades-especiales\/"]}]},{"@type":"BreadcrumbList","@id":"https:\/\/experienciadevida.com.ar\/portalurbano\/olavarria-celebra-el-dia-del-turismo-con-actividades-especiales\/#breadcrumb","itemListElement":[{"@type":"ListItem","position":1,"name":"Portada","item":"https:\/\/experienciadevida.com.ar\/portalurbano\/"},{"@type":"ListItem","position":2,"name":"Olavarr\u00eda celebra el D\u00eda del Turismo con actividades especiales"}]},{"@type":"WebSite","@id":"https:\/\/experienciadevida.com.ar\/portalurbano\/#website","url":"https:\/\/experienciadevida.com.ar\/portalurbano\/","name":"","description":"","publisher":{"@id":"https:\/\/experienciadevida.com.ar\/portalurbano\/#organization"},"potentialAction":[{"@type":"SearchAction","target":{"@type":"EntryPoint","urlTemplate":"https:\/\/experienciadevida.com.ar\/portalurbano\/?s={search_term_string}"},"query-input":"required name=search_term_string"}],"inLanguage":"es"},{"@type":"Organization","@id":"https:\/\/experienciadevida.com.ar\/portalurbano\/#organization","name":"Portal Urbano","url":"https:\/\/experienciadevida.com.ar\/portalurbano\/","logo":{"@type":"ImageObject","inLanguage":"es","@id":"https:\/\/experienciadevida.com.ar\/portalurbano\/#\/schema\/logo\/image\/","url":"https:\/\/experienciadevida.com.ar\/portalurbano\/wp-content\/uploads\/2019\/09\/Logo-Original.png","contentUrl":"https:\/\/experienciadevida.com.ar\/portalurbano\/wp-content\/uploads\/2019\/09\/Logo-Original.png","width":2236,"height":1216,"caption":"Portal Urbano"},"image":{"@id":"https:\/\/experienciadevida.com.ar\/portalurbano\/#\/schema\/logo\/image\/"},"sameAs":["https:\/\/www.facebook.com\/Portal-Urbano-171542830093757\/","https:\/\/twitter.com\/portalurbanook","https:\/\/www.instagram.com\/_portalurbano\/","https:\/\/www.youtube.com\/channel\/UCXhagIfszH8KxFiOok79zbA?view_as=subscriber"]},{"@type":"Person","@id":"https:\/\/experienciadevida.com.ar\/portalurbano\/#\/schema\/person\/02dd326b1c4b056e9cc972486934a3a7","name":"admpu17wp","image":{"@type":"ImageObject","inLanguage":"es","@id":"https:\/\/experienciadevida.com.ar\/portalurbano\/#\/schema\/person\/image\/","url":"https:\/\/secure.gravatar.com\/avatar\/830d4c57adaae6630765e449a6908047?s=96&d=mm&r=g","contentUrl":"https:\/\/secure.gravatar.com\/avatar\/830d4c57adaae6630765e449a6908047?s=96&d=mm&r=g","caption":"admpu17wp"}}]}},"featured_image_urls":{"full":["https:\/\/experienciadevida.com.ar\/portalurbano\/wp-content\/uploads\/2022\/09\/Olavarria-celebra-el-Dia.jpg",609,226,false],"thumbnail":["https:\/\/experienciadevida.com.ar\/portalurbano\/wp-content\/uploads\/2022\/09\/Olavarria-celebra-el-Dia-150x150.jpg",150,150,true],"medium":["https:\/\/experienciadevida.com.ar\/portalurbano\/wp-content\/uploads\/2022\/09\/Olavarria-celebra-el-Dia-300x111.jpg",300,111,true],"medium_large":["https:\/\/experienciadevida.com.ar\/portalurbano\/wp-content\/uploads\/2022\/09\/Olavarria-celebra-el-Dia.jpg",609,226,false],"large":["https:\/\/experienciadevida.com.ar\/portalurbano\/wp-content\/uploads\/2022\/09\/Olavarria-celebra-el-Dia.jpg",609,226,false],"ug_big":["https:\/\/experienciadevida.com.ar\/portalurbano\/wp-content\/uploads\/2022\/09\/Olavarria-celebra-el-Dia.jpg",609,226,false],"1536x1536":["https:\/\/experienciadevida.com.ar\/portalurbano\/wp-content\/uploads\/2022\/09\/Olavarria-celebra-el-Dia.jpg",609,226,false],"2048x2048":["https:\/\/experienciadevida.com.ar\/portalurbano\/wp-content\/uploads\/2022\/09\/Olavarria-celebra-el-Dia.jpg",609,226,false],"newsever-slider-full":["https:\/\/experienciadevida.com.ar\/portalurbano\/wp-content\/uploads\/2022\/09\/Olavarria-celebra-el-Dia.jpg",609,226,false],"newsever-featured":["https:\/\/experienciadevida.com.ar\/portalurbano\/wp-content\/uploads\/2022\/09\/Olavarria-celebra-el-Dia.jpg",609,226,false],"newsever-medium":["https:\/\/experienciadevida.com.ar\/portalurbano\/wp-content\/uploads\/2022\/09\/Olavarria-celebra-el-Dia.jpg",609,226,false],"web-stories-poster-portrait":["https:\/\/experienciadevida.com.ar\/portalurbano\/wp-content\/uploads\/2022\/09\/Olavarria-celebra-el-Dia.jpg",609,226,false],"web-stories-publisher-logo":["https:\/\/experienciadevida.com.ar\/portalurbano\/wp-content\/uploads\/2022\/09\/Olavarria-celebra-el-Dia-96x96.jpg",96,96,true],"web-stories-thumbnail":["https:\/\/experienciadevida.com.ar\/portalurbano\/wp-content\/uploads\/2022\/09\/Olavarria-celebra-el-Dia-150x56.jpg",150,56,true]},"author_info":{"display_name":"admpu17wp","author_link":"https:\/\/experienciadevida.com.ar\/portalurbano\/author\/admpu17wp\/"},"category_info":"<a href=\"https:\/\/experienciadevida.com.ar\/portalurbano\/category\/ciudad\/\" rel=\"category tag\">Ciudad<\/a>","tag_info":"Ciudad","comment_count":"0","amp_enabled":true,"_links":{"self":[{"href":"https:\/\/experienciadevida.com.ar\/portalurbano\/wp-json\/wp\/v2\/posts\/176752"}],"collection":[{"href":"https:\/\/experienciadevida.com.ar\/portalurbano\/wp-json\/wp\/v2\/posts"}],"about":[{"href":"https:\/\/experienciadevida.com.ar\/portalurbano\/wp-json\/wp\/v2\/types\/post"}],"author":[{"embeddable":true,"href":"https:\/\/experienciadevida.com.ar\/portalurbano\/wp-json\/wp\/v2\/users\/1"}],"replies":[{"embeddable":true,"href":"https:\/\/experienciadevida.com.ar\/portalurbano\/wp-json\/wp\/v2\/comments?post=176752"}],"version-history":[{"count":2,"href":"https:\/\/experienciadevida.com.ar\/portalurbano\/wp-json\/wp\/v2\/posts\/176752\/revisions"}],"predecessor-version":[{"id":176755,"href":"https:\/\/experienciadevida.com.ar\/portalurbano\/wp-json\/wp\/v2\/posts\/176752\/revisions\/176755"}],"wp:featuredmedia":[{"embeddable":true,"href":"https:\/\/experienciadevida.com.ar\/portalurbano\/wp-json\/wp\/v2\/media\/176753"}],"wp:attachment":[{"href":"https:\/\/experienciadevida.com.ar\/portalurbano\/wp-json\/wp\/v2\/media?parent=176752"}],"wp:term":[{"taxonomy":"category","embeddable":true,"href":"https:\/\/experienciadevida.com.ar\/portalurbano\/wp-json\/wp\/v2\/categories?post=176752"},{"taxonomy":"post_tag","embeddable":true,"href":"https:\/\/experienciadevida.com.ar\/portalurbano\/wp-json\/wp\/v2\/tags?post=176752"}],"curies":[{"name":"wp","href":"https:\/\/api.w.org\/{rel}","templated":true}]}}