{"id":176727,"date":"2022-09-23T20:18:28","date_gmt":"2022-09-23T23:18:28","guid":{"rendered":"https:\/\/experienciadevida.com.ar\/portalurbano\/?p=176727"},"modified":"2022-09-23T20:18:56","modified_gmt":"2022-09-23T23:18:56","slug":"a-40-anos-del-inicio-de-la-pandemia-del-vih-se-inauguro-la-muestra-colectiva-vihsibles","status":"publish","type":"post","link":"https:\/\/experienciadevida.com.ar\/portalurbano\/a-40-anos-del-inicio-de-la-pandemia-del-vih-se-inauguro-la-muestra-colectiva-vihsibles\/","title":{"rendered":"A 40 a\u00f1os del inicio de la pandemia del VIH se inaugur\u00f3 la Muestra Colectiva \u201cVihsibles\u201d"},"content":{"rendered":"<p>A 40 a\u00f1os del inicio de la pandemia del VIH se inaugur\u00f3 la Muestra Colectiva \u201cVihsibles\u201d, autoridades de la Universidad Nacional del Centro de la Provincia de Buenos Aires, de la <a href=\"https:\/\/www.facebook.com\/facultadcienciassociales.unicen\">Facultad de Ciencias Sociales<\/a> y de la Comisi\u00f3n Provincial por la Memoria, junto a referentes de instituciones educativas y de otras \u00e1reas locales y regionales, participaron de la apertura de la muestra en el Centro Cultural Universitario de Olavarr\u00eda. Estar\u00e1 expuesta hasta el 7 de octubre y luego se trasladar\u00e1 a Azul y Tandil.<\/p>\n<p>Olavarr\u00eda es la segunda sede en la que se expone la Muestra Colectiva Vihsibles, la cual fue construida colectivamente con diferentes organizaciones, entre ellas la Facultad de Ciencias Sociales, y se present\u00f3 por primera vez en diciembre del a\u00f1o pasado en el Museo de Arte y Memoria de la Comisi\u00f3n Provincial por la Memoria (CPM). Vihsibles recorre los 40 a\u00f1os de la pandemia a trav\u00e9s de los relatos de las personas que viven con VIH\/Sida, visibilizando los activismos, las historias y su resistencia frente al estigma y la persecuci\u00f3n.<\/p>\n<p>Representantes de distintas organizaciones educativas, culturales y sociales de la ciudad de Olavarr\u00eda y la regi\u00f3n participaron de la apertura de la Muestra en el CCU Olavarr\u00eda, oportunidad en la que se present\u00f3 adem\u00e1s el material pedag\u00f3gico elaborado a partir de la muestra Vihsibles.<\/p>\n<p>Fueron parte de la apertura oficial, por la Universidad Nacional del Centro de la Provincia de Buenos Aires (UNICEN), la Dra. Mar\u00eda Eugenia Conforti, Secretaria de Relaciones Institucionales; la Dra. Gisela Giamberardino, responsable de la Direcci\u00f3n de Pol\u00edticas de G\u00e9nero de la UNICEN; y Sofia Cheves, a cargo del \u00c1rea de Cultura de la UNICEN. Por FACSO estuvieron presentes la decana, Lic. Gabriela Gamberini; la vicedecana, Dra. Mar\u00eda Luz Endere; y el Secretario de Extensi\u00f3n, Lic. Nicol\u00e1s Casado, junto con la coordinadora del CCU Olavarr\u00eda, Lic. Andrea Rivero.<\/p>\n<p>Participaron tambi\u00e9n, por la Comisi\u00f3n Provincial por la Memoria, la Directora General, Sandra Raggio, y el Secretario General, Roberto Cipriano Garc\u00eda; mientras que por el Programa de Extensi\u00f3n Universitaria \u201cCheSida\u201d y la C\u00e1tedra Libre: \u201cSexualidades, G\u00e9neros y DDHH &#8211; Una promoci\u00f3n de las pol\u00edticas institucionales de cuidado\u201d (FACSO-UNICEN) estuvieron la Lic. Claudia Lajud, Carlos Rodr\u00edguez y Carla Di Francesco.<\/p>\n<p>A 40 a\u00f1os del inicio de la pandemia del VIH se inaugur\u00f3 la Muestra Colectiva \u201cVihsibles\u201d, de manera inicial Rodr\u00edguez y Lajud destacaron la importancia de \u201chacer visible\u201d la problem\u00e1tica del Sida a 40 a\u00f1os del inicio de la pandemia de VIH. \u201cTodav\u00eda cuesta hacerse visible viviendo con VIH en comunidades peque\u00f1as. Se necesita un trabajo en conjunto con el Estado, educaci\u00f3n, Universidad, organizaciones de la sociedad civil. Esta muestra refleja que Argentina es un pa\u00eds modelo a nivel regional y latinoamericano en la organizaci\u00f3n de la sociedad civil\u201d, plante\u00f3 Rodr\u00edguez.<\/p>\n<p><a href=\"https:\/\/experienciadevida.com.ar\/portalurbano\/a-40-anos-del-inicio-de-la-pandemia-del-vih-se-inauguro-la-muestra-colectiva-vihsibles\/a-40\/\" rel=\"attachment wp-att-176731\"><img decoding=\"async\" class=\"alignnone size-large wp-image-176731\" src=\"https:\/\/experienciadevida.com.ar\/portalurbano\/wp-content\/uploads\/2022\/09\/A-40-1024x683.jpg\" alt=\"A 40 \" width=\"900\" height=\"600\" srcset=\"https:\/\/experienciadevida.com.ar\/portalurbano\/wp-content\/uploads\/2022\/09\/A-40-1024x683.jpg 1024w, https:\/\/experienciadevida.com.ar\/portalurbano\/wp-content\/uploads\/2022\/09\/A-40-300x200.jpg 300w, https:\/\/experienciadevida.com.ar\/portalurbano\/wp-content\/uploads\/2022\/09\/A-40-768x512.jpg 768w, https:\/\/experienciadevida.com.ar\/portalurbano\/wp-content\/uploads\/2022\/09\/A-40-150x100.jpg 150w, https:\/\/experienciadevida.com.ar\/portalurbano\/wp-content\/uploads\/2022\/09\/A-40.jpg 1480w\" sizes=\"(max-width: 900px) 100vw, 900px\" \/><\/a><\/p>\n<p>Por su parte, la Lic. Lajud reflexion\u00f3 acerca de la implementaci\u00f3n de la Educaci\u00f3n Sexual Integral (ESI) en nuestro pa\u00eds, y expuso: \u201cActualmente estamos en mejores condiciones para llevar adelante pr\u00e1cticas educativas que tengan que ver con la ESI y particularmente el abordaje de las infecciones de transmisi\u00f3n sexual y VIH Sida\u201d.<\/p>\n<p>A su turno, la decana de la FACSO, Lic. Gamberini, reflexion\u00f3 acerca del surgimiento del Programa CheSida en el seno de la Facultad de Ciencias Sociales, 20 a\u00f1os atr\u00e1s, y destac\u00f3 que \u201cestos programas nos habilitan a reflexionar sobre otros modos de entender los conocimientos y saberes, nos permiten llegar a otras instancias de articulaci\u00f3n con diversas organizaciones de la sociedad. Y nos desaf\u00eda a repensar qu\u00e9 investiga la facultad. Desde ah\u00ed volvemos a reafirmar nuestro compromiso con las pol\u00edticas de derechos humanos\u201d.<\/p>\n<p>Mientras tanto, desde la Direcci\u00f3n de Pol\u00edticas de G\u00e9nero de UNICEN, la Dra. Giamberardino plante\u00f3 que \u201cesta muestra es una estrategia m\u00e1s para que podamos seguir apostando a espacios educativos, de investigaci\u00f3n, de extensi\u00f3n como espacios articuladores y libres de violencia\u201d. A la vez, desde el \u00e1rea de Cultura de UNICEN, Sof\u00eda Cheves refiri\u00f3 que \u201ces un compromiso y responsabilidad como universidad p\u00fablica generar estos puentes y cruces entre distintas organizaciones, entre diferentes personas y generaciones, y que sus experiencias puedan ponernos en agenda situaciones como las que hoy estamos discutiendo\u201d.<\/p>\n<p>Persecuci\u00f3n policial<\/p>\n<p><a href=\"https:\/\/experienciadevida.com.ar\/portalurbano\/a-40-anos-del-inicio-de-la-pandemia-del-vih-se-inauguro-la-muestra-colectiva-vihsibles\/anos-3\/\" rel=\"attachment wp-att-176733\"><img decoding=\"async\" class=\"alignnone size-large wp-image-176733\" src=\"https:\/\/experienciadevida.com.ar\/portalurbano\/wp-content\/uploads\/2022\/09\/anos-1024x698.jpg\" alt=\"a\u00f1os \" width=\"900\" height=\"613\" srcset=\"https:\/\/experienciadevida.com.ar\/portalurbano\/wp-content\/uploads\/2022\/09\/anos-1024x698.jpg 1024w, https:\/\/experienciadevida.com.ar\/portalurbano\/wp-content\/uploads\/2022\/09\/anos-300x204.jpg 300w, https:\/\/experienciadevida.com.ar\/portalurbano\/wp-content\/uploads\/2022\/09\/anos-768x524.jpg 768w, https:\/\/experienciadevida.com.ar\/portalurbano\/wp-content\/uploads\/2022\/09\/anos-150x102.jpg 150w, https:\/\/experienciadevida.com.ar\/portalurbano\/wp-content\/uploads\/2022\/09\/anos.jpg 1401w\" sizes=\"(max-width: 900px) 100vw, 900px\" \/><\/a><\/p>\n<p>Mientras tanto, Sandra Raggio describi\u00f3 que el aporte fundamental de la Comisi\u00f3n Provincial por la Memoria para la muestra \u201cVihsibles\u201d fue la recuperaci\u00f3n de documentaci\u00f3n de la Direcci\u00f3n de Inteligencia de la Polic\u00eda de la Provincia de Buenos Aires (DIPPBA), a trav\u00e9s de la que comprob\u00f3 que la Polic\u00eda bonaerense \u201chizo espionaje, hizo seguimiento e hizo informes sobre personas que viv\u00edan con VIH, a las que no denominaban as\u00ed: eran \u2018los infectados\u2019, los de \u2018la peste rosa\u2019\u201d.<\/p>\n<p>A 40 a\u00f1os del inicio de la pandemia del VIH se inaugur\u00f3 la Muestra Colectiva \u201cVihsibles\u201d, Raggio expuso que \u201cvolver a repasar la forma de clasificaci\u00f3n de la DIPPBA no es ver la foto desorbitada, es meternos en la l\u00f3gica del Estado; es lo que expres\u00f3 y todav\u00eda expresa cierta mirada del Estado\u201d.<\/p>\n<p>En tanto, Roberto Cipriano Garc\u00eda destac\u00f3 el trabajo realizado en la UNICEN para la exposici\u00f3n de esta muestra, al ser el primer \u00e1mbito donde se expone luego de su inauguraci\u00f3n en el museo de la CPM. \u201cEsto se logra a partir del trabajo que se viene desarrollando, para lo que fue indispensable la mirada de las organizaciones como CheSida\u201d, manifest\u00f3.<\/p>\n<p>Se escucharon adem\u00e1s las palabras de la presidenta de la CPM, Dra. Dora Barrancos, quien env\u00edo un saludo a las y los presentes.<\/p>\n<p>Antes del cierre y recorrida, se present\u00f3 la Galer\u00eda Vihsibles 3D, un producto educativo, elaborado a partir de la Muestra Vihsibles, que est\u00e1 destinado a escuelas secundarias. El mismo promueve el abordaje del VIH en relaci\u00f3n con los ejes de la Educaci\u00f3n Sexual Integral, el acceso a la Salud Sexual y a los Derechos Sexuales.<\/p>\n<p>D\u00edas de visita<\/p>\n<p>La muestra estar\u00e1 abierta al p\u00fablico en general y escuelas secundarias en el CCU Olavarr\u00eda, San Mart\u00edn 1955, hasta el 7 de octubre, y posteriormente se presentar\u00e1 en Azul y Tandil. La misma abrir\u00e1 en los siguientes d\u00edas y horarios:<\/p>\n<p>-Martes 20\/9: 9 a 11 horas y de 13 a 16 horas<\/p>\n<p>-Jueves 22\/9: 9 a 11 horas y de 13 a 16 horas<\/p>\n<p>-Viernes 23\/9: 9 a 11 horas y de 13 a 18 horas<\/p>\n<p>-Lunes 26\/9: 9 a 11 horas<\/p>\n<p>-Martes 27\/9: 9 a 11 horas y 13 a 16 horas<\/p>\n<p>-Mi\u00e9rcoles 28\/9: 9 a 11 horas y 13 a 16 horas<\/p>\n<p>-Jueves 29\/9: 9 a 11 horas<\/p>\n<p>-Viernes 30\/9: 9 a 11 horas y 13 a 18 horas<\/p>\n<p>-Lunes 3\/10: 9 a 11 horas<\/p>\n<p>-Martes 4\/10: 9 a 11 horas y 13 a 16 horas<\/p>\n<p>-Mi\u00e9rcoles 5\/10: 9 a 11 horas y 13 a 16 horas<\/p>\n<p>-Jueves 6\/10: 9 a 11 horas<\/p>\n<p>-Viernes 7\/10: 9 a 11 horas y 13 a 18 horas<\/p>\n<p>En el caso de las escuelas secundarias deber\u00e1n registrar la inscripci\u00f3n en centroculturalunicen@gmail.com, indicando los siguientes datos: nombre de la escuela, curso, cantidad de estudiantes que asistir\u00e1n y docente a cargo.<\/p>\n","protected":false},"excerpt":{"rendered":"<p>A 40 a\u00f1os del inicio de la pandemia del VIH se inaugur\u00f3 la Muestra Colectiva&#8230;<\/p>\n","protected":false},"author":1,"featured_media":176728,"comment_status":"closed","ping_status":"closed","sticky":false,"template":"","format":"standard","meta":{"content-type":""},"categories":[27],"tags":[],"nelio_content":{"isAutoShareEnabled":false,"autoShareEndMode":"default","automationSources":{"useContentSentences":true,"useSocialTemplates":true,"useCustomSentences":false,"customSentences":[]},"followers":[1],"suggestedReferences":[],"includedReferences":[],"efiUrl":"","efiAlt":"","highlights":[]},"yoast_head":"<!-- This site is optimized with the Yoast SEO plugin v20.7 - https:\/\/yoast.com\/wordpress\/plugins\/seo\/ -->\n<title>A 40 a\u00f1os del inicio de la pandemia del VIH se inauguro muestra<\/title>\n<meta name=\"description\" content=\"A 40 a\u00f1os del inicio de la pandemia del VIH se inaugur\u00f3 la Muestra Colectiva \u201cVihsibles\u201d, autoridades de la Universidad Nacional\" \/>\n<meta name=\"robots\" content=\"index, follow, max-snippet:-1, max-image-preview:large, max-video-preview:-1\" \/>\n<link rel=\"canonical\" href=\"https:\/\/experienciadevida.com.ar\/portalurbano\/a-40-anos-del-inicio-de-la-pandemia-del-vih-se-inauguro-la-muestra-colectiva-vihsibles\/\" \/>\n<meta property=\"og:locale\" content=\"es_ES\" \/>\n<meta property=\"og:type\" content=\"article\" \/>\n<meta property=\"og:title\" content=\"A 40 a\u00f1os del inicio de la pandemia del VIH se inauguro muestra\" \/>\n<meta property=\"og:description\" content=\"A 40 a\u00f1os del inicio de la pandemia del VIH se inaugur\u00f3 la Muestra Colectiva \u201cVihsibles\u201d, autoridades de la Universidad Nacional\" \/>\n<meta property=\"og:url\" content=\"https:\/\/experienciadevida.com.ar\/portalurbano\/a-40-anos-del-inicio-de-la-pandemia-del-vih-se-inauguro-la-muestra-colectiva-vihsibles\/\" \/>\n<meta property=\"article:publisher\" content=\"https:\/\/www.facebook.com\/Portal-Urbano-171542830093757\/\" \/>\n<meta property=\"article:published_time\" content=\"2022-09-23T23:18:28+00:00\" \/>\n<meta property=\"article:modified_time\" content=\"2022-09-23T23:18:56+00:00\" \/>\n<meta property=\"og:image\" content=\"https:\/\/experienciadevida.com.ar\/portalurbano\/wp-content\/uploads\/2022\/09\/A-40-anos-del-inicio.jpg\" \/>\n\t<meta property=\"og:image:width\" content=\"1480\" \/>\n\t<meta property=\"og:image:height\" content=\"987\" \/>\n\t<meta property=\"og:image:type\" content=\"image\/jpeg\" \/>\n<meta name=\"author\" content=\"admpu17wp\" \/>\n<meta name=\"twitter:card\" content=\"summary_large_image\" \/>\n<meta name=\"twitter:creator\" content=\"@portalurbanook\" \/>\n<meta name=\"twitter:site\" content=\"@portalurbanook\" \/>\n<meta name=\"twitter:label1\" content=\"Escrito por\" \/>\n\t<meta name=\"twitter:data1\" content=\"admpu17wp\" \/>\n\t<meta name=\"twitter:label2\" content=\"Tiempo de lectura\" \/>\n\t<meta name=\"twitter:data2\" content=\"6 minutos\" \/>\n<script type=\"application\/ld+json\" class=\"yoast-schema-graph\">{\"@context\":\"https:\/\/schema.org\",\"@graph\":[{\"@type\":\"Article\",\"@id\":\"https:\/\/experienciadevida.com.ar\/portalurbano\/a-40-anos-del-inicio-de-la-pandemia-del-vih-se-inauguro-la-muestra-colectiva-vihsibles\/#article\",\"isPartOf\":{\"@id\":\"https:\/\/experienciadevida.com.ar\/portalurbano\/a-40-anos-del-inicio-de-la-pandemia-del-vih-se-inauguro-la-muestra-colectiva-vihsibles\/\"},\"author\":{\"name\":\"admpu17wp\",\"@id\":\"https:\/\/experienciadevida.com.ar\/portalurbano\/#\/schema\/person\/02dd326b1c4b056e9cc972486934a3a7\"},\"headline\":\"A 40 a\u00f1os del inicio de la pandemia del VIH se inaugur\u00f3 la Muestra Colectiva \u201cVihsibles\u201d\",\"datePublished\":\"2022-09-23T23:18:28+00:00\",\"dateModified\":\"2022-09-23T23:18:56+00:00\",\"mainEntityOfPage\":{\"@id\":\"https:\/\/experienciadevida.com.ar\/portalurbano\/a-40-anos-del-inicio-de-la-pandemia-del-vih-se-inauguro-la-muestra-colectiva-vihsibles\/\"},\"wordCount\":1195,\"publisher\":{\"@id\":\"https:\/\/experienciadevida.com.ar\/portalurbano\/#organization\"},\"articleSection\":[\"Ciudad\"],\"inLanguage\":\"es\"},{\"@type\":\"WebPage\",\"@id\":\"https:\/\/experienciadevida.com.ar\/portalurbano\/a-40-anos-del-inicio-de-la-pandemia-del-vih-se-inauguro-la-muestra-colectiva-vihsibles\/\",\"url\":\"https:\/\/experienciadevida.com.ar\/portalurbano\/a-40-anos-del-inicio-de-la-pandemia-del-vih-se-inauguro-la-muestra-colectiva-vihsibles\/\",\"name\":\"A 40 a\u00f1os del inicio de la pandemia del VIH se inauguro muestra\",\"isPartOf\":{\"@id\":\"https:\/\/experienciadevida.com.ar\/portalurbano\/#website\"},\"datePublished\":\"2022-09-23T23:18:28+00:00\",\"dateModified\":\"2022-09-23T23:18:56+00:00\",\"description\":\"A 40 a\u00f1os del inicio de la pandemia del VIH se inaugur\u00f3 la Muestra Colectiva \u201cVihsibles\u201d, autoridades de la Universidad Nacional\",\"breadcrumb\":{\"@id\":\"https:\/\/experienciadevida.com.ar\/portalurbano\/a-40-anos-del-inicio-de-la-pandemia-del-vih-se-inauguro-la-muestra-colectiva-vihsibles\/#breadcrumb\"},\"inLanguage\":\"es\",\"potentialAction\":[{\"@type\":\"ReadAction\",\"target\":[\"https:\/\/experienciadevida.com.ar\/portalurbano\/a-40-anos-del-inicio-de-la-pandemia-del-vih-se-inauguro-la-muestra-colectiva-vihsibles\/\"]}]},{\"@type\":\"BreadcrumbList\",\"@id\":\"https:\/\/experienciadevida.com.ar\/portalurbano\/a-40-anos-del-inicio-de-la-pandemia-del-vih-se-inauguro-la-muestra-colectiva-vihsibles\/#breadcrumb\",\"itemListElement\":[{\"@type\":\"ListItem\",\"position\":1,\"name\":\"Portada\",\"item\":\"https:\/\/experienciadevida.com.ar\/portalurbano\/\"},{\"@type\":\"ListItem\",\"position\":2,\"name\":\"A 40 a\u00f1os del inicio de la pandemia del VIH se inaugur\u00f3 la Muestra Colectiva \u201cVihsibles\u201d\"}]},{\"@type\":\"WebSite\",\"@id\":\"https:\/\/experienciadevida.com.ar\/portalurbano\/#website\",\"url\":\"https:\/\/experienciadevida.com.ar\/portalurbano\/\",\"name\":\"\",\"description\":\"\",\"publisher\":{\"@id\":\"https:\/\/experienciadevida.com.ar\/portalurbano\/#organization\"},\"potentialAction\":[{\"@type\":\"SearchAction\",\"target\":{\"@type\":\"EntryPoint\",\"urlTemplate\":\"https:\/\/experienciadevida.com.ar\/portalurbano\/?s={search_term_string}\"},\"query-input\":\"required name=search_term_string\"}],\"inLanguage\":\"es\"},{\"@type\":\"Organization\",\"@id\":\"https:\/\/experienciadevida.com.ar\/portalurbano\/#organization\",\"name\":\"Portal Urbano\",\"url\":\"https:\/\/experienciadevida.com.ar\/portalurbano\/\",\"logo\":{\"@type\":\"ImageObject\",\"inLanguage\":\"es\",\"@id\":\"https:\/\/experienciadevida.com.ar\/portalurbano\/#\/schema\/logo\/image\/\",\"url\":\"https:\/\/experienciadevida.com.ar\/portalurbano\/wp-content\/uploads\/2019\/09\/Logo-Original.png\",\"contentUrl\":\"https:\/\/experienciadevida.com.ar\/portalurbano\/wp-content\/uploads\/2019\/09\/Logo-Original.png\",\"width\":2236,\"height\":1216,\"caption\":\"Portal Urbano\"},\"image\":{\"@id\":\"https:\/\/experienciadevida.com.ar\/portalurbano\/#\/schema\/logo\/image\/\"},\"sameAs\":[\"https:\/\/www.facebook.com\/Portal-Urbano-171542830093757\/\",\"https:\/\/twitter.com\/portalurbanook\",\"https:\/\/www.instagram.com\/_portalurbano\/\",\"https:\/\/www.youtube.com\/channel\/UCXhagIfszH8KxFiOok79zbA?view_as=subscriber\"]},{\"@type\":\"Person\",\"@id\":\"https:\/\/experienciadevida.com.ar\/portalurbano\/#\/schema\/person\/02dd326b1c4b056e9cc972486934a3a7\",\"name\":\"admpu17wp\",\"image\":{\"@type\":\"ImageObject\",\"inLanguage\":\"es\",\"@id\":\"https:\/\/experienciadevida.com.ar\/portalurbano\/#\/schema\/person\/image\/\",\"url\":\"https:\/\/secure.gravatar.com\/avatar\/830d4c57adaae6630765e449a6908047?s=96&d=mm&r=g\",\"contentUrl\":\"https:\/\/secure.gravatar.com\/avatar\/830d4c57adaae6630765e449a6908047?s=96&d=mm&r=g\",\"caption\":\"admpu17wp\"}}]}<\/script>\n<!-- \/ Yoast SEO plugin. -->","yoast_head_json":{"title":"A 40 a\u00f1os del inicio de la pandemia del VIH se inauguro muestra","description":"A 40 a\u00f1os del inicio de la pandemia del VIH se inaugur\u00f3 la Muestra Colectiva \u201cVihsibles\u201d, autoridades de la Universidad Nacional","robots":{"index":"index","follow":"follow","max-snippet":"max-snippet:-1","max-image-preview":"max-image-preview:large","max-video-preview":"max-video-preview:-1"},"canonical":"https:\/\/experienciadevida.com.ar\/portalurbano\/a-40-anos-del-inicio-de-la-pandemia-del-vih-se-inauguro-la-muestra-colectiva-vihsibles\/","og_locale":"es_ES","og_type":"article","og_title":"A 40 a\u00f1os del inicio de la pandemia del VIH se inauguro muestra","og_description":"A 40 a\u00f1os del inicio de la pandemia del VIH se inaugur\u00f3 la Muestra Colectiva \u201cVihsibles\u201d, autoridades de la Universidad Nacional","og_url":"https:\/\/experienciadevida.com.ar\/portalurbano\/a-40-anos-del-inicio-de-la-pandemia-del-vih-se-inauguro-la-muestra-colectiva-vihsibles\/","article_publisher":"https:\/\/www.facebook.com\/Portal-Urbano-171542830093757\/","article_published_time":"2022-09-23T23:18:28+00:00","article_modified_time":"2022-09-23T23:18:56+00:00","og_image":[{"width":1480,"height":987,"url":"https:\/\/experienciadevida.com.ar\/portalurbano\/wp-content\/uploads\/2022\/09\/A-40-anos-del-inicio.jpg","type":"image\/jpeg"}],"author":"admpu17wp","twitter_card":"summary_large_image","twitter_creator":"@portalurbanook","twitter_site":"@portalurbanook","twitter_misc":{"Escrito por":"admpu17wp","Tiempo de lectura":"6 minutos"},"schema":{"@context":"https:\/\/schema.org","@graph":[{"@type":"Article","@id":"https:\/\/experienciadevida.com.ar\/portalurbano\/a-40-anos-del-inicio-de-la-pandemia-del-vih-se-inauguro-la-muestra-colectiva-vihsibles\/#article","isPartOf":{"@id":"https:\/\/experienciadevida.com.ar\/portalurbano\/a-40-anos-del-inicio-de-la-pandemia-del-vih-se-inauguro-la-muestra-colectiva-vihsibles\/"},"author":{"name":"admpu17wp","@id":"https:\/\/experienciadevida.com.ar\/portalurbano\/#\/schema\/person\/02dd326b1c4b056e9cc972486934a3a7"},"headline":"A 40 a\u00f1os del inicio de la pandemia del VIH se inaugur\u00f3 la Muestra Colectiva \u201cVihsibles\u201d","datePublished":"2022-09-23T23:18:28+00:00","dateModified":"2022-09-23T23:18:56+00:00","mainEntityOfPage":{"@id":"https:\/\/experienciadevida.com.ar\/portalurbano\/a-40-anos-del-inicio-de-la-pandemia-del-vih-se-inauguro-la-muestra-colectiva-vihsibles\/"},"wordCount":1195,"publisher":{"@id":"https:\/\/experienciadevida.com.ar\/portalurbano\/#organization"},"articleSection":["Ciudad"],"inLanguage":"es"},{"@type":"WebPage","@id":"https:\/\/experienciadevida.com.ar\/portalurbano\/a-40-anos-del-inicio-de-la-pandemia-del-vih-se-inauguro-la-muestra-colectiva-vihsibles\/","url":"https:\/\/experienciadevida.com.ar\/portalurbano\/a-40-anos-del-inicio-de-la-pandemia-del-vih-se-inauguro-la-muestra-colectiva-vihsibles\/","name":"A 40 a\u00f1os del inicio de la pandemia del VIH se inauguro muestra","isPartOf":{"@id":"https:\/\/experienciadevida.com.ar\/portalurbano\/#website"},"datePublished":"2022-09-23T23:18:28+00:00","dateModified":"2022-09-23T23:18:56+00:00","description":"A 40 a\u00f1os del inicio de la pandemia del VIH se inaugur\u00f3 la Muestra Colectiva \u201cVihsibles\u201d, autoridades de la Universidad Nacional","breadcrumb":{"@id":"https:\/\/experienciadevida.com.ar\/portalurbano\/a-40-anos-del-inicio-de-la-pandemia-del-vih-se-inauguro-la-muestra-colectiva-vihsibles\/#breadcrumb"},"inLanguage":"es","potentialAction":[{"@type":"ReadAction","target":["https:\/\/experienciadevida.com.ar\/portalurbano\/a-40-anos-del-inicio-de-la-pandemia-del-vih-se-inauguro-la-muestra-colectiva-vihsibles\/"]}]},{"@type":"BreadcrumbList","@id":"https:\/\/experienciadevida.com.ar\/portalurbano\/a-40-anos-del-inicio-de-la-pandemia-del-vih-se-inauguro-la-muestra-colectiva-vihsibles\/#breadcrumb","itemListElement":[{"@type":"ListItem","position":1,"name":"Portada","item":"https:\/\/experienciadevida.com.ar\/portalurbano\/"},{"@type":"ListItem","position":2,"name":"A 40 a\u00f1os del inicio de la pandemia del VIH se inaugur\u00f3 la Muestra Colectiva \u201cVihsibles\u201d"}]},{"@type":"WebSite","@id":"https:\/\/experienciadevida.com.ar\/portalurbano\/#website","url":"https:\/\/experienciadevida.com.ar\/portalurbano\/","name":"","description":"","publisher":{"@id":"https:\/\/experienciadevida.com.ar\/portalurbano\/#organization"},"potentialAction":[{"@type":"SearchAction","target":{"@type":"EntryPoint","urlTemplate":"https:\/\/experienciadevida.com.ar\/portalurbano\/?s={search_term_string}"},"query-input":"required name=search_term_string"}],"inLanguage":"es"},{"@type":"Organization","@id":"https:\/\/experienciadevida.com.ar\/portalurbano\/#organization","name":"Portal Urbano","url":"https:\/\/experienciadevida.com.ar\/portalurbano\/","logo":{"@type":"ImageObject","inLanguage":"es","@id":"https:\/\/experienciadevida.com.ar\/portalurbano\/#\/schema\/logo\/image\/","url":"https:\/\/experienciadevida.com.ar\/portalurbano\/wp-content\/uploads\/2019\/09\/Logo-Original.png","contentUrl":"https:\/\/experienciadevida.com.ar\/portalurbano\/wp-content\/uploads\/2019\/09\/Logo-Original.png","width":2236,"height":1216,"caption":"Portal Urbano"},"image":{"@id":"https:\/\/experienciadevida.com.ar\/portalurbano\/#\/schema\/logo\/image\/"},"sameAs":["https:\/\/www.facebook.com\/Portal-Urbano-171542830093757\/","https:\/\/twitter.com\/portalurbanook","https:\/\/www.instagram.com\/_portalurbano\/","https:\/\/www.youtube.com\/channel\/UCXhagIfszH8KxFiOok79zbA?view_as=subscriber"]},{"@type":"Person","@id":"https:\/\/experienciadevida.com.ar\/portalurbano\/#\/schema\/person\/02dd326b1c4b056e9cc972486934a3a7","name":"admpu17wp","image":{"@type":"ImageObject","inLanguage":"es","@id":"https:\/\/experienciadevida.com.ar\/portalurbano\/#\/schema\/person\/image\/","url":"https:\/\/secure.gravatar.com\/avatar\/830d4c57adaae6630765e449a6908047?s=96&d=mm&r=g","contentUrl":"https:\/\/secure.gravatar.com\/avatar\/830d4c57adaae6630765e449a6908047?s=96&d=mm&r=g","caption":"admpu17wp"}}]}},"featured_image_urls":{"full":["https:\/\/experienciadevida.com.ar\/portalurbano\/wp-content\/uploads\/2022\/09\/A-40-anos-del-inicio.jpg",1480,987,false],"thumbnail":["https:\/\/experienciadevida.com.ar\/portalurbano\/wp-content\/uploads\/2022\/09\/A-40-anos-del-inicio-150x150.jpg",150,150,true],"medium":["https:\/\/experienciadevida.com.ar\/portalurbano\/wp-content\/uploads\/2022\/09\/A-40-anos-del-inicio-300x200.jpg",300,200,true],"medium_large":["https:\/\/experienciadevida.com.ar\/portalurbano\/wp-content\/uploads\/2022\/09\/A-40-anos-del-inicio-768x512.jpg",640,427,true],"large":["https:\/\/experienciadevida.com.ar\/portalurbano\/wp-content\/uploads\/2022\/09\/A-40-anos-del-inicio-1024x683.jpg",640,427,true],"ug_big":["https:\/\/experienciadevida.com.ar\/portalurbano\/wp-content\/uploads\/2022\/09\/A-40-anos-del-inicio-768x512.jpg",768,512,true],"1536x1536":["https:\/\/experienciadevida.com.ar\/portalurbano\/wp-content\/uploads\/2022\/09\/A-40-anos-del-inicio.jpg",1480,987,false],"2048x2048":["https:\/\/experienciadevida.com.ar\/portalurbano\/wp-content\/uploads\/2022\/09\/A-40-anos-del-inicio.jpg",1480,987,false],"newsever-slider-full":["https:\/\/experienciadevida.com.ar\/portalurbano\/wp-content\/uploads\/2022\/09\/A-40-anos-del-inicio.jpg",1267,845,false],"newsever-featured":["https:\/\/experienciadevida.com.ar\/portalurbano\/wp-content\/uploads\/2022\/09\/A-40-anos-del-inicio.jpg",1024,683,false],"newsever-medium":["https:\/\/experienciadevida.com.ar\/portalurbano\/wp-content\/uploads\/2022\/09\/A-40-anos-del-inicio.jpg",712,475,false],"web-stories-poster-portrait":["https:\/\/experienciadevida.com.ar\/portalurbano\/wp-content\/uploads\/2022\/09\/A-40-anos-del-inicio-640x853.jpg",640,853,true],"web-stories-publisher-logo":["https:\/\/experienciadevida.com.ar\/portalurbano\/wp-content\/uploads\/2022\/09\/A-40-anos-del-inicio-96x96.jpg",96,96,true],"web-stories-thumbnail":["https:\/\/experienciadevida.com.ar\/portalurbano\/wp-content\/uploads\/2022\/09\/A-40-anos-del-inicio-150x100.jpg",150,100,true]},"author_info":{"display_name":"admpu17wp","author_link":"https:\/\/experienciadevida.com.ar\/portalurbano\/author\/admpu17wp\/"},"category_info":"<a href=\"https:\/\/experienciadevida.com.ar\/portalurbano\/category\/ciudad\/\" rel=\"category tag\">Ciudad<\/a>","tag_info":"Ciudad","comment_count":"0","amp_enabled":true,"_links":{"self":[{"href":"https:\/\/experienciadevida.com.ar\/portalurbano\/wp-json\/wp\/v2\/posts\/176727"}],"collection":[{"href":"https:\/\/experienciadevida.com.ar\/portalurbano\/wp-json\/wp\/v2\/posts"}],"about":[{"href":"https:\/\/experienciadevida.com.ar\/portalurbano\/wp-json\/wp\/v2\/types\/post"}],"author":[{"embeddable":true,"href":"https:\/\/experienciadevida.com.ar\/portalurbano\/wp-json\/wp\/v2\/users\/1"}],"replies":[{"embeddable":true,"href":"https:\/\/experienciadevida.com.ar\/portalurbano\/wp-json\/wp\/v2\/comments?post=176727"}],"version-history":[{"count":2,"href":"https:\/\/experienciadevida.com.ar\/portalurbano\/wp-json\/wp\/v2\/posts\/176727\/revisions"}],"predecessor-version":[{"id":176735,"href":"https:\/\/experienciadevida.com.ar\/portalurbano\/wp-json\/wp\/v2\/posts\/176727\/revisions\/176735"}],"wp:featuredmedia":[{"embeddable":true,"href":"https:\/\/experienciadevida.com.ar\/portalurbano\/wp-json\/wp\/v2\/media\/176728"}],"wp:attachment":[{"href":"https:\/\/experienciadevida.com.ar\/portalurbano\/wp-json\/wp\/v2\/media?parent=176727"}],"wp:term":[{"taxonomy":"category","embeddable":true,"href":"https:\/\/experienciadevida.com.ar\/portalurbano\/wp-json\/wp\/v2\/categories?post=176727"},{"taxonomy":"post_tag","embeddable":true,"href":"https:\/\/experienciadevida.com.ar\/portalurbano\/wp-json\/wp\/v2\/tags?post=176727"}],"curies":[{"name":"wp","href":"https:\/\/api.w.org\/{rel}","templated":true}]}}