{"id":176663,"date":"2022-09-23T13:55:12","date_gmt":"2022-09-23T16:55:12","guid":{"rendered":"https:\/\/experienciadevida.com.ar\/portalurbano\/?p=176663"},"modified":"2022-09-23T13:58:19","modified_gmt":"2022-09-23T16:58:19","slug":"viernesdeadopciones-dia-mundial-del-perro-adoptado","status":"publish","type":"post","link":"https:\/\/experienciadevida.com.ar\/portalurbano\/viernesdeadopciones-dia-mundial-del-perro-adoptado\/","title":{"rendered":"#ViernesDeAdopciones: D\u00eda Mundial del Perro Adoptado"},"content":{"rendered":"<p>Este #ViernesDeAdopciones es especial, ya que en el d\u00eda de la fecha, como cada 23 de septiembre, se conmemora el D\u00eda Mundial del Perro Adoptado.<\/p>\n<p><a href=\"https:\/\/experienciadevida.com.ar\/portalurbano\/viernesdeadopciones-dia-mundial-del-perro-adoptado\/bromatologia-adopciones-maguie-3\/\" rel=\"attachment wp-att-176665\"><img decoding=\"async\" class=\"size-large wp-image-176665 aligncenter\" src=\"https:\/\/experienciadevida.com.ar\/portalurbano\/wp-content\/uploads\/2022\/09\/Bromatologia-adopciones-Maguie-3-576x1024.jpg\" alt=\"\" width=\"576\" height=\"1024\" srcset=\"https:\/\/experienciadevida.com.ar\/portalurbano\/wp-content\/uploads\/2022\/09\/Bromatologia-adopciones-Maguie-3-576x1024.jpg 576w, https:\/\/experienciadevida.com.ar\/portalurbano\/wp-content\/uploads\/2022\/09\/Bromatologia-adopciones-Maguie-3-169x300.jpg 169w, https:\/\/experienciadevida.com.ar\/portalurbano\/wp-content\/uploads\/2022\/09\/Bromatologia-adopciones-Maguie-3-768x1365.jpg 768w, https:\/\/experienciadevida.com.ar\/portalurbano\/wp-content\/uploads\/2022\/09\/Bromatologia-adopciones-Maguie-3-432x768.jpg 432w, https:\/\/experienciadevida.com.ar\/portalurbano\/wp-content\/uploads\/2022\/09\/Bromatologia-adopciones-Maguie-3-864x1536.jpg 864w, https:\/\/experienciadevida.com.ar\/portalurbano\/wp-content\/uploads\/2022\/09\/Bromatologia-adopciones-Maguie-3-150x267.jpg 150w, https:\/\/experienciadevida.com.ar\/portalurbano\/wp-content\/uploads\/2022\/09\/Bromatologia-adopciones-Maguie-3.jpg 900w\" sizes=\"(max-width: 576px) 100vw, 576px\" \/><\/a><\/p>\n<p>Esta celebraci\u00f3n nace con la intenci\u00f3n de concientizar a la poblaci\u00f3n sobre el abandono de animales dom\u00e9sticos y la importancia de adoptar perros y gatos en lugar de comprarlos.<\/p>\n<p><a href=\"https:\/\/experienciadevida.com.ar\/portalurbano\/viernesdeadopciones-dia-mundial-del-perro-adoptado\/bromatologia-adopciones-maguie-1\/\" rel=\"attachment wp-att-176664\"><img decoding=\"async\" class=\"size-large wp-image-176664 aligncenter\" src=\"https:\/\/experienciadevida.com.ar\/portalurbano\/wp-content\/uploads\/2022\/09\/Bromatologia-adopciones-Maguie-1-768x1024.jpg\" alt=\"\" width=\"768\" height=\"1024\" srcset=\"https:\/\/experienciadevida.com.ar\/portalurbano\/wp-content\/uploads\/2022\/09\/Bromatologia-adopciones-Maguie-1-768x1024.jpg 768w, https:\/\/experienciadevida.com.ar\/portalurbano\/wp-content\/uploads\/2022\/09\/Bromatologia-adopciones-Maguie-1-225x300.jpg 225w, https:\/\/experienciadevida.com.ar\/portalurbano\/wp-content\/uploads\/2022\/09\/Bromatologia-adopciones-Maguie-1-576x768.jpg 576w, https:\/\/experienciadevida.com.ar\/portalurbano\/wp-content\/uploads\/2022\/09\/Bromatologia-adopciones-Maguie-1-1152x1536.jpg 1152w, https:\/\/experienciadevida.com.ar\/portalurbano\/wp-content\/uploads\/2022\/09\/Bromatologia-adopciones-Maguie-1-640x853.jpg 640w, https:\/\/experienciadevida.com.ar\/portalurbano\/wp-content\/uploads\/2022\/09\/Bromatologia-adopciones-Maguie-1-150x200.jpg 150w, https:\/\/experienciadevida.com.ar\/portalurbano\/wp-content\/uploads\/2022\/09\/Bromatologia-adopciones-Maguie-1.jpg 1200w\" sizes=\"(max-width: 768px) 100vw, 768px\" \/><\/a><\/p>\n<p>Por supuesto, desde Bromatolog\u00eda se destaca que tener un animal dom\u00e9stico conlleva una responsabilidad: hay que tener presente que una mascota requiere una correcta alimentaci\u00f3n, techo, abrigo y, sobre todo, requiere tiempo y amor.<\/p>\n<p>Este viernes se da a conocer contarte la historia de Maguie: ella es una perra mestiza de galgo, que deambulaba sin \u00e1nimo por las calles de nuestra ciudad con una panza enorme. Todos pensaban que se encontraba una gestaci\u00f3n avanzada, pero no era as\u00ed: Maguie cursaba una patolog\u00eda cardiaca que le provocaba mucho l\u00edquido en su panza y no pod\u00eda sostenerse en pie.<\/p>\n<p>Fue un largo camino el de su recuperaci\u00f3n, para que pudiera ganar confianza y fuerza en su cuerpo.\u00a0Hasta que finalmente una familia apareci\u00f3, y a pesar que sab\u00edan que tiene que tomar una medicaci\u00f3n de por vida, no dudaron en integrar a su familia. Hoy Romina, Guada y toda su familia cuidan y miman a Maguie como a una reina.\u00a0Ellos eligieron adoptar con responsabilidad.<\/p>\n<p>Las personas interesadas en adoptar una mascota, pueden acercarse al predio de Bromatolog\u00eda, de lunes a viernes en el horario de 9:00 a 13:00 horas. All\u00ed, un profesional veterinario los presentar\u00e1 y contar\u00e1 sus caracter\u00edsticas. Tambi\u00e9n, para conocer el listado de animales en adopci\u00f3n, se puede consultar en las redes oficiales del Municipio.<\/p>\n","protected":false},"excerpt":{"rendered":"<p>Este #ViernesDeAdopciones es especial, ya que en el d\u00eda de la fecha, como cada 23&#8230;<\/p>\n","protected":false},"author":1,"featured_media":176666,"comment_status":"closed","ping_status":"closed","sticky":false,"template":"","format":"standard","meta":{"content-type":""},"categories":[27,51],"tags":[],"nelio_content":{"isAutoShareEnabled":false,"autoShareEndMode":"default","automationSources":{"useContentSentences":true,"useSocialTemplates":true,"useCustomSentences":false,"customSentences":[]},"followers":[1],"suggestedReferences":[],"includedReferences":[],"efiUrl":"","efiAlt":"","highlights":[]},"yoast_head":"<!-- This site is optimized with the Yoast SEO plugin v20.7 - https:\/\/yoast.com\/wordpress\/plugins\/seo\/ -->\n<title>#ViernesDeAdopciones: D\u00eda Mundial del Perro Adoptado<\/title>\n<meta name=\"description\" content=\"Este #ViernesDeAdopciones es especial, ya que en el d\u00eda de la fecha, como cada 23 de septiembre, se conmemora el D\u00eda Mundial del Perro\" \/>\n<meta name=\"robots\" content=\"index, follow, max-snippet:-1, max-image-preview:large, max-video-preview:-1\" \/>\n<link rel=\"canonical\" href=\"https:\/\/experienciadevida.com.ar\/portalurbano\/viernesdeadopciones-dia-mundial-del-perro-adoptado\/\" \/>\n<meta property=\"og:locale\" content=\"es_ES\" \/>\n<meta property=\"og:type\" content=\"article\" \/>\n<meta property=\"og:title\" content=\"#ViernesDeAdopciones: D\u00eda Mundial del Perro Adoptado\" \/>\n<meta property=\"og:description\" content=\"Este #ViernesDeAdopciones es especial, ya que en el d\u00eda de la fecha, como cada 23 de septiembre, se conmemora el D\u00eda Mundial del Perro\" \/>\n<meta property=\"og:url\" content=\"https:\/\/experienciadevida.com.ar\/portalurbano\/viernesdeadopciones-dia-mundial-del-perro-adoptado\/\" \/>\n<meta property=\"article:publisher\" content=\"https:\/\/www.facebook.com\/Portal-Urbano-171542830093757\/\" \/>\n<meta property=\"article:published_time\" content=\"2022-09-23T16:55:12+00:00\" \/>\n<meta property=\"article:modified_time\" content=\"2022-09-23T16:58:19+00:00\" \/>\n<meta property=\"og:image\" content=\"https:\/\/experienciadevida.com.ar\/portalurbano\/wp-content\/uploads\/2022\/09\/Bromatologia-adopciones-Maguie-2.jpg\" \/>\n\t<meta property=\"og:image:width\" content=\"1600\" \/>\n\t<meta property=\"og:image:height\" content=\"1200\" \/>\n\t<meta property=\"og:image:type\" content=\"image\/jpeg\" \/>\n<meta name=\"author\" content=\"admpu17wp\" \/>\n<meta name=\"twitter:card\" content=\"summary_large_image\" \/>\n<meta name=\"twitter:creator\" content=\"@portalurbanook\" \/>\n<meta name=\"twitter:site\" content=\"@portalurbanook\" \/>\n<meta name=\"twitter:label1\" content=\"Escrito por\" \/>\n\t<meta name=\"twitter:data1\" content=\"admpu17wp\" \/>\n\t<meta name=\"twitter:label2\" content=\"Tiempo de lectura\" \/>\n\t<meta name=\"twitter:data2\" content=\"2 minutos\" \/>\n<script type=\"application\/ld+json\" class=\"yoast-schema-graph\">{\"@context\":\"https:\/\/schema.org\",\"@graph\":[{\"@type\":\"Article\",\"@id\":\"https:\/\/experienciadevida.com.ar\/portalurbano\/viernesdeadopciones-dia-mundial-del-perro-adoptado\/#article\",\"isPartOf\":{\"@id\":\"https:\/\/experienciadevida.com.ar\/portalurbano\/viernesdeadopciones-dia-mundial-del-perro-adoptado\/\"},\"author\":{\"name\":\"admpu17wp\",\"@id\":\"https:\/\/experienciadevida.com.ar\/portalurbano\/#\/schema\/person\/02dd326b1c4b056e9cc972486934a3a7\"},\"headline\":\"#ViernesDeAdopciones: D\u00eda Mundial del Perro Adoptado\",\"datePublished\":\"2022-09-23T16:55:12+00:00\",\"dateModified\":\"2022-09-23T16:58:19+00:00\",\"mainEntityOfPage\":{\"@id\":\"https:\/\/experienciadevida.com.ar\/portalurbano\/viernesdeadopciones-dia-mundial-del-perro-adoptado\/\"},\"wordCount\":294,\"publisher\":{\"@id\":\"https:\/\/experienciadevida.com.ar\/portalurbano\/#organization\"},\"articleSection\":[\"Ciudad\",\"Destacadas\"],\"inLanguage\":\"es\"},{\"@type\":\"WebPage\",\"@id\":\"https:\/\/experienciadevida.com.ar\/portalurbano\/viernesdeadopciones-dia-mundial-del-perro-adoptado\/\",\"url\":\"https:\/\/experienciadevida.com.ar\/portalurbano\/viernesdeadopciones-dia-mundial-del-perro-adoptado\/\",\"name\":\"#ViernesDeAdopciones: D\u00eda Mundial del Perro Adoptado\",\"isPartOf\":{\"@id\":\"https:\/\/experienciadevida.com.ar\/portalurbano\/#website\"},\"datePublished\":\"2022-09-23T16:55:12+00:00\",\"dateModified\":\"2022-09-23T16:58:19+00:00\",\"description\":\"Este #ViernesDeAdopciones es especial, ya que en el d\u00eda de la fecha, como cada 23 de septiembre, se conmemora el D\u00eda Mundial del Perro\",\"breadcrumb\":{\"@id\":\"https:\/\/experienciadevida.com.ar\/portalurbano\/viernesdeadopciones-dia-mundial-del-perro-adoptado\/#breadcrumb\"},\"inLanguage\":\"es\",\"potentialAction\":[{\"@type\":\"ReadAction\",\"target\":[\"https:\/\/experienciadevida.com.ar\/portalurbano\/viernesdeadopciones-dia-mundial-del-perro-adoptado\/\"]}]},{\"@type\":\"BreadcrumbList\",\"@id\":\"https:\/\/experienciadevida.com.ar\/portalurbano\/viernesdeadopciones-dia-mundial-del-perro-adoptado\/#breadcrumb\",\"itemListElement\":[{\"@type\":\"ListItem\",\"position\":1,\"name\":\"Portada\",\"item\":\"https:\/\/experienciadevida.com.ar\/portalurbano\/\"},{\"@type\":\"ListItem\",\"position\":2,\"name\":\"#ViernesDeAdopciones: D\u00eda Mundial del Perro Adoptado\"}]},{\"@type\":\"WebSite\",\"@id\":\"https:\/\/experienciadevida.com.ar\/portalurbano\/#website\",\"url\":\"https:\/\/experienciadevida.com.ar\/portalurbano\/\",\"name\":\"\",\"description\":\"\",\"publisher\":{\"@id\":\"https:\/\/experienciadevida.com.ar\/portalurbano\/#organization\"},\"potentialAction\":[{\"@type\":\"SearchAction\",\"target\":{\"@type\":\"EntryPoint\",\"urlTemplate\":\"https:\/\/experienciadevida.com.ar\/portalurbano\/?s={search_term_string}\"},\"query-input\":\"required name=search_term_string\"}],\"inLanguage\":\"es\"},{\"@type\":\"Organization\",\"@id\":\"https:\/\/experienciadevida.com.ar\/portalurbano\/#organization\",\"name\":\"Portal Urbano\",\"url\":\"https:\/\/experienciadevida.com.ar\/portalurbano\/\",\"logo\":{\"@type\":\"ImageObject\",\"inLanguage\":\"es\",\"@id\":\"https:\/\/experienciadevida.com.ar\/portalurbano\/#\/schema\/logo\/image\/\",\"url\":\"https:\/\/experienciadevida.com.ar\/portalurbano\/wp-content\/uploads\/2019\/09\/Logo-Original.png\",\"contentUrl\":\"https:\/\/experienciadevida.com.ar\/portalurbano\/wp-content\/uploads\/2019\/09\/Logo-Original.png\",\"width\":2236,\"height\":1216,\"caption\":\"Portal Urbano\"},\"image\":{\"@id\":\"https:\/\/experienciadevida.com.ar\/portalurbano\/#\/schema\/logo\/image\/\"},\"sameAs\":[\"https:\/\/www.facebook.com\/Portal-Urbano-171542830093757\/\",\"https:\/\/twitter.com\/portalurbanook\",\"https:\/\/www.instagram.com\/_portalurbano\/\",\"https:\/\/www.youtube.com\/channel\/UCXhagIfszH8KxFiOok79zbA?view_as=subscriber\"]},{\"@type\":\"Person\",\"@id\":\"https:\/\/experienciadevida.com.ar\/portalurbano\/#\/schema\/person\/02dd326b1c4b056e9cc972486934a3a7\",\"name\":\"admpu17wp\",\"image\":{\"@type\":\"ImageObject\",\"inLanguage\":\"es\",\"@id\":\"https:\/\/experienciadevida.com.ar\/portalurbano\/#\/schema\/person\/image\/\",\"url\":\"https:\/\/secure.gravatar.com\/avatar\/830d4c57adaae6630765e449a6908047?s=96&d=mm&r=g\",\"contentUrl\":\"https:\/\/secure.gravatar.com\/avatar\/830d4c57adaae6630765e449a6908047?s=96&d=mm&r=g\",\"caption\":\"admpu17wp\"}}]}<\/script>\n<!-- \/ Yoast SEO plugin. -->","yoast_head_json":{"title":"#ViernesDeAdopciones: D\u00eda Mundial del Perro Adoptado","description":"Este #ViernesDeAdopciones es especial, ya que en el d\u00eda de la fecha, como cada 23 de septiembre, se conmemora el D\u00eda Mundial del Perro","robots":{"index":"index","follow":"follow","max-snippet":"max-snippet:-1","max-image-preview":"max-image-preview:large","max-video-preview":"max-video-preview:-1"},"canonical":"https:\/\/experienciadevida.com.ar\/portalurbano\/viernesdeadopciones-dia-mundial-del-perro-adoptado\/","og_locale":"es_ES","og_type":"article","og_title":"#ViernesDeAdopciones: D\u00eda Mundial del Perro Adoptado","og_description":"Este #ViernesDeAdopciones es especial, ya que en el d\u00eda de la fecha, como cada 23 de septiembre, se conmemora el D\u00eda Mundial del Perro","og_url":"https:\/\/experienciadevida.com.ar\/portalurbano\/viernesdeadopciones-dia-mundial-del-perro-adoptado\/","article_publisher":"https:\/\/www.facebook.com\/Portal-Urbano-171542830093757\/","article_published_time":"2022-09-23T16:55:12+00:00","article_modified_time":"2022-09-23T16:58:19+00:00","og_image":[{"width":1600,"height":1200,"url":"https:\/\/experienciadevida.com.ar\/portalurbano\/wp-content\/uploads\/2022\/09\/Bromatologia-adopciones-Maguie-2.jpg","type":"image\/jpeg"}],"author":"admpu17wp","twitter_card":"summary_large_image","twitter_creator":"@portalurbanook","twitter_site":"@portalurbanook","twitter_misc":{"Escrito por":"admpu17wp","Tiempo de lectura":"2 minutos"},"schema":{"@context":"https:\/\/schema.org","@graph":[{"@type":"Article","@id":"https:\/\/experienciadevida.com.ar\/portalurbano\/viernesdeadopciones-dia-mundial-del-perro-adoptado\/#article","isPartOf":{"@id":"https:\/\/experienciadevida.com.ar\/portalurbano\/viernesdeadopciones-dia-mundial-del-perro-adoptado\/"},"author":{"name":"admpu17wp","@id":"https:\/\/experienciadevida.com.ar\/portalurbano\/#\/schema\/person\/02dd326b1c4b056e9cc972486934a3a7"},"headline":"#ViernesDeAdopciones: D\u00eda Mundial del Perro Adoptado","datePublished":"2022-09-23T16:55:12+00:00","dateModified":"2022-09-23T16:58:19+00:00","mainEntityOfPage":{"@id":"https:\/\/experienciadevida.com.ar\/portalurbano\/viernesdeadopciones-dia-mundial-del-perro-adoptado\/"},"wordCount":294,"publisher":{"@id":"https:\/\/experienciadevida.com.ar\/portalurbano\/#organization"},"articleSection":["Ciudad","Destacadas"],"inLanguage":"es"},{"@type":"WebPage","@id":"https:\/\/experienciadevida.com.ar\/portalurbano\/viernesdeadopciones-dia-mundial-del-perro-adoptado\/","url":"https:\/\/experienciadevida.com.ar\/portalurbano\/viernesdeadopciones-dia-mundial-del-perro-adoptado\/","name":"#ViernesDeAdopciones: D\u00eda Mundial del Perro Adoptado","isPartOf":{"@id":"https:\/\/experienciadevida.com.ar\/portalurbano\/#website"},"datePublished":"2022-09-23T16:55:12+00:00","dateModified":"2022-09-23T16:58:19+00:00","description":"Este #ViernesDeAdopciones es especial, ya que en el d\u00eda de la fecha, como cada 23 de septiembre, se conmemora el D\u00eda Mundial del Perro","breadcrumb":{"@id":"https:\/\/experienciadevida.com.ar\/portalurbano\/viernesdeadopciones-dia-mundial-del-perro-adoptado\/#breadcrumb"},"inLanguage":"es","potentialAction":[{"@type":"ReadAction","target":["https:\/\/experienciadevida.com.ar\/portalurbano\/viernesdeadopciones-dia-mundial-del-perro-adoptado\/"]}]},{"@type":"BreadcrumbList","@id":"https:\/\/experienciadevida.com.ar\/portalurbano\/viernesdeadopciones-dia-mundial-del-perro-adoptado\/#breadcrumb","itemListElement":[{"@type":"ListItem","position":1,"name":"Portada","item":"https:\/\/experienciadevida.com.ar\/portalurbano\/"},{"@type":"ListItem","position":2,"name":"#ViernesDeAdopciones: D\u00eda Mundial del Perro Adoptado"}]},{"@type":"WebSite","@id":"https:\/\/experienciadevida.com.ar\/portalurbano\/#website","url":"https:\/\/experienciadevida.com.ar\/portalurbano\/","name":"","description":"","publisher":{"@id":"https:\/\/experienciadevida.com.ar\/portalurbano\/#organization"},"potentialAction":[{"@type":"SearchAction","target":{"@type":"EntryPoint","urlTemplate":"https:\/\/experienciadevida.com.ar\/portalurbano\/?s={search_term_string}"},"query-input":"required name=search_term_string"}],"inLanguage":"es"},{"@type":"Organization","@id":"https:\/\/experienciadevida.com.ar\/portalurbano\/#organization","name":"Portal Urbano","url":"https:\/\/experienciadevida.com.ar\/portalurbano\/","logo":{"@type":"ImageObject","inLanguage":"es","@id":"https:\/\/experienciadevida.com.ar\/portalurbano\/#\/schema\/logo\/image\/","url":"https:\/\/experienciadevida.com.ar\/portalurbano\/wp-content\/uploads\/2019\/09\/Logo-Original.png","contentUrl":"https:\/\/experienciadevida.com.ar\/portalurbano\/wp-content\/uploads\/2019\/09\/Logo-Original.png","width":2236,"height":1216,"caption":"Portal Urbano"},"image":{"@id":"https:\/\/experienciadevida.com.ar\/portalurbano\/#\/schema\/logo\/image\/"},"sameAs":["https:\/\/www.facebook.com\/Portal-Urbano-171542830093757\/","https:\/\/twitter.com\/portalurbanook","https:\/\/www.instagram.com\/_portalurbano\/","https:\/\/www.youtube.com\/channel\/UCXhagIfszH8KxFiOok79zbA?view_as=subscriber"]},{"@type":"Person","@id":"https:\/\/experienciadevida.com.ar\/portalurbano\/#\/schema\/person\/02dd326b1c4b056e9cc972486934a3a7","name":"admpu17wp","image":{"@type":"ImageObject","inLanguage":"es","@id":"https:\/\/experienciadevida.com.ar\/portalurbano\/#\/schema\/person\/image\/","url":"https:\/\/secure.gravatar.com\/avatar\/830d4c57adaae6630765e449a6908047?s=96&d=mm&r=g","contentUrl":"https:\/\/secure.gravatar.com\/avatar\/830d4c57adaae6630765e449a6908047?s=96&d=mm&r=g","caption":"admpu17wp"}}]}},"featured_image_urls":{"full":["https:\/\/experienciadevida.com.ar\/portalurbano\/wp-content\/uploads\/2022\/09\/Bromatologia-adopciones-Maguie-2.jpg",1600,1200,false],"thumbnail":["https:\/\/experienciadevida.com.ar\/portalurbano\/wp-content\/uploads\/2022\/09\/Bromatologia-adopciones-Maguie-2-150x150.jpg",150,150,true],"medium":["https:\/\/experienciadevida.com.ar\/portalurbano\/wp-content\/uploads\/2022\/09\/Bromatologia-adopciones-Maguie-2-300x225.jpg",300,225,true],"medium_large":["https:\/\/experienciadevida.com.ar\/portalurbano\/wp-content\/uploads\/2022\/09\/Bromatologia-adopciones-Maguie-2-768x576.jpg",640,480,true],"large":["https:\/\/experienciadevida.com.ar\/portalurbano\/wp-content\/uploads\/2022\/09\/Bromatologia-adopciones-Maguie-2-1024x768.jpg",640,480,true],"ug_big":["https:\/\/experienciadevida.com.ar\/portalurbano\/wp-content\/uploads\/2022\/09\/Bromatologia-adopciones-Maguie-2-768x576.jpg",768,576,true],"1536x1536":["https:\/\/experienciadevida.com.ar\/portalurbano\/wp-content\/uploads\/2022\/09\/Bromatologia-adopciones-Maguie-2-1536x1152.jpg",1536,1152,true],"2048x2048":["https:\/\/experienciadevida.com.ar\/portalurbano\/wp-content\/uploads\/2022\/09\/Bromatologia-adopciones-Maguie-2.jpg",1600,1200,false],"newsever-slider-full":["https:\/\/experienciadevida.com.ar\/portalurbano\/wp-content\/uploads\/2022\/09\/Bromatologia-adopciones-Maguie-2.jpg",1127,845,false],"newsever-featured":["https:\/\/experienciadevida.com.ar\/portalurbano\/wp-content\/uploads\/2022\/09\/Bromatologia-adopciones-Maguie-2.jpg",1024,768,false],"newsever-medium":["https:\/\/experienciadevida.com.ar\/portalurbano\/wp-content\/uploads\/2022\/09\/Bromatologia-adopciones-Maguie-2.jpg",633,475,false],"web-stories-poster-portrait":["https:\/\/experienciadevida.com.ar\/portalurbano\/wp-content\/uploads\/2022\/09\/Bromatologia-adopciones-Maguie-2-640x853.jpg",640,853,true],"web-stories-publisher-logo":["https:\/\/experienciadevida.com.ar\/portalurbano\/wp-content\/uploads\/2022\/09\/Bromatologia-adopciones-Maguie-2-96x96.jpg",96,96,true],"web-stories-thumbnail":["https:\/\/experienciadevida.com.ar\/portalurbano\/wp-content\/uploads\/2022\/09\/Bromatologia-adopciones-Maguie-2-150x113.jpg",150,113,true]},"author_info":{"display_name":"admpu17wp","author_link":"https:\/\/experienciadevida.com.ar\/portalurbano\/author\/admpu17wp\/"},"category_info":"<a href=\"https:\/\/experienciadevida.com.ar\/portalurbano\/category\/ciudad\/\" rel=\"category tag\">Ciudad<\/a> <a href=\"https:\/\/experienciadevida.com.ar\/portalurbano\/category\/destacadas\/\" rel=\"category tag\">Destacadas<\/a>","tag_info":"Destacadas","comment_count":"0","amp_enabled":true,"_links":{"self":[{"href":"https:\/\/experienciadevida.com.ar\/portalurbano\/wp-json\/wp\/v2\/posts\/176663"}],"collection":[{"href":"https:\/\/experienciadevida.com.ar\/portalurbano\/wp-json\/wp\/v2\/posts"}],"about":[{"href":"https:\/\/experienciadevida.com.ar\/portalurbano\/wp-json\/wp\/v2\/types\/post"}],"author":[{"embeddable":true,"href":"https:\/\/experienciadevida.com.ar\/portalurbano\/wp-json\/wp\/v2\/users\/1"}],"replies":[{"embeddable":true,"href":"https:\/\/experienciadevida.com.ar\/portalurbano\/wp-json\/wp\/v2\/comments?post=176663"}],"version-history":[{"count":3,"href":"https:\/\/experienciadevida.com.ar\/portalurbano\/wp-json\/wp\/v2\/posts\/176663\/revisions"}],"predecessor-version":[{"id":176669,"href":"https:\/\/experienciadevida.com.ar\/portalurbano\/wp-json\/wp\/v2\/posts\/176663\/revisions\/176669"}],"wp:featuredmedia":[{"embeddable":true,"href":"https:\/\/experienciadevida.com.ar\/portalurbano\/wp-json\/wp\/v2\/media\/176666"}],"wp:attachment":[{"href":"https:\/\/experienciadevida.com.ar\/portalurbano\/wp-json\/wp\/v2\/media?parent=176663"}],"wp:term":[{"taxonomy":"category","embeddable":true,"href":"https:\/\/experienciadevida.com.ar\/portalurbano\/wp-json\/wp\/v2\/categories?post=176663"},{"taxonomy":"post_tag","embeddable":true,"href":"https:\/\/experienciadevida.com.ar\/portalurbano\/wp-json\/wp\/v2\/tags?post=176663"}],"curies":[{"name":"wp","href":"https:\/\/api.w.org\/{rel}","templated":true}]}}