{"id":175950,"date":"2022-09-16T13:22:11","date_gmt":"2022-09-16T16:22:11","guid":{"rendered":"https:\/\/experienciadevida.com.ar\/portalurbano\/?p=175950"},"modified":"2022-09-16T13:22:11","modified_gmt":"2022-09-16T16:22:11","slug":"trabajos-de-mantenimiento-vial-en-loma-negra-y-villa-laclau","status":"publish","type":"post","link":"https:\/\/experienciadevida.com.ar\/portalurbano\/trabajos-de-mantenimiento-vial-en-loma-negra-y-villa-laclau\/","title":{"rendered":"Trabajos de mantenimiento vial en Loma Negra y Villa Laclau"},"content":{"rendered":"<p>Desde la Subsecretar\u00eda de Gobierno de la Municipalidad de Olavarr\u00eda se emiti\u00f3 un informe acerca de las tareas de mantenimiento vial realizadas durante los \u00faltimos d\u00edas en Loma Negra, en labores realizadas y coordinadas de manera conjunta con la Delegaci\u00f3n de esa localidad serrana.<\/p>\n<p>Parte de las labores se tradujeron en la reapertura y limpieza de la calle Islas Malvinas. Se trata de una arteria clave para lo que es el acceso a la f\u00e1brica Loma Negra, y que era adem\u00e1s un pedido por parte de la comunidad.<\/p>\n<p>Los trabajos consistieron en retiro de material (tierra, escombros, losas de hormig\u00f3n y tosca), dep\u00f3sito final en cava y luego nivelaci\u00f3n para mejorar las pendientes pluviales. Por \u00faltimo, se termin\u00f3 con el reacondicionamiento de estabilizado para una mejor transitabilidad.<\/p>\n<p>A la par, se continu\u00f3 con la limpieza de mont\u00edculos de tierras que obstru\u00edan la visi\u00f3n y la transitabilidad sobre calle G\u00fcemes y en el Barrio Autoconstrucci\u00f3n.<\/p>\n<p>Por otra parte, atendiendo tambi\u00e9n a las inquietudes de la comunidad y al seguimiento que se lleva a cabo tanto desde la Subsecretar\u00eda de Gobierno como desde la Delegaci\u00f3n de la localidad, tambi\u00e9n se realizaron diversas tareas en Villa Laclau.<\/p>\n<p>Se detall\u00f3 que los trabajos se realizaron con recursos municipales y con personal y maquinaria de la Delegaci\u00f3n. Asimismo, se precis\u00f3 que la log\u00edstica de material fue gracias a la colaboraci\u00f3n de empresas transportistas de la localidad y de material donado por Cementos Avellaneda SA.<\/p>\n<p>En ese sentido, se agradeci\u00f3 a Cementos Avellaneda por la donaci\u00f3n de 500 toneladas de estabilizado, al igual que a las empresas Sabores Serranos, PAOMAR SRL, OR-MIR SA, Log\u00edstica Aciron, V\u00edctor Gamondi, Gast\u00f3n Conte y Roberto Astiz por las tareas de log\u00edstica.<\/p>\n<p>Se ejecutaron mejoras sobre la calle Ca\u00f1izo, sobre la cual se continuar\u00e1 adem\u00e1s con el cierre de 6 bajadas irregulares. Se est\u00e1 realizando un an\u00e1lisis e informe sobre la nivelaci\u00f3n de la cuneta que se encuentra con la Ruta Provincial 51, para poder encauzar el agua y orientarla en sentido Sur-Norte para que culmine en el canal 153 y as\u00ed no da\u00f1ar la calle.<\/p>\n<p>Se indic\u00f3 que fue durante el pasado mes de junio cuando se inici\u00f3 con la planificaci\u00f3n de estos trabajos sobre la mencionada calle, los cuales se complementan con las tareas que ya vienen realiz\u00e1ndose en Villa Laclau desde el a\u00f1o pasado, en lo que se enumer\u00f3 mejoras sobre distintos sectores, limpieza de cuneta de la calle Palacios y arreglos de alcantarilla sobre canal.<\/p>\n<p>En paralelo, y teniendo en cuenta la opini\u00f3n de los vecinos residentes de la zona, desde la Subsecretar\u00eda de Gobierno se realiz\u00f3 el contacto con la autoridad zonal de Vialidad Provincial y, con la intervenci\u00f3n de la Direcci\u00f3n de Hidr\u00e1ulica, la Direcci\u00f3n de Control Urbano y la Direcci\u00f3n de Obras P\u00fablicas de la Municipalidad, se determinaron cu\u00e1les bajadas poder cerrar y as\u00ed reordenar el alto tr\u00e1nsito de la zona.<\/p>\n<p>Por \u00faltimo, se anunci\u00f3 que se construir\u00e1n lomos de burros para poder reducir la velocidad de circulaci\u00f3n en la colectora, algo que tambi\u00e9n fue requerido por vecinos y vecinas del sector.<\/p>\n","protected":false},"excerpt":{"rendered":"<p>Desde la Subsecretar\u00eda de Gobierno de la Municipalidad de Olavarr\u00eda se emiti\u00f3 un informe acerca&#8230;<\/p>\n","protected":false},"author":1,"featured_media":175951,"comment_status":"closed","ping_status":"closed","sticky":false,"template":"","format":"standard","meta":{"content-type":""},"categories":[27,64],"tags":[],"nelio_content":{"isAutoShareEnabled":false,"autoShareEndMode":"default","automationSources":{"useContentSentences":true,"useSocialTemplates":true,"useCustomSentences":false,"customSentences":[]},"followers":[1],"suggestedReferences":[],"includedReferences":[],"efiUrl":"","efiAlt":"","highlights":[]},"yoast_head":"<!-- This site is optimized with the Yoast SEO plugin v20.7 - https:\/\/yoast.com\/wordpress\/plugins\/seo\/ -->\n<title>Trabajos de mantenimiento vial en Loma Negra y Villa Laclau -<\/title>\n<meta name=\"robots\" content=\"index, follow, max-snippet:-1, max-image-preview:large, max-video-preview:-1\" \/>\n<link rel=\"canonical\" href=\"https:\/\/experienciadevida.com.ar\/portalurbano\/trabajos-de-mantenimiento-vial-en-loma-negra-y-villa-laclau\/\" \/>\n<meta property=\"og:locale\" content=\"es_ES\" \/>\n<meta property=\"og:type\" content=\"article\" \/>\n<meta property=\"og:title\" content=\"Trabajos de mantenimiento vial en Loma Negra y Villa Laclau -\" \/>\n<meta property=\"og:description\" content=\"Desde la Subsecretar\u00eda de Gobierno de la Municipalidad de Olavarr\u00eda se emiti\u00f3 un informe acerca...\" \/>\n<meta property=\"og:url\" content=\"https:\/\/experienciadevida.com.ar\/portalurbano\/trabajos-de-mantenimiento-vial-en-loma-negra-y-villa-laclau\/\" \/>\n<meta property=\"article:publisher\" content=\"https:\/\/www.facebook.com\/Portal-Urbano-171542830093757\/\" \/>\n<meta property=\"article:published_time\" content=\"2022-09-16T16:22:11+00:00\" \/>\n<meta property=\"og:image\" content=\"https:\/\/experienciadevida.com.ar\/portalurbano\/wp-content\/uploads\/2022\/09\/Obras-Trabajos-Mantenimiento-Loma-Negra-1-1-e1663345319289.jpg\" \/>\n\t<meta property=\"og:image:width\" content=\"800\" \/>\n\t<meta property=\"og:image:height\" content=\"533\" \/>\n\t<meta property=\"og:image:type\" content=\"image\/jpeg\" \/>\n<meta name=\"author\" content=\"admpu17wp\" \/>\n<meta name=\"twitter:card\" content=\"summary_large_image\" \/>\n<meta name=\"twitter:creator\" content=\"@portalurbanook\" \/>\n<meta name=\"twitter:site\" content=\"@portalurbanook\" \/>\n<meta name=\"twitter:label1\" content=\"Escrito por\" \/>\n\t<meta name=\"twitter:data1\" content=\"admpu17wp\" \/>\n\t<meta name=\"twitter:label2\" content=\"Tiempo de lectura\" \/>\n\t<meta name=\"twitter:data2\" content=\"3 minutos\" \/>\n<script type=\"application\/ld+json\" class=\"yoast-schema-graph\">{\"@context\":\"https:\/\/schema.org\",\"@graph\":[{\"@type\":\"Article\",\"@id\":\"https:\/\/experienciadevida.com.ar\/portalurbano\/trabajos-de-mantenimiento-vial-en-loma-negra-y-villa-laclau\/#article\",\"isPartOf\":{\"@id\":\"https:\/\/experienciadevida.com.ar\/portalurbano\/trabajos-de-mantenimiento-vial-en-loma-negra-y-villa-laclau\/\"},\"author\":{\"name\":\"admpu17wp\",\"@id\":\"https:\/\/experienciadevida.com.ar\/portalurbano\/#\/schema\/person\/02dd326b1c4b056e9cc972486934a3a7\"},\"headline\":\"Trabajos de mantenimiento vial en Loma Negra y Villa Laclau\",\"datePublished\":\"2022-09-16T16:22:11+00:00\",\"dateModified\":\"2022-09-16T16:22:11+00:00\",\"mainEntityOfPage\":{\"@id\":\"https:\/\/experienciadevida.com.ar\/portalurbano\/trabajos-de-mantenimiento-vial-en-loma-negra-y-villa-laclau\/\"},\"wordCount\":561,\"publisher\":{\"@id\":\"https:\/\/experienciadevida.com.ar\/portalurbano\/#organization\"},\"articleSection\":[\"Ciudad\",\"Destacadas 2\"],\"inLanguage\":\"es\"},{\"@type\":\"WebPage\",\"@id\":\"https:\/\/experienciadevida.com.ar\/portalurbano\/trabajos-de-mantenimiento-vial-en-loma-negra-y-villa-laclau\/\",\"url\":\"https:\/\/experienciadevida.com.ar\/portalurbano\/trabajos-de-mantenimiento-vial-en-loma-negra-y-villa-laclau\/\",\"name\":\"Trabajos de mantenimiento vial en Loma Negra y Villa Laclau -\",\"isPartOf\":{\"@id\":\"https:\/\/experienciadevida.com.ar\/portalurbano\/#website\"},\"datePublished\":\"2022-09-16T16:22:11+00:00\",\"dateModified\":\"2022-09-16T16:22:11+00:00\",\"breadcrumb\":{\"@id\":\"https:\/\/experienciadevida.com.ar\/portalurbano\/trabajos-de-mantenimiento-vial-en-loma-negra-y-villa-laclau\/#breadcrumb\"},\"inLanguage\":\"es\",\"potentialAction\":[{\"@type\":\"ReadAction\",\"target\":[\"https:\/\/experienciadevida.com.ar\/portalurbano\/trabajos-de-mantenimiento-vial-en-loma-negra-y-villa-laclau\/\"]}]},{\"@type\":\"BreadcrumbList\",\"@id\":\"https:\/\/experienciadevida.com.ar\/portalurbano\/trabajos-de-mantenimiento-vial-en-loma-negra-y-villa-laclau\/#breadcrumb\",\"itemListElement\":[{\"@type\":\"ListItem\",\"position\":1,\"name\":\"Portada\",\"item\":\"https:\/\/experienciadevida.com.ar\/portalurbano\/\"},{\"@type\":\"ListItem\",\"position\":2,\"name\":\"Trabajos de mantenimiento vial en Loma Negra y Villa Laclau\"}]},{\"@type\":\"WebSite\",\"@id\":\"https:\/\/experienciadevida.com.ar\/portalurbano\/#website\",\"url\":\"https:\/\/experienciadevida.com.ar\/portalurbano\/\",\"name\":\"\",\"description\":\"\",\"publisher\":{\"@id\":\"https:\/\/experienciadevida.com.ar\/portalurbano\/#organization\"},\"potentialAction\":[{\"@type\":\"SearchAction\",\"target\":{\"@type\":\"EntryPoint\",\"urlTemplate\":\"https:\/\/experienciadevida.com.ar\/portalurbano\/?s={search_term_string}\"},\"query-input\":\"required name=search_term_string\"}],\"inLanguage\":\"es\"},{\"@type\":\"Organization\",\"@id\":\"https:\/\/experienciadevida.com.ar\/portalurbano\/#organization\",\"name\":\"Portal Urbano\",\"url\":\"https:\/\/experienciadevida.com.ar\/portalurbano\/\",\"logo\":{\"@type\":\"ImageObject\",\"inLanguage\":\"es\",\"@id\":\"https:\/\/experienciadevida.com.ar\/portalurbano\/#\/schema\/logo\/image\/\",\"url\":\"https:\/\/experienciadevida.com.ar\/portalurbano\/wp-content\/uploads\/2019\/09\/Logo-Original.png\",\"contentUrl\":\"https:\/\/experienciadevida.com.ar\/portalurbano\/wp-content\/uploads\/2019\/09\/Logo-Original.png\",\"width\":2236,\"height\":1216,\"caption\":\"Portal Urbano\"},\"image\":{\"@id\":\"https:\/\/experienciadevida.com.ar\/portalurbano\/#\/schema\/logo\/image\/\"},\"sameAs\":[\"https:\/\/www.facebook.com\/Portal-Urbano-171542830093757\/\",\"https:\/\/twitter.com\/portalurbanook\",\"https:\/\/www.instagram.com\/_portalurbano\/\",\"https:\/\/www.youtube.com\/channel\/UCXhagIfszH8KxFiOok79zbA?view_as=subscriber\"]},{\"@type\":\"Person\",\"@id\":\"https:\/\/experienciadevida.com.ar\/portalurbano\/#\/schema\/person\/02dd326b1c4b056e9cc972486934a3a7\",\"name\":\"admpu17wp\",\"image\":{\"@type\":\"ImageObject\",\"inLanguage\":\"es\",\"@id\":\"https:\/\/experienciadevida.com.ar\/portalurbano\/#\/schema\/person\/image\/\",\"url\":\"https:\/\/secure.gravatar.com\/avatar\/830d4c57adaae6630765e449a6908047?s=96&d=mm&r=g\",\"contentUrl\":\"https:\/\/secure.gravatar.com\/avatar\/830d4c57adaae6630765e449a6908047?s=96&d=mm&r=g\",\"caption\":\"admpu17wp\"}}]}<\/script>\n<!-- \/ Yoast SEO plugin. -->","yoast_head_json":{"title":"Trabajos de mantenimiento vial en Loma Negra y Villa Laclau -","robots":{"index":"index","follow":"follow","max-snippet":"max-snippet:-1","max-image-preview":"max-image-preview:large","max-video-preview":"max-video-preview:-1"},"canonical":"https:\/\/experienciadevida.com.ar\/portalurbano\/trabajos-de-mantenimiento-vial-en-loma-negra-y-villa-laclau\/","og_locale":"es_ES","og_type":"article","og_title":"Trabajos de mantenimiento vial en Loma Negra y Villa Laclau -","og_description":"Desde la Subsecretar\u00eda de Gobierno de la Municipalidad de Olavarr\u00eda se emiti\u00f3 un informe acerca...","og_url":"https:\/\/experienciadevida.com.ar\/portalurbano\/trabajos-de-mantenimiento-vial-en-loma-negra-y-villa-laclau\/","article_publisher":"https:\/\/www.facebook.com\/Portal-Urbano-171542830093757\/","article_published_time":"2022-09-16T16:22:11+00:00","og_image":[{"width":800,"height":533,"url":"https:\/\/experienciadevida.com.ar\/portalurbano\/wp-content\/uploads\/2022\/09\/Obras-Trabajos-Mantenimiento-Loma-Negra-1-1-e1663345319289.jpg","type":"image\/jpeg"}],"author":"admpu17wp","twitter_card":"summary_large_image","twitter_creator":"@portalurbanook","twitter_site":"@portalurbanook","twitter_misc":{"Escrito por":"admpu17wp","Tiempo de lectura":"3 minutos"},"schema":{"@context":"https:\/\/schema.org","@graph":[{"@type":"Article","@id":"https:\/\/experienciadevida.com.ar\/portalurbano\/trabajos-de-mantenimiento-vial-en-loma-negra-y-villa-laclau\/#article","isPartOf":{"@id":"https:\/\/experienciadevida.com.ar\/portalurbano\/trabajos-de-mantenimiento-vial-en-loma-negra-y-villa-laclau\/"},"author":{"name":"admpu17wp","@id":"https:\/\/experienciadevida.com.ar\/portalurbano\/#\/schema\/person\/02dd326b1c4b056e9cc972486934a3a7"},"headline":"Trabajos de mantenimiento vial en Loma Negra y Villa Laclau","datePublished":"2022-09-16T16:22:11+00:00","dateModified":"2022-09-16T16:22:11+00:00","mainEntityOfPage":{"@id":"https:\/\/experienciadevida.com.ar\/portalurbano\/trabajos-de-mantenimiento-vial-en-loma-negra-y-villa-laclau\/"},"wordCount":561,"publisher":{"@id":"https:\/\/experienciadevida.com.ar\/portalurbano\/#organization"},"articleSection":["Ciudad","Destacadas 2"],"inLanguage":"es"},{"@type":"WebPage","@id":"https:\/\/experienciadevida.com.ar\/portalurbano\/trabajos-de-mantenimiento-vial-en-loma-negra-y-villa-laclau\/","url":"https:\/\/experienciadevida.com.ar\/portalurbano\/trabajos-de-mantenimiento-vial-en-loma-negra-y-villa-laclau\/","name":"Trabajos de mantenimiento vial en Loma Negra y Villa Laclau -","isPartOf":{"@id":"https:\/\/experienciadevida.com.ar\/portalurbano\/#website"},"datePublished":"2022-09-16T16:22:11+00:00","dateModified":"2022-09-16T16:22:11+00:00","breadcrumb":{"@id":"https:\/\/experienciadevida.com.ar\/portalurbano\/trabajos-de-mantenimiento-vial-en-loma-negra-y-villa-laclau\/#breadcrumb"},"inLanguage":"es","potentialAction":[{"@type":"ReadAction","target":["https:\/\/experienciadevida.com.ar\/portalurbano\/trabajos-de-mantenimiento-vial-en-loma-negra-y-villa-laclau\/"]}]},{"@type":"BreadcrumbList","@id":"https:\/\/experienciadevida.com.ar\/portalurbano\/trabajos-de-mantenimiento-vial-en-loma-negra-y-villa-laclau\/#breadcrumb","itemListElement":[{"@type":"ListItem","position":1,"name":"Portada","item":"https:\/\/experienciadevida.com.ar\/portalurbano\/"},{"@type":"ListItem","position":2,"name":"Trabajos de mantenimiento vial en Loma Negra y Villa Laclau"}]},{"@type":"WebSite","@id":"https:\/\/experienciadevida.com.ar\/portalurbano\/#website","url":"https:\/\/experienciadevida.com.ar\/portalurbano\/","name":"","description":"","publisher":{"@id":"https:\/\/experienciadevida.com.ar\/portalurbano\/#organization"},"potentialAction":[{"@type":"SearchAction","target":{"@type":"EntryPoint","urlTemplate":"https:\/\/experienciadevida.com.ar\/portalurbano\/?s={search_term_string}"},"query-input":"required name=search_term_string"}],"inLanguage":"es"},{"@type":"Organization","@id":"https:\/\/experienciadevida.com.ar\/portalurbano\/#organization","name":"Portal Urbano","url":"https:\/\/experienciadevida.com.ar\/portalurbano\/","logo":{"@type":"ImageObject","inLanguage":"es","@id":"https:\/\/experienciadevida.com.ar\/portalurbano\/#\/schema\/logo\/image\/","url":"https:\/\/experienciadevida.com.ar\/portalurbano\/wp-content\/uploads\/2019\/09\/Logo-Original.png","contentUrl":"https:\/\/experienciadevida.com.ar\/portalurbano\/wp-content\/uploads\/2019\/09\/Logo-Original.png","width":2236,"height":1216,"caption":"Portal Urbano"},"image":{"@id":"https:\/\/experienciadevida.com.ar\/portalurbano\/#\/schema\/logo\/image\/"},"sameAs":["https:\/\/www.facebook.com\/Portal-Urbano-171542830093757\/","https:\/\/twitter.com\/portalurbanook","https:\/\/www.instagram.com\/_portalurbano\/","https:\/\/www.youtube.com\/channel\/UCXhagIfszH8KxFiOok79zbA?view_as=subscriber"]},{"@type":"Person","@id":"https:\/\/experienciadevida.com.ar\/portalurbano\/#\/schema\/person\/02dd326b1c4b056e9cc972486934a3a7","name":"admpu17wp","image":{"@type":"ImageObject","inLanguage":"es","@id":"https:\/\/experienciadevida.com.ar\/portalurbano\/#\/schema\/person\/image\/","url":"https:\/\/secure.gravatar.com\/avatar\/830d4c57adaae6630765e449a6908047?s=96&d=mm&r=g","contentUrl":"https:\/\/secure.gravatar.com\/avatar\/830d4c57adaae6630765e449a6908047?s=96&d=mm&r=g","caption":"admpu17wp"}}]}},"featured_image_urls":{"full":["https:\/\/experienciadevida.com.ar\/portalurbano\/wp-content\/uploads\/2022\/09\/Obras-Trabajos-Mantenimiento-Loma-Negra-1-1-e1663345319289.jpg",800,533,false],"thumbnail":["https:\/\/experienciadevida.com.ar\/portalurbano\/wp-content\/uploads\/2022\/09\/Obras-Trabajos-Mantenimiento-Loma-Negra-1-1-e1663345319289-150x150.jpg",150,150,true],"medium":["https:\/\/experienciadevida.com.ar\/portalurbano\/wp-content\/uploads\/2022\/09\/Obras-Trabajos-Mantenimiento-Loma-Negra-1-1-e1663345319289-300x200.jpg",300,200,true],"medium_large":["https:\/\/experienciadevida.com.ar\/portalurbano\/wp-content\/uploads\/2022\/09\/Obras-Trabajos-Mantenimiento-Loma-Negra-1-1-e1663345319289-768x512.jpg",640,427,true],"large":["https:\/\/experienciadevida.com.ar\/portalurbano\/wp-content\/uploads\/2022\/09\/Obras-Trabajos-Mantenimiento-Loma-Negra-1-1-1024x682.jpg",640,426,true],"ug_big":["https:\/\/experienciadevida.com.ar\/portalurbano\/wp-content\/uploads\/2022\/09\/Obras-Trabajos-Mantenimiento-Loma-Negra-1-1-e1663345319289-768x512.jpg",768,512,true],"1536x1536":["https:\/\/experienciadevida.com.ar\/portalurbano\/wp-content\/uploads\/2022\/09\/Obras-Trabajos-Mantenimiento-Loma-Negra-1-1-1536x1024.jpg",1536,1024,true],"2048x2048":["https:\/\/experienciadevida.com.ar\/portalurbano\/wp-content\/uploads\/2022\/09\/Obras-Trabajos-Mantenimiento-Loma-Negra-1-1-e1663345319289.jpg",800,533,false],"newsever-slider-full":["https:\/\/experienciadevida.com.ar\/portalurbano\/wp-content\/uploads\/2022\/09\/Obras-Trabajos-Mantenimiento-Loma-Negra-1-1-e1663345319289.jpg",800,533,false],"newsever-featured":["https:\/\/experienciadevida.com.ar\/portalurbano\/wp-content\/uploads\/2022\/09\/Obras-Trabajos-Mantenimiento-Loma-Negra-1-1-e1663345319289.jpg",800,533,false],"newsever-medium":["https:\/\/experienciadevida.com.ar\/portalurbano\/wp-content\/uploads\/2022\/09\/Obras-Trabajos-Mantenimiento-Loma-Negra-1-1-e1663345319289.jpg",713,475,false],"web-stories-poster-portrait":["https:\/\/experienciadevida.com.ar\/portalurbano\/wp-content\/uploads\/2022\/09\/Obras-Trabajos-Mantenimiento-Loma-Negra-1-1-e1663345319289-640x533.jpg",640,533,true],"web-stories-publisher-logo":["https:\/\/experienciadevida.com.ar\/portalurbano\/wp-content\/uploads\/2022\/09\/Obras-Trabajos-Mantenimiento-Loma-Negra-1-1-e1663345319289-96x96.jpg",96,96,true],"web-stories-thumbnail":["https:\/\/experienciadevida.com.ar\/portalurbano\/wp-content\/uploads\/2022\/09\/Obras-Trabajos-Mantenimiento-Loma-Negra-1-1-e1663345319289-150x100.jpg",150,100,true]},"author_info":{"display_name":"admpu17wp","author_link":"https:\/\/experienciadevida.com.ar\/portalurbano\/author\/admpu17wp\/"},"category_info":"<a href=\"https:\/\/experienciadevida.com.ar\/portalurbano\/category\/ciudad\/\" rel=\"category tag\">Ciudad<\/a> <a href=\"https:\/\/experienciadevida.com.ar\/portalurbano\/category\/destacadas-2\/\" rel=\"category tag\">Destacadas 2<\/a>","tag_info":"Destacadas 2","comment_count":"0","amp_enabled":true,"_links":{"self":[{"href":"https:\/\/experienciadevida.com.ar\/portalurbano\/wp-json\/wp\/v2\/posts\/175950"}],"collection":[{"href":"https:\/\/experienciadevida.com.ar\/portalurbano\/wp-json\/wp\/v2\/posts"}],"about":[{"href":"https:\/\/experienciadevida.com.ar\/portalurbano\/wp-json\/wp\/v2\/types\/post"}],"author":[{"embeddable":true,"href":"https:\/\/experienciadevida.com.ar\/portalurbano\/wp-json\/wp\/v2\/users\/1"}],"replies":[{"embeddable":true,"href":"https:\/\/experienciadevida.com.ar\/portalurbano\/wp-json\/wp\/v2\/comments?post=175950"}],"version-history":[{"count":1,"href":"https:\/\/experienciadevida.com.ar\/portalurbano\/wp-json\/wp\/v2\/posts\/175950\/revisions"}],"predecessor-version":[{"id":175952,"href":"https:\/\/experienciadevida.com.ar\/portalurbano\/wp-json\/wp\/v2\/posts\/175950\/revisions\/175952"}],"wp:featuredmedia":[{"embeddable":true,"href":"https:\/\/experienciadevida.com.ar\/portalurbano\/wp-json\/wp\/v2\/media\/175951"}],"wp:attachment":[{"href":"https:\/\/experienciadevida.com.ar\/portalurbano\/wp-json\/wp\/v2\/media?parent=175950"}],"wp:term":[{"taxonomy":"category","embeddable":true,"href":"https:\/\/experienciadevida.com.ar\/portalurbano\/wp-json\/wp\/v2\/categories?post=175950"},{"taxonomy":"post_tag","embeddable":true,"href":"https:\/\/experienciadevida.com.ar\/portalurbano\/wp-json\/wp\/v2\/tags?post=175950"}],"curies":[{"name":"wp","href":"https:\/\/api.w.org\/{rel}","templated":true}]}}