{"id":175535,"date":"2022-09-11T11:25:25","date_gmt":"2022-09-11T14:25:25","guid":{"rendered":"https:\/\/experienciadevida.com.ar\/portalurbano\/?p=175535"},"modified":"2022-09-11T11:27:54","modified_gmt":"2022-09-11T14:27:54","slug":"muertos-presos-y-profugos-que-paso-con-las-personas-que-intentaron-cometer-magnicidios-en-la-argentina","status":"publish","type":"post","link":"https:\/\/experienciadevida.com.ar\/portalurbano\/muertos-presos-y-profugos-que-paso-con-las-personas-que-intentaron-cometer-magnicidios-en-la-argentina\/","title":{"rendered":"Muertos, presos y pr\u00f3fugos: \u00bfqu\u00e9 pas\u00f3 con las personas que intentaron cometer magnicidios en la Argentina?"},"content":{"rendered":"<h2 class=\"font-400\">La figura de magnicidio no est\u00e1 tipificada en la Argentina y tiene una pena establecida en el C\u00f3digo Penal de diez a\u00f1os como m\u00ednimo y 15 a\u00f1os como m\u00e1ximo.<\/h2>\n<hr \/>\n<p>A lo largo de la historia argentina se cometieron varios intentos de magnicidio y, aunque ninguno pudo concretarse hasta el momento, los perpetradores debieron pasar varios a\u00f1os en la c\u00e1rcel, algo que se espera que tambi\u00e9n suceda con Fernando Sabag Montiel y Brenda Uliarte, las dos personas acusadas y detenidas por el atentado contra la vicepresidenta, Cristina Kirchner.<\/p>\n<p>La figura de magnicidio no est\u00e1 tipificada en la Argentina, por lo que el brasile\u00f1o de 35 a\u00f1os y su novia de 23 enfrentan una causa judicial por tentativa de homicidio, delito que tiene una pena establecida en el C\u00f3digo Penal de diez a\u00f1os como m\u00ednimo y 15 a\u00f1os como m\u00e1ximo.<\/p>\n<p>De todos modos, con el transcurso de la investigaci\u00f3n, podr\u00eda ampliarse la acusaci\u00f3n y ah\u00ed se incrementar\u00eda la eventual condena. Casi 150 a\u00f1os atr\u00e1s, en 1873, el entonces presidente, Domingo Faustino Sarmiento, intent\u00f3 ser asesinado por un grupo de personas cuando viajaba en su carruaje.<\/p>\n<p>Instantes despu\u00e9s del ataque, el jefe de Polic\u00eda, Enrique O\u00b4Gorman, inform\u00f3 al mandatario sobre la detenci\u00f3n de tres hombres que intentaban darse a la fuga en medio de la noche del 23 de agosto de aquel a\u00f1o.<\/p>\n<p>Se trataba de los hermanos Francisco y Pedro Guerri, marineros italianos reci\u00e9n llegados al pa\u00eds: pese a que en un comienzo negaron sus intenciones, al d\u00eda siguiente confesaron que d\u00edas antes del hecho se hab\u00edan reunido en una casa de La Boca con Luis &#8220;Eva&#8221; Casimir y Aquiles &#8220;Austr\u00edaco&#8221; Segabrugo, quien les hab\u00eda ofrecido 10 mil pesos para asesinar a Sarmiento.<\/p>\n<p>Tras capturar a Casimir, los uniformados descubrieron que Segabrugo se hab\u00eda fugado a Uruguay. Un grupo de polic\u00edas cruz\u00f3 el R\u00edo de la Plata en dos oportunidades, pero no pudo hallarlo y luego recibieron la noticia de que Carlos Mar\u00eda Querencio, representante del caudillo entrerriano Ricardo L\u00f3pez Jord\u00e1n en Montevideo, hab\u00eda matado de dos tiros -en defensa propia seg\u00fan su declaraci\u00f3n- a un desconocido que quiso asesinarlo en su casa y que termin\u00f3 siendo el &#8220;Austr\u00edaco&#8221;.<\/p>\n<p>En la Justicia porte\u00f1a, el fiscal Ventura Pondal pidi\u00f3 la pena de muerte para los hermanos Guerri y Casimir, pero el juez Octavio Bunge no acompa\u00f1\u00f3 tal parecer: Francisco Guerri fue condenado a 20 a\u00f1os de prisi\u00f3n, mientras que los otros dos involucrados recibieron una pena de 15 a\u00f1os de reclusi\u00f3n.<\/p>\n<p>Luego, la C\u00e1mara del Crimen, integrada por Francisco Alcobendas, Juan Barra y Tom\u00e1s Isla, confirm\u00f3 la sentencia de los Guerri y rebaj\u00f3 a diez a\u00f1os la impuesta a Casimir, con costas.<\/p>\n<p>&#8220;Eva&#8221; fue el \u00fanico que cumpli\u00f3 la totalidad de la condena, ya que Pedro Guerri falleci\u00f3 en la c\u00e1rcel el 30 de abril de 1883 y su hermano, autor del disparo, fue indultado el 4 de enero de 1890 por el entonces presidente, Miguel Ju\u00e1rez Celman.<\/p>\n<p>El 10 de mayo de 1886, cuando Julio Argentino Roca cruzaba desde la Casa Rosada hacia el antiguo edificio del Congreso para dar su discurso de apertura de sesiones ordinarias fue atacado por un hombre, quien lo golpe\u00f3 fuertemente en la cabeza con una piedra.<\/p>\n<p>El agresor, un correntino de 36 a\u00f1os llamado Ignacio Monjes, fue capturado y reconoci\u00f3 que quiso matar al mandatario &#8220;por considerarlo responsable de la situaci\u00f3n pol\u00edtica&#8221;: con su accionar, el nacido en Goya buscaba &#8220;salvar a la Patria&#8221;, declar\u00f3.<\/p>\n<p>Una Junta M\u00e9dica determin\u00f3 que, pese a su cuadro de epilepsia, era pasible de ser enjuiciado. El juez de primera instancia Carlos Miguel P\u00e9rez le dict\u00f3 una condena de 10 a\u00f1os de reclusi\u00f3n y luego la C\u00e1mara Comercial, Correccional y Criminal alivi\u00f3 la pena, no en duraci\u00f3n sino que lo eximi\u00f3 de trabajos duros y penosos y tambi\u00e9n de la prohibici\u00f3n de recibir auxilios desde el exterior.<\/p>\n<p>En agosto de 1905, el presidente Manuel Quintana tambi\u00e9n fue v\u00edctima de un intento de asesinato y el atacante fue Salvador Enrique Jos\u00e9 Planas y Virella, un catal\u00e1n de 25 a\u00f1os que trabajaba en una imprenta. El espa\u00f1ol confes\u00f3 ante la Justicia que actu\u00f3 de ese modo por considera al jefe de Estado &#8220;culpable del malestar general del obrero&#8221;.<\/p>\n<p>Aunque su defensa intent\u00f3 explicar el ataque por una &#8220;crisis emotiva&#8221;, se le impuso una condena de 13 a\u00f1os y cuatro meses de prisi\u00f3n, que luego se redujo a 10. Sin embargo, el catal\u00e1n protagoniz\u00f3 una incre\u00edble fuga de la Penitenciar\u00eda Nacional en enero de 1911 y nunca m\u00e1s pudo ser hallado: los investigadores sospecharon que escap\u00f3 del pa\u00eds con un nombre falso y regres\u00f3 a Espa\u00f1a.<\/p>\n<p>Poco m\u00e1s de dos a\u00f1os despu\u00e9s de ese episodio contra Quintana, el 28 de febrero de 1908 fue Jos\u00e9 Figueroa Alcorta quien sufri\u00f3 un infructuoso atentado contra su vida con una bomba que conten\u00eda clavos y proyectiles. El autor del ataque fue el mosaiquista salte\u00f1o Francisco Solano Rejis, de 21 a\u00f1os. Anarquista declarado, el agresor responsabilizaba al mandatario por la opresi\u00f3n que sufr\u00edan los obreros.<\/p>\n<p>El juez del crimen doctor Ernesto Madero fij\u00f3 una sentencia a veinte a\u00f1os de c\u00e1rcel, con diez d\u00edas de reclusi\u00f3n solitaria en los aniversarios del delito y cinco a\u00f1os de vigilancia de la autoridad sobre su persona, despu\u00e9s de cumplida la condena. Una vez dentro de la Penitenciar\u00eda Nacional, Rejis trab\u00f3 un fuerte v\u00ednculo con el catal\u00e1n Planas y Virella y se escaparon juntos: la Polic\u00eda sospech\u00f3 que viajaron a Espa\u00f1a. El salte\u00f1o no lleg\u00f3 a cumplir tres a\u00f1os de condena.<\/p>\n<p>Otro de los intentos de magnicidio en la Argentina ocurri\u00f3 durante los festejos por el centenario de la declaraci\u00f3n de independencia, cuando el presidente Victorino de la Plaza se encontraba en uno de los balcones de la Casa Rosada observando un desfile militar junto a los embajadores de Bolivia, Eliodoro Villaz\u00f3n, y de Brasil, Ruy Barbosa de Oliveira.<\/p>\n<p>Desde la muchedumbre, un joven porte\u00f1o llamado Juan Mandrini, de 24 a\u00f1os, realiz\u00f3 un disparo contra el lugar donde estaba el mandatario: el proyectil dio contra una de las molduras.<\/p>\n<p>Tras ser detenido, el agresor coment\u00f3 que no quiso asesinar al jefe de Estado, sino realizar un &#8220;acto de protesta&#8221; por la pena de muerte que se hab\u00eda dictado a dos pescadores acusados del asesinato del contador y socio del Jockey Club Frank Carlos Livingston.<\/p>\n<p>La car\u00e1tula de la causa pas\u00f3 de tentativa de homicidio a disparo de arma de fuego: el juez Juan Seg\u00fa lo conden\u00f3 a un a\u00f1o y cuatro meses de prisi\u00f3n. Sin embargo, cuando el fallo fue expedido el detenido ya hab\u00eda cumplido el per\u00edodo de detenci\u00f3n fijado en el dictamen judicial, por lo que fue liberado.<\/p>\n<p>Finalmente, en la ma\u00f1ana del 24 de diciembre de 1919 el veh\u00edculo que trasladaba al entonces presidente, Hip\u00f3lito Yrigoyen, rumbo a la Casa Rosad fue blanco de dos disparos realizados por un hombre desde el zagu\u00e1n de un hotel cercano a la residencia del l\u00edder radical.<\/p>\n<p>Un custodio presidencial y otro efectivo repelieron el ataque y dieron muerte al agresor, quien fue identificado como Gualterio Marinelli, un italiano de 44 a\u00f1os que pose\u00eda un taller de mec\u00e1nico dental.<\/p>\n<p>Como el accionar policial termin\u00f3 con la vida del atacante, ligado al anarquismo, la Justicia cerr\u00f3 el expediente sin condenas.<\/p>\n","protected":false},"excerpt":{"rendered":"<p>La figura de magnicidio no est\u00e1 tipificada en la Argentina y tiene una pena establecida&#8230;<\/p>\n","protected":false},"author":1,"featured_media":175536,"comment_status":"closed","ping_status":"closed","sticky":false,"template":"","format":"standard","meta":{"content-type":""},"categories":[64,43],"tags":[708],"nelio_content":{"isAutoShareEnabled":false,"autoShareEndMode":"default","automationSources":{"useContentSentences":true,"useSocialTemplates":true,"useCustomSentences":false,"customSentences":[]},"followers":[1],"suggestedReferences":[],"includedReferences":[],"efiUrl":"","efiAlt":"","highlights":[]},"yoast_head":"<!-- This site is optimized with the Yoast SEO plugin v20.7 - https:\/\/yoast.com\/wordpress\/plugins\/seo\/ -->\n<title>Muertos, presos y pr\u00f3fugos: \u00bfqu\u00e9 pas\u00f3 con las personas que<\/title>\n<meta name=\"description\" content=\"La figura de magnicidio no est\u00e1 tipificada en la Argentina y tiene una pena establecida en el C\u00f3digo Penal de diez a\u00f1os como m\u00ednimo y 15 a\u00f1os\" \/>\n<meta name=\"robots\" content=\"index, follow, max-snippet:-1, max-image-preview:large, max-video-preview:-1\" \/>\n<link rel=\"canonical\" href=\"https:\/\/experienciadevida.com.ar\/portalurbano\/muertos-presos-y-profugos-que-paso-con-las-personas-que-intentaron-cometer-magnicidios-en-la-argentina\/\" \/>\n<meta property=\"og:locale\" content=\"es_ES\" \/>\n<meta property=\"og:type\" content=\"article\" \/>\n<meta property=\"og:title\" content=\"Muertos, presos y pr\u00f3fugos: \u00bfqu\u00e9 pas\u00f3 con las personas que\" \/>\n<meta property=\"og:description\" content=\"La figura de magnicidio no est\u00e1 tipificada en la Argentina y tiene una pena establecida en el C\u00f3digo Penal de diez a\u00f1os como m\u00ednimo y 15 a\u00f1os\" \/>\n<meta property=\"og:url\" content=\"https:\/\/experienciadevida.com.ar\/portalurbano\/muertos-presos-y-profugos-que-paso-con-las-personas-que-intentaron-cometer-magnicidios-en-la-argentina\/\" \/>\n<meta property=\"article:publisher\" content=\"https:\/\/www.facebook.com\/Portal-Urbano-171542830093757\/\" \/>\n<meta property=\"article:published_time\" content=\"2022-09-11T14:25:25+00:00\" \/>\n<meta property=\"article:modified_time\" content=\"2022-09-11T14:27:54+00:00\" \/>\n<meta property=\"og:image\" content=\"https:\/\/experienciadevida.com.ar\/portalurbano\/wp-content\/uploads\/2022\/09\/casa-rosada-buenos-aires.jpg\" \/>\n\t<meta property=\"og:image:width\" content=\"800\" \/>\n\t<meta property=\"og:image:height\" content=\"476\" \/>\n\t<meta property=\"og:image:type\" content=\"image\/jpeg\" \/>\n<meta name=\"author\" content=\"admpu17wp\" \/>\n<meta name=\"twitter:card\" content=\"summary_large_image\" \/>\n<meta name=\"twitter:creator\" content=\"@portalurbanook\" \/>\n<meta name=\"twitter:site\" content=\"@portalurbanook\" \/>\n<meta name=\"twitter:label1\" content=\"Escrito por\" \/>\n\t<meta name=\"twitter:data1\" content=\"admpu17wp\" \/>\n\t<meta name=\"twitter:label2\" content=\"Tiempo de lectura\" \/>\n\t<meta name=\"twitter:data2\" content=\"6 minutos\" \/>\n<script type=\"application\/ld+json\" class=\"yoast-schema-graph\">{\"@context\":\"https:\/\/schema.org\",\"@graph\":[{\"@type\":\"Article\",\"@id\":\"https:\/\/experienciadevida.com.ar\/portalurbano\/muertos-presos-y-profugos-que-paso-con-las-personas-que-intentaron-cometer-magnicidios-en-la-argentina\/#article\",\"isPartOf\":{\"@id\":\"https:\/\/experienciadevida.com.ar\/portalurbano\/muertos-presos-y-profugos-que-paso-con-las-personas-que-intentaron-cometer-magnicidios-en-la-argentina\/\"},\"author\":{\"name\":\"admpu17wp\",\"@id\":\"https:\/\/experienciadevida.com.ar\/portalurbano\/#\/schema\/person\/02dd326b1c4b056e9cc972486934a3a7\"},\"headline\":\"Muertos, presos y pr\u00f3fugos: \u00bfqu\u00e9 pas\u00f3 con las personas que intentaron cometer magnicidios en la Argentina?\",\"datePublished\":\"2022-09-11T14:25:25+00:00\",\"dateModified\":\"2022-09-11T14:27:54+00:00\",\"mainEntityOfPage\":{\"@id\":\"https:\/\/experienciadevida.com.ar\/portalurbano\/muertos-presos-y-profugos-que-paso-con-las-personas-que-intentaron-cometer-magnicidios-en-la-argentina\/\"},\"wordCount\":1299,\"publisher\":{\"@id\":\"https:\/\/experienciadevida.com.ar\/portalurbano\/#organization\"},\"keywords\":[\"magnicidio\"],\"articleSection\":[\"Destacadas 2\",\"Pol\u00edtica\"],\"inLanguage\":\"es\"},{\"@type\":\"WebPage\",\"@id\":\"https:\/\/experienciadevida.com.ar\/portalurbano\/muertos-presos-y-profugos-que-paso-con-las-personas-que-intentaron-cometer-magnicidios-en-la-argentina\/\",\"url\":\"https:\/\/experienciadevida.com.ar\/portalurbano\/muertos-presos-y-profugos-que-paso-con-las-personas-que-intentaron-cometer-magnicidios-en-la-argentina\/\",\"name\":\"Muertos, presos y pr\u00f3fugos: \u00bfqu\u00e9 pas\u00f3 con las personas que\",\"isPartOf\":{\"@id\":\"https:\/\/experienciadevida.com.ar\/portalurbano\/#website\"},\"datePublished\":\"2022-09-11T14:25:25+00:00\",\"dateModified\":\"2022-09-11T14:27:54+00:00\",\"description\":\"La figura de magnicidio no est\u00e1 tipificada en la Argentina y tiene una pena establecida en el C\u00f3digo Penal de diez a\u00f1os como m\u00ednimo y 15 a\u00f1os\",\"breadcrumb\":{\"@id\":\"https:\/\/experienciadevida.com.ar\/portalurbano\/muertos-presos-y-profugos-que-paso-con-las-personas-que-intentaron-cometer-magnicidios-en-la-argentina\/#breadcrumb\"},\"inLanguage\":\"es\",\"potentialAction\":[{\"@type\":\"ReadAction\",\"target\":[\"https:\/\/experienciadevida.com.ar\/portalurbano\/muertos-presos-y-profugos-que-paso-con-las-personas-que-intentaron-cometer-magnicidios-en-la-argentina\/\"]}]},{\"@type\":\"BreadcrumbList\",\"@id\":\"https:\/\/experienciadevida.com.ar\/portalurbano\/muertos-presos-y-profugos-que-paso-con-las-personas-que-intentaron-cometer-magnicidios-en-la-argentina\/#breadcrumb\",\"itemListElement\":[{\"@type\":\"ListItem\",\"position\":1,\"name\":\"Portada\",\"item\":\"https:\/\/experienciadevida.com.ar\/portalurbano\/\"},{\"@type\":\"ListItem\",\"position\":2,\"name\":\"Muertos, presos y pr\u00f3fugos: \u00bfqu\u00e9 pas\u00f3 con las personas que intentaron cometer magnicidios en la Argentina?\"}]},{\"@type\":\"WebSite\",\"@id\":\"https:\/\/experienciadevida.com.ar\/portalurbano\/#website\",\"url\":\"https:\/\/experienciadevida.com.ar\/portalurbano\/\",\"name\":\"\",\"description\":\"\",\"publisher\":{\"@id\":\"https:\/\/experienciadevida.com.ar\/portalurbano\/#organization\"},\"potentialAction\":[{\"@type\":\"SearchAction\",\"target\":{\"@type\":\"EntryPoint\",\"urlTemplate\":\"https:\/\/experienciadevida.com.ar\/portalurbano\/?s={search_term_string}\"},\"query-input\":\"required name=search_term_string\"}],\"inLanguage\":\"es\"},{\"@type\":\"Organization\",\"@id\":\"https:\/\/experienciadevida.com.ar\/portalurbano\/#organization\",\"name\":\"Portal Urbano\",\"url\":\"https:\/\/experienciadevida.com.ar\/portalurbano\/\",\"logo\":{\"@type\":\"ImageObject\",\"inLanguage\":\"es\",\"@id\":\"https:\/\/experienciadevida.com.ar\/portalurbano\/#\/schema\/logo\/image\/\",\"url\":\"https:\/\/experienciadevida.com.ar\/portalurbano\/wp-content\/uploads\/2019\/09\/Logo-Original.png\",\"contentUrl\":\"https:\/\/experienciadevida.com.ar\/portalurbano\/wp-content\/uploads\/2019\/09\/Logo-Original.png\",\"width\":2236,\"height\":1216,\"caption\":\"Portal Urbano\"},\"image\":{\"@id\":\"https:\/\/experienciadevida.com.ar\/portalurbano\/#\/schema\/logo\/image\/\"},\"sameAs\":[\"https:\/\/www.facebook.com\/Portal-Urbano-171542830093757\/\",\"https:\/\/twitter.com\/portalurbanook\",\"https:\/\/www.instagram.com\/_portalurbano\/\",\"https:\/\/www.youtube.com\/channel\/UCXhagIfszH8KxFiOok79zbA?view_as=subscriber\"]},{\"@type\":\"Person\",\"@id\":\"https:\/\/experienciadevida.com.ar\/portalurbano\/#\/schema\/person\/02dd326b1c4b056e9cc972486934a3a7\",\"name\":\"admpu17wp\",\"image\":{\"@type\":\"ImageObject\",\"inLanguage\":\"es\",\"@id\":\"https:\/\/experienciadevida.com.ar\/portalurbano\/#\/schema\/person\/image\/\",\"url\":\"https:\/\/secure.gravatar.com\/avatar\/830d4c57adaae6630765e449a6908047?s=96&d=mm&r=g\",\"contentUrl\":\"https:\/\/secure.gravatar.com\/avatar\/830d4c57adaae6630765e449a6908047?s=96&d=mm&r=g\",\"caption\":\"admpu17wp\"}}]}<\/script>\n<!-- \/ Yoast SEO plugin. -->","yoast_head_json":{"title":"Muertos, presos y pr\u00f3fugos: \u00bfqu\u00e9 pas\u00f3 con las personas que","description":"La figura de magnicidio no est\u00e1 tipificada en la Argentina y tiene una pena establecida en el C\u00f3digo Penal de diez a\u00f1os como m\u00ednimo y 15 a\u00f1os","robots":{"index":"index","follow":"follow","max-snippet":"max-snippet:-1","max-image-preview":"max-image-preview:large","max-video-preview":"max-video-preview:-1"},"canonical":"https:\/\/experienciadevida.com.ar\/portalurbano\/muertos-presos-y-profugos-que-paso-con-las-personas-que-intentaron-cometer-magnicidios-en-la-argentina\/","og_locale":"es_ES","og_type":"article","og_title":"Muertos, presos y pr\u00f3fugos: \u00bfqu\u00e9 pas\u00f3 con las personas que","og_description":"La figura de magnicidio no est\u00e1 tipificada en la Argentina y tiene una pena establecida en el C\u00f3digo Penal de diez a\u00f1os como m\u00ednimo y 15 a\u00f1os","og_url":"https:\/\/experienciadevida.com.ar\/portalurbano\/muertos-presos-y-profugos-que-paso-con-las-personas-que-intentaron-cometer-magnicidios-en-la-argentina\/","article_publisher":"https:\/\/www.facebook.com\/Portal-Urbano-171542830093757\/","article_published_time":"2022-09-11T14:25:25+00:00","article_modified_time":"2022-09-11T14:27:54+00:00","og_image":[{"width":800,"height":476,"url":"https:\/\/experienciadevida.com.ar\/portalurbano\/wp-content\/uploads\/2022\/09\/casa-rosada-buenos-aires.jpg","type":"image\/jpeg"}],"author":"admpu17wp","twitter_card":"summary_large_image","twitter_creator":"@portalurbanook","twitter_site":"@portalurbanook","twitter_misc":{"Escrito por":"admpu17wp","Tiempo de lectura":"6 minutos"},"schema":{"@context":"https:\/\/schema.org","@graph":[{"@type":"Article","@id":"https:\/\/experienciadevida.com.ar\/portalurbano\/muertos-presos-y-profugos-que-paso-con-las-personas-que-intentaron-cometer-magnicidios-en-la-argentina\/#article","isPartOf":{"@id":"https:\/\/experienciadevida.com.ar\/portalurbano\/muertos-presos-y-profugos-que-paso-con-las-personas-que-intentaron-cometer-magnicidios-en-la-argentina\/"},"author":{"name":"admpu17wp","@id":"https:\/\/experienciadevida.com.ar\/portalurbano\/#\/schema\/person\/02dd326b1c4b056e9cc972486934a3a7"},"headline":"Muertos, presos y pr\u00f3fugos: \u00bfqu\u00e9 pas\u00f3 con las personas que intentaron cometer magnicidios en la Argentina?","datePublished":"2022-09-11T14:25:25+00:00","dateModified":"2022-09-11T14:27:54+00:00","mainEntityOfPage":{"@id":"https:\/\/experienciadevida.com.ar\/portalurbano\/muertos-presos-y-profugos-que-paso-con-las-personas-que-intentaron-cometer-magnicidios-en-la-argentina\/"},"wordCount":1299,"publisher":{"@id":"https:\/\/experienciadevida.com.ar\/portalurbano\/#organization"},"keywords":["magnicidio"],"articleSection":["Destacadas 2","Pol\u00edtica"],"inLanguage":"es"},{"@type":"WebPage","@id":"https:\/\/experienciadevida.com.ar\/portalurbano\/muertos-presos-y-profugos-que-paso-con-las-personas-que-intentaron-cometer-magnicidios-en-la-argentina\/","url":"https:\/\/experienciadevida.com.ar\/portalurbano\/muertos-presos-y-profugos-que-paso-con-las-personas-que-intentaron-cometer-magnicidios-en-la-argentina\/","name":"Muertos, presos y pr\u00f3fugos: \u00bfqu\u00e9 pas\u00f3 con las personas que","isPartOf":{"@id":"https:\/\/experienciadevida.com.ar\/portalurbano\/#website"},"datePublished":"2022-09-11T14:25:25+00:00","dateModified":"2022-09-11T14:27:54+00:00","description":"La figura de magnicidio no est\u00e1 tipificada en la Argentina y tiene una pena establecida en el C\u00f3digo Penal de diez a\u00f1os como m\u00ednimo y 15 a\u00f1os","breadcrumb":{"@id":"https:\/\/experienciadevida.com.ar\/portalurbano\/muertos-presos-y-profugos-que-paso-con-las-personas-que-intentaron-cometer-magnicidios-en-la-argentina\/#breadcrumb"},"inLanguage":"es","potentialAction":[{"@type":"ReadAction","target":["https:\/\/experienciadevida.com.ar\/portalurbano\/muertos-presos-y-profugos-que-paso-con-las-personas-que-intentaron-cometer-magnicidios-en-la-argentina\/"]}]},{"@type":"BreadcrumbList","@id":"https:\/\/experienciadevida.com.ar\/portalurbano\/muertos-presos-y-profugos-que-paso-con-las-personas-que-intentaron-cometer-magnicidios-en-la-argentina\/#breadcrumb","itemListElement":[{"@type":"ListItem","position":1,"name":"Portada","item":"https:\/\/experienciadevida.com.ar\/portalurbano\/"},{"@type":"ListItem","position":2,"name":"Muertos, presos y pr\u00f3fugos: \u00bfqu\u00e9 pas\u00f3 con las personas que intentaron cometer magnicidios en la Argentina?"}]},{"@type":"WebSite","@id":"https:\/\/experienciadevida.com.ar\/portalurbano\/#website","url":"https:\/\/experienciadevida.com.ar\/portalurbano\/","name":"","description":"","publisher":{"@id":"https:\/\/experienciadevida.com.ar\/portalurbano\/#organization"},"potentialAction":[{"@type":"SearchAction","target":{"@type":"EntryPoint","urlTemplate":"https:\/\/experienciadevida.com.ar\/portalurbano\/?s={search_term_string}"},"query-input":"required name=search_term_string"}],"inLanguage":"es"},{"@type":"Organization","@id":"https:\/\/experienciadevida.com.ar\/portalurbano\/#organization","name":"Portal Urbano","url":"https:\/\/experienciadevida.com.ar\/portalurbano\/","logo":{"@type":"ImageObject","inLanguage":"es","@id":"https:\/\/experienciadevida.com.ar\/portalurbano\/#\/schema\/logo\/image\/","url":"https:\/\/experienciadevida.com.ar\/portalurbano\/wp-content\/uploads\/2019\/09\/Logo-Original.png","contentUrl":"https:\/\/experienciadevida.com.ar\/portalurbano\/wp-content\/uploads\/2019\/09\/Logo-Original.png","width":2236,"height":1216,"caption":"Portal Urbano"},"image":{"@id":"https:\/\/experienciadevida.com.ar\/portalurbano\/#\/schema\/logo\/image\/"},"sameAs":["https:\/\/www.facebook.com\/Portal-Urbano-171542830093757\/","https:\/\/twitter.com\/portalurbanook","https:\/\/www.instagram.com\/_portalurbano\/","https:\/\/www.youtube.com\/channel\/UCXhagIfszH8KxFiOok79zbA?view_as=subscriber"]},{"@type":"Person","@id":"https:\/\/experienciadevida.com.ar\/portalurbano\/#\/schema\/person\/02dd326b1c4b056e9cc972486934a3a7","name":"admpu17wp","image":{"@type":"ImageObject","inLanguage":"es","@id":"https:\/\/experienciadevida.com.ar\/portalurbano\/#\/schema\/person\/image\/","url":"https:\/\/secure.gravatar.com\/avatar\/830d4c57adaae6630765e449a6908047?s=96&d=mm&r=g","contentUrl":"https:\/\/secure.gravatar.com\/avatar\/830d4c57adaae6630765e449a6908047?s=96&d=mm&r=g","caption":"admpu17wp"}}]}},"featured_image_urls":{"full":["https:\/\/experienciadevida.com.ar\/portalurbano\/wp-content\/uploads\/2022\/09\/casa-rosada-buenos-aires.jpg",800,476,false],"thumbnail":["https:\/\/experienciadevida.com.ar\/portalurbano\/wp-content\/uploads\/2022\/09\/casa-rosada-buenos-aires-150x150.jpg",150,150,true],"medium":["https:\/\/experienciadevida.com.ar\/portalurbano\/wp-content\/uploads\/2022\/09\/casa-rosada-buenos-aires-300x179.jpg",300,179,true],"medium_large":["https:\/\/experienciadevida.com.ar\/portalurbano\/wp-content\/uploads\/2022\/09\/casa-rosada-buenos-aires-768x457.jpg",640,381,true],"large":["https:\/\/experienciadevida.com.ar\/portalurbano\/wp-content\/uploads\/2022\/09\/casa-rosada-buenos-aires.jpg",640,381,false],"ug_big":["https:\/\/experienciadevida.com.ar\/portalurbano\/wp-content\/uploads\/2022\/09\/casa-rosada-buenos-aires-768x457.jpg",768,457,true],"1536x1536":["https:\/\/experienciadevida.com.ar\/portalurbano\/wp-content\/uploads\/2022\/09\/casa-rosada-buenos-aires.jpg",800,476,false],"2048x2048":["https:\/\/experienciadevida.com.ar\/portalurbano\/wp-content\/uploads\/2022\/09\/casa-rosada-buenos-aires.jpg",800,476,false],"newsever-slider-full":["https:\/\/experienciadevida.com.ar\/portalurbano\/wp-content\/uploads\/2022\/09\/casa-rosada-buenos-aires.jpg",800,476,false],"newsever-featured":["https:\/\/experienciadevida.com.ar\/portalurbano\/wp-content\/uploads\/2022\/09\/casa-rosada-buenos-aires.jpg",800,476,false],"newsever-medium":["https:\/\/experienciadevida.com.ar\/portalurbano\/wp-content\/uploads\/2022\/09\/casa-rosada-buenos-aires.jpg",720,428,false],"web-stories-poster-portrait":["https:\/\/experienciadevida.com.ar\/portalurbano\/wp-content\/uploads\/2022\/09\/casa-rosada-buenos-aires-640x476.jpg",640,476,true],"web-stories-publisher-logo":["https:\/\/experienciadevida.com.ar\/portalurbano\/wp-content\/uploads\/2022\/09\/casa-rosada-buenos-aires-96x96.jpg",96,96,true],"web-stories-thumbnail":["https:\/\/experienciadevida.com.ar\/portalurbano\/wp-content\/uploads\/2022\/09\/casa-rosada-buenos-aires-150x89.jpg",150,89,true]},"author_info":{"display_name":"admpu17wp","author_link":"https:\/\/experienciadevida.com.ar\/portalurbano\/author\/admpu17wp\/"},"category_info":"<a href=\"https:\/\/experienciadevida.com.ar\/portalurbano\/category\/destacadas-2\/\" rel=\"category tag\">Destacadas 2<\/a> <a href=\"https:\/\/experienciadevida.com.ar\/portalurbano\/category\/politica\/\" rel=\"category tag\">Pol\u00edtica<\/a>","tag_info":"Pol\u00edtica","comment_count":"0","amp_enabled":true,"_links":{"self":[{"href":"https:\/\/experienciadevida.com.ar\/portalurbano\/wp-json\/wp\/v2\/posts\/175535"}],"collection":[{"href":"https:\/\/experienciadevida.com.ar\/portalurbano\/wp-json\/wp\/v2\/posts"}],"about":[{"href":"https:\/\/experienciadevida.com.ar\/portalurbano\/wp-json\/wp\/v2\/types\/post"}],"author":[{"embeddable":true,"href":"https:\/\/experienciadevida.com.ar\/portalurbano\/wp-json\/wp\/v2\/users\/1"}],"replies":[{"embeddable":true,"href":"https:\/\/experienciadevida.com.ar\/portalurbano\/wp-json\/wp\/v2\/comments?post=175535"}],"version-history":[{"count":1,"href":"https:\/\/experienciadevida.com.ar\/portalurbano\/wp-json\/wp\/v2\/posts\/175535\/revisions"}],"predecessor-version":[{"id":175537,"href":"https:\/\/experienciadevida.com.ar\/portalurbano\/wp-json\/wp\/v2\/posts\/175535\/revisions\/175537"}],"wp:featuredmedia":[{"embeddable":true,"href":"https:\/\/experienciadevida.com.ar\/portalurbano\/wp-json\/wp\/v2\/media\/175536"}],"wp:attachment":[{"href":"https:\/\/experienciadevida.com.ar\/portalurbano\/wp-json\/wp\/v2\/media?parent=175535"}],"wp:term":[{"taxonomy":"category","embeddable":true,"href":"https:\/\/experienciadevida.com.ar\/portalurbano\/wp-json\/wp\/v2\/categories?post=175535"},{"taxonomy":"post_tag","embeddable":true,"href":"https:\/\/experienciadevida.com.ar\/portalurbano\/wp-json\/wp\/v2\/tags?post=175535"}],"curies":[{"name":"wp","href":"https:\/\/api.w.org\/{rel}","templated":true}]}}