{"id":175268,"date":"2022-09-08T21:55:08","date_gmt":"2022-09-09T00:55:08","guid":{"rendered":"https:\/\/experienciadevida.com.ar\/portalurbano\/?p=175268"},"modified":"2022-09-08T21:55:33","modified_gmt":"2022-09-09T00:55:33","slug":"coopelectric-brindo-capacitaciones-sobre-rcp-en-la-e-e-p-n-30-y-en-el-cept-n8-de-espigas","status":"publish","type":"post","link":"https:\/\/experienciadevida.com.ar\/portalurbano\/coopelectric-brindo-capacitaciones-sobre-rcp-en-la-e-e-p-n-30-y-en-el-cept-n8-de-espigas\/","title":{"rendered":"Coopelectric brind\u00f3 capacitaciones sobre RCP en la E.E.P. N\u00b0 30 y en el CEPT n\u00b08 de Espigas"},"content":{"rendered":"<p>Coopelectric brind\u00f3 capacitaciones sobre RCP en la E.E.P. N\u00b0 30 y en el CEPT n\u00b08 de Espigas. En primer<br \/>\nlugar, el Lic. Gast\u00f3n Lucero y la T\u00e9c. Soledad Urbieta del \u00e1rea de Seguridad e Higiene de Coopelectric trabajaron con los estudiantes de 2\u00b0 A\u00f1o del Centro Educativo para la Producci\u00f3n Total N\u00ba 8, quienes estuvieron acompa\u00f1ados por su directora Marina Schwerdt y los docentes Lucia Fern\u00e1ndez, Andrea Burnet y Germ\u00e1n Caruso.<\/p>\n<p><a href=\"https:\/\/experienciadevida.com.ar\/portalurbano\/coopelectric-brindo-capacitaciones-sobre-rcp-en-la-e-e-p-n-30-y-en-el-cept-n8-de-espigas\/coopelectri\/\" rel=\"attachment wp-att-175287\"><img decoding=\"async\" class=\"alignnone size-large wp-image-175287\" src=\"https:\/\/experienciadevida.com.ar\/portalurbano\/wp-content\/uploads\/2022\/09\/Coopelectri-1024x905.jpeg\" alt=\"Coopelectric \" width=\"900\" height=\"795\" srcset=\"https:\/\/experienciadevida.com.ar\/portalurbano\/wp-content\/uploads\/2022\/09\/Coopelectri-1024x905.jpeg 1024w, https:\/\/experienciadevida.com.ar\/portalurbano\/wp-content\/uploads\/2022\/09\/Coopelectri-300x265.jpeg 300w, https:\/\/experienciadevida.com.ar\/portalurbano\/wp-content\/uploads\/2022\/09\/Coopelectri-768x679.jpeg 768w, https:\/\/experienciadevida.com.ar\/portalurbano\/wp-content\/uploads\/2022\/09\/Coopelectri-150x133.jpeg 150w, https:\/\/experienciadevida.com.ar\/portalurbano\/wp-content\/uploads\/2022\/09\/Coopelectri.jpeg 1080w\" sizes=\"(max-width: 900px) 100vw, 900px\" \/><\/a><\/p>\n<p>En tanto, la segunda capacitaci\u00f3n estuvo destinada a los estudiantes de 6\u00b0 A\u00f1o de la Escuela Primaria N\u00b0 30 \u201cJuan Catriel\u201d, en la que tambi\u00e9n participaron su directora Mirian Molinero y la docente Carolina Acosta.<\/p>\n<p>Desde el \u00e1rea de Seguridad e Higiene de Coopelectric se se\u00f1al\u00f3 la importancia de contar con conocimientos para saber c\u00f3mo actuar durante los primeros 15 minutos desde que se produce un hecho que requiere asistencia.<br \/>\nLuego de ese tiempo, ser\u00e1 el sistema de salud quien deber\u00e1 intervenir para lograr la sobrevida de la persona que sufre un paro cardiorrespiratorio o la obstrucci\u00f3n de las v\u00edas a\u00e9reas.<\/p>\n<p>Se abordaron aspectos te\u00f3ricos y pr\u00e1cticos sobre el procedimiento de emergencia utilizado para salvar vidas. En primera instancia, los profesionales explicaron las nociones b\u00e1sicas del socorro urbano, cadena de atenci\u00f3n a las v\u00edctimas, conducta de liderazgo ante emergencias m\u00e9dicas, obstrucci\u00f3n de v\u00eda a\u00e9rea (OVA) y asistencia primaria.<\/p>\n<p>Posteriormente, la instrucci\u00f3n se focaliz\u00f3 en la pr\u00e1ctica y las t\u00e9cnicas de Reanimaci\u00f3n Cardio Pulmonar a trav\u00e9s de la utilizaci\u00f3n de maniqu\u00edes provistos por la Cooperativa y el Sindicato Luz y Fuerza de Olavarr\u00eda.<\/p>\n<p>La T\u00e9c. Soledad Urbieta subray\u00f3, \u201cfue una experiencia muy enriquecedora. Los estudiantes compartieron situaciones vividas en su \u00e1mbito familiar y las relacionaron con los conceptos abordados, destacando la importancia de contar con conocimientos y t\u00e9cnicas de reanimaci\u00f3n para poder accionar con rapidez ante los hechos que puedan ocurrir en la zona rural\u201d.<\/p>\n<p>Las t\u00e9cnicas de RCP var\u00edan en funci\u00f3n de la edad de la persona, por lo que tambi\u00e9n se diferenciaron los m\u00e9todos utilizados para asistir tanto a adultos como a ni\u00f1os. En los pr\u00f3ximos d\u00edas, los participantes recibir\u00e1n la certificaci\u00f3n de ACES Internacional (Asociaci\u00f3n para la Capacitaci\u00f3n en Emergencias y Socorros) con una validez de dos a\u00f1os.<\/p>\n<p><a href=\"https:\/\/experienciadevida.com.ar\/portalurbano\/coopelectric-brindo-capacitaciones-sobre-rcp-en-la-e-e-p-n-30-y-en-el-cept-n8-de-espigas\/brindo\/\" rel=\"attachment wp-att-175288\"><img decoding=\"async\" class=\"alignnone size-large wp-image-175288\" src=\"https:\/\/experienciadevida.com.ar\/portalurbano\/wp-content\/uploads\/2022\/09\/brindo-1024x905.jpeg\" alt=\"brind\u00f3 \" width=\"900\" height=\"795\" srcset=\"https:\/\/experienciadevida.com.ar\/portalurbano\/wp-content\/uploads\/2022\/09\/brindo-1024x905.jpeg 1024w, https:\/\/experienciadevida.com.ar\/portalurbano\/wp-content\/uploads\/2022\/09\/brindo-300x265.jpeg 300w, https:\/\/experienciadevida.com.ar\/portalurbano\/wp-content\/uploads\/2022\/09\/brindo-768x679.jpeg 768w, https:\/\/experienciadevida.com.ar\/portalurbano\/wp-content\/uploads\/2022\/09\/brindo-150x133.jpeg 150w, https:\/\/experienciadevida.com.ar\/portalurbano\/wp-content\/uploads\/2022\/09\/brindo.jpeg 1080w\" sizes=\"(max-width: 900px) 100vw, 900px\" \/><\/a><\/p>\n","protected":false},"excerpt":{"rendered":"<p>Coopelectric brind\u00f3 capacitaciones sobre RCP en la E.E.P. N\u00b0 30 y en el CEPT n\u00b08&#8230;<\/p>\n","protected":false},"author":1,"featured_media":175286,"comment_status":"closed","ping_status":"closed","sticky":false,"template":"","format":"standard","meta":{"content-type":""},"categories":[27],"tags":[],"nelio_content":{"isAutoShareEnabled":false,"autoShareEndMode":"default","automationSources":{"useContentSentences":true,"useSocialTemplates":true,"useCustomSentences":false,"customSentences":[]},"followers":[1],"suggestedReferences":[],"includedReferences":[],"efiUrl":"","efiAlt":"","highlights":[]},"yoast_head":"<!-- This site is optimized with the Yoast SEO plugin v20.7 - https:\/\/yoast.com\/wordpress\/plugins\/seo\/ -->\n<title>Coopelectric brind\u00f3 capacitaciones sobre RCP en la E.E.P.n\u00b030<\/title>\n<meta name=\"description\" content=\"Coopelectric brind\u00f3 capacitaciones sobre RCP en la E.E.P. N\u00b0 30 y en el CEPT n\u00b08 de Espigas, con los docentes especialistas en el tema\" \/>\n<meta name=\"robots\" content=\"index, follow, max-snippet:-1, max-image-preview:large, max-video-preview:-1\" \/>\n<link rel=\"canonical\" href=\"https:\/\/experienciadevida.com.ar\/portalurbano\/coopelectric-brindo-capacitaciones-sobre-rcp-en-la-e-e-p-n-30-y-en-el-cept-n8-de-espigas\/\" \/>\n<meta property=\"og:locale\" content=\"es_ES\" \/>\n<meta property=\"og:type\" content=\"article\" \/>\n<meta property=\"og:title\" content=\"Coopelectric brind\u00f3 capacitaciones sobre RCP en la E.E.P.n\u00b030\" \/>\n<meta property=\"og:description\" content=\"Coopelectric brind\u00f3 capacitaciones sobre RCP en la E.E.P. N\u00b0 30 y en el CEPT n\u00b08 de Espigas, con los docentes especialistas en el tema\" \/>\n<meta property=\"og:url\" content=\"https:\/\/experienciadevida.com.ar\/portalurbano\/coopelectric-brindo-capacitaciones-sobre-rcp-en-la-e-e-p-n-30-y-en-el-cept-n8-de-espigas\/\" \/>\n<meta property=\"article:publisher\" content=\"https:\/\/www.facebook.com\/Portal-Urbano-171542830093757\/\" \/>\n<meta property=\"article:published_time\" content=\"2022-09-09T00:55:08+00:00\" \/>\n<meta property=\"article:modified_time\" content=\"2022-09-09T00:55:33+00:00\" \/>\n<meta property=\"og:image\" content=\"https:\/\/experienciadevida.com.ar\/portalurbano\/wp-content\/uploads\/2022\/09\/Coopelectric-brindo-capacitaciones-sobre.jpg\" \/>\n\t<meta property=\"og:image:width\" content=\"1152\" \/>\n\t<meta property=\"og:image:height\" content=\"754\" \/>\n\t<meta property=\"og:image:type\" content=\"image\/jpeg\" \/>\n<meta name=\"author\" content=\"admpu17wp\" \/>\n<meta name=\"twitter:card\" content=\"summary_large_image\" \/>\n<meta name=\"twitter:creator\" content=\"@portalurbanook\" \/>\n<meta name=\"twitter:site\" content=\"@portalurbanook\" \/>\n<meta name=\"twitter:label1\" content=\"Escrito por\" \/>\n\t<meta name=\"twitter:data1\" content=\"admpu17wp\" \/>\n\t<meta name=\"twitter:label2\" content=\"Tiempo de lectura\" \/>\n\t<meta name=\"twitter:data2\" content=\"3 minutos\" \/>\n<script type=\"application\/ld+json\" class=\"yoast-schema-graph\">{\"@context\":\"https:\/\/schema.org\",\"@graph\":[{\"@type\":\"Article\",\"@id\":\"https:\/\/experienciadevida.com.ar\/portalurbano\/coopelectric-brindo-capacitaciones-sobre-rcp-en-la-e-e-p-n-30-y-en-el-cept-n8-de-espigas\/#article\",\"isPartOf\":{\"@id\":\"https:\/\/experienciadevida.com.ar\/portalurbano\/coopelectric-brindo-capacitaciones-sobre-rcp-en-la-e-e-p-n-30-y-en-el-cept-n8-de-espigas\/\"},\"author\":{\"name\":\"admpu17wp\",\"@id\":\"https:\/\/experienciadevida.com.ar\/portalurbano\/#\/schema\/person\/02dd326b1c4b056e9cc972486934a3a7\"},\"headline\":\"Coopelectric brind\u00f3 capacitaciones sobre RCP en la E.E.P. N\u00b0 30 y en el CEPT n\u00b08 de Espigas\",\"datePublished\":\"2022-09-09T00:55:08+00:00\",\"dateModified\":\"2022-09-09T00:55:33+00:00\",\"mainEntityOfPage\":{\"@id\":\"https:\/\/experienciadevida.com.ar\/portalurbano\/coopelectric-brindo-capacitaciones-sobre-rcp-en-la-e-e-p-n-30-y-en-el-cept-n8-de-espigas\/\"},\"wordCount\":423,\"publisher\":{\"@id\":\"https:\/\/experienciadevida.com.ar\/portalurbano\/#organization\"},\"articleSection\":[\"Ciudad\"],\"inLanguage\":\"es\"},{\"@type\":\"WebPage\",\"@id\":\"https:\/\/experienciadevida.com.ar\/portalurbano\/coopelectric-brindo-capacitaciones-sobre-rcp-en-la-e-e-p-n-30-y-en-el-cept-n8-de-espigas\/\",\"url\":\"https:\/\/experienciadevida.com.ar\/portalurbano\/coopelectric-brindo-capacitaciones-sobre-rcp-en-la-e-e-p-n-30-y-en-el-cept-n8-de-espigas\/\",\"name\":\"Coopelectric brind\u00f3 capacitaciones sobre RCP en la E.E.P.n\u00b030\",\"isPartOf\":{\"@id\":\"https:\/\/experienciadevida.com.ar\/portalurbano\/#website\"},\"datePublished\":\"2022-09-09T00:55:08+00:00\",\"dateModified\":\"2022-09-09T00:55:33+00:00\",\"description\":\"Coopelectric brind\u00f3 capacitaciones sobre RCP en la E.E.P. N\u00b0 30 y en el CEPT n\u00b08 de Espigas, con los docentes especialistas en el tema\",\"breadcrumb\":{\"@id\":\"https:\/\/experienciadevida.com.ar\/portalurbano\/coopelectric-brindo-capacitaciones-sobre-rcp-en-la-e-e-p-n-30-y-en-el-cept-n8-de-espigas\/#breadcrumb\"},\"inLanguage\":\"es\",\"potentialAction\":[{\"@type\":\"ReadAction\",\"target\":[\"https:\/\/experienciadevida.com.ar\/portalurbano\/coopelectric-brindo-capacitaciones-sobre-rcp-en-la-e-e-p-n-30-y-en-el-cept-n8-de-espigas\/\"]}]},{\"@type\":\"BreadcrumbList\",\"@id\":\"https:\/\/experienciadevida.com.ar\/portalurbano\/coopelectric-brindo-capacitaciones-sobre-rcp-en-la-e-e-p-n-30-y-en-el-cept-n8-de-espigas\/#breadcrumb\",\"itemListElement\":[{\"@type\":\"ListItem\",\"position\":1,\"name\":\"Portada\",\"item\":\"https:\/\/experienciadevida.com.ar\/portalurbano\/\"},{\"@type\":\"ListItem\",\"position\":2,\"name\":\"Coopelectric brind\u00f3 capacitaciones sobre RCP en la E.E.P. N\u00b0 30 y en el CEPT n\u00b08 de Espigas\"}]},{\"@type\":\"WebSite\",\"@id\":\"https:\/\/experienciadevida.com.ar\/portalurbano\/#website\",\"url\":\"https:\/\/experienciadevida.com.ar\/portalurbano\/\",\"name\":\"\",\"description\":\"\",\"publisher\":{\"@id\":\"https:\/\/experienciadevida.com.ar\/portalurbano\/#organization\"},\"potentialAction\":[{\"@type\":\"SearchAction\",\"target\":{\"@type\":\"EntryPoint\",\"urlTemplate\":\"https:\/\/experienciadevida.com.ar\/portalurbano\/?s={search_term_string}\"},\"query-input\":\"required name=search_term_string\"}],\"inLanguage\":\"es\"},{\"@type\":\"Organization\",\"@id\":\"https:\/\/experienciadevida.com.ar\/portalurbano\/#organization\",\"name\":\"Portal Urbano\",\"url\":\"https:\/\/experienciadevida.com.ar\/portalurbano\/\",\"logo\":{\"@type\":\"ImageObject\",\"inLanguage\":\"es\",\"@id\":\"https:\/\/experienciadevida.com.ar\/portalurbano\/#\/schema\/logo\/image\/\",\"url\":\"https:\/\/experienciadevida.com.ar\/portalurbano\/wp-content\/uploads\/2019\/09\/Logo-Original.png\",\"contentUrl\":\"https:\/\/experienciadevida.com.ar\/portalurbano\/wp-content\/uploads\/2019\/09\/Logo-Original.png\",\"width\":2236,\"height\":1216,\"caption\":\"Portal Urbano\"},\"image\":{\"@id\":\"https:\/\/experienciadevida.com.ar\/portalurbano\/#\/schema\/logo\/image\/\"},\"sameAs\":[\"https:\/\/www.facebook.com\/Portal-Urbano-171542830093757\/\",\"https:\/\/twitter.com\/portalurbanook\",\"https:\/\/www.instagram.com\/_portalurbano\/\",\"https:\/\/www.youtube.com\/channel\/UCXhagIfszH8KxFiOok79zbA?view_as=subscriber\"]},{\"@type\":\"Person\",\"@id\":\"https:\/\/experienciadevida.com.ar\/portalurbano\/#\/schema\/person\/02dd326b1c4b056e9cc972486934a3a7\",\"name\":\"admpu17wp\",\"image\":{\"@type\":\"ImageObject\",\"inLanguage\":\"es\",\"@id\":\"https:\/\/experienciadevida.com.ar\/portalurbano\/#\/schema\/person\/image\/\",\"url\":\"https:\/\/secure.gravatar.com\/avatar\/830d4c57adaae6630765e449a6908047?s=96&d=mm&r=g\",\"contentUrl\":\"https:\/\/secure.gravatar.com\/avatar\/830d4c57adaae6630765e449a6908047?s=96&d=mm&r=g\",\"caption\":\"admpu17wp\"}}]}<\/script>\n<!-- \/ Yoast SEO plugin. -->","yoast_head_json":{"title":"Coopelectric brind\u00f3 capacitaciones sobre RCP en la E.E.P.n\u00b030","description":"Coopelectric brind\u00f3 capacitaciones sobre RCP en la E.E.P. N\u00b0 30 y en el CEPT n\u00b08 de Espigas, con los docentes especialistas en el tema","robots":{"index":"index","follow":"follow","max-snippet":"max-snippet:-1","max-image-preview":"max-image-preview:large","max-video-preview":"max-video-preview:-1"},"canonical":"https:\/\/experienciadevida.com.ar\/portalurbano\/coopelectric-brindo-capacitaciones-sobre-rcp-en-la-e-e-p-n-30-y-en-el-cept-n8-de-espigas\/","og_locale":"es_ES","og_type":"article","og_title":"Coopelectric brind\u00f3 capacitaciones sobre RCP en la E.E.P.n\u00b030","og_description":"Coopelectric brind\u00f3 capacitaciones sobre RCP en la E.E.P. N\u00b0 30 y en el CEPT n\u00b08 de Espigas, con los docentes especialistas en el tema","og_url":"https:\/\/experienciadevida.com.ar\/portalurbano\/coopelectric-brindo-capacitaciones-sobre-rcp-en-la-e-e-p-n-30-y-en-el-cept-n8-de-espigas\/","article_publisher":"https:\/\/www.facebook.com\/Portal-Urbano-171542830093757\/","article_published_time":"2022-09-09T00:55:08+00:00","article_modified_time":"2022-09-09T00:55:33+00:00","og_image":[{"width":1152,"height":754,"url":"https:\/\/experienciadevida.com.ar\/portalurbano\/wp-content\/uploads\/2022\/09\/Coopelectric-brindo-capacitaciones-sobre.jpg","type":"image\/jpeg"}],"author":"admpu17wp","twitter_card":"summary_large_image","twitter_creator":"@portalurbanook","twitter_site":"@portalurbanook","twitter_misc":{"Escrito por":"admpu17wp","Tiempo de lectura":"3 minutos"},"schema":{"@context":"https:\/\/schema.org","@graph":[{"@type":"Article","@id":"https:\/\/experienciadevida.com.ar\/portalurbano\/coopelectric-brindo-capacitaciones-sobre-rcp-en-la-e-e-p-n-30-y-en-el-cept-n8-de-espigas\/#article","isPartOf":{"@id":"https:\/\/experienciadevida.com.ar\/portalurbano\/coopelectric-brindo-capacitaciones-sobre-rcp-en-la-e-e-p-n-30-y-en-el-cept-n8-de-espigas\/"},"author":{"name":"admpu17wp","@id":"https:\/\/experienciadevida.com.ar\/portalurbano\/#\/schema\/person\/02dd326b1c4b056e9cc972486934a3a7"},"headline":"Coopelectric brind\u00f3 capacitaciones sobre RCP en la E.E.P. N\u00b0 30 y en el CEPT n\u00b08 de Espigas","datePublished":"2022-09-09T00:55:08+00:00","dateModified":"2022-09-09T00:55:33+00:00","mainEntityOfPage":{"@id":"https:\/\/experienciadevida.com.ar\/portalurbano\/coopelectric-brindo-capacitaciones-sobre-rcp-en-la-e-e-p-n-30-y-en-el-cept-n8-de-espigas\/"},"wordCount":423,"publisher":{"@id":"https:\/\/experienciadevida.com.ar\/portalurbano\/#organization"},"articleSection":["Ciudad"],"inLanguage":"es"},{"@type":"WebPage","@id":"https:\/\/experienciadevida.com.ar\/portalurbano\/coopelectric-brindo-capacitaciones-sobre-rcp-en-la-e-e-p-n-30-y-en-el-cept-n8-de-espigas\/","url":"https:\/\/experienciadevida.com.ar\/portalurbano\/coopelectric-brindo-capacitaciones-sobre-rcp-en-la-e-e-p-n-30-y-en-el-cept-n8-de-espigas\/","name":"Coopelectric brind\u00f3 capacitaciones sobre RCP en la E.E.P.n\u00b030","isPartOf":{"@id":"https:\/\/experienciadevida.com.ar\/portalurbano\/#website"},"datePublished":"2022-09-09T00:55:08+00:00","dateModified":"2022-09-09T00:55:33+00:00","description":"Coopelectric brind\u00f3 capacitaciones sobre RCP en la E.E.P. N\u00b0 30 y en el CEPT n\u00b08 de Espigas, con los docentes especialistas en el tema","breadcrumb":{"@id":"https:\/\/experienciadevida.com.ar\/portalurbano\/coopelectric-brindo-capacitaciones-sobre-rcp-en-la-e-e-p-n-30-y-en-el-cept-n8-de-espigas\/#breadcrumb"},"inLanguage":"es","potentialAction":[{"@type":"ReadAction","target":["https:\/\/experienciadevida.com.ar\/portalurbano\/coopelectric-brindo-capacitaciones-sobre-rcp-en-la-e-e-p-n-30-y-en-el-cept-n8-de-espigas\/"]}]},{"@type":"BreadcrumbList","@id":"https:\/\/experienciadevida.com.ar\/portalurbano\/coopelectric-brindo-capacitaciones-sobre-rcp-en-la-e-e-p-n-30-y-en-el-cept-n8-de-espigas\/#breadcrumb","itemListElement":[{"@type":"ListItem","position":1,"name":"Portada","item":"https:\/\/experienciadevida.com.ar\/portalurbano\/"},{"@type":"ListItem","position":2,"name":"Coopelectric brind\u00f3 capacitaciones sobre RCP en la E.E.P. N\u00b0 30 y en el CEPT n\u00b08 de Espigas"}]},{"@type":"WebSite","@id":"https:\/\/experienciadevida.com.ar\/portalurbano\/#website","url":"https:\/\/experienciadevida.com.ar\/portalurbano\/","name":"","description":"","publisher":{"@id":"https:\/\/experienciadevida.com.ar\/portalurbano\/#organization"},"potentialAction":[{"@type":"SearchAction","target":{"@type":"EntryPoint","urlTemplate":"https:\/\/experienciadevida.com.ar\/portalurbano\/?s={search_term_string}"},"query-input":"required name=search_term_string"}],"inLanguage":"es"},{"@type":"Organization","@id":"https:\/\/experienciadevida.com.ar\/portalurbano\/#organization","name":"Portal Urbano","url":"https:\/\/experienciadevida.com.ar\/portalurbano\/","logo":{"@type":"ImageObject","inLanguage":"es","@id":"https:\/\/experienciadevida.com.ar\/portalurbano\/#\/schema\/logo\/image\/","url":"https:\/\/experienciadevida.com.ar\/portalurbano\/wp-content\/uploads\/2019\/09\/Logo-Original.png","contentUrl":"https:\/\/experienciadevida.com.ar\/portalurbano\/wp-content\/uploads\/2019\/09\/Logo-Original.png","width":2236,"height":1216,"caption":"Portal Urbano"},"image":{"@id":"https:\/\/experienciadevida.com.ar\/portalurbano\/#\/schema\/logo\/image\/"},"sameAs":["https:\/\/www.facebook.com\/Portal-Urbano-171542830093757\/","https:\/\/twitter.com\/portalurbanook","https:\/\/www.instagram.com\/_portalurbano\/","https:\/\/www.youtube.com\/channel\/UCXhagIfszH8KxFiOok79zbA?view_as=subscriber"]},{"@type":"Person","@id":"https:\/\/experienciadevida.com.ar\/portalurbano\/#\/schema\/person\/02dd326b1c4b056e9cc972486934a3a7","name":"admpu17wp","image":{"@type":"ImageObject","inLanguage":"es","@id":"https:\/\/experienciadevida.com.ar\/portalurbano\/#\/schema\/person\/image\/","url":"https:\/\/secure.gravatar.com\/avatar\/830d4c57adaae6630765e449a6908047?s=96&d=mm&r=g","contentUrl":"https:\/\/secure.gravatar.com\/avatar\/830d4c57adaae6630765e449a6908047?s=96&d=mm&r=g","caption":"admpu17wp"}}]}},"featured_image_urls":{"full":["https:\/\/experienciadevida.com.ar\/portalurbano\/wp-content\/uploads\/2022\/09\/Coopelectric-brindo-capacitaciones-sobre.jpg",1152,754,false],"thumbnail":["https:\/\/experienciadevida.com.ar\/portalurbano\/wp-content\/uploads\/2022\/09\/Coopelectric-brindo-capacitaciones-sobre-150x150.jpg",150,150,true],"medium":["https:\/\/experienciadevida.com.ar\/portalurbano\/wp-content\/uploads\/2022\/09\/Coopelectric-brindo-capacitaciones-sobre-300x196.jpg",300,196,true],"medium_large":["https:\/\/experienciadevida.com.ar\/portalurbano\/wp-content\/uploads\/2022\/09\/Coopelectric-brindo-capacitaciones-sobre-768x503.jpg",640,419,true],"large":["https:\/\/experienciadevida.com.ar\/portalurbano\/wp-content\/uploads\/2022\/09\/Coopelectric-brindo-capacitaciones-sobre-1024x670.jpg",640,419,true],"ug_big":["https:\/\/experienciadevida.com.ar\/portalurbano\/wp-content\/uploads\/2022\/09\/Coopelectric-brindo-capacitaciones-sobre-768x503.jpg",768,503,true],"1536x1536":["https:\/\/experienciadevida.com.ar\/portalurbano\/wp-content\/uploads\/2022\/09\/Coopelectric-brindo-capacitaciones-sobre.jpg",1152,754,false],"2048x2048":["https:\/\/experienciadevida.com.ar\/portalurbano\/wp-content\/uploads\/2022\/09\/Coopelectric-brindo-capacitaciones-sobre.jpg",1152,754,false],"newsever-slider-full":["https:\/\/experienciadevida.com.ar\/portalurbano\/wp-content\/uploads\/2022\/09\/Coopelectric-brindo-capacitaciones-sobre.jpg",1152,754,false],"newsever-featured":["https:\/\/experienciadevida.com.ar\/portalurbano\/wp-content\/uploads\/2022\/09\/Coopelectric-brindo-capacitaciones-sobre.jpg",1024,670,false],"newsever-medium":["https:\/\/experienciadevida.com.ar\/portalurbano\/wp-content\/uploads\/2022\/09\/Coopelectric-brindo-capacitaciones-sobre.jpg",720,471,false],"web-stories-poster-portrait":["https:\/\/experienciadevida.com.ar\/portalurbano\/wp-content\/uploads\/2022\/09\/Coopelectric-brindo-capacitaciones-sobre-640x754.jpg",640,754,true],"web-stories-publisher-logo":["https:\/\/experienciadevida.com.ar\/portalurbano\/wp-content\/uploads\/2022\/09\/Coopelectric-brindo-capacitaciones-sobre-96x96.jpg",96,96,true],"web-stories-thumbnail":["https:\/\/experienciadevida.com.ar\/portalurbano\/wp-content\/uploads\/2022\/09\/Coopelectric-brindo-capacitaciones-sobre-150x98.jpg",150,98,true]},"author_info":{"display_name":"admpu17wp","author_link":"https:\/\/experienciadevida.com.ar\/portalurbano\/author\/admpu17wp\/"},"category_info":"<a href=\"https:\/\/experienciadevida.com.ar\/portalurbano\/category\/ciudad\/\" rel=\"category tag\">Ciudad<\/a>","tag_info":"Ciudad","comment_count":"0","amp_enabled":true,"_links":{"self":[{"href":"https:\/\/experienciadevida.com.ar\/portalurbano\/wp-json\/wp\/v2\/posts\/175268"}],"collection":[{"href":"https:\/\/experienciadevida.com.ar\/portalurbano\/wp-json\/wp\/v2\/posts"}],"about":[{"href":"https:\/\/experienciadevida.com.ar\/portalurbano\/wp-json\/wp\/v2\/types\/post"}],"author":[{"embeddable":true,"href":"https:\/\/experienciadevida.com.ar\/portalurbano\/wp-json\/wp\/v2\/users\/1"}],"replies":[{"embeddable":true,"href":"https:\/\/experienciadevida.com.ar\/portalurbano\/wp-json\/wp\/v2\/comments?post=175268"}],"version-history":[{"count":3,"href":"https:\/\/experienciadevida.com.ar\/portalurbano\/wp-json\/wp\/v2\/posts\/175268\/revisions"}],"predecessor-version":[{"id":175290,"href":"https:\/\/experienciadevida.com.ar\/portalurbano\/wp-json\/wp\/v2\/posts\/175268\/revisions\/175290"}],"wp:featuredmedia":[{"embeddable":true,"href":"https:\/\/experienciadevida.com.ar\/portalurbano\/wp-json\/wp\/v2\/media\/175286"}],"wp:attachment":[{"href":"https:\/\/experienciadevida.com.ar\/portalurbano\/wp-json\/wp\/v2\/media?parent=175268"}],"wp:term":[{"taxonomy":"category","embeddable":true,"href":"https:\/\/experienciadevida.com.ar\/portalurbano\/wp-json\/wp\/v2\/categories?post=175268"},{"taxonomy":"post_tag","embeddable":true,"href":"https:\/\/experienciadevida.com.ar\/portalurbano\/wp-json\/wp\/v2\/tags?post=175268"}],"curies":[{"name":"wp","href":"https:\/\/api.w.org\/{rel}","templated":true}]}}