{"id":175065,"date":"2022-09-07T09:51:15","date_gmt":"2022-09-07T12:51:15","guid":{"rendered":"https:\/\/experienciadevida.com.ar\/portalurbano\/?p=175065"},"modified":"2022-09-07T09:59:02","modified_gmt":"2022-09-07T12:59:02","slug":"el-proximo-lunes-se-realizara-la-expo-formacionempleo","status":"publish","type":"post","link":"https:\/\/experienciadevida.com.ar\/portalurbano\/el-proximo-lunes-se-realizara-la-expo-formacionempleo\/","title":{"rendered":"El pr\u00f3ximo lunes se realizar\u00e1 la Expo Formaci\u00f3n+Empleo"},"content":{"rendered":"<p>El pr\u00f3ximo lunes se realizar\u00e1 la Expo Formaci\u00f3n+Empleo, tras la suspensi\u00f3n por el Feriado Nacional del d\u00eda viernes 2 de septiembre; se informa que este lunes 12 se llevar\u00e1 a cabo la Expo Formaci\u00f3n+Empleo.<\/p>\n<p>Organizada por la Secretar\u00eda de Desarrollo Econ\u00f3mico del Municipio, en el marco del D\u00eda de la Industria, la actividad tendr\u00e1 lugar en el Centro de Convenciones Olavarr\u00eda, y se desarrollar\u00e1 de 9 a 18 horas, seg\u00fan el cronograma previsto.<\/p>\n<p>El Secretario de Desarrollo Econ\u00f3mico Julio <a href=\"https:\/\/www.instagram.com\/juliovaletutto\/\">Valetutto<\/a> explic\u00f3 que \u201ctendr\u00e1 como objetivo ofrecer un espacio de visualizaci\u00f3n de los perfiles laborales de los diferentes sectores econ\u00f3micos, y contribuir a la difusi\u00f3n de la oferta de formaci\u00f3n que brindan las diferentes instituciones educativas de la ciudad\u201d.<\/p>\n<p>Acompa\u00f1an esta iniciativa organizaciones que conforman el ecosistema de formaci\u00f3n y trabajo de la ciudad como ITECO, Asociaci\u00f3n del Parque Industrial, Uni\u00f3n Industrial, Sociedad Rural, C\u00e1mara de la Piedra, C\u00e1mara Empresaria y Cl\u00faster de Software.<\/p>\n<p>El pr\u00f3ximo lunes se realizar\u00e1 la Expo Formaci\u00f3n+Empleo, Participar\u00e1n de la Expo m\u00e1s de 30 establecimientos educativos p\u00fablicos y privados, alcanzando un total de 1400 estudiantes de \u00faltimo a\u00f1o de secundaria, 14 instituciones educativas que ofrecer\u00e1n sus propuestas de formaci\u00f3n y 15 empresas que visibilizar\u00e1n los perfiles laborales que las caracterizan y representan el mercado de la ciudad.<\/p>\n<p>Minutos m\u00e1s tarde de la inauguraci\u00f3n se realizar\u00e1 la presentaci\u00f3n del Curso de Operaci\u00f3n de m\u00e1quinas para el sector minero, dictado por ITECO a trav\u00e9s de la articulaci\u00f3n entre el municipio, Fundaci\u00f3n Loma Negra y la empresa Finning Cat, que exhibir\u00e1 el simulador de Caterpillar para quienes quieran sumarse a la experiencia.<\/p>\n<p>La sinerg\u00eda entre los alumnos, empresas e instituciones educativas se generar\u00e1 a trav\u00e9s de diversas actividades:<\/p>\n<p>Una de las salas ser\u00e1 un espacio de expositores en donde se podr\u00e1n encontrar las empresas participantes, las instituciones formativas y una exhibici\u00f3n de maquinaria y herramientas innovadoras que se utilizan en los cursos que se dictan en ITECO, FIO y el CFP N\u00b0 401.<br \/>\nOtra de las salas ser\u00e1 un espacio destinado a charlas en donde se presentar\u00e1n:<br \/>\nUn panel de Experiencia empresario y emprendedor donde Nicol\u00e1s D\u2019Alessio titular de la empresa IMEDA, Emilia Merlos titular de La Farolera Kids y Juan Ignacio Ibarluc\u00eda titular de Tomato, contar\u00e1n su experiencia empresarial y como llevan adelante su emprendimiento.<\/p>\n<p>Habilidades digitales y ciudadanas, a cargo de BA Multiplica de la Direcci\u00f3n General de Juventud del Gobierno de la Ciudad.<\/p>\n<p>Planificaci\u00f3n y b\u00fasqueda laboral en el Siglo 21 a cargo de Gonzalo Su\u00e1rez de la Subsecretar\u00eda de Desarrollo Inclusivo del GCBA.<\/p>\n<p>La aventura de emprender a cargo de Leonardo Maiola, Director de Econom\u00eda Social de la Secretar\u00eda de Desarrollo Econ\u00f3mico del municipio.<\/p>\n<p>Adaptaci\u00f3n de las empresas a la gesti\u00f3n de los recursos humanos, dictada por Ariel Rodr\u00edguez representante de la empresa Nawaiam.<\/p>\n<p>Habilidades blandas y competencias laborales, a cargo de Sebasti\u00e1n Rossi L\u00edder de Planta L\u2019Amal\u00ed y Agust\u00edn Escofet l\u00edder de Fundaci\u00f3n Loma Negra.<\/p>\n<p>Un tercer espacio ser\u00e1 destinado a talleres: planificaci\u00f3n de b\u00fasqueda laboral, armado de curriculum vitae y marca personal, assessment center y actividades l\u00fadicas para habilidades blandas, dictado por la Direcci\u00f3n General de Juventud del Gobierno de la Ciudad.<br \/>\nParalelamente a todas estas actividades, en el foyer del Centro de Convenciones la Secretar\u00eda de Desarrollo Econ\u00f3mico tendr\u00e1 un espacio de difusi\u00f3n de herramientas y programas adem\u00e1s de un sector de relevamiento de expectativas de estudiantes. Tambi\u00e9n se contar\u00e1 con la participaci\u00f3n del Club Social de Innovaci\u00f3n y una de las actividades m\u00e1s innovadoras se ver\u00e1 en la Estaci\u00f3n de Videojuego Nawaiam donde los participantes podr\u00e1n jugar a trav\u00e9s de esta aplicaci\u00f3n y como resultado obtendr\u00e1n un informe del perfil laboral.<br \/>\nCRONOGRAMA<\/p>\n<p>9:00 hs. Inauguraci\u00f3n Expo: Autoridades municipales y Representantes Instituciones.<\/p>\n<p>9:30 hs. Inauguraci\u00f3n Capacitaci\u00f3n Operaci\u00f3n de m\u00e1quinas pesadas para sector minero. Articulaci\u00f3n entre el municipio, Fundaci\u00f3n Loma Negra y la empresa Finning Cat.<\/p>\n<p>9:15 a 13:00 hs. Recorrida de alumnos por las Salas y el foyer (se adjunta detalle).<\/p>\n<p>10:00 hs. Charla Panel de experiencia: empresario y emprendedores. Expositores: Nicol\u00e1s D\u2019Alessio titular de la empresa IMEDA, Emilia Merlos titular de La Farolera Kids y Juan Ignacio Ibarlucia titular de Tomato.<\/p>\n<p>11:00 hs. Charla Habilidades digitales y ciudadanas, a cargo de BA Multiplica de la Direcci\u00f3n General de Juventud del Gobierno de la Ciudad.<\/p>\n<p>11:45 hs. Charla Planificaci\u00f3n y b\u00fasqueda laboral en el siglo XXI a cargo de Gonzalo Suarez de la Subsecretar\u00eda de Desarrollo Inclusivo del GCBA.<\/p>\n<p>13:00 a 14:00 hs: Break<\/p>\n<p>14:00 a 18:00 hs. Recorrida de alumnos por las Salas y el foyer (se adjunta detalle)<\/p>\n<p>15:00 hs. Charla La aventura de emprender a cargo de Leonardo Maiola Director de Econom\u00eda Social de la Secretar\u00eda de Desarrollo Econ\u00f3mico del municipio.<\/p>\n<p>16:00 hs. Charla Planificaci\u00f3n y b\u00fasqueda laboral en el siglo XXI a cargo de Gonzalo Suarez de la Subsecretar\u00eda de Desarrollo Inclusivo del GCBA.<\/p>\n<p>17:00 hs. Charla Adaptaci\u00f3n de las empresas a la gesti\u00f3n de los recursos humanos, dictada por Ariel Rodriguez representante de la empresa Nawaiam.<\/p>\n<p>18:00 hs. Charla habilidades blandas RRHH Loma Negra a cargo de Sebasti\u00e1n Rossi L\u00edder de Planta L\u2019Amal\u00ed y Agust\u00edn Escofet l\u00edder de Fundaci\u00f3n Loma Negra.<\/p>\n<p>Tandas de Escuelas<\/p>\n<p>1\u00b0 Turno: 9:00 a 11:00 hs.<\/p>\n<p>2\u00b0 Turno: 10:30 a 12:30 hs.<\/p>\n<p>3\u00b0 Turno: 14:00 a 16:00 hs.<\/p>\n<p>4\u00b0 Turno: 15:30 a 17:30 hs.<\/p>\n<p>5\u00b0 Turno: 18:00 hs. Alumnos de Iteco.<\/p>\n<p>SALA A<\/p>\n<p>Espacio de Expositores:<\/p>\n<p>\u2013 Empresas: visualizan los perfiles laborales<\/p>\n<p>\u2013 Instituciones Formativas: visualizan la oferta educativa<\/p>\n<p>\u2013 ITECO \u2013FIO \u2013CFP 401: exhibici\u00f3n maquinarias y herramientas innovadoras que se utilizan en los cursos que dictan.<\/p>\n<p>SALA B<\/p>\n<p>B1 \u2013 CHARLAS:<\/p>\n<p>Panel experiencia empresario y emprendedor<br \/>\nHabilidades digitales y ciudadanos<br \/>\nPlanificaci\u00f3n y b\u00fasqueda laboral en el siglo XXI<br \/>\nLa aventura de emprender<br \/>\nAdaptaci\u00f3n de las empresas a la gesti\u00f3n de los recursos humanos<br \/>\nHabilidades blandas y competencias laborales<br \/>\nB2 y B3 \u2013 TALLERES:<\/p>\n<p>Planificaci\u00f3n de b\u00fasqueda laboral<br \/>\nArmado de Curriculum Vitae y marca personal<br \/>\nAssesment center<br \/>\nActividades l\u00fadicas para habilidades blanda<br \/>\nFOYER<\/p>\n<p>\u2013 Espacio Secretar\u00eda Desarrollo Econ\u00f3mico: difusi\u00f3n de herramientas y programas. Estaci\u00f3n Relevamiento de expectativas de estudiantes.<\/p>\n<p>\u2013 Estaci\u00f3n videojuego Nawaiam: informe de perfil laboral<\/p>\n<p>\u2013 Club Social de Innovaci\u00f3n: promoci\u00f3n de cursos y exhibici\u00f3n de trabajos realizados.<\/p>\n<p>\u2013 Pol\u00edticas de Juventud Gob. Ciudad de Buenos Aires: promoci\u00f3n de capacitaciones y programa BA Multiplica.<\/p>\n<p>EXTERIOR<\/p>\n<p>Trailer Simulador Caterpillar<\/p>\n","protected":false},"excerpt":{"rendered":"<p>El pr\u00f3ximo lunes se realizar\u00e1 la Expo Formaci\u00f3n+Empleo, tras la suspensi\u00f3n por el Feriado Nacional&#8230;<\/p>\n","protected":false},"author":1,"featured_media":175066,"comment_status":"closed","ping_status":"closed","sticky":false,"template":"","format":"standard","meta":{"content-type":""},"categories":[27,64],"tags":[],"nelio_content":{"isAutoShareEnabled":false,"autoShareEndMode":"default","automationSources":{"useContentSentences":true,"useSocialTemplates":true,"useCustomSentences":false,"customSentences":[]},"followers":[1],"suggestedReferences":[],"includedReferences":[],"efiUrl":"","efiAlt":"","highlights":[]},"yoast_head":"<!-- This site is optimized with the Yoast SEO plugin v20.7 - https:\/\/yoast.com\/wordpress\/plugins\/seo\/ -->\n<title>El pr\u00f3ximo lunes se realizar\u00e1 l Expo Formaci\u00f3n + Empleo<\/title>\n<meta name=\"description\" content=\"El pr\u00f3ximo lunes se realizar\u00e1 la Expo Formaci\u00f3n+Empleo, tras la suspensi\u00f3n por el Feriado Nacional del d\u00eda viernes 2 de septiembre;\" \/>\n<meta name=\"robots\" content=\"index, follow, max-snippet:-1, max-image-preview:large, max-video-preview:-1\" \/>\n<link rel=\"canonical\" href=\"https:\/\/experienciadevida.com.ar\/portalurbano\/el-proximo-lunes-se-realizara-la-expo-formacionempleo\/\" \/>\n<meta property=\"og:locale\" content=\"es_ES\" \/>\n<meta property=\"og:type\" content=\"article\" \/>\n<meta property=\"og:title\" content=\"El pr\u00f3ximo lunes se realizar\u00e1 l Expo Formaci\u00f3n + Empleo\" \/>\n<meta property=\"og:description\" content=\"El pr\u00f3ximo lunes se realizar\u00e1 la Expo Formaci\u00f3n+Empleo, tras la suspensi\u00f3n por el Feriado Nacional del d\u00eda viernes 2 de septiembre;\" \/>\n<meta property=\"og:url\" content=\"https:\/\/experienciadevida.com.ar\/portalurbano\/el-proximo-lunes-se-realizara-la-expo-formacionempleo\/\" \/>\n<meta property=\"article:publisher\" content=\"https:\/\/www.facebook.com\/Portal-Urbano-171542830093757\/\" \/>\n<meta property=\"article:published_time\" content=\"2022-09-07T12:51:15+00:00\" \/>\n<meta property=\"article:modified_time\" content=\"2022-09-07T12:59:02+00:00\" \/>\n<meta property=\"og:image\" content=\"https:\/\/experienciadevida.com.ar\/portalurbano\/wp-content\/uploads\/2022\/09\/El-proximo-lunes-se.jpg\" \/>\n\t<meta property=\"og:image:width\" content=\"1024\" \/>\n\t<meta property=\"og:image:height\" content=\"640\" \/>\n\t<meta property=\"og:image:type\" content=\"image\/jpeg\" \/>\n<meta name=\"author\" content=\"admpu17wp\" \/>\n<meta name=\"twitter:card\" content=\"summary_large_image\" \/>\n<meta name=\"twitter:creator\" content=\"@portalurbanook\" \/>\n<meta name=\"twitter:site\" content=\"@portalurbanook\" \/>\n<meta name=\"twitter:label1\" content=\"Escrito por\" \/>\n\t<meta name=\"twitter:data1\" content=\"admpu17wp\" \/>\n\t<meta name=\"twitter:label2\" content=\"Tiempo de lectura\" \/>\n\t<meta name=\"twitter:data2\" content=\"5 minutos\" \/>\n<script type=\"application\/ld+json\" class=\"yoast-schema-graph\">{\"@context\":\"https:\/\/schema.org\",\"@graph\":[{\"@type\":\"Article\",\"@id\":\"https:\/\/experienciadevida.com.ar\/portalurbano\/el-proximo-lunes-se-realizara-la-expo-formacionempleo\/#article\",\"isPartOf\":{\"@id\":\"https:\/\/experienciadevida.com.ar\/portalurbano\/el-proximo-lunes-se-realizara-la-expo-formacionempleo\/\"},\"author\":{\"name\":\"admpu17wp\",\"@id\":\"https:\/\/experienciadevida.com.ar\/portalurbano\/#\/schema\/person\/02dd326b1c4b056e9cc972486934a3a7\"},\"headline\":\"El pr\u00f3ximo lunes se realizar\u00e1 la Expo Formaci\u00f3n+Empleo\",\"datePublished\":\"2022-09-07T12:51:15+00:00\",\"dateModified\":\"2022-09-07T12:59:02+00:00\",\"mainEntityOfPage\":{\"@id\":\"https:\/\/experienciadevida.com.ar\/portalurbano\/el-proximo-lunes-se-realizara-la-expo-formacionempleo\/\"},\"wordCount\":1129,\"publisher\":{\"@id\":\"https:\/\/experienciadevida.com.ar\/portalurbano\/#organization\"},\"articleSection\":[\"Ciudad\",\"Destacadas 2\"],\"inLanguage\":\"es\"},{\"@type\":\"WebPage\",\"@id\":\"https:\/\/experienciadevida.com.ar\/portalurbano\/el-proximo-lunes-se-realizara-la-expo-formacionempleo\/\",\"url\":\"https:\/\/experienciadevida.com.ar\/portalurbano\/el-proximo-lunes-se-realizara-la-expo-formacionempleo\/\",\"name\":\"El pr\u00f3ximo lunes se realizar\u00e1 l Expo Formaci\u00f3n + Empleo\",\"isPartOf\":{\"@id\":\"https:\/\/experienciadevida.com.ar\/portalurbano\/#website\"},\"datePublished\":\"2022-09-07T12:51:15+00:00\",\"dateModified\":\"2022-09-07T12:59:02+00:00\",\"description\":\"El pr\u00f3ximo lunes se realizar\u00e1 la Expo Formaci\u00f3n+Empleo, tras la suspensi\u00f3n por el Feriado Nacional del d\u00eda viernes 2 de septiembre;\",\"breadcrumb\":{\"@id\":\"https:\/\/experienciadevida.com.ar\/portalurbano\/el-proximo-lunes-se-realizara-la-expo-formacionempleo\/#breadcrumb\"},\"inLanguage\":\"es\",\"potentialAction\":[{\"@type\":\"ReadAction\",\"target\":[\"https:\/\/experienciadevida.com.ar\/portalurbano\/el-proximo-lunes-se-realizara-la-expo-formacionempleo\/\"]}]},{\"@type\":\"BreadcrumbList\",\"@id\":\"https:\/\/experienciadevida.com.ar\/portalurbano\/el-proximo-lunes-se-realizara-la-expo-formacionempleo\/#breadcrumb\",\"itemListElement\":[{\"@type\":\"ListItem\",\"position\":1,\"name\":\"Portada\",\"item\":\"https:\/\/experienciadevida.com.ar\/portalurbano\/\"},{\"@type\":\"ListItem\",\"position\":2,\"name\":\"El pr\u00f3ximo lunes se realizar\u00e1 la Expo Formaci\u00f3n+Empleo\"}]},{\"@type\":\"WebSite\",\"@id\":\"https:\/\/experienciadevida.com.ar\/portalurbano\/#website\",\"url\":\"https:\/\/experienciadevida.com.ar\/portalurbano\/\",\"name\":\"\",\"description\":\"\",\"publisher\":{\"@id\":\"https:\/\/experienciadevida.com.ar\/portalurbano\/#organization\"},\"potentialAction\":[{\"@type\":\"SearchAction\",\"target\":{\"@type\":\"EntryPoint\",\"urlTemplate\":\"https:\/\/experienciadevida.com.ar\/portalurbano\/?s={search_term_string}\"},\"query-input\":\"required name=search_term_string\"}],\"inLanguage\":\"es\"},{\"@type\":\"Organization\",\"@id\":\"https:\/\/experienciadevida.com.ar\/portalurbano\/#organization\",\"name\":\"Portal Urbano\",\"url\":\"https:\/\/experienciadevida.com.ar\/portalurbano\/\",\"logo\":{\"@type\":\"ImageObject\",\"inLanguage\":\"es\",\"@id\":\"https:\/\/experienciadevida.com.ar\/portalurbano\/#\/schema\/logo\/image\/\",\"url\":\"https:\/\/experienciadevida.com.ar\/portalurbano\/wp-content\/uploads\/2019\/09\/Logo-Original.png\",\"contentUrl\":\"https:\/\/experienciadevida.com.ar\/portalurbano\/wp-content\/uploads\/2019\/09\/Logo-Original.png\",\"width\":2236,\"height\":1216,\"caption\":\"Portal Urbano\"},\"image\":{\"@id\":\"https:\/\/experienciadevida.com.ar\/portalurbano\/#\/schema\/logo\/image\/\"},\"sameAs\":[\"https:\/\/www.facebook.com\/Portal-Urbano-171542830093757\/\",\"https:\/\/twitter.com\/portalurbanook\",\"https:\/\/www.instagram.com\/_portalurbano\/\",\"https:\/\/www.youtube.com\/channel\/UCXhagIfszH8KxFiOok79zbA?view_as=subscriber\"]},{\"@type\":\"Person\",\"@id\":\"https:\/\/experienciadevida.com.ar\/portalurbano\/#\/schema\/person\/02dd326b1c4b056e9cc972486934a3a7\",\"name\":\"admpu17wp\",\"image\":{\"@type\":\"ImageObject\",\"inLanguage\":\"es\",\"@id\":\"https:\/\/experienciadevida.com.ar\/portalurbano\/#\/schema\/person\/image\/\",\"url\":\"https:\/\/secure.gravatar.com\/avatar\/830d4c57adaae6630765e449a6908047?s=96&d=mm&r=g\",\"contentUrl\":\"https:\/\/secure.gravatar.com\/avatar\/830d4c57adaae6630765e449a6908047?s=96&d=mm&r=g\",\"caption\":\"admpu17wp\"}}]}<\/script>\n<!-- \/ Yoast SEO plugin. -->","yoast_head_json":{"title":"El pr\u00f3ximo lunes se realizar\u00e1 l Expo Formaci\u00f3n + Empleo","description":"El pr\u00f3ximo lunes se realizar\u00e1 la Expo Formaci\u00f3n+Empleo, tras la suspensi\u00f3n por el Feriado Nacional del d\u00eda viernes 2 de septiembre;","robots":{"index":"index","follow":"follow","max-snippet":"max-snippet:-1","max-image-preview":"max-image-preview:large","max-video-preview":"max-video-preview:-1"},"canonical":"https:\/\/experienciadevida.com.ar\/portalurbano\/el-proximo-lunes-se-realizara-la-expo-formacionempleo\/","og_locale":"es_ES","og_type":"article","og_title":"El pr\u00f3ximo lunes se realizar\u00e1 l Expo Formaci\u00f3n + Empleo","og_description":"El pr\u00f3ximo lunes se realizar\u00e1 la Expo Formaci\u00f3n+Empleo, tras la suspensi\u00f3n por el Feriado Nacional del d\u00eda viernes 2 de septiembre;","og_url":"https:\/\/experienciadevida.com.ar\/portalurbano\/el-proximo-lunes-se-realizara-la-expo-formacionempleo\/","article_publisher":"https:\/\/www.facebook.com\/Portal-Urbano-171542830093757\/","article_published_time":"2022-09-07T12:51:15+00:00","article_modified_time":"2022-09-07T12:59:02+00:00","og_image":[{"width":1024,"height":640,"url":"https:\/\/experienciadevida.com.ar\/portalurbano\/wp-content\/uploads\/2022\/09\/El-proximo-lunes-se.jpg","type":"image\/jpeg"}],"author":"admpu17wp","twitter_card":"summary_large_image","twitter_creator":"@portalurbanook","twitter_site":"@portalurbanook","twitter_misc":{"Escrito por":"admpu17wp","Tiempo de lectura":"5 minutos"},"schema":{"@context":"https:\/\/schema.org","@graph":[{"@type":"Article","@id":"https:\/\/experienciadevida.com.ar\/portalurbano\/el-proximo-lunes-se-realizara-la-expo-formacionempleo\/#article","isPartOf":{"@id":"https:\/\/experienciadevida.com.ar\/portalurbano\/el-proximo-lunes-se-realizara-la-expo-formacionempleo\/"},"author":{"name":"admpu17wp","@id":"https:\/\/experienciadevida.com.ar\/portalurbano\/#\/schema\/person\/02dd326b1c4b056e9cc972486934a3a7"},"headline":"El pr\u00f3ximo lunes se realizar\u00e1 la Expo Formaci\u00f3n+Empleo","datePublished":"2022-09-07T12:51:15+00:00","dateModified":"2022-09-07T12:59:02+00:00","mainEntityOfPage":{"@id":"https:\/\/experienciadevida.com.ar\/portalurbano\/el-proximo-lunes-se-realizara-la-expo-formacionempleo\/"},"wordCount":1129,"publisher":{"@id":"https:\/\/experienciadevida.com.ar\/portalurbano\/#organization"},"articleSection":["Ciudad","Destacadas 2"],"inLanguage":"es"},{"@type":"WebPage","@id":"https:\/\/experienciadevida.com.ar\/portalurbano\/el-proximo-lunes-se-realizara-la-expo-formacionempleo\/","url":"https:\/\/experienciadevida.com.ar\/portalurbano\/el-proximo-lunes-se-realizara-la-expo-formacionempleo\/","name":"El pr\u00f3ximo lunes se realizar\u00e1 l Expo Formaci\u00f3n + Empleo","isPartOf":{"@id":"https:\/\/experienciadevida.com.ar\/portalurbano\/#website"},"datePublished":"2022-09-07T12:51:15+00:00","dateModified":"2022-09-07T12:59:02+00:00","description":"El pr\u00f3ximo lunes se realizar\u00e1 la Expo Formaci\u00f3n+Empleo, tras la suspensi\u00f3n por el Feriado Nacional del d\u00eda viernes 2 de septiembre;","breadcrumb":{"@id":"https:\/\/experienciadevida.com.ar\/portalurbano\/el-proximo-lunes-se-realizara-la-expo-formacionempleo\/#breadcrumb"},"inLanguage":"es","potentialAction":[{"@type":"ReadAction","target":["https:\/\/experienciadevida.com.ar\/portalurbano\/el-proximo-lunes-se-realizara-la-expo-formacionempleo\/"]}]},{"@type":"BreadcrumbList","@id":"https:\/\/experienciadevida.com.ar\/portalurbano\/el-proximo-lunes-se-realizara-la-expo-formacionempleo\/#breadcrumb","itemListElement":[{"@type":"ListItem","position":1,"name":"Portada","item":"https:\/\/experienciadevida.com.ar\/portalurbano\/"},{"@type":"ListItem","position":2,"name":"El pr\u00f3ximo lunes se realizar\u00e1 la Expo Formaci\u00f3n+Empleo"}]},{"@type":"WebSite","@id":"https:\/\/experienciadevida.com.ar\/portalurbano\/#website","url":"https:\/\/experienciadevida.com.ar\/portalurbano\/","name":"","description":"","publisher":{"@id":"https:\/\/experienciadevida.com.ar\/portalurbano\/#organization"},"potentialAction":[{"@type":"SearchAction","target":{"@type":"EntryPoint","urlTemplate":"https:\/\/experienciadevida.com.ar\/portalurbano\/?s={search_term_string}"},"query-input":"required name=search_term_string"}],"inLanguage":"es"},{"@type":"Organization","@id":"https:\/\/experienciadevida.com.ar\/portalurbano\/#organization","name":"Portal Urbano","url":"https:\/\/experienciadevida.com.ar\/portalurbano\/","logo":{"@type":"ImageObject","inLanguage":"es","@id":"https:\/\/experienciadevida.com.ar\/portalurbano\/#\/schema\/logo\/image\/","url":"https:\/\/experienciadevida.com.ar\/portalurbano\/wp-content\/uploads\/2019\/09\/Logo-Original.png","contentUrl":"https:\/\/experienciadevida.com.ar\/portalurbano\/wp-content\/uploads\/2019\/09\/Logo-Original.png","width":2236,"height":1216,"caption":"Portal Urbano"},"image":{"@id":"https:\/\/experienciadevida.com.ar\/portalurbano\/#\/schema\/logo\/image\/"},"sameAs":["https:\/\/www.facebook.com\/Portal-Urbano-171542830093757\/","https:\/\/twitter.com\/portalurbanook","https:\/\/www.instagram.com\/_portalurbano\/","https:\/\/www.youtube.com\/channel\/UCXhagIfszH8KxFiOok79zbA?view_as=subscriber"]},{"@type":"Person","@id":"https:\/\/experienciadevida.com.ar\/portalurbano\/#\/schema\/person\/02dd326b1c4b056e9cc972486934a3a7","name":"admpu17wp","image":{"@type":"ImageObject","inLanguage":"es","@id":"https:\/\/experienciadevida.com.ar\/portalurbano\/#\/schema\/person\/image\/","url":"https:\/\/secure.gravatar.com\/avatar\/830d4c57adaae6630765e449a6908047?s=96&d=mm&r=g","contentUrl":"https:\/\/secure.gravatar.com\/avatar\/830d4c57adaae6630765e449a6908047?s=96&d=mm&r=g","caption":"admpu17wp"}}]}},"featured_image_urls":{"full":["https:\/\/experienciadevida.com.ar\/portalurbano\/wp-content\/uploads\/2022\/09\/El-proximo-lunes-se.jpg",1024,640,false],"thumbnail":["https:\/\/experienciadevida.com.ar\/portalurbano\/wp-content\/uploads\/2022\/09\/El-proximo-lunes-se-150x150.jpg",150,150,true],"medium":["https:\/\/experienciadevida.com.ar\/portalurbano\/wp-content\/uploads\/2022\/09\/El-proximo-lunes-se-300x188.jpg",300,188,true],"medium_large":["https:\/\/experienciadevida.com.ar\/portalurbano\/wp-content\/uploads\/2022\/09\/El-proximo-lunes-se-768x480.jpg",640,400,true],"large":["https:\/\/experienciadevida.com.ar\/portalurbano\/wp-content\/uploads\/2022\/09\/El-proximo-lunes-se.jpg",640,400,false],"ug_big":["https:\/\/experienciadevida.com.ar\/portalurbano\/wp-content\/uploads\/2022\/09\/El-proximo-lunes-se-768x480.jpg",768,480,true],"1536x1536":["https:\/\/experienciadevida.com.ar\/portalurbano\/wp-content\/uploads\/2022\/09\/El-proximo-lunes-se.jpg",1024,640,false],"2048x2048":["https:\/\/experienciadevida.com.ar\/portalurbano\/wp-content\/uploads\/2022\/09\/El-proximo-lunes-se.jpg",1024,640,false],"newsever-slider-full":["https:\/\/experienciadevida.com.ar\/portalurbano\/wp-content\/uploads\/2022\/09\/El-proximo-lunes-se.jpg",1024,640,false],"newsever-featured":["https:\/\/experienciadevida.com.ar\/portalurbano\/wp-content\/uploads\/2022\/09\/El-proximo-lunes-se.jpg",1024,640,false],"newsever-medium":["https:\/\/experienciadevida.com.ar\/portalurbano\/wp-content\/uploads\/2022\/09\/El-proximo-lunes-se.jpg",720,450,false],"web-stories-poster-portrait":["https:\/\/experienciadevida.com.ar\/portalurbano\/wp-content\/uploads\/2022\/09\/El-proximo-lunes-se-640x640.jpg",640,640,true],"web-stories-publisher-logo":["https:\/\/experienciadevida.com.ar\/portalurbano\/wp-content\/uploads\/2022\/09\/El-proximo-lunes-se-96x96.jpg",96,96,true],"web-stories-thumbnail":["https:\/\/experienciadevida.com.ar\/portalurbano\/wp-content\/uploads\/2022\/09\/El-proximo-lunes-se-150x94.jpg",150,94,true]},"author_info":{"display_name":"admpu17wp","author_link":"https:\/\/experienciadevida.com.ar\/portalurbano\/author\/admpu17wp\/"},"category_info":"<a href=\"https:\/\/experienciadevida.com.ar\/portalurbano\/category\/ciudad\/\" rel=\"category tag\">Ciudad<\/a> <a href=\"https:\/\/experienciadevida.com.ar\/portalurbano\/category\/destacadas-2\/\" rel=\"category tag\">Destacadas 2<\/a>","tag_info":"Destacadas 2","comment_count":"0","amp_enabled":true,"_links":{"self":[{"href":"https:\/\/experienciadevida.com.ar\/portalurbano\/wp-json\/wp\/v2\/posts\/175065"}],"collection":[{"href":"https:\/\/experienciadevida.com.ar\/portalurbano\/wp-json\/wp\/v2\/posts"}],"about":[{"href":"https:\/\/experienciadevida.com.ar\/portalurbano\/wp-json\/wp\/v2\/types\/post"}],"author":[{"embeddable":true,"href":"https:\/\/experienciadevida.com.ar\/portalurbano\/wp-json\/wp\/v2\/users\/1"}],"replies":[{"embeddable":true,"href":"https:\/\/experienciadevida.com.ar\/portalurbano\/wp-json\/wp\/v2\/comments?post=175065"}],"version-history":[{"count":2,"href":"https:\/\/experienciadevida.com.ar\/portalurbano\/wp-json\/wp\/v2\/posts\/175065\/revisions"}],"predecessor-version":[{"id":175068,"href":"https:\/\/experienciadevida.com.ar\/portalurbano\/wp-json\/wp\/v2\/posts\/175065\/revisions\/175068"}],"wp:featuredmedia":[{"embeddable":true,"href":"https:\/\/experienciadevida.com.ar\/portalurbano\/wp-json\/wp\/v2\/media\/175066"}],"wp:attachment":[{"href":"https:\/\/experienciadevida.com.ar\/portalurbano\/wp-json\/wp\/v2\/media?parent=175065"}],"wp:term":[{"taxonomy":"category","embeddable":true,"href":"https:\/\/experienciadevida.com.ar\/portalurbano\/wp-json\/wp\/v2\/categories?post=175065"},{"taxonomy":"post_tag","embeddable":true,"href":"https:\/\/experienciadevida.com.ar\/portalurbano\/wp-json\/wp\/v2\/tags?post=175065"}],"curies":[{"name":"wp","href":"https:\/\/api.w.org\/{rel}","templated":true}]}}