{"id":175051,"date":"2022-09-06T21:35:07","date_gmt":"2022-09-07T00:35:07","guid":{"rendered":"https:\/\/experienciadevida.com.ar\/portalurbano\/?p=175051"},"modified":"2022-09-06T21:35:50","modified_gmt":"2022-09-07T00:35:50","slug":"un-millon-de-firmas-para-la-ley-de-congelamiento-de-precios-de-alimentos-y-de-tarifas","status":"publish","type":"post","link":"https:\/\/experienciadevida.com.ar\/portalurbano\/un-millon-de-firmas-para-la-ley-de-congelamiento-de-precios-de-alimentos-y-de-tarifas\/","title":{"rendered":"&#8220;Un mill\u00f3n de firmas para la ley de congelamiento de precios de alimentos y de tarifas&#8221;"},"content":{"rendered":"<p>&#8220;Un mill\u00f3n de firmas para la ley de congelamiento de precios de alimentos y de tarifas&#8221;, as\u00ed fue emitido en una columna de opini\u00f3n desde el espacio Libres del sur.<\/p>\n<p>&#8220;Teniendo presente las enormes dificultades econ\u00f3micas que viene sobrellevando desde hace mucho tiempo la mayor\u00eda de nuestro pueblo y el proceso inflacionario que afecta duramente los ingresos de trabajadoras y<br \/>\ntrabajadores, la clase media y los sectores m\u00e1s humildes. Como as\u00ed tambi\u00e9n los aumentos de tarifas en los servicios p\u00fablicos, que se suman a todo lo anterior&#8221;.<\/p>\n<p>Por otro lado, &#8220;el movimiento libres del sur, ha decidido, acorde a lo que autoriza el art\u00edculo 39 de la Constituci\u00f3n Nacional y la ley 24.747 reglamentaria del mismo, juntar r\u00e1pidamente un mill\u00f3n de firmas para que el Congreso de la<br \/>\nNaci\u00f3n trate un proyecto de ley a los efectos de congelar, por el per\u00edodo de un a\u00f1o, los precios de la canasta b\u00e1sica de alimentos y las tarifas de luz y gas&#8221;.<\/p>\n<p>&#8220;Esta campa\u00f1a est\u00e1 orientada a intentar aliviar los bolsillos de una gran parte de nuestros y nuestras compatriotas, que hoy viven angustiados porque no llegan a fin de mes y no pueden acceder a consumos esenciales, la misma<br \/>\nse extender\u00e1 hasta el domingo 18 de septiembre. Convocamos a sumarse a todos aquellos hombres y mujeres de nuestra patria que no aceptan calladamente que el gobierno nacional nos impone las exigencias de m\u00e1s y m\u00e1s ajuste del Fondo Monetario Internacional; que solo traen mayor pobreza y sufrimientos para nosotras y nosotros&#8221;.<\/p>\n","protected":false},"excerpt":{"rendered":"<p>&#8220;Un mill\u00f3n de firmas para la ley de congelamiento de precios de alimentos y de&#8230;<\/p>\n","protected":false},"author":1,"featured_media":175052,"comment_status":"closed","ping_status":"closed","sticky":false,"template":"","format":"standard","meta":{"content-type":""},"categories":[27,51],"tags":[],"nelio_content":{"isAutoShareEnabled":false,"autoShareEndMode":"default","automationSources":{"useContentSentences":true,"useSocialTemplates":true,"useCustomSentences":false,"customSentences":[]},"followers":[1],"suggestedReferences":[],"includedReferences":[],"efiUrl":"","efiAlt":"","highlights":[]},"yoast_head":"<!-- This site is optimized with the Yoast SEO plugin v20.7 - https:\/\/yoast.com\/wordpress\/plugins\/seo\/ -->\n<title>&quot;Un mill\u00f3n de firmas para la ley de congelamiento de precios&quot;<\/title>\n<meta name=\"description\" content=\"&quot;Un mill\u00f3n de firmas para la ley de congelamiento de precios de alimentos y de tarifas&quot;, as\u00ed fue emitido en una columna de opini\u00f3n\" \/>\n<meta name=\"robots\" content=\"index, follow, max-snippet:-1, max-image-preview:large, max-video-preview:-1\" \/>\n<link rel=\"canonical\" href=\"https:\/\/experienciadevida.com.ar\/portalurbano\/un-millon-de-firmas-para-la-ley-de-congelamiento-de-precios-de-alimentos-y-de-tarifas\/\" \/>\n<meta property=\"og:locale\" content=\"es_ES\" \/>\n<meta property=\"og:type\" content=\"article\" \/>\n<meta property=\"og:title\" content=\"&quot;Un mill\u00f3n de firmas para la ley de congelamiento de precios&quot;\" \/>\n<meta property=\"og:description\" content=\"&quot;Un mill\u00f3n de firmas para la ley de congelamiento de precios de alimentos y de tarifas&quot;, as\u00ed fue emitido en una columna de opini\u00f3n\" \/>\n<meta property=\"og:url\" content=\"https:\/\/experienciadevida.com.ar\/portalurbano\/un-millon-de-firmas-para-la-ley-de-congelamiento-de-precios-de-alimentos-y-de-tarifas\/\" \/>\n<meta property=\"article:publisher\" content=\"https:\/\/www.facebook.com\/Portal-Urbano-171542830093757\/\" \/>\n<meta property=\"article:published_time\" content=\"2022-09-07T00:35:07+00:00\" \/>\n<meta property=\"article:modified_time\" content=\"2022-09-07T00:35:50+00:00\" \/>\n<meta property=\"og:image\" content=\"https:\/\/experienciadevida.com.ar\/portalurbano\/wp-content\/uploads\/2022\/09\/Un-millon-de-firmas.png\" \/>\n\t<meta property=\"og:image:width\" content=\"765\" \/>\n\t<meta property=\"og:image:height\" content=\"573\" \/>\n\t<meta property=\"og:image:type\" content=\"image\/png\" \/>\n<meta name=\"author\" content=\"admpu17wp\" \/>\n<meta name=\"twitter:card\" content=\"summary_large_image\" \/>\n<meta name=\"twitter:creator\" content=\"@portalurbanook\" \/>\n<meta name=\"twitter:site\" content=\"@portalurbanook\" \/>\n<meta name=\"twitter:label1\" content=\"Escrito por\" \/>\n\t<meta name=\"twitter:data1\" content=\"admpu17wp\" \/>\n\t<meta name=\"twitter:label2\" content=\"Tiempo de lectura\" \/>\n\t<meta name=\"twitter:data2\" content=\"2 minutos\" \/>\n<script type=\"application\/ld+json\" class=\"yoast-schema-graph\">{\"@context\":\"https:\/\/schema.org\",\"@graph\":[{\"@type\":\"Article\",\"@id\":\"https:\/\/experienciadevida.com.ar\/portalurbano\/un-millon-de-firmas-para-la-ley-de-congelamiento-de-precios-de-alimentos-y-de-tarifas\/#article\",\"isPartOf\":{\"@id\":\"https:\/\/experienciadevida.com.ar\/portalurbano\/un-millon-de-firmas-para-la-ley-de-congelamiento-de-precios-de-alimentos-y-de-tarifas\/\"},\"author\":{\"name\":\"admpu17wp\",\"@id\":\"https:\/\/experienciadevida.com.ar\/portalurbano\/#\/schema\/person\/02dd326b1c4b056e9cc972486934a3a7\"},\"headline\":\"&#8220;Un mill\u00f3n de firmas para la ley de congelamiento de precios de alimentos y de tarifas&#8221;\",\"datePublished\":\"2022-09-07T00:35:07+00:00\",\"dateModified\":\"2022-09-07T00:35:50+00:00\",\"mainEntityOfPage\":{\"@id\":\"https:\/\/experienciadevida.com.ar\/portalurbano\/un-millon-de-firmas-para-la-ley-de-congelamiento-de-precios-de-alimentos-y-de-tarifas\/\"},\"wordCount\":282,\"publisher\":{\"@id\":\"https:\/\/experienciadevida.com.ar\/portalurbano\/#organization\"},\"articleSection\":[\"Ciudad\",\"Destacadas\"],\"inLanguage\":\"es\"},{\"@type\":\"WebPage\",\"@id\":\"https:\/\/experienciadevida.com.ar\/portalurbano\/un-millon-de-firmas-para-la-ley-de-congelamiento-de-precios-de-alimentos-y-de-tarifas\/\",\"url\":\"https:\/\/experienciadevida.com.ar\/portalurbano\/un-millon-de-firmas-para-la-ley-de-congelamiento-de-precios-de-alimentos-y-de-tarifas\/\",\"name\":\"\\\"Un mill\u00f3n de firmas para la ley de congelamiento de precios\\\"\",\"isPartOf\":{\"@id\":\"https:\/\/experienciadevida.com.ar\/portalurbano\/#website\"},\"datePublished\":\"2022-09-07T00:35:07+00:00\",\"dateModified\":\"2022-09-07T00:35:50+00:00\",\"description\":\"\\\"Un mill\u00f3n de firmas para la ley de congelamiento de precios de alimentos y de tarifas\\\", as\u00ed fue emitido en una columna de opini\u00f3n\",\"breadcrumb\":{\"@id\":\"https:\/\/experienciadevida.com.ar\/portalurbano\/un-millon-de-firmas-para-la-ley-de-congelamiento-de-precios-de-alimentos-y-de-tarifas\/#breadcrumb\"},\"inLanguage\":\"es\",\"potentialAction\":[{\"@type\":\"ReadAction\",\"target\":[\"https:\/\/experienciadevida.com.ar\/portalurbano\/un-millon-de-firmas-para-la-ley-de-congelamiento-de-precios-de-alimentos-y-de-tarifas\/\"]}]},{\"@type\":\"BreadcrumbList\",\"@id\":\"https:\/\/experienciadevida.com.ar\/portalurbano\/un-millon-de-firmas-para-la-ley-de-congelamiento-de-precios-de-alimentos-y-de-tarifas\/#breadcrumb\",\"itemListElement\":[{\"@type\":\"ListItem\",\"position\":1,\"name\":\"Portada\",\"item\":\"https:\/\/experienciadevida.com.ar\/portalurbano\/\"},{\"@type\":\"ListItem\",\"position\":2,\"name\":\"\u00abUn mill\u00f3n de firmas para la ley de congelamiento de precios de alimentos y de tarifas\u00bb\"}]},{\"@type\":\"WebSite\",\"@id\":\"https:\/\/experienciadevida.com.ar\/portalurbano\/#website\",\"url\":\"https:\/\/experienciadevida.com.ar\/portalurbano\/\",\"name\":\"\",\"description\":\"\",\"publisher\":{\"@id\":\"https:\/\/experienciadevida.com.ar\/portalurbano\/#organization\"},\"potentialAction\":[{\"@type\":\"SearchAction\",\"target\":{\"@type\":\"EntryPoint\",\"urlTemplate\":\"https:\/\/experienciadevida.com.ar\/portalurbano\/?s={search_term_string}\"},\"query-input\":\"required name=search_term_string\"}],\"inLanguage\":\"es\"},{\"@type\":\"Organization\",\"@id\":\"https:\/\/experienciadevida.com.ar\/portalurbano\/#organization\",\"name\":\"Portal Urbano\",\"url\":\"https:\/\/experienciadevida.com.ar\/portalurbano\/\",\"logo\":{\"@type\":\"ImageObject\",\"inLanguage\":\"es\",\"@id\":\"https:\/\/experienciadevida.com.ar\/portalurbano\/#\/schema\/logo\/image\/\",\"url\":\"https:\/\/experienciadevida.com.ar\/portalurbano\/wp-content\/uploads\/2019\/09\/Logo-Original.png\",\"contentUrl\":\"https:\/\/experienciadevida.com.ar\/portalurbano\/wp-content\/uploads\/2019\/09\/Logo-Original.png\",\"width\":2236,\"height\":1216,\"caption\":\"Portal Urbano\"},\"image\":{\"@id\":\"https:\/\/experienciadevida.com.ar\/portalurbano\/#\/schema\/logo\/image\/\"},\"sameAs\":[\"https:\/\/www.facebook.com\/Portal-Urbano-171542830093757\/\",\"https:\/\/twitter.com\/portalurbanook\",\"https:\/\/www.instagram.com\/_portalurbano\/\",\"https:\/\/www.youtube.com\/channel\/UCXhagIfszH8KxFiOok79zbA?view_as=subscriber\"]},{\"@type\":\"Person\",\"@id\":\"https:\/\/experienciadevida.com.ar\/portalurbano\/#\/schema\/person\/02dd326b1c4b056e9cc972486934a3a7\",\"name\":\"admpu17wp\",\"image\":{\"@type\":\"ImageObject\",\"inLanguage\":\"es\",\"@id\":\"https:\/\/experienciadevida.com.ar\/portalurbano\/#\/schema\/person\/image\/\",\"url\":\"https:\/\/secure.gravatar.com\/avatar\/830d4c57adaae6630765e449a6908047?s=96&d=mm&r=g\",\"contentUrl\":\"https:\/\/secure.gravatar.com\/avatar\/830d4c57adaae6630765e449a6908047?s=96&d=mm&r=g\",\"caption\":\"admpu17wp\"}}]}<\/script>\n<!-- \/ Yoast SEO plugin. -->","yoast_head_json":{"title":"\"Un mill\u00f3n de firmas para la ley de congelamiento de precios\"","description":"\"Un mill\u00f3n de firmas para la ley de congelamiento de precios de alimentos y de tarifas\", as\u00ed fue emitido en una columna de opini\u00f3n","robots":{"index":"index","follow":"follow","max-snippet":"max-snippet:-1","max-image-preview":"max-image-preview:large","max-video-preview":"max-video-preview:-1"},"canonical":"https:\/\/experienciadevida.com.ar\/portalurbano\/un-millon-de-firmas-para-la-ley-de-congelamiento-de-precios-de-alimentos-y-de-tarifas\/","og_locale":"es_ES","og_type":"article","og_title":"\"Un mill\u00f3n de firmas para la ley de congelamiento de precios\"","og_description":"\"Un mill\u00f3n de firmas para la ley de congelamiento de precios de alimentos y de tarifas\", as\u00ed fue emitido en una columna de opini\u00f3n","og_url":"https:\/\/experienciadevida.com.ar\/portalurbano\/un-millon-de-firmas-para-la-ley-de-congelamiento-de-precios-de-alimentos-y-de-tarifas\/","article_publisher":"https:\/\/www.facebook.com\/Portal-Urbano-171542830093757\/","article_published_time":"2022-09-07T00:35:07+00:00","article_modified_time":"2022-09-07T00:35:50+00:00","og_image":[{"width":765,"height":573,"url":"https:\/\/experienciadevida.com.ar\/portalurbano\/wp-content\/uploads\/2022\/09\/Un-millon-de-firmas.png","type":"image\/png"}],"author":"admpu17wp","twitter_card":"summary_large_image","twitter_creator":"@portalurbanook","twitter_site":"@portalurbanook","twitter_misc":{"Escrito por":"admpu17wp","Tiempo de lectura":"2 minutos"},"schema":{"@context":"https:\/\/schema.org","@graph":[{"@type":"Article","@id":"https:\/\/experienciadevida.com.ar\/portalurbano\/un-millon-de-firmas-para-la-ley-de-congelamiento-de-precios-de-alimentos-y-de-tarifas\/#article","isPartOf":{"@id":"https:\/\/experienciadevida.com.ar\/portalurbano\/un-millon-de-firmas-para-la-ley-de-congelamiento-de-precios-de-alimentos-y-de-tarifas\/"},"author":{"name":"admpu17wp","@id":"https:\/\/experienciadevida.com.ar\/portalurbano\/#\/schema\/person\/02dd326b1c4b056e9cc972486934a3a7"},"headline":"&#8220;Un mill\u00f3n de firmas para la ley de congelamiento de precios de alimentos y de tarifas&#8221;","datePublished":"2022-09-07T00:35:07+00:00","dateModified":"2022-09-07T00:35:50+00:00","mainEntityOfPage":{"@id":"https:\/\/experienciadevida.com.ar\/portalurbano\/un-millon-de-firmas-para-la-ley-de-congelamiento-de-precios-de-alimentos-y-de-tarifas\/"},"wordCount":282,"publisher":{"@id":"https:\/\/experienciadevida.com.ar\/portalurbano\/#organization"},"articleSection":["Ciudad","Destacadas"],"inLanguage":"es"},{"@type":"WebPage","@id":"https:\/\/experienciadevida.com.ar\/portalurbano\/un-millon-de-firmas-para-la-ley-de-congelamiento-de-precios-de-alimentos-y-de-tarifas\/","url":"https:\/\/experienciadevida.com.ar\/portalurbano\/un-millon-de-firmas-para-la-ley-de-congelamiento-de-precios-de-alimentos-y-de-tarifas\/","name":"\"Un mill\u00f3n de firmas para la ley de congelamiento de precios\"","isPartOf":{"@id":"https:\/\/experienciadevida.com.ar\/portalurbano\/#website"},"datePublished":"2022-09-07T00:35:07+00:00","dateModified":"2022-09-07T00:35:50+00:00","description":"\"Un mill\u00f3n de firmas para la ley de congelamiento de precios de alimentos y de tarifas\", as\u00ed fue emitido en una columna de opini\u00f3n","breadcrumb":{"@id":"https:\/\/experienciadevida.com.ar\/portalurbano\/un-millon-de-firmas-para-la-ley-de-congelamiento-de-precios-de-alimentos-y-de-tarifas\/#breadcrumb"},"inLanguage":"es","potentialAction":[{"@type":"ReadAction","target":["https:\/\/experienciadevida.com.ar\/portalurbano\/un-millon-de-firmas-para-la-ley-de-congelamiento-de-precios-de-alimentos-y-de-tarifas\/"]}]},{"@type":"BreadcrumbList","@id":"https:\/\/experienciadevida.com.ar\/portalurbano\/un-millon-de-firmas-para-la-ley-de-congelamiento-de-precios-de-alimentos-y-de-tarifas\/#breadcrumb","itemListElement":[{"@type":"ListItem","position":1,"name":"Portada","item":"https:\/\/experienciadevida.com.ar\/portalurbano\/"},{"@type":"ListItem","position":2,"name":"\u00abUn mill\u00f3n de firmas para la ley de congelamiento de precios de alimentos y de tarifas\u00bb"}]},{"@type":"WebSite","@id":"https:\/\/experienciadevida.com.ar\/portalurbano\/#website","url":"https:\/\/experienciadevida.com.ar\/portalurbano\/","name":"","description":"","publisher":{"@id":"https:\/\/experienciadevida.com.ar\/portalurbano\/#organization"},"potentialAction":[{"@type":"SearchAction","target":{"@type":"EntryPoint","urlTemplate":"https:\/\/experienciadevida.com.ar\/portalurbano\/?s={search_term_string}"},"query-input":"required name=search_term_string"}],"inLanguage":"es"},{"@type":"Organization","@id":"https:\/\/experienciadevida.com.ar\/portalurbano\/#organization","name":"Portal Urbano","url":"https:\/\/experienciadevida.com.ar\/portalurbano\/","logo":{"@type":"ImageObject","inLanguage":"es","@id":"https:\/\/experienciadevida.com.ar\/portalurbano\/#\/schema\/logo\/image\/","url":"https:\/\/experienciadevida.com.ar\/portalurbano\/wp-content\/uploads\/2019\/09\/Logo-Original.png","contentUrl":"https:\/\/experienciadevida.com.ar\/portalurbano\/wp-content\/uploads\/2019\/09\/Logo-Original.png","width":2236,"height":1216,"caption":"Portal Urbano"},"image":{"@id":"https:\/\/experienciadevida.com.ar\/portalurbano\/#\/schema\/logo\/image\/"},"sameAs":["https:\/\/www.facebook.com\/Portal-Urbano-171542830093757\/","https:\/\/twitter.com\/portalurbanook","https:\/\/www.instagram.com\/_portalurbano\/","https:\/\/www.youtube.com\/channel\/UCXhagIfszH8KxFiOok79zbA?view_as=subscriber"]},{"@type":"Person","@id":"https:\/\/experienciadevida.com.ar\/portalurbano\/#\/schema\/person\/02dd326b1c4b056e9cc972486934a3a7","name":"admpu17wp","image":{"@type":"ImageObject","inLanguage":"es","@id":"https:\/\/experienciadevida.com.ar\/portalurbano\/#\/schema\/person\/image\/","url":"https:\/\/secure.gravatar.com\/avatar\/830d4c57adaae6630765e449a6908047?s=96&d=mm&r=g","contentUrl":"https:\/\/secure.gravatar.com\/avatar\/830d4c57adaae6630765e449a6908047?s=96&d=mm&r=g","caption":"admpu17wp"}}]}},"featured_image_urls":{"full":["https:\/\/experienciadevida.com.ar\/portalurbano\/wp-content\/uploads\/2022\/09\/Un-millon-de-firmas.png",765,573,false],"thumbnail":["https:\/\/experienciadevida.com.ar\/portalurbano\/wp-content\/uploads\/2022\/09\/Un-millon-de-firmas-150x150.png",150,150,true],"medium":["https:\/\/experienciadevida.com.ar\/portalurbano\/wp-content\/uploads\/2022\/09\/Un-millon-de-firmas-300x225.png",300,225,true],"medium_large":["https:\/\/experienciadevida.com.ar\/portalurbano\/wp-content\/uploads\/2022\/09\/Un-millon-de-firmas.png",640,479,false],"large":["https:\/\/experienciadevida.com.ar\/portalurbano\/wp-content\/uploads\/2022\/09\/Un-millon-de-firmas.png",640,479,false],"ug_big":["https:\/\/experienciadevida.com.ar\/portalurbano\/wp-content\/uploads\/2022\/09\/Un-millon-de-firmas.png",765,573,false],"1536x1536":["https:\/\/experienciadevida.com.ar\/portalurbano\/wp-content\/uploads\/2022\/09\/Un-millon-de-firmas.png",765,573,false],"2048x2048":["https:\/\/experienciadevida.com.ar\/portalurbano\/wp-content\/uploads\/2022\/09\/Un-millon-de-firmas.png",765,573,false],"newsever-slider-full":["https:\/\/experienciadevida.com.ar\/portalurbano\/wp-content\/uploads\/2022\/09\/Un-millon-de-firmas.png",765,573,false],"newsever-featured":["https:\/\/experienciadevida.com.ar\/portalurbano\/wp-content\/uploads\/2022\/09\/Un-millon-de-firmas.png",765,573,false],"newsever-medium":["https:\/\/experienciadevida.com.ar\/portalurbano\/wp-content\/uploads\/2022\/09\/Un-millon-de-firmas.png",634,475,false],"web-stories-poster-portrait":["https:\/\/experienciadevida.com.ar\/portalurbano\/wp-content\/uploads\/2022\/09\/Un-millon-de-firmas-640x573.png",640,573,true],"web-stories-publisher-logo":["https:\/\/experienciadevida.com.ar\/portalurbano\/wp-content\/uploads\/2022\/09\/Un-millon-de-firmas-96x96.png",96,96,true],"web-stories-thumbnail":["https:\/\/experienciadevida.com.ar\/portalurbano\/wp-content\/uploads\/2022\/09\/Un-millon-de-firmas-150x112.png",150,112,true]},"author_info":{"display_name":"admpu17wp","author_link":"https:\/\/experienciadevida.com.ar\/portalurbano\/author\/admpu17wp\/"},"category_info":"<a href=\"https:\/\/experienciadevida.com.ar\/portalurbano\/category\/ciudad\/\" rel=\"category tag\">Ciudad<\/a> <a href=\"https:\/\/experienciadevida.com.ar\/portalurbano\/category\/destacadas\/\" rel=\"category tag\">Destacadas<\/a>","tag_info":"Destacadas","comment_count":"0","amp_enabled":true,"_links":{"self":[{"href":"https:\/\/experienciadevida.com.ar\/portalurbano\/wp-json\/wp\/v2\/posts\/175051"}],"collection":[{"href":"https:\/\/experienciadevida.com.ar\/portalurbano\/wp-json\/wp\/v2\/posts"}],"about":[{"href":"https:\/\/experienciadevida.com.ar\/portalurbano\/wp-json\/wp\/v2\/types\/post"}],"author":[{"embeddable":true,"href":"https:\/\/experienciadevida.com.ar\/portalurbano\/wp-json\/wp\/v2\/users\/1"}],"replies":[{"embeddable":true,"href":"https:\/\/experienciadevida.com.ar\/portalurbano\/wp-json\/wp\/v2\/comments?post=175051"}],"version-history":[{"count":1,"href":"https:\/\/experienciadevida.com.ar\/portalurbano\/wp-json\/wp\/v2\/posts\/175051\/revisions"}],"predecessor-version":[{"id":175053,"href":"https:\/\/experienciadevida.com.ar\/portalurbano\/wp-json\/wp\/v2\/posts\/175051\/revisions\/175053"}],"wp:featuredmedia":[{"embeddable":true,"href":"https:\/\/experienciadevida.com.ar\/portalurbano\/wp-json\/wp\/v2\/media\/175052"}],"wp:attachment":[{"href":"https:\/\/experienciadevida.com.ar\/portalurbano\/wp-json\/wp\/v2\/media?parent=175051"}],"wp:term":[{"taxonomy":"category","embeddable":true,"href":"https:\/\/experienciadevida.com.ar\/portalurbano\/wp-json\/wp\/v2\/categories?post=175051"},{"taxonomy":"post_tag","embeddable":true,"href":"https:\/\/experienciadevida.com.ar\/portalurbano\/wp-json\/wp\/v2\/tags?post=175051"}],"curies":[{"name":"wp","href":"https:\/\/api.w.org\/{rel}","templated":true}]}}