{"id":175009,"date":"2022-09-06T13:43:09","date_gmt":"2022-09-06T16:43:09","guid":{"rendered":"https:\/\/experienciadevida.com.ar\/portalurbano\/?p=175009"},"modified":"2022-09-06T13:43:47","modified_gmt":"2022-09-06T16:43:47","slug":"septiembre-en-el-club-social-de-innovacion","status":"publish","type":"post","link":"https:\/\/experienciadevida.com.ar\/portalurbano\/septiembre-en-el-club-social-de-innovacion\/","title":{"rendered":"Septiembre en el Club Social de Innovaci\u00f3n"},"content":{"rendered":"<div class=\"page-title\">\n<p>Septiembre en el <a href=\"https:\/\/www.facebook.com\/municipiodeolavarria\">Club Social<\/a> de Innovaci\u00f3n, durante el corriente mes, el Club Social de Innovaci\u00f3n contin\u00faa trabajando con los estudiantes ganadores de la propuesta 24 horas de Innovaci\u00f3n FIO, quienes realizar\u00e1n el taller de rob\u00f3tica en dicha sede.<\/p>\n<p>Adem\u00e1s de aprender los conocimientos b\u00e1sicos de arduino, electr\u00f3nica y las formas de programar una placa controladora; desarrollar\u00e1n los proyectos realizados en el evento.<\/p>\n<p>Asimismo, se brindar\u00e1n los siguientes talleres:<\/p>\n<p>\u2013 Filmaci\u00f3n con Drone<\/p>\n<p>Este taller ser\u00e1 brindado por Santiago Cavallo, quien les ense\u00f1ar\u00e1 a los participantes el uso o utilizaci\u00f3n (esto no habilita su manejo ante la ANAC), tipos de drone en el mercado actual, caracter\u00edsticas, aspectos legales del vuelo y normas de seguridad. Utilizaci\u00f3n de diferentes complementos, como por ejemplo: lentes de realidad virtual, c\u00e1maras go pro, entre otras.<\/p>\n<p>Est\u00e1 destinado a mayores de 14 a\u00f1os. Taller gratuito y con cupo limitado.<\/p>\n<p>Se realizar\u00e1 los d\u00edas 16, 22 y 29 de 9 a 11 horas (3 clases).<\/p>\n<p>Para inscribirse, los interesados deber\u00e1n completar el formulario: \u00f3 enviar un correo electr\u00f3nico a clubsocialinnovacion@olavarria.gov.ar.<\/p>\n<p>\u2013 Programaci\u00f3n<\/p>\n<p>El pr\u00f3ximo martes, 13 de septiembre, a las 18 hs, se dar\u00e1 comienzo (de manera gratuita) a la 1ra clase de Programaci\u00f3n Inicial.<\/p>\n<p>Este est\u00e1 pensado para aprender a programar en Front-End y Back- End; y adquirir los conceptos b\u00e1sicos acerca del desarrollo de aplicaciones web y los lenguajes necesarios para empezar, como HTML5, CSS3 y Javascript.<\/p>\n<p>Este curso se dictar\u00e1 gracias a la alianza del municipio de Olavarr\u00eda, junto a la Secretar\u00eda de Desarrollo Econ\u00f3mico y Club Argentec. El mismo se basa en la modalidad de aula invertida, brindando la teor\u00eda de manera online y la pr\u00e1ctica en el club social de innovaci\u00f3n.<\/p>\n<p>La actividad est\u00e1 destinada al p\u00fablico en general, mayores de 14 a\u00f1os, el curso y la inscripci\u00f3n es gratuita.<\/p>\n<p>Fecha: 13, 15, 20, 22,27 y 29 de septiembre (6 clases). Hora: 18 a 20 horas.<\/p>\n<p>Para inscribirse, los interesados deber\u00e1n completar el formulario \u00f3 enviar un correo electr\u00f3nico a clubsocialinnovacion@olavarria.gov.ar.<\/p>\n<\/div>\n","protected":false},"excerpt":{"rendered":"<p>Septiembre en el Club Social de Innovaci\u00f3n, durante el corriente mes, el Club Social de&#8230;<\/p>\n","protected":false},"author":1,"featured_media":175010,"comment_status":"closed","ping_status":"closed","sticky":false,"template":"","format":"standard","meta":{"content-type":""},"categories":[27],"tags":[],"nelio_content":{"isAutoShareEnabled":false,"autoShareEndMode":"default","automationSources":{"useContentSentences":true,"useSocialTemplates":true,"useCustomSentences":false,"customSentences":[]},"followers":[1],"suggestedReferences":[],"includedReferences":[],"efiUrl":"","efiAlt":"","highlights":[]},"yoast_head":"<!-- This site is optimized with the Yoast SEO plugin v20.7 - https:\/\/yoast.com\/wordpress\/plugins\/seo\/ -->\n<title>Septiembre en el Club social de Innovaci\u00f3n<\/title>\n<meta name=\"description\" content=\"Septiembre en el Club Social de Innovaci\u00f3n, durante el corriente mes, el Club Social de Innovaci\u00f3n contin\u00faa trabajando con los estudiantes\" \/>\n<meta name=\"robots\" content=\"index, follow, max-snippet:-1, max-image-preview:large, max-video-preview:-1\" \/>\n<link rel=\"canonical\" href=\"https:\/\/experienciadevida.com.ar\/portalurbano\/septiembre-en-el-club-social-de-innovacion\/\" \/>\n<meta property=\"og:locale\" content=\"es_ES\" \/>\n<meta property=\"og:type\" content=\"article\" \/>\n<meta property=\"og:title\" content=\"Septiembre en el Club social de Innovaci\u00f3n\" \/>\n<meta property=\"og:description\" content=\"Septiembre en el Club Social de Innovaci\u00f3n, durante el corriente mes, el Club Social de Innovaci\u00f3n contin\u00faa trabajando con los estudiantes\" \/>\n<meta property=\"og:url\" content=\"https:\/\/experienciadevida.com.ar\/portalurbano\/septiembre-en-el-club-social-de-innovacion\/\" \/>\n<meta property=\"article:publisher\" content=\"https:\/\/www.facebook.com\/Portal-Urbano-171542830093757\/\" \/>\n<meta property=\"article:published_time\" content=\"2022-09-06T16:43:09+00:00\" \/>\n<meta property=\"article:modified_time\" content=\"2022-09-06T16:43:47+00:00\" \/>\n<meta property=\"og:image\" content=\"https:\/\/experienciadevida.com.ar\/portalurbano\/wp-content\/uploads\/2022\/09\/Septiembre-en-el-Club.jpg\" \/>\n\t<meta property=\"og:image:width\" content=\"765\" \/>\n\t<meta property=\"og:image:height\" content=\"510\" \/>\n\t<meta property=\"og:image:type\" content=\"image\/jpeg\" \/>\n<meta name=\"author\" content=\"admpu17wp\" \/>\n<meta name=\"twitter:card\" content=\"summary_large_image\" \/>\n<meta name=\"twitter:creator\" content=\"@portalurbanook\" \/>\n<meta name=\"twitter:site\" content=\"@portalurbanook\" \/>\n<meta name=\"twitter:label1\" content=\"Escrito por\" \/>\n\t<meta name=\"twitter:data1\" content=\"admpu17wp\" \/>\n\t<meta name=\"twitter:label2\" content=\"Tiempo de lectura\" \/>\n\t<meta name=\"twitter:data2\" content=\"2 minutos\" \/>\n<script type=\"application\/ld+json\" class=\"yoast-schema-graph\">{\"@context\":\"https:\/\/schema.org\",\"@graph\":[{\"@type\":\"Article\",\"@id\":\"https:\/\/experienciadevida.com.ar\/portalurbano\/septiembre-en-el-club-social-de-innovacion\/#article\",\"isPartOf\":{\"@id\":\"https:\/\/experienciadevida.com.ar\/portalurbano\/septiembre-en-el-club-social-de-innovacion\/\"},\"author\":{\"name\":\"admpu17wp\",\"@id\":\"https:\/\/experienciadevida.com.ar\/portalurbano\/#\/schema\/person\/02dd326b1c4b056e9cc972486934a3a7\"},\"headline\":\"Septiembre en el Club Social de Innovaci\u00f3n\",\"datePublished\":\"2022-09-06T16:43:09+00:00\",\"dateModified\":\"2022-09-06T16:43:47+00:00\",\"mainEntityOfPage\":{\"@id\":\"https:\/\/experienciadevida.com.ar\/portalurbano\/septiembre-en-el-club-social-de-innovacion\/\"},\"wordCount\":356,\"publisher\":{\"@id\":\"https:\/\/experienciadevida.com.ar\/portalurbano\/#organization\"},\"articleSection\":[\"Ciudad\"],\"inLanguage\":\"es\"},{\"@type\":\"WebPage\",\"@id\":\"https:\/\/experienciadevida.com.ar\/portalurbano\/septiembre-en-el-club-social-de-innovacion\/\",\"url\":\"https:\/\/experienciadevida.com.ar\/portalurbano\/septiembre-en-el-club-social-de-innovacion\/\",\"name\":\"Septiembre en el Club social de Innovaci\u00f3n\",\"isPartOf\":{\"@id\":\"https:\/\/experienciadevida.com.ar\/portalurbano\/#website\"},\"datePublished\":\"2022-09-06T16:43:09+00:00\",\"dateModified\":\"2022-09-06T16:43:47+00:00\",\"description\":\"Septiembre en el Club Social de Innovaci\u00f3n, durante el corriente mes, el Club Social de Innovaci\u00f3n contin\u00faa trabajando con los estudiantes\",\"breadcrumb\":{\"@id\":\"https:\/\/experienciadevida.com.ar\/portalurbano\/septiembre-en-el-club-social-de-innovacion\/#breadcrumb\"},\"inLanguage\":\"es\",\"potentialAction\":[{\"@type\":\"ReadAction\",\"target\":[\"https:\/\/experienciadevida.com.ar\/portalurbano\/septiembre-en-el-club-social-de-innovacion\/\"]}]},{\"@type\":\"BreadcrumbList\",\"@id\":\"https:\/\/experienciadevida.com.ar\/portalurbano\/septiembre-en-el-club-social-de-innovacion\/#breadcrumb\",\"itemListElement\":[{\"@type\":\"ListItem\",\"position\":1,\"name\":\"Portada\",\"item\":\"https:\/\/experienciadevida.com.ar\/portalurbano\/\"},{\"@type\":\"ListItem\",\"position\":2,\"name\":\"Septiembre en el Club Social de Innovaci\u00f3n\"}]},{\"@type\":\"WebSite\",\"@id\":\"https:\/\/experienciadevida.com.ar\/portalurbano\/#website\",\"url\":\"https:\/\/experienciadevida.com.ar\/portalurbano\/\",\"name\":\"\",\"description\":\"\",\"publisher\":{\"@id\":\"https:\/\/experienciadevida.com.ar\/portalurbano\/#organization\"},\"potentialAction\":[{\"@type\":\"SearchAction\",\"target\":{\"@type\":\"EntryPoint\",\"urlTemplate\":\"https:\/\/experienciadevida.com.ar\/portalurbano\/?s={search_term_string}\"},\"query-input\":\"required name=search_term_string\"}],\"inLanguage\":\"es\"},{\"@type\":\"Organization\",\"@id\":\"https:\/\/experienciadevida.com.ar\/portalurbano\/#organization\",\"name\":\"Portal Urbano\",\"url\":\"https:\/\/experienciadevida.com.ar\/portalurbano\/\",\"logo\":{\"@type\":\"ImageObject\",\"inLanguage\":\"es\",\"@id\":\"https:\/\/experienciadevida.com.ar\/portalurbano\/#\/schema\/logo\/image\/\",\"url\":\"https:\/\/experienciadevida.com.ar\/portalurbano\/wp-content\/uploads\/2019\/09\/Logo-Original.png\",\"contentUrl\":\"https:\/\/experienciadevida.com.ar\/portalurbano\/wp-content\/uploads\/2019\/09\/Logo-Original.png\",\"width\":2236,\"height\":1216,\"caption\":\"Portal Urbano\"},\"image\":{\"@id\":\"https:\/\/experienciadevida.com.ar\/portalurbano\/#\/schema\/logo\/image\/\"},\"sameAs\":[\"https:\/\/www.facebook.com\/Portal-Urbano-171542830093757\/\",\"https:\/\/twitter.com\/portalurbanook\",\"https:\/\/www.instagram.com\/_portalurbano\/\",\"https:\/\/www.youtube.com\/channel\/UCXhagIfszH8KxFiOok79zbA?view_as=subscriber\"]},{\"@type\":\"Person\",\"@id\":\"https:\/\/experienciadevida.com.ar\/portalurbano\/#\/schema\/person\/02dd326b1c4b056e9cc972486934a3a7\",\"name\":\"admpu17wp\",\"image\":{\"@type\":\"ImageObject\",\"inLanguage\":\"es\",\"@id\":\"https:\/\/experienciadevida.com.ar\/portalurbano\/#\/schema\/person\/image\/\",\"url\":\"https:\/\/secure.gravatar.com\/avatar\/830d4c57adaae6630765e449a6908047?s=96&d=mm&r=g\",\"contentUrl\":\"https:\/\/secure.gravatar.com\/avatar\/830d4c57adaae6630765e449a6908047?s=96&d=mm&r=g\",\"caption\":\"admpu17wp\"}}]}<\/script>\n<!-- \/ Yoast SEO plugin. -->","yoast_head_json":{"title":"Septiembre en el Club social de Innovaci\u00f3n","description":"Septiembre en el Club Social de Innovaci\u00f3n, durante el corriente mes, el Club Social de Innovaci\u00f3n contin\u00faa trabajando con los estudiantes","robots":{"index":"index","follow":"follow","max-snippet":"max-snippet:-1","max-image-preview":"max-image-preview:large","max-video-preview":"max-video-preview:-1"},"canonical":"https:\/\/experienciadevida.com.ar\/portalurbano\/septiembre-en-el-club-social-de-innovacion\/","og_locale":"es_ES","og_type":"article","og_title":"Septiembre en el Club social de Innovaci\u00f3n","og_description":"Septiembre en el Club Social de Innovaci\u00f3n, durante el corriente mes, el Club Social de Innovaci\u00f3n contin\u00faa trabajando con los estudiantes","og_url":"https:\/\/experienciadevida.com.ar\/portalurbano\/septiembre-en-el-club-social-de-innovacion\/","article_publisher":"https:\/\/www.facebook.com\/Portal-Urbano-171542830093757\/","article_published_time":"2022-09-06T16:43:09+00:00","article_modified_time":"2022-09-06T16:43:47+00:00","og_image":[{"width":765,"height":510,"url":"https:\/\/experienciadevida.com.ar\/portalurbano\/wp-content\/uploads\/2022\/09\/Septiembre-en-el-Club.jpg","type":"image\/jpeg"}],"author":"admpu17wp","twitter_card":"summary_large_image","twitter_creator":"@portalurbanook","twitter_site":"@portalurbanook","twitter_misc":{"Escrito por":"admpu17wp","Tiempo de lectura":"2 minutos"},"schema":{"@context":"https:\/\/schema.org","@graph":[{"@type":"Article","@id":"https:\/\/experienciadevida.com.ar\/portalurbano\/septiembre-en-el-club-social-de-innovacion\/#article","isPartOf":{"@id":"https:\/\/experienciadevida.com.ar\/portalurbano\/septiembre-en-el-club-social-de-innovacion\/"},"author":{"name":"admpu17wp","@id":"https:\/\/experienciadevida.com.ar\/portalurbano\/#\/schema\/person\/02dd326b1c4b056e9cc972486934a3a7"},"headline":"Septiembre en el Club Social de Innovaci\u00f3n","datePublished":"2022-09-06T16:43:09+00:00","dateModified":"2022-09-06T16:43:47+00:00","mainEntityOfPage":{"@id":"https:\/\/experienciadevida.com.ar\/portalurbano\/septiembre-en-el-club-social-de-innovacion\/"},"wordCount":356,"publisher":{"@id":"https:\/\/experienciadevida.com.ar\/portalurbano\/#organization"},"articleSection":["Ciudad"],"inLanguage":"es"},{"@type":"WebPage","@id":"https:\/\/experienciadevida.com.ar\/portalurbano\/septiembre-en-el-club-social-de-innovacion\/","url":"https:\/\/experienciadevida.com.ar\/portalurbano\/septiembre-en-el-club-social-de-innovacion\/","name":"Septiembre en el Club social de Innovaci\u00f3n","isPartOf":{"@id":"https:\/\/experienciadevida.com.ar\/portalurbano\/#website"},"datePublished":"2022-09-06T16:43:09+00:00","dateModified":"2022-09-06T16:43:47+00:00","description":"Septiembre en el Club Social de Innovaci\u00f3n, durante el corriente mes, el Club Social de Innovaci\u00f3n contin\u00faa trabajando con los estudiantes","breadcrumb":{"@id":"https:\/\/experienciadevida.com.ar\/portalurbano\/septiembre-en-el-club-social-de-innovacion\/#breadcrumb"},"inLanguage":"es","potentialAction":[{"@type":"ReadAction","target":["https:\/\/experienciadevida.com.ar\/portalurbano\/septiembre-en-el-club-social-de-innovacion\/"]}]},{"@type":"BreadcrumbList","@id":"https:\/\/experienciadevida.com.ar\/portalurbano\/septiembre-en-el-club-social-de-innovacion\/#breadcrumb","itemListElement":[{"@type":"ListItem","position":1,"name":"Portada","item":"https:\/\/experienciadevida.com.ar\/portalurbano\/"},{"@type":"ListItem","position":2,"name":"Septiembre en el Club Social de Innovaci\u00f3n"}]},{"@type":"WebSite","@id":"https:\/\/experienciadevida.com.ar\/portalurbano\/#website","url":"https:\/\/experienciadevida.com.ar\/portalurbano\/","name":"","description":"","publisher":{"@id":"https:\/\/experienciadevida.com.ar\/portalurbano\/#organization"},"potentialAction":[{"@type":"SearchAction","target":{"@type":"EntryPoint","urlTemplate":"https:\/\/experienciadevida.com.ar\/portalurbano\/?s={search_term_string}"},"query-input":"required name=search_term_string"}],"inLanguage":"es"},{"@type":"Organization","@id":"https:\/\/experienciadevida.com.ar\/portalurbano\/#organization","name":"Portal Urbano","url":"https:\/\/experienciadevida.com.ar\/portalurbano\/","logo":{"@type":"ImageObject","inLanguage":"es","@id":"https:\/\/experienciadevida.com.ar\/portalurbano\/#\/schema\/logo\/image\/","url":"https:\/\/experienciadevida.com.ar\/portalurbano\/wp-content\/uploads\/2019\/09\/Logo-Original.png","contentUrl":"https:\/\/experienciadevida.com.ar\/portalurbano\/wp-content\/uploads\/2019\/09\/Logo-Original.png","width":2236,"height":1216,"caption":"Portal Urbano"},"image":{"@id":"https:\/\/experienciadevida.com.ar\/portalurbano\/#\/schema\/logo\/image\/"},"sameAs":["https:\/\/www.facebook.com\/Portal-Urbano-171542830093757\/","https:\/\/twitter.com\/portalurbanook","https:\/\/www.instagram.com\/_portalurbano\/","https:\/\/www.youtube.com\/channel\/UCXhagIfszH8KxFiOok79zbA?view_as=subscriber"]},{"@type":"Person","@id":"https:\/\/experienciadevida.com.ar\/portalurbano\/#\/schema\/person\/02dd326b1c4b056e9cc972486934a3a7","name":"admpu17wp","image":{"@type":"ImageObject","inLanguage":"es","@id":"https:\/\/experienciadevida.com.ar\/portalurbano\/#\/schema\/person\/image\/","url":"https:\/\/secure.gravatar.com\/avatar\/830d4c57adaae6630765e449a6908047?s=96&d=mm&r=g","contentUrl":"https:\/\/secure.gravatar.com\/avatar\/830d4c57adaae6630765e449a6908047?s=96&d=mm&r=g","caption":"admpu17wp"}}]}},"featured_image_urls":{"full":["https:\/\/experienciadevida.com.ar\/portalurbano\/wp-content\/uploads\/2022\/09\/Septiembre-en-el-Club.jpg",765,510,false],"thumbnail":["https:\/\/experienciadevida.com.ar\/portalurbano\/wp-content\/uploads\/2022\/09\/Septiembre-en-el-Club-150x150.jpg",150,150,true],"medium":["https:\/\/experienciadevida.com.ar\/portalurbano\/wp-content\/uploads\/2022\/09\/Septiembre-en-el-Club-300x200.jpg",300,200,true],"medium_large":["https:\/\/experienciadevida.com.ar\/portalurbano\/wp-content\/uploads\/2022\/09\/Septiembre-en-el-Club.jpg",640,427,false],"large":["https:\/\/experienciadevida.com.ar\/portalurbano\/wp-content\/uploads\/2022\/09\/Septiembre-en-el-Club.jpg",640,427,false],"ug_big":["https:\/\/experienciadevida.com.ar\/portalurbano\/wp-content\/uploads\/2022\/09\/Septiembre-en-el-Club.jpg",765,510,false],"1536x1536":["https:\/\/experienciadevida.com.ar\/portalurbano\/wp-content\/uploads\/2022\/09\/Septiembre-en-el-Club.jpg",765,510,false],"2048x2048":["https:\/\/experienciadevida.com.ar\/portalurbano\/wp-content\/uploads\/2022\/09\/Septiembre-en-el-Club.jpg",765,510,false],"newsever-slider-full":["https:\/\/experienciadevida.com.ar\/portalurbano\/wp-content\/uploads\/2022\/09\/Septiembre-en-el-Club.jpg",765,510,false],"newsever-featured":["https:\/\/experienciadevida.com.ar\/portalurbano\/wp-content\/uploads\/2022\/09\/Septiembre-en-el-Club.jpg",765,510,false],"newsever-medium":["https:\/\/experienciadevida.com.ar\/portalurbano\/wp-content\/uploads\/2022\/09\/Septiembre-en-el-Club.jpg",713,475,false],"web-stories-poster-portrait":["https:\/\/experienciadevida.com.ar\/portalurbano\/wp-content\/uploads\/2022\/09\/Septiembre-en-el-Club-640x510.jpg",640,510,true],"web-stories-publisher-logo":["https:\/\/experienciadevida.com.ar\/portalurbano\/wp-content\/uploads\/2022\/09\/Septiembre-en-el-Club-96x96.jpg",96,96,true],"web-stories-thumbnail":["https:\/\/experienciadevida.com.ar\/portalurbano\/wp-content\/uploads\/2022\/09\/Septiembre-en-el-Club-150x100.jpg",150,100,true]},"author_info":{"display_name":"admpu17wp","author_link":"https:\/\/experienciadevida.com.ar\/portalurbano\/author\/admpu17wp\/"},"category_info":"<a href=\"https:\/\/experienciadevida.com.ar\/portalurbano\/category\/ciudad\/\" rel=\"category tag\">Ciudad<\/a>","tag_info":"Ciudad","comment_count":"0","amp_enabled":true,"_links":{"self":[{"href":"https:\/\/experienciadevida.com.ar\/portalurbano\/wp-json\/wp\/v2\/posts\/175009"}],"collection":[{"href":"https:\/\/experienciadevida.com.ar\/portalurbano\/wp-json\/wp\/v2\/posts"}],"about":[{"href":"https:\/\/experienciadevida.com.ar\/portalurbano\/wp-json\/wp\/v2\/types\/post"}],"author":[{"embeddable":true,"href":"https:\/\/experienciadevida.com.ar\/portalurbano\/wp-json\/wp\/v2\/users\/1"}],"replies":[{"embeddable":true,"href":"https:\/\/experienciadevida.com.ar\/portalurbano\/wp-json\/wp\/v2\/comments?post=175009"}],"version-history":[{"count":1,"href":"https:\/\/experienciadevida.com.ar\/portalurbano\/wp-json\/wp\/v2\/posts\/175009\/revisions"}],"predecessor-version":[{"id":175011,"href":"https:\/\/experienciadevida.com.ar\/portalurbano\/wp-json\/wp\/v2\/posts\/175009\/revisions\/175011"}],"wp:featuredmedia":[{"embeddable":true,"href":"https:\/\/experienciadevida.com.ar\/portalurbano\/wp-json\/wp\/v2\/media\/175010"}],"wp:attachment":[{"href":"https:\/\/experienciadevida.com.ar\/portalurbano\/wp-json\/wp\/v2\/media?parent=175009"}],"wp:term":[{"taxonomy":"category","embeddable":true,"href":"https:\/\/experienciadevida.com.ar\/portalurbano\/wp-json\/wp\/v2\/categories?post=175009"},{"taxonomy":"post_tag","embeddable":true,"href":"https:\/\/experienciadevida.com.ar\/portalurbano\/wp-json\/wp\/v2\/tags?post=175009"}],"curies":[{"name":"wp","href":"https:\/\/api.w.org\/{rel}","templated":true}]}}