{"id":174990,"date":"2022-09-06T12:16:09","date_gmt":"2022-09-06T15:16:09","guid":{"rendered":"https:\/\/experienciadevida.com.ar\/portalurbano\/?p=174990"},"modified":"2022-09-06T12:19:31","modified_gmt":"2022-09-06T15:19:31","slug":"reconocimiento-de-la-biodiversidad-en-el-bioparque-municipal-la-maxima","status":"publish","type":"post","link":"https:\/\/experienciadevida.com.ar\/portalurbano\/reconocimiento-de-la-biodiversidad-en-el-bioparque-municipal-la-maxima\/","title":{"rendered":"\u201cReconocimiento de la biodiversidad\u201d en el Bioparque Municipal La M\u00e1xima"},"content":{"rendered":"<p>\u201cReconocimiento de la biodiversidad\u201d en el Bioparque Municipal La M\u00e1xima, durante el pasado mes de agosto, en el Bioparque Municipal \u201c<a href=\"https:\/\/www.facebook.com\/pages\/Parque-Zool%C3%B3gico-La-M%C3%A1xima\/749985102063089\">La M\u00e1xima<\/a>\u201d, se llev\u00f3 a cabo la actividad \u201cReconocimiento de la biodiversidad\u201d correspondiente al cronograma de trabajo articulado entre el Bioparque, la agrupaci\u00f3n Guardianes y Guardianas de la Naturaleza (Barrio Provincias Unidas) y Custodios del Territorio (UNICEN). La propuesta se enmarca en el Proyecto de Extensi\u00f3n Universitaria \u201cBichos, yuyos y otras yerbas II\u201d (Facultad de Ciencias Sociales, UNICEN).<\/p>\n<p><a href=\"https:\/\/experienciadevida.com.ar\/portalurbano\/reconocimiento-de-la-biodiversidad-en-el-bioparque-municipal-la-maxima\/reconocimiento\/\" rel=\"attachment wp-att-174994\"><img decoding=\"async\" class=\"alignnone size-large wp-image-174994\" src=\"https:\/\/experienciadevida.com.ar\/portalurbano\/wp-content\/uploads\/2022\/09\/Reconocimiento-1024x682.jpg\" alt=\"Reconocimiento \" width=\"900\" height=\"599\" srcset=\"https:\/\/experienciadevida.com.ar\/portalurbano\/wp-content\/uploads\/2022\/09\/Reconocimiento-1024x682.jpg 1024w, https:\/\/experienciadevida.com.ar\/portalurbano\/wp-content\/uploads\/2022\/09\/Reconocimiento-300x200.jpg 300w, https:\/\/experienciadevida.com.ar\/portalurbano\/wp-content\/uploads\/2022\/09\/Reconocimiento-768x512.jpg 768w, https:\/\/experienciadevida.com.ar\/portalurbano\/wp-content\/uploads\/2022\/09\/Reconocimiento-1536x1024.jpg 1536w, https:\/\/experienciadevida.com.ar\/portalurbano\/wp-content\/uploads\/2022\/09\/Reconocimiento-150x100.jpg 150w, https:\/\/experienciadevida.com.ar\/portalurbano\/wp-content\/uploads\/2022\/09\/Reconocimiento.jpg 1772w\" sizes=\"(max-width: 900px) 100vw, 900px\" \/><\/a><\/p>\n<p>Se a\u00f1adi\u00f3 que a la actividad asistieron ni\u00f1as y ni\u00f1os de entre 6 y 12 a\u00f1os y sus familiares, quienes participaron de la propuesta desarrollada en su totalidad en las instalaciones del Bioparque.<\/p>\n<p>El profesor Flavio Maldonado, director del Bioparque, y la diplomada en educaci\u00f3n para la conservaci\u00f3n Natalia Moro, integrante de Custodios del Territorio\/UNICEN y becaria del Proyecto, fueron quienes dieron comienzo a la jornada e invitaron a una recorrida de tres postas, en las cuales se desplegaron las actividades.<\/p>\n<p>Antes de comenzar el recorrido los ni\u00f1os y ni\u00f1as recibieron un Cuaderno de Campo, dise\u00f1ado desde el Proyecto \u201cBichos, yuyos y otras yerbas II\u201d, l\u00e1pices y peque\u00f1as bolsas de papel destinadas a la recolecci\u00f3n de semillas, plumas y hojas secas para trabajar en consignas posteriores.<\/p>\n<p>Durante la primera posta se realiz\u00f3 un reconocimiento visual de plantas nativas y ex\u00f3ticas presentes en el lugar, destacando sus particularidades y funciones en el ecosistema. Tambi\u00e9n fueron reconocidas las aves que habitan en los \u00e1rboles de un sector del Bioparque. En la segunda posta se trabaj\u00f3 con el concepto de humedal, oportunidad que dio lugar a identificar las aves acu\u00e1ticas que viven en el mismo. Ello permiti\u00f3 realizar un registro, mediante dibujos, de aquellos conceptos m\u00e1s importantes y de los elementos de los ecosistemas que m\u00e1s les llamaron la atenci\u00f3n a los y las participantes.<\/p>\n<p>La tercera y \u00faltima posta, consisti\u00f3 en una experiencia sensorial auditiva, t\u00e1ctil y olfativa en un espacio de pastizal, con el objetivo de integrar y advertir las m\u00faltiples formas que asume conocer el entorno natural y trabajar con la idea de respeto y preservaci\u00f3n de la biodiversidad.<\/p>\n<p>La jornada tuvo una duraci\u00f3n de m\u00e1s de dos horas, donde el disfrute, el aprendizaje, el di\u00e1logo, las risas, el asombro y las preguntas fueron una constante que le dio otro color en el atardecer de la actividad.<\/p>\n<p>Acompa\u00f1aron en tareas de registro y log\u00edstica la Directora y Codirectora del Proyecto, licenciado Silvia Boggi, la licenciada In\u00e9s del \u00c1guila, la becaria Emilia Petersen, la profesora Florencia V\u00e1zquez (Guardianes y Guardianas de la Naturaleza) y la licenciada Rosana Farana, docente de ENAPE\/UNICEN, otra de las instituciones que articulan con el Proyecto mencionado.<\/p>\n<p><a href=\"https:\/\/experienciadevida.com.ar\/portalurbano\/reconocimiento-de-la-biodiversidad-en-el-bioparque-municipal-la-maxima\/de-la-7\/\" rel=\"attachment wp-att-174995\"><img decoding=\"async\" class=\"alignnone size-large wp-image-174995\" src=\"https:\/\/experienciadevida.com.ar\/portalurbano\/wp-content\/uploads\/2022\/09\/de-la-1024x682.jpg\" alt=\"de la \" width=\"900\" height=\"599\" srcset=\"https:\/\/experienciadevida.com.ar\/portalurbano\/wp-content\/uploads\/2022\/09\/de-la-1024x682.jpg 1024w, https:\/\/experienciadevida.com.ar\/portalurbano\/wp-content\/uploads\/2022\/09\/de-la-300x200.jpg 300w, https:\/\/experienciadevida.com.ar\/portalurbano\/wp-content\/uploads\/2022\/09\/de-la-768x512.jpg 768w, https:\/\/experienciadevida.com.ar\/portalurbano\/wp-content\/uploads\/2022\/09\/de-la-1536x1024.jpg 1536w, https:\/\/experienciadevida.com.ar\/portalurbano\/wp-content\/uploads\/2022\/09\/de-la-150x100.jpg 150w, https:\/\/experienciadevida.com.ar\/portalurbano\/wp-content\/uploads\/2022\/09\/de-la.jpg 1772w\" sizes=\"(max-width: 900px) 100vw, 900px\" \/><\/a><\/p>\n","protected":false},"excerpt":{"rendered":"<p>\u201cReconocimiento de la biodiversidad\u201d en el Bioparque Municipal La M\u00e1xima, durante el pasado mes de&#8230;<\/p>\n","protected":false},"author":1,"featured_media":174991,"comment_status":"closed","ping_status":"closed","sticky":false,"template":"","format":"standard","meta":{"content-type":""},"categories":[27],"tags":[],"nelio_content":{"isAutoShareEnabled":false,"autoShareEndMode":"default","automationSources":{"useContentSentences":true,"useSocialTemplates":true,"useCustomSentences":false,"customSentences":[]},"followers":[1],"suggestedReferences":[],"includedReferences":[],"efiUrl":"","efiAlt":"","highlights":[]},"yoast_head":"<!-- This site is optimized with the Yoast SEO plugin v20.7 - https:\/\/yoast.com\/wordpress\/plugins\/seo\/ -->\n<title>&quot;Reconocimiento de la biodiversidad&quot; en el Bioparque La M\u00e1xima<\/title>\n<meta name=\"description\" content=\"\u201cReconocimiento de la biodiversidad\u201d en el Bioparque Municipal La M\u00e1xima, durante el pasado mes de agosto, en el Bioparque Municipal\" \/>\n<meta name=\"robots\" content=\"index, follow, max-snippet:-1, max-image-preview:large, max-video-preview:-1\" \/>\n<link rel=\"canonical\" href=\"https:\/\/experienciadevida.com.ar\/portalurbano\/reconocimiento-de-la-biodiversidad-en-el-bioparque-municipal-la-maxima\/\" \/>\n<meta property=\"og:locale\" content=\"es_ES\" \/>\n<meta property=\"og:type\" content=\"article\" \/>\n<meta property=\"og:title\" content=\"&quot;Reconocimiento de la biodiversidad&quot; en el Bioparque La M\u00e1xima\" \/>\n<meta property=\"og:description\" content=\"\u201cReconocimiento de la biodiversidad\u201d en el Bioparque Municipal La M\u00e1xima, durante el pasado mes de agosto, en el Bioparque Municipal\" \/>\n<meta property=\"og:url\" content=\"https:\/\/experienciadevida.com.ar\/portalurbano\/reconocimiento-de-la-biodiversidad-en-el-bioparque-municipal-la-maxima\/\" \/>\n<meta property=\"article:publisher\" content=\"https:\/\/www.facebook.com\/Portal-Urbano-171542830093757\/\" \/>\n<meta property=\"article:published_time\" content=\"2022-09-06T15:16:09+00:00\" \/>\n<meta property=\"article:modified_time\" content=\"2022-09-06T15:19:31+00:00\" \/>\n<meta property=\"og:image\" content=\"https:\/\/experienciadevida.com.ar\/portalurbano\/wp-content\/uploads\/2022\/09\/Reconocimiento-de-la-biodiversidad-1024x682.jpg\" \/>\n\t<meta property=\"og:image:width\" content=\"1024\" \/>\n\t<meta property=\"og:image:height\" content=\"682\" \/>\n\t<meta property=\"og:image:type\" content=\"image\/jpeg\" \/>\n<meta name=\"author\" content=\"admpu17wp\" \/>\n<meta name=\"twitter:card\" content=\"summary_large_image\" \/>\n<meta name=\"twitter:creator\" content=\"@portalurbanook\" \/>\n<meta name=\"twitter:site\" content=\"@portalurbanook\" \/>\n<meta name=\"twitter:label1\" content=\"Escrito por\" \/>\n\t<meta name=\"twitter:data1\" content=\"admpu17wp\" \/>\n\t<meta name=\"twitter:label2\" content=\"Tiempo de lectura\" \/>\n\t<meta name=\"twitter:data2\" content=\"3 minutos\" \/>\n<script type=\"application\/ld+json\" class=\"yoast-schema-graph\">{\"@context\":\"https:\/\/schema.org\",\"@graph\":[{\"@type\":\"Article\",\"@id\":\"https:\/\/experienciadevida.com.ar\/portalurbano\/reconocimiento-de-la-biodiversidad-en-el-bioparque-municipal-la-maxima\/#article\",\"isPartOf\":{\"@id\":\"https:\/\/experienciadevida.com.ar\/portalurbano\/reconocimiento-de-la-biodiversidad-en-el-bioparque-municipal-la-maxima\/\"},\"author\":{\"name\":\"admpu17wp\",\"@id\":\"https:\/\/experienciadevida.com.ar\/portalurbano\/#\/schema\/person\/02dd326b1c4b056e9cc972486934a3a7\"},\"headline\":\"\u201cReconocimiento de la biodiversidad\u201d en el Bioparque Municipal La M\u00e1xima\",\"datePublished\":\"2022-09-06T15:16:09+00:00\",\"dateModified\":\"2022-09-06T15:19:31+00:00\",\"mainEntityOfPage\":{\"@id\":\"https:\/\/experienciadevida.com.ar\/portalurbano\/reconocimiento-de-la-biodiversidad-en-el-bioparque-municipal-la-maxima\/\"},\"wordCount\":481,\"publisher\":{\"@id\":\"https:\/\/experienciadevida.com.ar\/portalurbano\/#organization\"},\"articleSection\":[\"Ciudad\"],\"inLanguage\":\"es\"},{\"@type\":\"WebPage\",\"@id\":\"https:\/\/experienciadevida.com.ar\/portalurbano\/reconocimiento-de-la-biodiversidad-en-el-bioparque-municipal-la-maxima\/\",\"url\":\"https:\/\/experienciadevida.com.ar\/portalurbano\/reconocimiento-de-la-biodiversidad-en-el-bioparque-municipal-la-maxima\/\",\"name\":\"\\\"Reconocimiento de la biodiversidad\\\" en el Bioparque La M\u00e1xima\",\"isPartOf\":{\"@id\":\"https:\/\/experienciadevida.com.ar\/portalurbano\/#website\"},\"datePublished\":\"2022-09-06T15:16:09+00:00\",\"dateModified\":\"2022-09-06T15:19:31+00:00\",\"description\":\"\u201cReconocimiento de la biodiversidad\u201d en el Bioparque Municipal La M\u00e1xima, durante el pasado mes de agosto, en el Bioparque Municipal\",\"breadcrumb\":{\"@id\":\"https:\/\/experienciadevida.com.ar\/portalurbano\/reconocimiento-de-la-biodiversidad-en-el-bioparque-municipal-la-maxima\/#breadcrumb\"},\"inLanguage\":\"es\",\"potentialAction\":[{\"@type\":\"ReadAction\",\"target\":[\"https:\/\/experienciadevida.com.ar\/portalurbano\/reconocimiento-de-la-biodiversidad-en-el-bioparque-municipal-la-maxima\/\"]}]},{\"@type\":\"BreadcrumbList\",\"@id\":\"https:\/\/experienciadevida.com.ar\/portalurbano\/reconocimiento-de-la-biodiversidad-en-el-bioparque-municipal-la-maxima\/#breadcrumb\",\"itemListElement\":[{\"@type\":\"ListItem\",\"position\":1,\"name\":\"Portada\",\"item\":\"https:\/\/experienciadevida.com.ar\/portalurbano\/\"},{\"@type\":\"ListItem\",\"position\":2,\"name\":\"\u201cReconocimiento de la biodiversidad\u201d en el Bioparque Municipal La M\u00e1xima\"}]},{\"@type\":\"WebSite\",\"@id\":\"https:\/\/experienciadevida.com.ar\/portalurbano\/#website\",\"url\":\"https:\/\/experienciadevida.com.ar\/portalurbano\/\",\"name\":\"\",\"description\":\"\",\"publisher\":{\"@id\":\"https:\/\/experienciadevida.com.ar\/portalurbano\/#organization\"},\"potentialAction\":[{\"@type\":\"SearchAction\",\"target\":{\"@type\":\"EntryPoint\",\"urlTemplate\":\"https:\/\/experienciadevida.com.ar\/portalurbano\/?s={search_term_string}\"},\"query-input\":\"required name=search_term_string\"}],\"inLanguage\":\"es\"},{\"@type\":\"Organization\",\"@id\":\"https:\/\/experienciadevida.com.ar\/portalurbano\/#organization\",\"name\":\"Portal Urbano\",\"url\":\"https:\/\/experienciadevida.com.ar\/portalurbano\/\",\"logo\":{\"@type\":\"ImageObject\",\"inLanguage\":\"es\",\"@id\":\"https:\/\/experienciadevida.com.ar\/portalurbano\/#\/schema\/logo\/image\/\",\"url\":\"https:\/\/experienciadevida.com.ar\/portalurbano\/wp-content\/uploads\/2019\/09\/Logo-Original.png\",\"contentUrl\":\"https:\/\/experienciadevida.com.ar\/portalurbano\/wp-content\/uploads\/2019\/09\/Logo-Original.png\",\"width\":2236,\"height\":1216,\"caption\":\"Portal Urbano\"},\"image\":{\"@id\":\"https:\/\/experienciadevida.com.ar\/portalurbano\/#\/schema\/logo\/image\/\"},\"sameAs\":[\"https:\/\/www.facebook.com\/Portal-Urbano-171542830093757\/\",\"https:\/\/twitter.com\/portalurbanook\",\"https:\/\/www.instagram.com\/_portalurbano\/\",\"https:\/\/www.youtube.com\/channel\/UCXhagIfszH8KxFiOok79zbA?view_as=subscriber\"]},{\"@type\":\"Person\",\"@id\":\"https:\/\/experienciadevida.com.ar\/portalurbano\/#\/schema\/person\/02dd326b1c4b056e9cc972486934a3a7\",\"name\":\"admpu17wp\",\"image\":{\"@type\":\"ImageObject\",\"inLanguage\":\"es\",\"@id\":\"https:\/\/experienciadevida.com.ar\/portalurbano\/#\/schema\/person\/image\/\",\"url\":\"https:\/\/secure.gravatar.com\/avatar\/830d4c57adaae6630765e449a6908047?s=96&d=mm&r=g\",\"contentUrl\":\"https:\/\/secure.gravatar.com\/avatar\/830d4c57adaae6630765e449a6908047?s=96&d=mm&r=g\",\"caption\":\"admpu17wp\"}}]}<\/script>\n<!-- \/ Yoast SEO plugin. -->","yoast_head_json":{"title":"\"Reconocimiento de la biodiversidad\" en el Bioparque La M\u00e1xima","description":"\u201cReconocimiento de la biodiversidad\u201d en el Bioparque Municipal La M\u00e1xima, durante el pasado mes de agosto, en el Bioparque Municipal","robots":{"index":"index","follow":"follow","max-snippet":"max-snippet:-1","max-image-preview":"max-image-preview:large","max-video-preview":"max-video-preview:-1"},"canonical":"https:\/\/experienciadevida.com.ar\/portalurbano\/reconocimiento-de-la-biodiversidad-en-el-bioparque-municipal-la-maxima\/","og_locale":"es_ES","og_type":"article","og_title":"\"Reconocimiento de la biodiversidad\" en el Bioparque La M\u00e1xima","og_description":"\u201cReconocimiento de la biodiversidad\u201d en el Bioparque Municipal La M\u00e1xima, durante el pasado mes de agosto, en el Bioparque Municipal","og_url":"https:\/\/experienciadevida.com.ar\/portalurbano\/reconocimiento-de-la-biodiversidad-en-el-bioparque-municipal-la-maxima\/","article_publisher":"https:\/\/www.facebook.com\/Portal-Urbano-171542830093757\/","article_published_time":"2022-09-06T15:16:09+00:00","article_modified_time":"2022-09-06T15:19:31+00:00","og_image":[{"width":1024,"height":682,"url":"https:\/\/experienciadevida.com.ar\/portalurbano\/wp-content\/uploads\/2022\/09\/Reconocimiento-de-la-biodiversidad-1024x682.jpg","type":"image\/jpeg"}],"author":"admpu17wp","twitter_card":"summary_large_image","twitter_creator":"@portalurbanook","twitter_site":"@portalurbanook","twitter_misc":{"Escrito por":"admpu17wp","Tiempo de lectura":"3 minutos"},"schema":{"@context":"https:\/\/schema.org","@graph":[{"@type":"Article","@id":"https:\/\/experienciadevida.com.ar\/portalurbano\/reconocimiento-de-la-biodiversidad-en-el-bioparque-municipal-la-maxima\/#article","isPartOf":{"@id":"https:\/\/experienciadevida.com.ar\/portalurbano\/reconocimiento-de-la-biodiversidad-en-el-bioparque-municipal-la-maxima\/"},"author":{"name":"admpu17wp","@id":"https:\/\/experienciadevida.com.ar\/portalurbano\/#\/schema\/person\/02dd326b1c4b056e9cc972486934a3a7"},"headline":"\u201cReconocimiento de la biodiversidad\u201d en el Bioparque Municipal La M\u00e1xima","datePublished":"2022-09-06T15:16:09+00:00","dateModified":"2022-09-06T15:19:31+00:00","mainEntityOfPage":{"@id":"https:\/\/experienciadevida.com.ar\/portalurbano\/reconocimiento-de-la-biodiversidad-en-el-bioparque-municipal-la-maxima\/"},"wordCount":481,"publisher":{"@id":"https:\/\/experienciadevida.com.ar\/portalurbano\/#organization"},"articleSection":["Ciudad"],"inLanguage":"es"},{"@type":"WebPage","@id":"https:\/\/experienciadevida.com.ar\/portalurbano\/reconocimiento-de-la-biodiversidad-en-el-bioparque-municipal-la-maxima\/","url":"https:\/\/experienciadevida.com.ar\/portalurbano\/reconocimiento-de-la-biodiversidad-en-el-bioparque-municipal-la-maxima\/","name":"\"Reconocimiento de la biodiversidad\" en el Bioparque La M\u00e1xima","isPartOf":{"@id":"https:\/\/experienciadevida.com.ar\/portalurbano\/#website"},"datePublished":"2022-09-06T15:16:09+00:00","dateModified":"2022-09-06T15:19:31+00:00","description":"\u201cReconocimiento de la biodiversidad\u201d en el Bioparque Municipal La M\u00e1xima, durante el pasado mes de agosto, en el Bioparque Municipal","breadcrumb":{"@id":"https:\/\/experienciadevida.com.ar\/portalurbano\/reconocimiento-de-la-biodiversidad-en-el-bioparque-municipal-la-maxima\/#breadcrumb"},"inLanguage":"es","potentialAction":[{"@type":"ReadAction","target":["https:\/\/experienciadevida.com.ar\/portalurbano\/reconocimiento-de-la-biodiversidad-en-el-bioparque-municipal-la-maxima\/"]}]},{"@type":"BreadcrumbList","@id":"https:\/\/experienciadevida.com.ar\/portalurbano\/reconocimiento-de-la-biodiversidad-en-el-bioparque-municipal-la-maxima\/#breadcrumb","itemListElement":[{"@type":"ListItem","position":1,"name":"Portada","item":"https:\/\/experienciadevida.com.ar\/portalurbano\/"},{"@type":"ListItem","position":2,"name":"\u201cReconocimiento de la biodiversidad\u201d en el Bioparque Municipal La M\u00e1xima"}]},{"@type":"WebSite","@id":"https:\/\/experienciadevida.com.ar\/portalurbano\/#website","url":"https:\/\/experienciadevida.com.ar\/portalurbano\/","name":"","description":"","publisher":{"@id":"https:\/\/experienciadevida.com.ar\/portalurbano\/#organization"},"potentialAction":[{"@type":"SearchAction","target":{"@type":"EntryPoint","urlTemplate":"https:\/\/experienciadevida.com.ar\/portalurbano\/?s={search_term_string}"},"query-input":"required name=search_term_string"}],"inLanguage":"es"},{"@type":"Organization","@id":"https:\/\/experienciadevida.com.ar\/portalurbano\/#organization","name":"Portal Urbano","url":"https:\/\/experienciadevida.com.ar\/portalurbano\/","logo":{"@type":"ImageObject","inLanguage":"es","@id":"https:\/\/experienciadevida.com.ar\/portalurbano\/#\/schema\/logo\/image\/","url":"https:\/\/experienciadevida.com.ar\/portalurbano\/wp-content\/uploads\/2019\/09\/Logo-Original.png","contentUrl":"https:\/\/experienciadevida.com.ar\/portalurbano\/wp-content\/uploads\/2019\/09\/Logo-Original.png","width":2236,"height":1216,"caption":"Portal Urbano"},"image":{"@id":"https:\/\/experienciadevida.com.ar\/portalurbano\/#\/schema\/logo\/image\/"},"sameAs":["https:\/\/www.facebook.com\/Portal-Urbano-171542830093757\/","https:\/\/twitter.com\/portalurbanook","https:\/\/www.instagram.com\/_portalurbano\/","https:\/\/www.youtube.com\/channel\/UCXhagIfszH8KxFiOok79zbA?view_as=subscriber"]},{"@type":"Person","@id":"https:\/\/experienciadevida.com.ar\/portalurbano\/#\/schema\/person\/02dd326b1c4b056e9cc972486934a3a7","name":"admpu17wp","image":{"@type":"ImageObject","inLanguage":"es","@id":"https:\/\/experienciadevida.com.ar\/portalurbano\/#\/schema\/person\/image\/","url":"https:\/\/secure.gravatar.com\/avatar\/830d4c57adaae6630765e449a6908047?s=96&d=mm&r=g","contentUrl":"https:\/\/secure.gravatar.com\/avatar\/830d4c57adaae6630765e449a6908047?s=96&d=mm&r=g","caption":"admpu17wp"}}]}},"featured_image_urls":{"full":["https:\/\/experienciadevida.com.ar\/portalurbano\/wp-content\/uploads\/2022\/09\/Reconocimiento-de-la-biodiversidad.jpg",1772,1181,false],"thumbnail":["https:\/\/experienciadevida.com.ar\/portalurbano\/wp-content\/uploads\/2022\/09\/Reconocimiento-de-la-biodiversidad-150x150.jpg",150,150,true],"medium":["https:\/\/experienciadevida.com.ar\/portalurbano\/wp-content\/uploads\/2022\/09\/Reconocimiento-de-la-biodiversidad-300x200.jpg",300,200,true],"medium_large":["https:\/\/experienciadevida.com.ar\/portalurbano\/wp-content\/uploads\/2022\/09\/Reconocimiento-de-la-biodiversidad-768x512.jpg",640,427,true],"large":["https:\/\/experienciadevida.com.ar\/portalurbano\/wp-content\/uploads\/2022\/09\/Reconocimiento-de-la-biodiversidad-1024x682.jpg",640,426,true],"ug_big":["https:\/\/experienciadevida.com.ar\/portalurbano\/wp-content\/uploads\/2022\/09\/Reconocimiento-de-la-biodiversidad-768x512.jpg",768,512,true],"1536x1536":["https:\/\/experienciadevida.com.ar\/portalurbano\/wp-content\/uploads\/2022\/09\/Reconocimiento-de-la-biodiversidad-1536x1024.jpg",1536,1024,true],"2048x2048":["https:\/\/experienciadevida.com.ar\/portalurbano\/wp-content\/uploads\/2022\/09\/Reconocimiento-de-la-biodiversidad.jpg",1772,1181,false],"newsever-slider-full":["https:\/\/experienciadevida.com.ar\/portalurbano\/wp-content\/uploads\/2022\/09\/Reconocimiento-de-la-biodiversidad.jpg",1268,845,false],"newsever-featured":["https:\/\/experienciadevida.com.ar\/portalurbano\/wp-content\/uploads\/2022\/09\/Reconocimiento-de-la-biodiversidad.jpg",1024,682,false],"newsever-medium":["https:\/\/experienciadevida.com.ar\/portalurbano\/wp-content\/uploads\/2022\/09\/Reconocimiento-de-la-biodiversidad.jpg",713,475,false],"web-stories-poster-portrait":["https:\/\/experienciadevida.com.ar\/portalurbano\/wp-content\/uploads\/2022\/09\/Reconocimiento-de-la-biodiversidad-640x853.jpg",640,853,true],"web-stories-publisher-logo":["https:\/\/experienciadevida.com.ar\/portalurbano\/wp-content\/uploads\/2022\/09\/Reconocimiento-de-la-biodiversidad-96x96.jpg",96,96,true],"web-stories-thumbnail":["https:\/\/experienciadevida.com.ar\/portalurbano\/wp-content\/uploads\/2022\/09\/Reconocimiento-de-la-biodiversidad-150x100.jpg",150,100,true]},"author_info":{"display_name":"admpu17wp","author_link":"https:\/\/experienciadevida.com.ar\/portalurbano\/author\/admpu17wp\/"},"category_info":"<a href=\"https:\/\/experienciadevida.com.ar\/portalurbano\/category\/ciudad\/\" rel=\"category tag\">Ciudad<\/a>","tag_info":"Ciudad","comment_count":"0","amp_enabled":true,"_links":{"self":[{"href":"https:\/\/experienciadevida.com.ar\/portalurbano\/wp-json\/wp\/v2\/posts\/174990"}],"collection":[{"href":"https:\/\/experienciadevida.com.ar\/portalurbano\/wp-json\/wp\/v2\/posts"}],"about":[{"href":"https:\/\/experienciadevida.com.ar\/portalurbano\/wp-json\/wp\/v2\/types\/post"}],"author":[{"embeddable":true,"href":"https:\/\/experienciadevida.com.ar\/portalurbano\/wp-json\/wp\/v2\/users\/1"}],"replies":[{"embeddable":true,"href":"https:\/\/experienciadevida.com.ar\/portalurbano\/wp-json\/wp\/v2\/comments?post=174990"}],"version-history":[{"count":3,"href":"https:\/\/experienciadevida.com.ar\/portalurbano\/wp-json\/wp\/v2\/posts\/174990\/revisions"}],"predecessor-version":[{"id":174996,"href":"https:\/\/experienciadevida.com.ar\/portalurbano\/wp-json\/wp\/v2\/posts\/174990\/revisions\/174996"}],"wp:featuredmedia":[{"embeddable":true,"href":"https:\/\/experienciadevida.com.ar\/portalurbano\/wp-json\/wp\/v2\/media\/174991"}],"wp:attachment":[{"href":"https:\/\/experienciadevida.com.ar\/portalurbano\/wp-json\/wp\/v2\/media?parent=174990"}],"wp:term":[{"taxonomy":"category","embeddable":true,"href":"https:\/\/experienciadevida.com.ar\/portalurbano\/wp-json\/wp\/v2\/categories?post=174990"},{"taxonomy":"post_tag","embeddable":true,"href":"https:\/\/experienciadevida.com.ar\/portalurbano\/wp-json\/wp\/v2\/tags?post=174990"}],"curies":[{"name":"wp","href":"https:\/\/api.w.org\/{rel}","templated":true}]}}