{"id":174967,"date":"2022-09-06T11:38:17","date_gmt":"2022-09-06T14:38:17","guid":{"rendered":"https:\/\/experienciadevida.com.ar\/portalurbano\/?p=174967"},"modified":"2022-09-06T11:38:44","modified_gmt":"2022-09-06T14:38:44","slug":"el-centro-de-estudios-de-coopelectric-participo-del-vi-encuentro-nacional-de-educacion-a-distancia-de-la-universidad-fasta","status":"publish","type":"post","link":"https:\/\/experienciadevida.com.ar\/portalurbano\/el-centro-de-estudios-de-coopelectric-participo-del-vi-encuentro-nacional-de-educacion-a-distancia-de-la-universidad-fasta\/","title":{"rendered":"El centro de estudios de Coopelectric particip\u00f3 del VI encuentro Nacional de educaci\u00f3n a distancia de la Universidad FASTA"},"content":{"rendered":"<p>El centro de estudios de Coopelectric particip\u00f3 del VI encuentro Nacional de educaci\u00f3n a distancia de la Universidad FASTA.<\/p>\n<p><a href=\"https:\/\/experienciadevida.com.ar\/portalurbano\/el-centro-de-estudios-de-coopelectric-participo-del-vi-encuentro-nacional-de-educacion-a-distancia-de-la-universidad-fasta\/el-38\/\" rel=\"attachment wp-att-174969\"><img decoding=\"async\" class=\"alignnone size-full wp-image-174969\" src=\"https:\/\/experienciadevida.com.ar\/portalurbano\/wp-content\/uploads\/2022\/09\/El.jpg\" alt=\"El \" width=\"1024\" height=\"683\" srcset=\"https:\/\/experienciadevida.com.ar\/portalurbano\/wp-content\/uploads\/2022\/09\/El.jpg 1024w, https:\/\/experienciadevida.com.ar\/portalurbano\/wp-content\/uploads\/2022\/09\/El-300x200.jpg 300w, https:\/\/experienciadevida.com.ar\/portalurbano\/wp-content\/uploads\/2022\/09\/El-768x512.jpg 768w, https:\/\/experienciadevida.com.ar\/portalurbano\/wp-content\/uploads\/2022\/09\/El-150x100.jpg 150w\" sizes=\"(max-width: 1024px) 100vw, 1024px\" \/><\/a><\/p>\n<p>El Centro de Estudios Universitarios (CEU) de Coopelectric particip\u00f3 del VI Encuentro Nacional de Educaci\u00f3n a Distancia de la Universidad Fasta que tuvo lugar en la ciudad de Mar del Plata.<\/p>\n<p>Por el CEU de Coopelectric estuvieron presentes su coordinadora Guadalupe Santana y Natalia Barzola, quienes participaron de diferentes actividades de formaci\u00f3n.<\/p>\n<p>\u201cLa propuesta del Congreso estuvo centrada en reforzar cuatro pilares de la Universidad Fasta: la contactaci\u00f3n, la permanencia, la gesti\u00f3n y la vinculaci\u00f3n\u201d expres\u00f3 Guadalupe Santana y agreg\u00f3 \u201ccada uno de estos aspectos<br \/>\ninfluyen en el trabajo que realizamos desde las unidades de apoyo y su profundizaci\u00f3n apunta a mejorar la trayectoria educativa de nuestros estudiantes\u201d<\/p>\n<p>Mat\u00edas Castro Videla, secretario de Educaci\u00f3n a Distancia de la Universidad afirm\u00f3 \u201ceste congreso reuni\u00f3 a los equipos de gesti\u00f3n de las 100 unidades de apoyo acad\u00e9mico que tiene la Ufasta a lo largo y ancho de Argentina\u201d. Esta<br \/>\nmodalidad cuenta con 13.600 alumnos.<\/p>\n<p>Al ser consultado sobre por qu\u00e9 cada vez m\u00e1s estudiantes eligen estudiar a distancia, Castro Videla se\u00f1al\u00f3 que \u201cesta modalidad tiene la ventaja de poder articular la vida laboral, familiar y personal con el estudio. Muchas<br \/>\npersonas eligen estudiar a distancia en la Ufasta porque han encontrado una propuesta que se adecua a sus necesidades y adem\u00e1s el reconocimiento de sus t\u00edtulos\u201d.<\/p>\n<p>Sobre la pandemia, se se\u00f1al\u00f3 el trabajo realizado y la forma en que se potenci\u00f3 la modalidad educativa a distancia, destacando que se trata de \u201cun m\u00e9todo educativo que a lo largo de 20 a\u00f1os se ha ido perfeccionando e<br \/>\ninnovando con la incorporaci\u00f3n de nuevas herramientas\u201d.<\/p>\n","protected":false},"excerpt":{"rendered":"<p>El centro de estudios de Coopelectric particip\u00f3 del VI encuentro Nacional de educaci\u00f3n a distancia&#8230;<\/p>\n","protected":false},"author":1,"featured_media":174968,"comment_status":"closed","ping_status":"closed","sticky":false,"template":"","format":"standard","meta":{"content-type":""},"categories":[31],"tags":[],"nelio_content":{"isAutoShareEnabled":false,"autoShareEndMode":"default","automationSources":{"useContentSentences":true,"useSocialTemplates":true,"useCustomSentences":false,"customSentences":[]},"followers":[1],"suggestedReferences":[],"includedReferences":[],"efiUrl":"","efiAlt":"","highlights":[]},"yoast_head":"<!-- This site is optimized with the Yoast SEO plugin v20.7 - https:\/\/yoast.com\/wordpress\/plugins\/seo\/ -->\n<title>El Centro de estudios de coopelectric particip\u00f3 del VI encuentro<\/title>\n<meta name=\"description\" content=\"El centro de estudios de Coopelectric particip\u00f3 del VI encuentro Nacional de educaci\u00f3n a distancia de la Universidad FASTA.\" \/>\n<meta name=\"robots\" content=\"index, follow, max-snippet:-1, max-image-preview:large, max-video-preview:-1\" \/>\n<link rel=\"canonical\" href=\"https:\/\/experienciadevida.com.ar\/portalurbano\/el-centro-de-estudios-de-coopelectric-participo-del-vi-encuentro-nacional-de-educacion-a-distancia-de-la-universidad-fasta\/\" \/>\n<meta property=\"og:locale\" content=\"es_ES\" \/>\n<meta property=\"og:type\" content=\"article\" \/>\n<meta property=\"og:title\" content=\"El Centro de estudios de coopelectric particip\u00f3 del VI encuentro\" \/>\n<meta property=\"og:description\" content=\"El centro de estudios de Coopelectric particip\u00f3 del VI encuentro Nacional de educaci\u00f3n a distancia de la Universidad FASTA.\" \/>\n<meta property=\"og:url\" content=\"https:\/\/experienciadevida.com.ar\/portalurbano\/el-centro-de-estudios-de-coopelectric-participo-del-vi-encuentro-nacional-de-educacion-a-distancia-de-la-universidad-fasta\/\" \/>\n<meta property=\"article:publisher\" content=\"https:\/\/www.facebook.com\/Portal-Urbano-171542830093757\/\" \/>\n<meta property=\"article:published_time\" content=\"2022-09-06T14:38:17+00:00\" \/>\n<meta property=\"article:modified_time\" content=\"2022-09-06T14:38:44+00:00\" \/>\n<meta property=\"og:image\" content=\"https:\/\/experienciadevida.com.ar\/portalurbano\/wp-content\/uploads\/2022\/09\/El-centro-de-estudios.jpeg\" \/>\n\t<meta property=\"og:image:width\" content=\"960\" \/>\n\t<meta property=\"og:image:height\" content=\"640\" \/>\n\t<meta property=\"og:image:type\" content=\"image\/jpeg\" \/>\n<meta name=\"author\" content=\"admpu17wp\" \/>\n<meta name=\"twitter:card\" content=\"summary_large_image\" \/>\n<meta name=\"twitter:creator\" content=\"@portalurbanook\" \/>\n<meta name=\"twitter:site\" content=\"@portalurbanook\" \/>\n<meta name=\"twitter:label1\" content=\"Escrito por\" \/>\n\t<meta name=\"twitter:data1\" content=\"admpu17wp\" \/>\n\t<meta name=\"twitter:label2\" content=\"Tiempo de lectura\" \/>\n\t<meta name=\"twitter:data2\" content=\"2 minutos\" \/>\n<script type=\"application\/ld+json\" class=\"yoast-schema-graph\">{\"@context\":\"https:\/\/schema.org\",\"@graph\":[{\"@type\":\"Article\",\"@id\":\"https:\/\/experienciadevida.com.ar\/portalurbano\/el-centro-de-estudios-de-coopelectric-participo-del-vi-encuentro-nacional-de-educacion-a-distancia-de-la-universidad-fasta\/#article\",\"isPartOf\":{\"@id\":\"https:\/\/experienciadevida.com.ar\/portalurbano\/el-centro-de-estudios-de-coopelectric-participo-del-vi-encuentro-nacional-de-educacion-a-distancia-de-la-universidad-fasta\/\"},\"author\":{\"name\":\"admpu17wp\",\"@id\":\"https:\/\/experienciadevida.com.ar\/portalurbano\/#\/schema\/person\/02dd326b1c4b056e9cc972486934a3a7\"},\"headline\":\"El centro de estudios de Coopelectric particip\u00f3 del VI encuentro Nacional de educaci\u00f3n a distancia de la Universidad FASTA\",\"datePublished\":\"2022-09-06T14:38:17+00:00\",\"dateModified\":\"2022-09-06T14:38:44+00:00\",\"mainEntityOfPage\":{\"@id\":\"https:\/\/experienciadevida.com.ar\/portalurbano\/el-centro-de-estudios-de-coopelectric-participo-del-vi-encuentro-nacional-de-educacion-a-distancia-de-la-universidad-fasta\/\"},\"wordCount\":316,\"publisher\":{\"@id\":\"https:\/\/experienciadevida.com.ar\/portalurbano\/#organization\"},\"articleSection\":[\"Educaci\u00f3n\"],\"inLanguage\":\"es\"},{\"@type\":\"WebPage\",\"@id\":\"https:\/\/experienciadevida.com.ar\/portalurbano\/el-centro-de-estudios-de-coopelectric-participo-del-vi-encuentro-nacional-de-educacion-a-distancia-de-la-universidad-fasta\/\",\"url\":\"https:\/\/experienciadevida.com.ar\/portalurbano\/el-centro-de-estudios-de-coopelectric-participo-del-vi-encuentro-nacional-de-educacion-a-distancia-de-la-universidad-fasta\/\",\"name\":\"El Centro de estudios de coopelectric particip\u00f3 del VI encuentro\",\"isPartOf\":{\"@id\":\"https:\/\/experienciadevida.com.ar\/portalurbano\/#website\"},\"datePublished\":\"2022-09-06T14:38:17+00:00\",\"dateModified\":\"2022-09-06T14:38:44+00:00\",\"description\":\"El centro de estudios de Coopelectric particip\u00f3 del VI encuentro Nacional de educaci\u00f3n a distancia de la Universidad FASTA.\",\"breadcrumb\":{\"@id\":\"https:\/\/experienciadevida.com.ar\/portalurbano\/el-centro-de-estudios-de-coopelectric-participo-del-vi-encuentro-nacional-de-educacion-a-distancia-de-la-universidad-fasta\/#breadcrumb\"},\"inLanguage\":\"es\",\"potentialAction\":[{\"@type\":\"ReadAction\",\"target\":[\"https:\/\/experienciadevida.com.ar\/portalurbano\/el-centro-de-estudios-de-coopelectric-participo-del-vi-encuentro-nacional-de-educacion-a-distancia-de-la-universidad-fasta\/\"]}]},{\"@type\":\"BreadcrumbList\",\"@id\":\"https:\/\/experienciadevida.com.ar\/portalurbano\/el-centro-de-estudios-de-coopelectric-participo-del-vi-encuentro-nacional-de-educacion-a-distancia-de-la-universidad-fasta\/#breadcrumb\",\"itemListElement\":[{\"@type\":\"ListItem\",\"position\":1,\"name\":\"Portada\",\"item\":\"https:\/\/experienciadevida.com.ar\/portalurbano\/\"},{\"@type\":\"ListItem\",\"position\":2,\"name\":\"El centro de estudios de Coopelectric particip\u00f3 del VI encuentro Nacional de educaci\u00f3n a distancia de la Universidad FASTA\"}]},{\"@type\":\"WebSite\",\"@id\":\"https:\/\/experienciadevida.com.ar\/portalurbano\/#website\",\"url\":\"https:\/\/experienciadevida.com.ar\/portalurbano\/\",\"name\":\"\",\"description\":\"\",\"publisher\":{\"@id\":\"https:\/\/experienciadevida.com.ar\/portalurbano\/#organization\"},\"potentialAction\":[{\"@type\":\"SearchAction\",\"target\":{\"@type\":\"EntryPoint\",\"urlTemplate\":\"https:\/\/experienciadevida.com.ar\/portalurbano\/?s={search_term_string}\"},\"query-input\":\"required name=search_term_string\"}],\"inLanguage\":\"es\"},{\"@type\":\"Organization\",\"@id\":\"https:\/\/experienciadevida.com.ar\/portalurbano\/#organization\",\"name\":\"Portal Urbano\",\"url\":\"https:\/\/experienciadevida.com.ar\/portalurbano\/\",\"logo\":{\"@type\":\"ImageObject\",\"inLanguage\":\"es\",\"@id\":\"https:\/\/experienciadevida.com.ar\/portalurbano\/#\/schema\/logo\/image\/\",\"url\":\"https:\/\/experienciadevida.com.ar\/portalurbano\/wp-content\/uploads\/2019\/09\/Logo-Original.png\",\"contentUrl\":\"https:\/\/experienciadevida.com.ar\/portalurbano\/wp-content\/uploads\/2019\/09\/Logo-Original.png\",\"width\":2236,\"height\":1216,\"caption\":\"Portal Urbano\"},\"image\":{\"@id\":\"https:\/\/experienciadevida.com.ar\/portalurbano\/#\/schema\/logo\/image\/\"},\"sameAs\":[\"https:\/\/www.facebook.com\/Portal-Urbano-171542830093757\/\",\"https:\/\/twitter.com\/portalurbanook\",\"https:\/\/www.instagram.com\/_portalurbano\/\",\"https:\/\/www.youtube.com\/channel\/UCXhagIfszH8KxFiOok79zbA?view_as=subscriber\"]},{\"@type\":\"Person\",\"@id\":\"https:\/\/experienciadevida.com.ar\/portalurbano\/#\/schema\/person\/02dd326b1c4b056e9cc972486934a3a7\",\"name\":\"admpu17wp\",\"image\":{\"@type\":\"ImageObject\",\"inLanguage\":\"es\",\"@id\":\"https:\/\/experienciadevida.com.ar\/portalurbano\/#\/schema\/person\/image\/\",\"url\":\"https:\/\/secure.gravatar.com\/avatar\/830d4c57adaae6630765e449a6908047?s=96&d=mm&r=g\",\"contentUrl\":\"https:\/\/secure.gravatar.com\/avatar\/830d4c57adaae6630765e449a6908047?s=96&d=mm&r=g\",\"caption\":\"admpu17wp\"}}]}<\/script>\n<!-- \/ Yoast SEO plugin. -->","yoast_head_json":{"title":"El Centro de estudios de coopelectric particip\u00f3 del VI encuentro","description":"El centro de estudios de Coopelectric particip\u00f3 del VI encuentro Nacional de educaci\u00f3n a distancia de la Universidad FASTA.","robots":{"index":"index","follow":"follow","max-snippet":"max-snippet:-1","max-image-preview":"max-image-preview:large","max-video-preview":"max-video-preview:-1"},"canonical":"https:\/\/experienciadevida.com.ar\/portalurbano\/el-centro-de-estudios-de-coopelectric-participo-del-vi-encuentro-nacional-de-educacion-a-distancia-de-la-universidad-fasta\/","og_locale":"es_ES","og_type":"article","og_title":"El Centro de estudios de coopelectric particip\u00f3 del VI encuentro","og_description":"El centro de estudios de Coopelectric particip\u00f3 del VI encuentro Nacional de educaci\u00f3n a distancia de la Universidad FASTA.","og_url":"https:\/\/experienciadevida.com.ar\/portalurbano\/el-centro-de-estudios-de-coopelectric-participo-del-vi-encuentro-nacional-de-educacion-a-distancia-de-la-universidad-fasta\/","article_publisher":"https:\/\/www.facebook.com\/Portal-Urbano-171542830093757\/","article_published_time":"2022-09-06T14:38:17+00:00","article_modified_time":"2022-09-06T14:38:44+00:00","og_image":[{"width":960,"height":640,"url":"https:\/\/experienciadevida.com.ar\/portalurbano\/wp-content\/uploads\/2022\/09\/El-centro-de-estudios.jpeg","type":"image\/jpeg"}],"author":"admpu17wp","twitter_card":"summary_large_image","twitter_creator":"@portalurbanook","twitter_site":"@portalurbanook","twitter_misc":{"Escrito por":"admpu17wp","Tiempo de lectura":"2 minutos"},"schema":{"@context":"https:\/\/schema.org","@graph":[{"@type":"Article","@id":"https:\/\/experienciadevida.com.ar\/portalurbano\/el-centro-de-estudios-de-coopelectric-participo-del-vi-encuentro-nacional-de-educacion-a-distancia-de-la-universidad-fasta\/#article","isPartOf":{"@id":"https:\/\/experienciadevida.com.ar\/portalurbano\/el-centro-de-estudios-de-coopelectric-participo-del-vi-encuentro-nacional-de-educacion-a-distancia-de-la-universidad-fasta\/"},"author":{"name":"admpu17wp","@id":"https:\/\/experienciadevida.com.ar\/portalurbano\/#\/schema\/person\/02dd326b1c4b056e9cc972486934a3a7"},"headline":"El centro de estudios de Coopelectric particip\u00f3 del VI encuentro Nacional de educaci\u00f3n a distancia de la Universidad FASTA","datePublished":"2022-09-06T14:38:17+00:00","dateModified":"2022-09-06T14:38:44+00:00","mainEntityOfPage":{"@id":"https:\/\/experienciadevida.com.ar\/portalurbano\/el-centro-de-estudios-de-coopelectric-participo-del-vi-encuentro-nacional-de-educacion-a-distancia-de-la-universidad-fasta\/"},"wordCount":316,"publisher":{"@id":"https:\/\/experienciadevida.com.ar\/portalurbano\/#organization"},"articleSection":["Educaci\u00f3n"],"inLanguage":"es"},{"@type":"WebPage","@id":"https:\/\/experienciadevida.com.ar\/portalurbano\/el-centro-de-estudios-de-coopelectric-participo-del-vi-encuentro-nacional-de-educacion-a-distancia-de-la-universidad-fasta\/","url":"https:\/\/experienciadevida.com.ar\/portalurbano\/el-centro-de-estudios-de-coopelectric-participo-del-vi-encuentro-nacional-de-educacion-a-distancia-de-la-universidad-fasta\/","name":"El Centro de estudios de coopelectric particip\u00f3 del VI encuentro","isPartOf":{"@id":"https:\/\/experienciadevida.com.ar\/portalurbano\/#website"},"datePublished":"2022-09-06T14:38:17+00:00","dateModified":"2022-09-06T14:38:44+00:00","description":"El centro de estudios de Coopelectric particip\u00f3 del VI encuentro Nacional de educaci\u00f3n a distancia de la Universidad FASTA.","breadcrumb":{"@id":"https:\/\/experienciadevida.com.ar\/portalurbano\/el-centro-de-estudios-de-coopelectric-participo-del-vi-encuentro-nacional-de-educacion-a-distancia-de-la-universidad-fasta\/#breadcrumb"},"inLanguage":"es","potentialAction":[{"@type":"ReadAction","target":["https:\/\/experienciadevida.com.ar\/portalurbano\/el-centro-de-estudios-de-coopelectric-participo-del-vi-encuentro-nacional-de-educacion-a-distancia-de-la-universidad-fasta\/"]}]},{"@type":"BreadcrumbList","@id":"https:\/\/experienciadevida.com.ar\/portalurbano\/el-centro-de-estudios-de-coopelectric-participo-del-vi-encuentro-nacional-de-educacion-a-distancia-de-la-universidad-fasta\/#breadcrumb","itemListElement":[{"@type":"ListItem","position":1,"name":"Portada","item":"https:\/\/experienciadevida.com.ar\/portalurbano\/"},{"@type":"ListItem","position":2,"name":"El centro de estudios de Coopelectric particip\u00f3 del VI encuentro Nacional de educaci\u00f3n a distancia de la Universidad FASTA"}]},{"@type":"WebSite","@id":"https:\/\/experienciadevida.com.ar\/portalurbano\/#website","url":"https:\/\/experienciadevida.com.ar\/portalurbano\/","name":"","description":"","publisher":{"@id":"https:\/\/experienciadevida.com.ar\/portalurbano\/#organization"},"potentialAction":[{"@type":"SearchAction","target":{"@type":"EntryPoint","urlTemplate":"https:\/\/experienciadevida.com.ar\/portalurbano\/?s={search_term_string}"},"query-input":"required name=search_term_string"}],"inLanguage":"es"},{"@type":"Organization","@id":"https:\/\/experienciadevida.com.ar\/portalurbano\/#organization","name":"Portal Urbano","url":"https:\/\/experienciadevida.com.ar\/portalurbano\/","logo":{"@type":"ImageObject","inLanguage":"es","@id":"https:\/\/experienciadevida.com.ar\/portalurbano\/#\/schema\/logo\/image\/","url":"https:\/\/experienciadevida.com.ar\/portalurbano\/wp-content\/uploads\/2019\/09\/Logo-Original.png","contentUrl":"https:\/\/experienciadevida.com.ar\/portalurbano\/wp-content\/uploads\/2019\/09\/Logo-Original.png","width":2236,"height":1216,"caption":"Portal Urbano"},"image":{"@id":"https:\/\/experienciadevida.com.ar\/portalurbano\/#\/schema\/logo\/image\/"},"sameAs":["https:\/\/www.facebook.com\/Portal-Urbano-171542830093757\/","https:\/\/twitter.com\/portalurbanook","https:\/\/www.instagram.com\/_portalurbano\/","https:\/\/www.youtube.com\/channel\/UCXhagIfszH8KxFiOok79zbA?view_as=subscriber"]},{"@type":"Person","@id":"https:\/\/experienciadevida.com.ar\/portalurbano\/#\/schema\/person\/02dd326b1c4b056e9cc972486934a3a7","name":"admpu17wp","image":{"@type":"ImageObject","inLanguage":"es","@id":"https:\/\/experienciadevida.com.ar\/portalurbano\/#\/schema\/person\/image\/","url":"https:\/\/secure.gravatar.com\/avatar\/830d4c57adaae6630765e449a6908047?s=96&d=mm&r=g","contentUrl":"https:\/\/secure.gravatar.com\/avatar\/830d4c57adaae6630765e449a6908047?s=96&d=mm&r=g","caption":"admpu17wp"}}]}},"featured_image_urls":{"full":["https:\/\/experienciadevida.com.ar\/portalurbano\/wp-content\/uploads\/2022\/09\/El-centro-de-estudios.jpeg",960,640,false],"thumbnail":["https:\/\/experienciadevida.com.ar\/portalurbano\/wp-content\/uploads\/2022\/09\/El-centro-de-estudios-150x150.jpeg",150,150,true],"medium":["https:\/\/experienciadevida.com.ar\/portalurbano\/wp-content\/uploads\/2022\/09\/El-centro-de-estudios-300x200.jpeg",300,200,true],"medium_large":["https:\/\/experienciadevida.com.ar\/portalurbano\/wp-content\/uploads\/2022\/09\/El-centro-de-estudios-768x512.jpeg",640,427,true],"large":["https:\/\/experienciadevida.com.ar\/portalurbano\/wp-content\/uploads\/2022\/09\/El-centro-de-estudios.jpeg",640,427,false],"ug_big":["https:\/\/experienciadevida.com.ar\/portalurbano\/wp-content\/uploads\/2022\/09\/El-centro-de-estudios-768x512.jpeg",768,512,true],"1536x1536":["https:\/\/experienciadevida.com.ar\/portalurbano\/wp-content\/uploads\/2022\/09\/El-centro-de-estudios.jpeg",960,640,false],"2048x2048":["https:\/\/experienciadevida.com.ar\/portalurbano\/wp-content\/uploads\/2022\/09\/El-centro-de-estudios.jpeg",960,640,false],"newsever-slider-full":["https:\/\/experienciadevida.com.ar\/portalurbano\/wp-content\/uploads\/2022\/09\/El-centro-de-estudios.jpeg",960,640,false],"newsever-featured":["https:\/\/experienciadevida.com.ar\/portalurbano\/wp-content\/uploads\/2022\/09\/El-centro-de-estudios.jpeg",960,640,false],"newsever-medium":["https:\/\/experienciadevida.com.ar\/portalurbano\/wp-content\/uploads\/2022\/09\/El-centro-de-estudios.jpeg",713,475,false],"web-stories-poster-portrait":["https:\/\/experienciadevida.com.ar\/portalurbano\/wp-content\/uploads\/2022\/09\/El-centro-de-estudios-640x640.jpeg",640,640,true],"web-stories-publisher-logo":["https:\/\/experienciadevida.com.ar\/portalurbano\/wp-content\/uploads\/2022\/09\/El-centro-de-estudios-96x96.jpeg",96,96,true],"web-stories-thumbnail":["https:\/\/experienciadevida.com.ar\/portalurbano\/wp-content\/uploads\/2022\/09\/El-centro-de-estudios-150x100.jpeg",150,100,true]},"author_info":{"display_name":"admpu17wp","author_link":"https:\/\/experienciadevida.com.ar\/portalurbano\/author\/admpu17wp\/"},"category_info":"<a href=\"https:\/\/experienciadevida.com.ar\/portalurbano\/category\/ciudad\/educacion\/\" rel=\"category tag\">Educaci\u00f3n<\/a>","tag_info":"Educaci\u00f3n","comment_count":"0","amp_enabled":true,"_links":{"self":[{"href":"https:\/\/experienciadevida.com.ar\/portalurbano\/wp-json\/wp\/v2\/posts\/174967"}],"collection":[{"href":"https:\/\/experienciadevida.com.ar\/portalurbano\/wp-json\/wp\/v2\/posts"}],"about":[{"href":"https:\/\/experienciadevida.com.ar\/portalurbano\/wp-json\/wp\/v2\/types\/post"}],"author":[{"embeddable":true,"href":"https:\/\/experienciadevida.com.ar\/portalurbano\/wp-json\/wp\/v2\/users\/1"}],"replies":[{"embeddable":true,"href":"https:\/\/experienciadevida.com.ar\/portalurbano\/wp-json\/wp\/v2\/comments?post=174967"}],"version-history":[{"count":2,"href":"https:\/\/experienciadevida.com.ar\/portalurbano\/wp-json\/wp\/v2\/posts\/174967\/revisions"}],"predecessor-version":[{"id":174971,"href":"https:\/\/experienciadevida.com.ar\/portalurbano\/wp-json\/wp\/v2\/posts\/174967\/revisions\/174971"}],"wp:featuredmedia":[{"embeddable":true,"href":"https:\/\/experienciadevida.com.ar\/portalurbano\/wp-json\/wp\/v2\/media\/174968"}],"wp:attachment":[{"href":"https:\/\/experienciadevida.com.ar\/portalurbano\/wp-json\/wp\/v2\/media?parent=174967"}],"wp:term":[{"taxonomy":"category","embeddable":true,"href":"https:\/\/experienciadevida.com.ar\/portalurbano\/wp-json\/wp\/v2\/categories?post=174967"},{"taxonomy":"post_tag","embeddable":true,"href":"https:\/\/experienciadevida.com.ar\/portalurbano\/wp-json\/wp\/v2\/tags?post=174967"}],"curies":[{"name":"wp","href":"https:\/\/api.w.org\/{rel}","templated":true}]}}