{"id":174947,"date":"2022-09-06T11:05:41","date_gmt":"2022-09-06T14:05:41","guid":{"rendered":"https:\/\/experienciadevida.com.ar\/portalurbano\/?p=174947"},"modified":"2022-09-06T11:13:55","modified_gmt":"2022-09-06T14:13:55","slug":"primeras-entrevistas-de-asesoramiento-y-acompanamiento-a-familias-autoconstructoras","status":"publish","type":"post","link":"https:\/\/experienciadevida.com.ar\/portalurbano\/primeras-entrevistas-de-asesoramiento-y-acompanamiento-a-familias-autoconstructoras\/","title":{"rendered":"Primeras entrevistas de asesoramiento y acompa\u00f1amiento a familias autoconstructoras"},"content":{"rendered":"<p>Primeras entrevistas de asesoramiento y acompa\u00f1amiento a familias autoconstructoras, as\u00ed lo informaron desde la Direcci\u00f3n de Casa de Tierras y Regularizaci\u00f3n Dominial de la <a href=\"https:\/\/www.facebook.com\/municipiodeolavarria\">Municipalidad<\/a> de Olavarr\u00eda se expres\u00f3 que en las \u00faltimas horas se llev\u00f3 a cabo la primera experiencia enmarcada en el nuevo servicio de asistencia, asesoramiento t\u00e9cnico y acompa\u00f1amiento que se ofrece desde el \u00e1rea a familias autoconstructoras.<\/p>\n<p>Fueron en total 5 las familias que tomaron parte de este primer encuentro, ocasi\u00f3n que sirvi\u00f3 para compartir una charla y conocer cu\u00e1les son sus ideas en cuanto al proyecto de su futuro hogar. Se trata de personas que ya se encuentran seleccionadas para acceder pr\u00f3ximamente a un lote.<\/p>\n<p>El encuentro se tradujo en una experiencia exploratoria y enriquecedora para ambas partes, ya que desde la Direcci\u00f3n encabezada por Mar\u00eda Jos\u00e9 Gonz\u00e1lez se puso el acento en c\u00f3mo el intercambio permite conocer las inquietudes y necesidades de las familias al momento de concretar el sue\u00f1o del techo propio.<\/p>\n<p>Se recuerda que el equipo t\u00e9cnico se encuentra integrado por una agrimensora, un maestro mayor de obras y una licenciada en dise\u00f1o interior, quienes asesoran a aquellos vecinos y vecinas con tenencia de lote sobre c\u00f3mo optimizar recursos y tiempos para poder concretar el sue\u00f1o de la casa propia.<\/p>\n<p>En ese sentido, vale recordar que sigue su recorrido el Programa de Atenci\u00f3n Descentralizada, donde se ofrece no s\u00f3lo este servicio, sino adem\u00e1s la posibilidad de concretar la inscripci\u00f3n al Registro de Demanda Habitacional -para lo cual se deber\u00e1 concurrir con DNI del grupo familiar-, asesoramiento sobre Afectaci\u00f3n Bien de Familia (Ley N\u00ba 24.374), Escrituraci\u00f3n Social (Ley N\u00ba 10.830) y consultas administrativas en general.<\/p>\n<p>Este mi\u00e9rcoles funcionarios del \u00e1rea estar\u00e1n en el Servicio Territorial Municipal N\u00b0 2, ubicado sobre el cruce de avenida Alberdi y Coronel Su\u00e1rez, mientras que este mi\u00e9rcoles lo har\u00e1n en el Servicio Territorial Municipal N\u00b0 1, de avenida Alberdi y Fassina.<\/p>\n<p><a href=\"https:\/\/experienciadevida.com.ar\/portalurbano\/primeras-entrevistas-de-asesoramiento-y-acompanamiento-a-familias-autoconstructoras\/primeras\/\" rel=\"attachment wp-att-174950\"><img decoding=\"async\" class=\"alignnone size-large wp-image-174950\" src=\"https:\/\/experienciadevida.com.ar\/portalurbano\/wp-content\/uploads\/2022\/09\/Primeras-1024x682.jpg\" alt=\"Primeras \" width=\"900\" height=\"599\" srcset=\"https:\/\/experienciadevida.com.ar\/portalurbano\/wp-content\/uploads\/2022\/09\/Primeras-1024x682.jpg 1024w, https:\/\/experienciadevida.com.ar\/portalurbano\/wp-content\/uploads\/2022\/09\/Primeras-300x200.jpg 300w, https:\/\/experienciadevida.com.ar\/portalurbano\/wp-content\/uploads\/2022\/09\/Primeras-768x512.jpg 768w, https:\/\/experienciadevida.com.ar\/portalurbano\/wp-content\/uploads\/2022\/09\/Primeras-1536x1024.jpg 1536w, https:\/\/experienciadevida.com.ar\/portalurbano\/wp-content\/uploads\/2022\/09\/Primeras-150x100.jpg 150w, https:\/\/experienciadevida.com.ar\/portalurbano\/wp-content\/uploads\/2022\/09\/Primeras.jpg 1772w\" sizes=\"(max-width: 900px) 100vw, 900px\" \/><\/a><\/p>\n","protected":false},"excerpt":{"rendered":"<p>Primeras entrevistas de asesoramiento y acompa\u00f1amiento a familias autoconstructoras, as\u00ed lo informaron desde la Direcci\u00f3n&#8230;<\/p>\n","protected":false},"author":1,"featured_media":174948,"comment_status":"closed","ping_status":"closed","sticky":false,"template":"","format":"standard","meta":{"content-type":""},"categories":[27,51],"tags":[],"nelio_content":{"isAutoShareEnabled":false,"autoShareEndMode":"default","automationSources":{"useContentSentences":true,"useSocialTemplates":true,"useCustomSentences":false,"customSentences":[]},"followers":[1],"suggestedReferences":[],"includedReferences":[],"efiUrl":"","efiAlt":"","highlights":[]},"yoast_head":"<!-- This site is optimized with the Yoast SEO plugin v20.7 - https:\/\/yoast.com\/wordpress\/plugins\/seo\/ -->\n<title>Primeras entrevistas de asesoramiento y acompa\u00f1amiento<\/title>\n<meta name=\"description\" content=\"Primeras entrevistas de asesoramiento y acompa\u00f1amiento a familias autoconstructoras, as\u00ed lo informaron desde la Direcci\u00f3n de Casa\" \/>\n<meta name=\"robots\" content=\"index, follow, max-snippet:-1, max-image-preview:large, max-video-preview:-1\" \/>\n<link rel=\"canonical\" href=\"https:\/\/experienciadevida.com.ar\/portalurbano\/primeras-entrevistas-de-asesoramiento-y-acompanamiento-a-familias-autoconstructoras\/\" \/>\n<meta property=\"og:locale\" content=\"es_ES\" \/>\n<meta property=\"og:type\" content=\"article\" \/>\n<meta property=\"og:title\" content=\"Primeras entrevistas de asesoramiento y acompa\u00f1amiento\" \/>\n<meta property=\"og:description\" content=\"Primeras entrevistas de asesoramiento y acompa\u00f1amiento a familias autoconstructoras, as\u00ed lo informaron desde la Direcci\u00f3n de Casa\" \/>\n<meta property=\"og:url\" content=\"https:\/\/experienciadevida.com.ar\/portalurbano\/primeras-entrevistas-de-asesoramiento-y-acompanamiento-a-familias-autoconstructoras\/\" \/>\n<meta property=\"article:publisher\" content=\"https:\/\/www.facebook.com\/Portal-Urbano-171542830093757\/\" \/>\n<meta property=\"article:published_time\" content=\"2022-09-06T14:05:41+00:00\" \/>\n<meta property=\"article:modified_time\" content=\"2022-09-06T14:13:55+00:00\" \/>\n<meta property=\"og:image\" content=\"https:\/\/experienciadevida.com.ar\/portalurbano\/wp-content\/uploads\/2022\/09\/Primeras-entrevistas-de-asesoramiento.jpg\" \/>\n\t<meta property=\"og:image:width\" content=\"1772\" \/>\n\t<meta property=\"og:image:height\" content=\"1181\" \/>\n\t<meta property=\"og:image:type\" content=\"image\/jpeg\" \/>\n<meta name=\"author\" content=\"admpu17wp\" \/>\n<meta name=\"twitter:card\" content=\"summary_large_image\" \/>\n<meta name=\"twitter:creator\" content=\"@portalurbanook\" \/>\n<meta name=\"twitter:site\" content=\"@portalurbanook\" \/>\n<meta name=\"twitter:label1\" content=\"Escrito por\" \/>\n\t<meta name=\"twitter:data1\" content=\"admpu17wp\" \/>\n\t<meta name=\"twitter:label2\" content=\"Tiempo de lectura\" \/>\n\t<meta name=\"twitter:data2\" content=\"2 minutos\" \/>\n<script type=\"application\/ld+json\" class=\"yoast-schema-graph\">{\"@context\":\"https:\/\/schema.org\",\"@graph\":[{\"@type\":\"Article\",\"@id\":\"https:\/\/experienciadevida.com.ar\/portalurbano\/primeras-entrevistas-de-asesoramiento-y-acompanamiento-a-familias-autoconstructoras\/#article\",\"isPartOf\":{\"@id\":\"https:\/\/experienciadevida.com.ar\/portalurbano\/primeras-entrevistas-de-asesoramiento-y-acompanamiento-a-familias-autoconstructoras\/\"},\"author\":{\"name\":\"admpu17wp\",\"@id\":\"https:\/\/experienciadevida.com.ar\/portalurbano\/#\/schema\/person\/02dd326b1c4b056e9cc972486934a3a7\"},\"headline\":\"Primeras entrevistas de asesoramiento y acompa\u00f1amiento a familias autoconstructoras\",\"datePublished\":\"2022-09-06T14:05:41+00:00\",\"dateModified\":\"2022-09-06T14:13:55+00:00\",\"mainEntityOfPage\":{\"@id\":\"https:\/\/experienciadevida.com.ar\/portalurbano\/primeras-entrevistas-de-asesoramiento-y-acompanamiento-a-familias-autoconstructoras\/\"},\"wordCount\":347,\"publisher\":{\"@id\":\"https:\/\/experienciadevida.com.ar\/portalurbano\/#organization\"},\"articleSection\":[\"Ciudad\",\"Destacadas\"],\"inLanguage\":\"es\"},{\"@type\":\"WebPage\",\"@id\":\"https:\/\/experienciadevida.com.ar\/portalurbano\/primeras-entrevistas-de-asesoramiento-y-acompanamiento-a-familias-autoconstructoras\/\",\"url\":\"https:\/\/experienciadevida.com.ar\/portalurbano\/primeras-entrevistas-de-asesoramiento-y-acompanamiento-a-familias-autoconstructoras\/\",\"name\":\"Primeras entrevistas de asesoramiento y acompa\u00f1amiento\",\"isPartOf\":{\"@id\":\"https:\/\/experienciadevida.com.ar\/portalurbano\/#website\"},\"datePublished\":\"2022-09-06T14:05:41+00:00\",\"dateModified\":\"2022-09-06T14:13:55+00:00\",\"description\":\"Primeras entrevistas de asesoramiento y acompa\u00f1amiento a familias autoconstructoras, as\u00ed lo informaron desde la Direcci\u00f3n de Casa\",\"breadcrumb\":{\"@id\":\"https:\/\/experienciadevida.com.ar\/portalurbano\/primeras-entrevistas-de-asesoramiento-y-acompanamiento-a-familias-autoconstructoras\/#breadcrumb\"},\"inLanguage\":\"es\",\"potentialAction\":[{\"@type\":\"ReadAction\",\"target\":[\"https:\/\/experienciadevida.com.ar\/portalurbano\/primeras-entrevistas-de-asesoramiento-y-acompanamiento-a-familias-autoconstructoras\/\"]}]},{\"@type\":\"BreadcrumbList\",\"@id\":\"https:\/\/experienciadevida.com.ar\/portalurbano\/primeras-entrevistas-de-asesoramiento-y-acompanamiento-a-familias-autoconstructoras\/#breadcrumb\",\"itemListElement\":[{\"@type\":\"ListItem\",\"position\":1,\"name\":\"Portada\",\"item\":\"https:\/\/experienciadevida.com.ar\/portalurbano\/\"},{\"@type\":\"ListItem\",\"position\":2,\"name\":\"Primeras entrevistas de asesoramiento y acompa\u00f1amiento a familias autoconstructoras\"}]},{\"@type\":\"WebSite\",\"@id\":\"https:\/\/experienciadevida.com.ar\/portalurbano\/#website\",\"url\":\"https:\/\/experienciadevida.com.ar\/portalurbano\/\",\"name\":\"\",\"description\":\"\",\"publisher\":{\"@id\":\"https:\/\/experienciadevida.com.ar\/portalurbano\/#organization\"},\"potentialAction\":[{\"@type\":\"SearchAction\",\"target\":{\"@type\":\"EntryPoint\",\"urlTemplate\":\"https:\/\/experienciadevida.com.ar\/portalurbano\/?s={search_term_string}\"},\"query-input\":\"required name=search_term_string\"}],\"inLanguage\":\"es\"},{\"@type\":\"Organization\",\"@id\":\"https:\/\/experienciadevida.com.ar\/portalurbano\/#organization\",\"name\":\"Portal Urbano\",\"url\":\"https:\/\/experienciadevida.com.ar\/portalurbano\/\",\"logo\":{\"@type\":\"ImageObject\",\"inLanguage\":\"es\",\"@id\":\"https:\/\/experienciadevida.com.ar\/portalurbano\/#\/schema\/logo\/image\/\",\"url\":\"https:\/\/experienciadevida.com.ar\/portalurbano\/wp-content\/uploads\/2019\/09\/Logo-Original.png\",\"contentUrl\":\"https:\/\/experienciadevida.com.ar\/portalurbano\/wp-content\/uploads\/2019\/09\/Logo-Original.png\",\"width\":2236,\"height\":1216,\"caption\":\"Portal Urbano\"},\"image\":{\"@id\":\"https:\/\/experienciadevida.com.ar\/portalurbano\/#\/schema\/logo\/image\/\"},\"sameAs\":[\"https:\/\/www.facebook.com\/Portal-Urbano-171542830093757\/\",\"https:\/\/twitter.com\/portalurbanook\",\"https:\/\/www.instagram.com\/_portalurbano\/\",\"https:\/\/www.youtube.com\/channel\/UCXhagIfszH8KxFiOok79zbA?view_as=subscriber\"]},{\"@type\":\"Person\",\"@id\":\"https:\/\/experienciadevida.com.ar\/portalurbano\/#\/schema\/person\/02dd326b1c4b056e9cc972486934a3a7\",\"name\":\"admpu17wp\",\"image\":{\"@type\":\"ImageObject\",\"inLanguage\":\"es\",\"@id\":\"https:\/\/experienciadevida.com.ar\/portalurbano\/#\/schema\/person\/image\/\",\"url\":\"https:\/\/secure.gravatar.com\/avatar\/830d4c57adaae6630765e449a6908047?s=96&d=mm&r=g\",\"contentUrl\":\"https:\/\/secure.gravatar.com\/avatar\/830d4c57adaae6630765e449a6908047?s=96&d=mm&r=g\",\"caption\":\"admpu17wp\"}}]}<\/script>\n<!-- \/ Yoast SEO plugin. -->","yoast_head_json":{"title":"Primeras entrevistas de asesoramiento y acompa\u00f1amiento","description":"Primeras entrevistas de asesoramiento y acompa\u00f1amiento a familias autoconstructoras, as\u00ed lo informaron desde la Direcci\u00f3n de Casa","robots":{"index":"index","follow":"follow","max-snippet":"max-snippet:-1","max-image-preview":"max-image-preview:large","max-video-preview":"max-video-preview:-1"},"canonical":"https:\/\/experienciadevida.com.ar\/portalurbano\/primeras-entrevistas-de-asesoramiento-y-acompanamiento-a-familias-autoconstructoras\/","og_locale":"es_ES","og_type":"article","og_title":"Primeras entrevistas de asesoramiento y acompa\u00f1amiento","og_description":"Primeras entrevistas de asesoramiento y acompa\u00f1amiento a familias autoconstructoras, as\u00ed lo informaron desde la Direcci\u00f3n de Casa","og_url":"https:\/\/experienciadevida.com.ar\/portalurbano\/primeras-entrevistas-de-asesoramiento-y-acompanamiento-a-familias-autoconstructoras\/","article_publisher":"https:\/\/www.facebook.com\/Portal-Urbano-171542830093757\/","article_published_time":"2022-09-06T14:05:41+00:00","article_modified_time":"2022-09-06T14:13:55+00:00","og_image":[{"width":1772,"height":1181,"url":"https:\/\/experienciadevida.com.ar\/portalurbano\/wp-content\/uploads\/2022\/09\/Primeras-entrevistas-de-asesoramiento.jpg","type":"image\/jpeg"}],"author":"admpu17wp","twitter_card":"summary_large_image","twitter_creator":"@portalurbanook","twitter_site":"@portalurbanook","twitter_misc":{"Escrito por":"admpu17wp","Tiempo de lectura":"2 minutos"},"schema":{"@context":"https:\/\/schema.org","@graph":[{"@type":"Article","@id":"https:\/\/experienciadevida.com.ar\/portalurbano\/primeras-entrevistas-de-asesoramiento-y-acompanamiento-a-familias-autoconstructoras\/#article","isPartOf":{"@id":"https:\/\/experienciadevida.com.ar\/portalurbano\/primeras-entrevistas-de-asesoramiento-y-acompanamiento-a-familias-autoconstructoras\/"},"author":{"name":"admpu17wp","@id":"https:\/\/experienciadevida.com.ar\/portalurbano\/#\/schema\/person\/02dd326b1c4b056e9cc972486934a3a7"},"headline":"Primeras entrevistas de asesoramiento y acompa\u00f1amiento a familias autoconstructoras","datePublished":"2022-09-06T14:05:41+00:00","dateModified":"2022-09-06T14:13:55+00:00","mainEntityOfPage":{"@id":"https:\/\/experienciadevida.com.ar\/portalurbano\/primeras-entrevistas-de-asesoramiento-y-acompanamiento-a-familias-autoconstructoras\/"},"wordCount":347,"publisher":{"@id":"https:\/\/experienciadevida.com.ar\/portalurbano\/#organization"},"articleSection":["Ciudad","Destacadas"],"inLanguage":"es"},{"@type":"WebPage","@id":"https:\/\/experienciadevida.com.ar\/portalurbano\/primeras-entrevistas-de-asesoramiento-y-acompanamiento-a-familias-autoconstructoras\/","url":"https:\/\/experienciadevida.com.ar\/portalurbano\/primeras-entrevistas-de-asesoramiento-y-acompanamiento-a-familias-autoconstructoras\/","name":"Primeras entrevistas de asesoramiento y acompa\u00f1amiento","isPartOf":{"@id":"https:\/\/experienciadevida.com.ar\/portalurbano\/#website"},"datePublished":"2022-09-06T14:05:41+00:00","dateModified":"2022-09-06T14:13:55+00:00","description":"Primeras entrevistas de asesoramiento y acompa\u00f1amiento a familias autoconstructoras, as\u00ed lo informaron desde la Direcci\u00f3n de Casa","breadcrumb":{"@id":"https:\/\/experienciadevida.com.ar\/portalurbano\/primeras-entrevistas-de-asesoramiento-y-acompanamiento-a-familias-autoconstructoras\/#breadcrumb"},"inLanguage":"es","potentialAction":[{"@type":"ReadAction","target":["https:\/\/experienciadevida.com.ar\/portalurbano\/primeras-entrevistas-de-asesoramiento-y-acompanamiento-a-familias-autoconstructoras\/"]}]},{"@type":"BreadcrumbList","@id":"https:\/\/experienciadevida.com.ar\/portalurbano\/primeras-entrevistas-de-asesoramiento-y-acompanamiento-a-familias-autoconstructoras\/#breadcrumb","itemListElement":[{"@type":"ListItem","position":1,"name":"Portada","item":"https:\/\/experienciadevida.com.ar\/portalurbano\/"},{"@type":"ListItem","position":2,"name":"Primeras entrevistas de asesoramiento y acompa\u00f1amiento a familias autoconstructoras"}]},{"@type":"WebSite","@id":"https:\/\/experienciadevida.com.ar\/portalurbano\/#website","url":"https:\/\/experienciadevida.com.ar\/portalurbano\/","name":"","description":"","publisher":{"@id":"https:\/\/experienciadevida.com.ar\/portalurbano\/#organization"},"potentialAction":[{"@type":"SearchAction","target":{"@type":"EntryPoint","urlTemplate":"https:\/\/experienciadevida.com.ar\/portalurbano\/?s={search_term_string}"},"query-input":"required name=search_term_string"}],"inLanguage":"es"},{"@type":"Organization","@id":"https:\/\/experienciadevida.com.ar\/portalurbano\/#organization","name":"Portal Urbano","url":"https:\/\/experienciadevida.com.ar\/portalurbano\/","logo":{"@type":"ImageObject","inLanguage":"es","@id":"https:\/\/experienciadevida.com.ar\/portalurbano\/#\/schema\/logo\/image\/","url":"https:\/\/experienciadevida.com.ar\/portalurbano\/wp-content\/uploads\/2019\/09\/Logo-Original.png","contentUrl":"https:\/\/experienciadevida.com.ar\/portalurbano\/wp-content\/uploads\/2019\/09\/Logo-Original.png","width":2236,"height":1216,"caption":"Portal Urbano"},"image":{"@id":"https:\/\/experienciadevida.com.ar\/portalurbano\/#\/schema\/logo\/image\/"},"sameAs":["https:\/\/www.facebook.com\/Portal-Urbano-171542830093757\/","https:\/\/twitter.com\/portalurbanook","https:\/\/www.instagram.com\/_portalurbano\/","https:\/\/www.youtube.com\/channel\/UCXhagIfszH8KxFiOok79zbA?view_as=subscriber"]},{"@type":"Person","@id":"https:\/\/experienciadevida.com.ar\/portalurbano\/#\/schema\/person\/02dd326b1c4b056e9cc972486934a3a7","name":"admpu17wp","image":{"@type":"ImageObject","inLanguage":"es","@id":"https:\/\/experienciadevida.com.ar\/portalurbano\/#\/schema\/person\/image\/","url":"https:\/\/secure.gravatar.com\/avatar\/830d4c57adaae6630765e449a6908047?s=96&d=mm&r=g","contentUrl":"https:\/\/secure.gravatar.com\/avatar\/830d4c57adaae6630765e449a6908047?s=96&d=mm&r=g","caption":"admpu17wp"}}]}},"featured_image_urls":{"full":["https:\/\/experienciadevida.com.ar\/portalurbano\/wp-content\/uploads\/2022\/09\/Primeras-entrevistas-de-asesoramiento.jpg",1772,1181,false],"thumbnail":["https:\/\/experienciadevida.com.ar\/portalurbano\/wp-content\/uploads\/2022\/09\/Primeras-entrevistas-de-asesoramiento-150x150.jpg",150,150,true],"medium":["https:\/\/experienciadevida.com.ar\/portalurbano\/wp-content\/uploads\/2022\/09\/Primeras-entrevistas-de-asesoramiento-300x200.jpg",300,200,true],"medium_large":["https:\/\/experienciadevida.com.ar\/portalurbano\/wp-content\/uploads\/2022\/09\/Primeras-entrevistas-de-asesoramiento-768x512.jpg",640,427,true],"large":["https:\/\/experienciadevida.com.ar\/portalurbano\/wp-content\/uploads\/2022\/09\/Primeras-entrevistas-de-asesoramiento-1024x682.jpg",640,426,true],"ug_big":["https:\/\/experienciadevida.com.ar\/portalurbano\/wp-content\/uploads\/2022\/09\/Primeras-entrevistas-de-asesoramiento-768x512.jpg",768,512,true],"1536x1536":["https:\/\/experienciadevida.com.ar\/portalurbano\/wp-content\/uploads\/2022\/09\/Primeras-entrevistas-de-asesoramiento-1536x1024.jpg",1536,1024,true],"2048x2048":["https:\/\/experienciadevida.com.ar\/portalurbano\/wp-content\/uploads\/2022\/09\/Primeras-entrevistas-de-asesoramiento.jpg",1772,1181,false],"newsever-slider-full":["https:\/\/experienciadevida.com.ar\/portalurbano\/wp-content\/uploads\/2022\/09\/Primeras-entrevistas-de-asesoramiento.jpg",1268,845,false],"newsever-featured":["https:\/\/experienciadevida.com.ar\/portalurbano\/wp-content\/uploads\/2022\/09\/Primeras-entrevistas-de-asesoramiento.jpg",1024,682,false],"newsever-medium":["https:\/\/experienciadevida.com.ar\/portalurbano\/wp-content\/uploads\/2022\/09\/Primeras-entrevistas-de-asesoramiento.jpg",713,475,false],"web-stories-poster-portrait":["https:\/\/experienciadevida.com.ar\/portalurbano\/wp-content\/uploads\/2022\/09\/Primeras-entrevistas-de-asesoramiento-640x853.jpg",640,853,true],"web-stories-publisher-logo":["https:\/\/experienciadevida.com.ar\/portalurbano\/wp-content\/uploads\/2022\/09\/Primeras-entrevistas-de-asesoramiento-96x96.jpg",96,96,true],"web-stories-thumbnail":["https:\/\/experienciadevida.com.ar\/portalurbano\/wp-content\/uploads\/2022\/09\/Primeras-entrevistas-de-asesoramiento-150x100.jpg",150,100,true]},"author_info":{"display_name":"admpu17wp","author_link":"https:\/\/experienciadevida.com.ar\/portalurbano\/author\/admpu17wp\/"},"category_info":"<a href=\"https:\/\/experienciadevida.com.ar\/portalurbano\/category\/ciudad\/\" rel=\"category tag\">Ciudad<\/a> <a href=\"https:\/\/experienciadevida.com.ar\/portalurbano\/category\/destacadas\/\" rel=\"category tag\">Destacadas<\/a>","tag_info":"Destacadas","comment_count":"0","amp_enabled":true,"_links":{"self":[{"href":"https:\/\/experienciadevida.com.ar\/portalurbano\/wp-json\/wp\/v2\/posts\/174947"}],"collection":[{"href":"https:\/\/experienciadevida.com.ar\/portalurbano\/wp-json\/wp\/v2\/posts"}],"about":[{"href":"https:\/\/experienciadevida.com.ar\/portalurbano\/wp-json\/wp\/v2\/types\/post"}],"author":[{"embeddable":true,"href":"https:\/\/experienciadevida.com.ar\/portalurbano\/wp-json\/wp\/v2\/users\/1"}],"replies":[{"embeddable":true,"href":"https:\/\/experienciadevida.com.ar\/portalurbano\/wp-json\/wp\/v2\/comments?post=174947"}],"version-history":[{"count":3,"href":"https:\/\/experienciadevida.com.ar\/portalurbano\/wp-json\/wp\/v2\/posts\/174947\/revisions"}],"predecessor-version":[{"id":174952,"href":"https:\/\/experienciadevida.com.ar\/portalurbano\/wp-json\/wp\/v2\/posts\/174947\/revisions\/174952"}],"wp:featuredmedia":[{"embeddable":true,"href":"https:\/\/experienciadevida.com.ar\/portalurbano\/wp-json\/wp\/v2\/media\/174948"}],"wp:attachment":[{"href":"https:\/\/experienciadevida.com.ar\/portalurbano\/wp-json\/wp\/v2\/media?parent=174947"}],"wp:term":[{"taxonomy":"category","embeddable":true,"href":"https:\/\/experienciadevida.com.ar\/portalurbano\/wp-json\/wp\/v2\/categories?post=174947"},{"taxonomy":"post_tag","embeddable":true,"href":"https:\/\/experienciadevida.com.ar\/portalurbano\/wp-json\/wp\/v2\/tags?post=174947"}],"curies":[{"name":"wp","href":"https:\/\/api.w.org\/{rel}","templated":true}]}}