{"id":174939,"date":"2022-09-05T22:11:08","date_gmt":"2022-09-06T01:11:08","guid":{"rendered":"https:\/\/experienciadevida.com.ar\/portalurbano\/?p=174939"},"modified":"2022-09-05T22:13:56","modified_gmt":"2022-09-06T01:13:56","slug":"se-viene-una-nueva-edicion-del-mamis-gym","status":"publish","type":"post","link":"https:\/\/experienciadevida.com.ar\/portalurbano\/se-viene-una-nueva-edicion-del-mamis-gym\/","title":{"rendered":"Se viene una nueva edici\u00f3n del Mami\u00b4s Gym"},"content":{"rendered":"<p>Desde la Subsecretar\u00eda de Deportes y Recreaci\u00f3n de la Municipalidad de Olavarr\u00eda, a trav\u00e9s de la Direcci\u00f3n de Deporte Social, se informa que el pr\u00f3ximo s\u00e1bado 24 de septiembre se llevar\u00e1 a cabo una nueva edici\u00f3n del Mami\u00b4s Gym, el Encuentro Regional de Gimnasia Aer\u00f3bica y Danzas para personas adultas mayores.<\/p>\n<p>El evento volver\u00e1 a tener como sede el Maxigimnasio del Club Atl\u00e9tico Estudiantes, y se iniciar\u00e1 a partir de las 14 horas.<\/p>\n<p>La invitaci\u00f3n es abierta a todos los gimnasios y entidades que quieran ser parte de la fiesta, las cuales tendr\u00e1n tiempo hasta el pr\u00f3ximo viernes 16 de septiembre para confirmar la participaci\u00f3n.<\/p>\n<p>Se a\u00f1adi\u00f3 que por informaci\u00f3n o consultas se pueden comunicar con las profesores Yanina Urrutia (2284559388) o con Sol Elsegood (2284223638).<\/p>\n<p>Por \u00faltimo, se expres\u00f3 que el evento edici\u00f3n tendr\u00e1 un car\u00e1cter solidario ya que la entrada ser\u00e1 un juguete que en las fiestas de fin de a\u00f1o ser\u00e1 donado a entidades sociales del Partido de Olavarr\u00eda.<\/p>\n","protected":false},"excerpt":{"rendered":"<p>Desde la Subsecretar\u00eda de Deportes y Recreaci\u00f3n de la Municipalidad de Olavarr\u00eda, a trav\u00e9s de&#8230;<\/p>\n","protected":false},"author":1,"featured_media":174940,"comment_status":"closed","ping_status":"closed","sticky":false,"template":"","format":"standard","meta":{"content-type":""},"categories":[27],"tags":[],"nelio_content":{"isAutoShareEnabled":false,"autoShareEndMode":"default","automationSources":{"useContentSentences":true,"useSocialTemplates":true,"useCustomSentences":false,"customSentences":[]},"followers":[1],"suggestedReferences":[],"includedReferences":[],"efiUrl":"","efiAlt":"","highlights":[]},"yoast_head":"<!-- This site is optimized with the Yoast SEO plugin v20.7 - https:\/\/yoast.com\/wordpress\/plugins\/seo\/ -->\n<title>Se viene una nueva edici\u00f3n del Mami\u00b4s Gym<\/title>\n<meta name=\"description\" content=\"trav\u00e9s de la Direcci\u00f3n de Deporte Social, se informa que el pr\u00f3ximo s\u00e1bado 24 de septiembre se llevar\u00e1 a cabo una nueva edici\u00f3n del Mami\u00b4s Gym\" \/>\n<meta name=\"robots\" content=\"index, follow, max-snippet:-1, max-image-preview:large, max-video-preview:-1\" \/>\n<link rel=\"canonical\" href=\"https:\/\/experienciadevida.com.ar\/portalurbano\/se-viene-una-nueva-edicion-del-mamis-gym\/\" \/>\n<meta property=\"og:locale\" content=\"es_ES\" \/>\n<meta property=\"og:type\" content=\"article\" \/>\n<meta property=\"og:title\" content=\"Se viene una nueva edici\u00f3n del Mami\u00b4s Gym\" \/>\n<meta property=\"og:description\" content=\"trav\u00e9s de la Direcci\u00f3n de Deporte Social, se informa que el pr\u00f3ximo s\u00e1bado 24 de septiembre se llevar\u00e1 a cabo una nueva edici\u00f3n del Mami\u00b4s Gym\" \/>\n<meta property=\"og:url\" content=\"https:\/\/experienciadevida.com.ar\/portalurbano\/se-viene-una-nueva-edicion-del-mamis-gym\/\" \/>\n<meta property=\"article:publisher\" content=\"https:\/\/www.facebook.com\/Portal-Urbano-171542830093757\/\" \/>\n<meta property=\"article:published_time\" content=\"2022-09-06T01:11:08+00:00\" \/>\n<meta property=\"article:modified_time\" content=\"2022-09-06T01:13:56+00:00\" \/>\n<meta property=\"og:image\" content=\"https:\/\/experienciadevida.com.ar\/portalurbano\/wp-content\/uploads\/2022\/09\/Galeria-Mami\u00b4s-Gym-73-1024x813-1-e1662426656972.jpeg\" \/>\n\t<meta property=\"og:image:width\" content=\"800\" \/>\n\t<meta property=\"og:image:height\" content=\"635\" \/>\n\t<meta property=\"og:image:type\" content=\"image\/jpeg\" \/>\n<meta name=\"author\" content=\"admpu17wp\" \/>\n<meta name=\"twitter:card\" content=\"summary_large_image\" \/>\n<meta name=\"twitter:creator\" content=\"@portalurbanook\" \/>\n<meta name=\"twitter:site\" content=\"@portalurbanook\" \/>\n<meta name=\"twitter:label1\" content=\"Escrito por\" \/>\n\t<meta name=\"twitter:data1\" content=\"admpu17wp\" \/>\n\t<meta name=\"twitter:label2\" content=\"Tiempo de lectura\" \/>\n\t<meta name=\"twitter:data2\" content=\"1 minuto\" \/>\n<script type=\"application\/ld+json\" class=\"yoast-schema-graph\">{\"@context\":\"https:\/\/schema.org\",\"@graph\":[{\"@type\":\"Article\",\"@id\":\"https:\/\/experienciadevida.com.ar\/portalurbano\/se-viene-una-nueva-edicion-del-mamis-gym\/#article\",\"isPartOf\":{\"@id\":\"https:\/\/experienciadevida.com.ar\/portalurbano\/se-viene-una-nueva-edicion-del-mamis-gym\/\"},\"author\":{\"name\":\"admpu17wp\",\"@id\":\"https:\/\/experienciadevida.com.ar\/portalurbano\/#\/schema\/person\/02dd326b1c4b056e9cc972486934a3a7\"},\"headline\":\"Se viene una nueva edici\u00f3n del Mami\u00b4s Gym\",\"datePublished\":\"2022-09-06T01:11:08+00:00\",\"dateModified\":\"2022-09-06T01:13:56+00:00\",\"mainEntityOfPage\":{\"@id\":\"https:\/\/experienciadevida.com.ar\/portalurbano\/se-viene-una-nueva-edicion-del-mamis-gym\/\"},\"wordCount\":188,\"publisher\":{\"@id\":\"https:\/\/experienciadevida.com.ar\/portalurbano\/#organization\"},\"articleSection\":[\"Ciudad\"],\"inLanguage\":\"es\"},{\"@type\":\"WebPage\",\"@id\":\"https:\/\/experienciadevida.com.ar\/portalurbano\/se-viene-una-nueva-edicion-del-mamis-gym\/\",\"url\":\"https:\/\/experienciadevida.com.ar\/portalurbano\/se-viene-una-nueva-edicion-del-mamis-gym\/\",\"name\":\"Se viene una nueva edici\u00f3n del Mami\u00b4s Gym\",\"isPartOf\":{\"@id\":\"https:\/\/experienciadevida.com.ar\/portalurbano\/#website\"},\"datePublished\":\"2022-09-06T01:11:08+00:00\",\"dateModified\":\"2022-09-06T01:13:56+00:00\",\"description\":\"trav\u00e9s de la Direcci\u00f3n de Deporte Social, se informa que el pr\u00f3ximo s\u00e1bado 24 de septiembre se llevar\u00e1 a cabo una nueva edici\u00f3n del Mami\u00b4s Gym\",\"breadcrumb\":{\"@id\":\"https:\/\/experienciadevida.com.ar\/portalurbano\/se-viene-una-nueva-edicion-del-mamis-gym\/#breadcrumb\"},\"inLanguage\":\"es\",\"potentialAction\":[{\"@type\":\"ReadAction\",\"target\":[\"https:\/\/experienciadevida.com.ar\/portalurbano\/se-viene-una-nueva-edicion-del-mamis-gym\/\"]}]},{\"@type\":\"BreadcrumbList\",\"@id\":\"https:\/\/experienciadevida.com.ar\/portalurbano\/se-viene-una-nueva-edicion-del-mamis-gym\/#breadcrumb\",\"itemListElement\":[{\"@type\":\"ListItem\",\"position\":1,\"name\":\"Portada\",\"item\":\"https:\/\/experienciadevida.com.ar\/portalurbano\/\"},{\"@type\":\"ListItem\",\"position\":2,\"name\":\"Se viene una nueva edici\u00f3n del Mami\u00b4s Gym\"}]},{\"@type\":\"WebSite\",\"@id\":\"https:\/\/experienciadevida.com.ar\/portalurbano\/#website\",\"url\":\"https:\/\/experienciadevida.com.ar\/portalurbano\/\",\"name\":\"\",\"description\":\"\",\"publisher\":{\"@id\":\"https:\/\/experienciadevida.com.ar\/portalurbano\/#organization\"},\"potentialAction\":[{\"@type\":\"SearchAction\",\"target\":{\"@type\":\"EntryPoint\",\"urlTemplate\":\"https:\/\/experienciadevida.com.ar\/portalurbano\/?s={search_term_string}\"},\"query-input\":\"required name=search_term_string\"}],\"inLanguage\":\"es\"},{\"@type\":\"Organization\",\"@id\":\"https:\/\/experienciadevida.com.ar\/portalurbano\/#organization\",\"name\":\"Portal Urbano\",\"url\":\"https:\/\/experienciadevida.com.ar\/portalurbano\/\",\"logo\":{\"@type\":\"ImageObject\",\"inLanguage\":\"es\",\"@id\":\"https:\/\/experienciadevida.com.ar\/portalurbano\/#\/schema\/logo\/image\/\",\"url\":\"https:\/\/experienciadevida.com.ar\/portalurbano\/wp-content\/uploads\/2019\/09\/Logo-Original.png\",\"contentUrl\":\"https:\/\/experienciadevida.com.ar\/portalurbano\/wp-content\/uploads\/2019\/09\/Logo-Original.png\",\"width\":2236,\"height\":1216,\"caption\":\"Portal Urbano\"},\"image\":{\"@id\":\"https:\/\/experienciadevida.com.ar\/portalurbano\/#\/schema\/logo\/image\/\"},\"sameAs\":[\"https:\/\/www.facebook.com\/Portal-Urbano-171542830093757\/\",\"https:\/\/twitter.com\/portalurbanook\",\"https:\/\/www.instagram.com\/_portalurbano\/\",\"https:\/\/www.youtube.com\/channel\/UCXhagIfszH8KxFiOok79zbA?view_as=subscriber\"]},{\"@type\":\"Person\",\"@id\":\"https:\/\/experienciadevida.com.ar\/portalurbano\/#\/schema\/person\/02dd326b1c4b056e9cc972486934a3a7\",\"name\":\"admpu17wp\",\"image\":{\"@type\":\"ImageObject\",\"inLanguage\":\"es\",\"@id\":\"https:\/\/experienciadevida.com.ar\/portalurbano\/#\/schema\/person\/image\/\",\"url\":\"https:\/\/secure.gravatar.com\/avatar\/830d4c57adaae6630765e449a6908047?s=96&d=mm&r=g\",\"contentUrl\":\"https:\/\/secure.gravatar.com\/avatar\/830d4c57adaae6630765e449a6908047?s=96&d=mm&r=g\",\"caption\":\"admpu17wp\"}}]}<\/script>\n<!-- \/ Yoast SEO plugin. -->","yoast_head_json":{"title":"Se viene una nueva edici\u00f3n del Mami\u00b4s Gym","description":"trav\u00e9s de la Direcci\u00f3n de Deporte Social, se informa que el pr\u00f3ximo s\u00e1bado 24 de septiembre se llevar\u00e1 a cabo una nueva edici\u00f3n del Mami\u00b4s Gym","robots":{"index":"index","follow":"follow","max-snippet":"max-snippet:-1","max-image-preview":"max-image-preview:large","max-video-preview":"max-video-preview:-1"},"canonical":"https:\/\/experienciadevida.com.ar\/portalurbano\/se-viene-una-nueva-edicion-del-mamis-gym\/","og_locale":"es_ES","og_type":"article","og_title":"Se viene una nueva edici\u00f3n del Mami\u00b4s Gym","og_description":"trav\u00e9s de la Direcci\u00f3n de Deporte Social, se informa que el pr\u00f3ximo s\u00e1bado 24 de septiembre se llevar\u00e1 a cabo una nueva edici\u00f3n del Mami\u00b4s Gym","og_url":"https:\/\/experienciadevida.com.ar\/portalurbano\/se-viene-una-nueva-edicion-del-mamis-gym\/","article_publisher":"https:\/\/www.facebook.com\/Portal-Urbano-171542830093757\/","article_published_time":"2022-09-06T01:11:08+00:00","article_modified_time":"2022-09-06T01:13:56+00:00","og_image":[{"width":800,"height":635,"url":"https:\/\/experienciadevida.com.ar\/portalurbano\/wp-content\/uploads\/2022\/09\/Galeria-Mami\u00b4s-Gym-73-1024x813-1-e1662426656972.jpeg","type":"image\/jpeg"}],"author":"admpu17wp","twitter_card":"summary_large_image","twitter_creator":"@portalurbanook","twitter_site":"@portalurbanook","twitter_misc":{"Escrito por":"admpu17wp","Tiempo de lectura":"1 minuto"},"schema":{"@context":"https:\/\/schema.org","@graph":[{"@type":"Article","@id":"https:\/\/experienciadevida.com.ar\/portalurbano\/se-viene-una-nueva-edicion-del-mamis-gym\/#article","isPartOf":{"@id":"https:\/\/experienciadevida.com.ar\/portalurbano\/se-viene-una-nueva-edicion-del-mamis-gym\/"},"author":{"name":"admpu17wp","@id":"https:\/\/experienciadevida.com.ar\/portalurbano\/#\/schema\/person\/02dd326b1c4b056e9cc972486934a3a7"},"headline":"Se viene una nueva edici\u00f3n del Mami\u00b4s Gym","datePublished":"2022-09-06T01:11:08+00:00","dateModified":"2022-09-06T01:13:56+00:00","mainEntityOfPage":{"@id":"https:\/\/experienciadevida.com.ar\/portalurbano\/se-viene-una-nueva-edicion-del-mamis-gym\/"},"wordCount":188,"publisher":{"@id":"https:\/\/experienciadevida.com.ar\/portalurbano\/#organization"},"articleSection":["Ciudad"],"inLanguage":"es"},{"@type":"WebPage","@id":"https:\/\/experienciadevida.com.ar\/portalurbano\/se-viene-una-nueva-edicion-del-mamis-gym\/","url":"https:\/\/experienciadevida.com.ar\/portalurbano\/se-viene-una-nueva-edicion-del-mamis-gym\/","name":"Se viene una nueva edici\u00f3n del Mami\u00b4s Gym","isPartOf":{"@id":"https:\/\/experienciadevida.com.ar\/portalurbano\/#website"},"datePublished":"2022-09-06T01:11:08+00:00","dateModified":"2022-09-06T01:13:56+00:00","description":"trav\u00e9s de la Direcci\u00f3n de Deporte Social, se informa que el pr\u00f3ximo s\u00e1bado 24 de septiembre se llevar\u00e1 a cabo una nueva edici\u00f3n del Mami\u00b4s Gym","breadcrumb":{"@id":"https:\/\/experienciadevida.com.ar\/portalurbano\/se-viene-una-nueva-edicion-del-mamis-gym\/#breadcrumb"},"inLanguage":"es","potentialAction":[{"@type":"ReadAction","target":["https:\/\/experienciadevida.com.ar\/portalurbano\/se-viene-una-nueva-edicion-del-mamis-gym\/"]}]},{"@type":"BreadcrumbList","@id":"https:\/\/experienciadevida.com.ar\/portalurbano\/se-viene-una-nueva-edicion-del-mamis-gym\/#breadcrumb","itemListElement":[{"@type":"ListItem","position":1,"name":"Portada","item":"https:\/\/experienciadevida.com.ar\/portalurbano\/"},{"@type":"ListItem","position":2,"name":"Se viene una nueva edici\u00f3n del Mami\u00b4s Gym"}]},{"@type":"WebSite","@id":"https:\/\/experienciadevida.com.ar\/portalurbano\/#website","url":"https:\/\/experienciadevida.com.ar\/portalurbano\/","name":"","description":"","publisher":{"@id":"https:\/\/experienciadevida.com.ar\/portalurbano\/#organization"},"potentialAction":[{"@type":"SearchAction","target":{"@type":"EntryPoint","urlTemplate":"https:\/\/experienciadevida.com.ar\/portalurbano\/?s={search_term_string}"},"query-input":"required name=search_term_string"}],"inLanguage":"es"},{"@type":"Organization","@id":"https:\/\/experienciadevida.com.ar\/portalurbano\/#organization","name":"Portal Urbano","url":"https:\/\/experienciadevida.com.ar\/portalurbano\/","logo":{"@type":"ImageObject","inLanguage":"es","@id":"https:\/\/experienciadevida.com.ar\/portalurbano\/#\/schema\/logo\/image\/","url":"https:\/\/experienciadevida.com.ar\/portalurbano\/wp-content\/uploads\/2019\/09\/Logo-Original.png","contentUrl":"https:\/\/experienciadevida.com.ar\/portalurbano\/wp-content\/uploads\/2019\/09\/Logo-Original.png","width":2236,"height":1216,"caption":"Portal Urbano"},"image":{"@id":"https:\/\/experienciadevida.com.ar\/portalurbano\/#\/schema\/logo\/image\/"},"sameAs":["https:\/\/www.facebook.com\/Portal-Urbano-171542830093757\/","https:\/\/twitter.com\/portalurbanook","https:\/\/www.instagram.com\/_portalurbano\/","https:\/\/www.youtube.com\/channel\/UCXhagIfszH8KxFiOok79zbA?view_as=subscriber"]},{"@type":"Person","@id":"https:\/\/experienciadevida.com.ar\/portalurbano\/#\/schema\/person\/02dd326b1c4b056e9cc972486934a3a7","name":"admpu17wp","image":{"@type":"ImageObject","inLanguage":"es","@id":"https:\/\/experienciadevida.com.ar\/portalurbano\/#\/schema\/person\/image\/","url":"https:\/\/secure.gravatar.com\/avatar\/830d4c57adaae6630765e449a6908047?s=96&d=mm&r=g","contentUrl":"https:\/\/secure.gravatar.com\/avatar\/830d4c57adaae6630765e449a6908047?s=96&d=mm&r=g","caption":"admpu17wp"}}]}},"featured_image_urls":{"full":["https:\/\/experienciadevida.com.ar\/portalurbano\/wp-content\/uploads\/2022\/09\/Galeria-Mami\u00b4s-Gym-73-1024x813-1-e1662426656972.jpeg",800,635,false],"thumbnail":["https:\/\/experienciadevida.com.ar\/portalurbano\/wp-content\/uploads\/2022\/09\/Galeria-Mami\u00b4s-Gym-73-1024x813-1-e1662426656972-150x150.jpeg",150,150,true],"medium":["https:\/\/experienciadevida.com.ar\/portalurbano\/wp-content\/uploads\/2022\/09\/Galeria-Mami\u00b4s-Gym-73-1024x813-1-e1662426656972-300x238.jpeg",300,238,true],"medium_large":["https:\/\/experienciadevida.com.ar\/portalurbano\/wp-content\/uploads\/2022\/09\/Galeria-Mami\u00b4s-Gym-73-1024x813-1-e1662426656972-768x610.jpeg",640,508,true],"large":["https:\/\/experienciadevida.com.ar\/portalurbano\/wp-content\/uploads\/2022\/09\/Galeria-Mami\u00b4s-Gym-73-1024x813-1-e1662426656972.jpeg",640,508,false],"ug_big":["https:\/\/experienciadevida.com.ar\/portalurbano\/wp-content\/uploads\/2022\/09\/Galeria-Mami\u00b4s-Gym-73-1024x813-1-e1662426656972-768x610.jpeg",768,610,true],"1536x1536":["https:\/\/experienciadevida.com.ar\/portalurbano\/wp-content\/uploads\/2022\/09\/Galeria-Mami\u00b4s-Gym-73-1024x813-1-e1662426656972.jpeg",800,635,false],"2048x2048":["https:\/\/experienciadevida.com.ar\/portalurbano\/wp-content\/uploads\/2022\/09\/Galeria-Mami\u00b4s-Gym-73-1024x813-1-e1662426656972.jpeg",800,635,false],"newsever-slider-full":["https:\/\/experienciadevida.com.ar\/portalurbano\/wp-content\/uploads\/2022\/09\/Galeria-Mami\u00b4s-Gym-73-1024x813-1-e1662426656972.jpeg",800,635,false],"newsever-featured":["https:\/\/experienciadevida.com.ar\/portalurbano\/wp-content\/uploads\/2022\/09\/Galeria-Mami\u00b4s-Gym-73-1024x813-1-e1662426656972.jpeg",800,635,false],"newsever-medium":["https:\/\/experienciadevida.com.ar\/portalurbano\/wp-content\/uploads\/2022\/09\/Galeria-Mami\u00b4s-Gym-73-1024x813-1-e1662426656972.jpeg",598,475,false],"web-stories-poster-portrait":["https:\/\/experienciadevida.com.ar\/portalurbano\/wp-content\/uploads\/2022\/09\/Galeria-Mami\u00b4s-Gym-73-1024x813-1-e1662426656972-640x635.jpeg",640,635,true],"web-stories-publisher-logo":["https:\/\/experienciadevida.com.ar\/portalurbano\/wp-content\/uploads\/2022\/09\/Galeria-Mami\u00b4s-Gym-73-1024x813-1-e1662426656972-96x96.jpeg",96,96,true],"web-stories-thumbnail":["https:\/\/experienciadevida.com.ar\/portalurbano\/wp-content\/uploads\/2022\/09\/Galeria-Mami\u00b4s-Gym-73-1024x813-1-e1662426656972-150x119.jpeg",150,119,true]},"author_info":{"display_name":"admpu17wp","author_link":"https:\/\/experienciadevida.com.ar\/portalurbano\/author\/admpu17wp\/"},"category_info":"<a href=\"https:\/\/experienciadevida.com.ar\/portalurbano\/category\/ciudad\/\" rel=\"category tag\">Ciudad<\/a>","tag_info":"Ciudad","comment_count":"0","amp_enabled":true,"_links":{"self":[{"href":"https:\/\/experienciadevida.com.ar\/portalurbano\/wp-json\/wp\/v2\/posts\/174939"}],"collection":[{"href":"https:\/\/experienciadevida.com.ar\/portalurbano\/wp-json\/wp\/v2\/posts"}],"about":[{"href":"https:\/\/experienciadevida.com.ar\/portalurbano\/wp-json\/wp\/v2\/types\/post"}],"author":[{"embeddable":true,"href":"https:\/\/experienciadevida.com.ar\/portalurbano\/wp-json\/wp\/v2\/users\/1"}],"replies":[{"embeddable":true,"href":"https:\/\/experienciadevida.com.ar\/portalurbano\/wp-json\/wp\/v2\/comments?post=174939"}],"version-history":[{"count":2,"href":"https:\/\/experienciadevida.com.ar\/portalurbano\/wp-json\/wp\/v2\/posts\/174939\/revisions"}],"predecessor-version":[{"id":174942,"href":"https:\/\/experienciadevida.com.ar\/portalurbano\/wp-json\/wp\/v2\/posts\/174939\/revisions\/174942"}],"wp:featuredmedia":[{"embeddable":true,"href":"https:\/\/experienciadevida.com.ar\/portalurbano\/wp-json\/wp\/v2\/media\/174940"}],"wp:attachment":[{"href":"https:\/\/experienciadevida.com.ar\/portalurbano\/wp-json\/wp\/v2\/media?parent=174939"}],"wp:term":[{"taxonomy":"category","embeddable":true,"href":"https:\/\/experienciadevida.com.ar\/portalurbano\/wp-json\/wp\/v2\/categories?post=174939"},{"taxonomy":"post_tag","embeddable":true,"href":"https:\/\/experienciadevida.com.ar\/portalurbano\/wp-json\/wp\/v2\/tags?post=174939"}],"curies":[{"name":"wp","href":"https:\/\/api.w.org\/{rel}","templated":true}]}}