{"id":174935,"date":"2022-09-05T22:07:15","date_gmt":"2022-09-06T01:07:15","guid":{"rendered":"https:\/\/experienciadevida.com.ar\/portalurbano\/?p=174935"},"modified":"2022-09-05T22:09:12","modified_gmt":"2022-09-06T01:09:12","slug":"finalizo-el-curso-de-salud-mental-en-atencion-primaria","status":"publish","type":"post","link":"https:\/\/experienciadevida.com.ar\/portalurbano\/finalizo-el-curso-de-salud-mental-en-atencion-primaria\/","title":{"rendered":"Finaliz\u00f3 el Curso de Salud Mental en Atenci\u00f3n Primaria"},"content":{"rendered":"<p>El pasado 30 de agosto, con la realizaci\u00f3n de la evaluaci\u00f3n final, culmin\u00f3 el\u00a0Curso\u00a0de\u00a0Salud\u00a0Mental\u00a0en Atenci\u00f3n Primaria, organizado por la Direcci\u00f3n del Hospital Municipal \u00abH\u00e9ctor M. Cura\u00bb, la Direcci\u00f3n de Atenci\u00f3n Primaria y avalado por el Comit\u00e9 de Docencia e investigaci\u00f3n.<\/p>\n<p>El\u00a0curso se llev\u00f3 a cabo durante los meses de julio y agosto y\u00a0estuvo a cargo de la Dra. Luc\u00eda Lizaso, m\u00e9dica especialista en psiquiatr\u00eda y psicolog\u00eda cl\u00ednica. Fue orientado no s\u00f3lo a profesionales de\u00a0APS\u00a0sino tambi\u00e9n a todos los m\u00e9dicos de consultorio del sistema hospitalario.<\/p>\n<p>La capacitaci\u00f3n se fundament\u00f3 en la consideraci\u00f3n del abordaje de los trastornos de\u00a0salud\u00a0mental\u00a0en el contexto de la atenci\u00f3n primaria como fundamental, dado que la atenci\u00f3n primaria es la puerta de entrada de la gran mayor\u00eda de pacientes al sistema de\u00a0salud, atendiendo anualmente entre el 70-90% de la poblaci\u00f3n.<\/p>\n<p>Diferentes estudios indican que los trastornos\u00a0mentales\u00a0ocupar\u00edan aproximadamente un 30% de los problemas de\u00a0salud\u00a0atendidos en atenci\u00f3n primaria.<\/p>\n<p>En la antig\u00fcedad las enfermedades\u00a0mentales\u00a0eran tratadas como un problema social, separado de cualquier problema de\u00a0salud\u00a0f\u00edsica, pero en a\u00f1os recientes se trabaja en el reconocimiento del v\u00ednculo sumamente importante entre la buena\u00a0salud\u00a0mental\u00a0y la buena\u00a0salud\u00a0general. De hecho, en 1948, la Organizaci\u00f3n Mundial de la\u00a0Salud\u00a0(OMS) defin\u00eda\u00a0salud\u00a0como \u201cun estado completo de bienestar f\u00edsico,\u00a0mental\u00a0y social, y no meramente la ausencia de afecciones o enfermedades\u201d. El m\u00e9dico de cabecera acompa\u00f1ar\u00e1 al paciente durante toda su vida y frecuentemente ser\u00e1 el testigo principal de esa estrecha relaci\u00f3n entre\u00a0salud\u00a0mental\u00a0y\u00a0salud\u00a0general.<\/p>\n<p>En su informe del a\u00f1o 2002, la OMS subray\u00f3 que el envejecimiento de la poblaci\u00f3n y el incremento de los factores de riesgo como la desocupaci\u00f3n, la pobreza, las migraciones, la carencia de apoyo familiar y social, el aumento del abuso de sustancias, la soledad y la ruptura de redes sociales, son aspectos que contribuir\u00e1n al incremento de los trastornos\u00a0mentales\u00a0en las pr\u00f3ximas d\u00e9cadas. Por estos motivos, es imprescindible articular y desarrollar intervenciones y programas desde la atenci\u00f3n primaria, para aportar estructuras asistenciales que, desde una vertiente multidisciplinaria, den respuesta de manera integral a las necesidades de prevenci\u00f3n y tratamiento de los problemas de\u00a0salud\u00a0mental.<\/p>\n<p>La asistencia integral y multidisciplinar, la accesibilidad y el seguimiento longitudinal que se establece con el paciente, atribuye a la atenci\u00f3n primaria el escenario perfecto, para atender a una poblaci\u00f3n, a la cual no tiene acceso la atenci\u00f3n especializada.<\/p>\n<p>Es necesario que desde la atenci\u00f3n primaria se asuma cada vez m\u00e1s el tratamiento de pacientes con patolog\u00edas de\u00a0salud\u00a0mental, fundamentalmente trastornos depresivos y ansiosos, y que puedan, a su vez, llevar a cabo una detecci\u00f3n temprana de los trastornos\u00a0mentales\u00a0severos, como trastornos psic\u00f3ticos y trastornos bipolares. Se ha demostrado que la intervenci\u00f3n temprana contribuye a una r\u00e1pida recuperaci\u00f3n del paciente, mejor evoluci\u00f3n y pron\u00f3stico del mismo, favoreciendo una disminuci\u00f3n del consumo de psicof\u00e1rmacos y de la automedicaci\u00f3n, consiguiendo una mayor integraci\u00f3n social del paciente.<\/p>\n<p>Dotar a los equipos de atenci\u00f3n primaria de infraestructuras y recursos humanos suficientes, asegurando formaci\u00f3n continuada y soporte por parte de los servicios especializados, y as\u00ed mismo trabajar en estrecha colaboraci\u00f3n con \u00e9stos, son las claves para rentabilizar mejor los recursos sanitarios y proporcionar una atenci\u00f3n asistencial de m\u00e1s calidad al usuario.<\/p>\n","protected":false},"excerpt":{"rendered":"<p>El pasado 30 de agosto, con la realizaci\u00f3n de la evaluaci\u00f3n final, culmin\u00f3 el\u00a0Curso\u00a0de\u00a0Salud\u00a0Mental\u00a0en Atenci\u00f3n&#8230;<\/p>\n","protected":false},"author":1,"featured_media":174936,"comment_status":"closed","ping_status":"closed","sticky":false,"template":"","format":"standard","meta":{"content-type":""},"categories":[27],"tags":[716],"nelio_content":{"isAutoShareEnabled":false,"autoShareEndMode":"default","automationSources":{"useContentSentences":true,"useSocialTemplates":true,"useCustomSentences":false,"customSentences":[]},"followers":[1],"suggestedReferences":[],"includedReferences":[],"efiUrl":"","efiAlt":"","highlights":[]},"yoast_head":"<!-- This site is optimized with the Yoast SEO plugin v20.7 - https:\/\/yoast.com\/wordpress\/plugins\/seo\/ -->\n<title>Finaliz\u00f3 el Curso de Salud Mental en Atenci\u00f3n Primaria<\/title>\n<meta name=\"description\" content=\"El pasado 30 de agosto, con la realizaci\u00f3n de la evaluaci\u00f3n final, culmin\u00f3 el\u00a0Curso\u00a0de\u00a0Salud\u00a0Mental\u00a0en Atenci\u00f3n Primaria, organizado por la\" \/>\n<meta name=\"robots\" content=\"index, follow, max-snippet:-1, max-image-preview:large, max-video-preview:-1\" \/>\n<link rel=\"canonical\" href=\"https:\/\/experienciadevida.com.ar\/portalurbano\/finalizo-el-curso-de-salud-mental-en-atencion-primaria\/\" \/>\n<meta property=\"og:locale\" content=\"es_ES\" \/>\n<meta property=\"og:type\" content=\"article\" \/>\n<meta property=\"og:title\" content=\"Finaliz\u00f3 el Curso de Salud Mental en Atenci\u00f3n Primaria\" \/>\n<meta property=\"og:description\" content=\"El pasado 30 de agosto, con la realizaci\u00f3n de la evaluaci\u00f3n final, culmin\u00f3 el\u00a0Curso\u00a0de\u00a0Salud\u00a0Mental\u00a0en Atenci\u00f3n Primaria, organizado por la\" \/>\n<meta property=\"og:url\" content=\"https:\/\/experienciadevida.com.ar\/portalurbano\/finalizo-el-curso-de-salud-mental-en-atencion-primaria\/\" \/>\n<meta property=\"article:publisher\" content=\"https:\/\/www.facebook.com\/Portal-Urbano-171542830093757\/\" \/>\n<meta property=\"article:published_time\" content=\"2022-09-06T01:07:15+00:00\" \/>\n<meta property=\"article:modified_time\" content=\"2022-09-06T01:09:12+00:00\" \/>\n<meta property=\"og:image\" content=\"https:\/\/experienciadevida.com.ar\/portalurbano\/wp-content\/uploads\/2022\/09\/Salud-Emtrega-Certificados-Curso-salud-mental-APS-e1662426423669.jpeg\" \/>\n\t<meta property=\"og:image:width\" content=\"800\" \/>\n\t<meta property=\"og:image:height\" content=\"458\" \/>\n\t<meta property=\"og:image:type\" content=\"image\/jpeg\" \/>\n<meta name=\"author\" content=\"admpu17wp\" \/>\n<meta name=\"twitter:card\" content=\"summary_large_image\" \/>\n<meta name=\"twitter:creator\" content=\"@portalurbanook\" \/>\n<meta name=\"twitter:site\" content=\"@portalurbanook\" \/>\n<meta name=\"twitter:label1\" content=\"Escrito por\" \/>\n\t<meta name=\"twitter:data1\" content=\"admpu17wp\" \/>\n\t<meta name=\"twitter:label2\" content=\"Tiempo de lectura\" \/>\n\t<meta name=\"twitter:data2\" content=\"3 minutos\" \/>\n<script type=\"application\/ld+json\" class=\"yoast-schema-graph\">{\"@context\":\"https:\/\/schema.org\",\"@graph\":[{\"@type\":\"Article\",\"@id\":\"https:\/\/experienciadevida.com.ar\/portalurbano\/finalizo-el-curso-de-salud-mental-en-atencion-primaria\/#article\",\"isPartOf\":{\"@id\":\"https:\/\/experienciadevida.com.ar\/portalurbano\/finalizo-el-curso-de-salud-mental-en-atencion-primaria\/\"},\"author\":{\"name\":\"admpu17wp\",\"@id\":\"https:\/\/experienciadevida.com.ar\/portalurbano\/#\/schema\/person\/02dd326b1c4b056e9cc972486934a3a7\"},\"headline\":\"Finaliz\u00f3 el Curso de Salud Mental en Atenci\u00f3n Primaria\",\"datePublished\":\"2022-09-06T01:07:15+00:00\",\"dateModified\":\"2022-09-06T01:09:12+00:00\",\"mainEntityOfPage\":{\"@id\":\"https:\/\/experienciadevida.com.ar\/portalurbano\/finalizo-el-curso-de-salud-mental-en-atencion-primaria\/\"},\"wordCount\":621,\"publisher\":{\"@id\":\"https:\/\/experienciadevida.com.ar\/portalurbano\/#organization\"},\"keywords\":[\"Salud Mental\"],\"articleSection\":[\"Ciudad\"],\"inLanguage\":\"es\"},{\"@type\":\"WebPage\",\"@id\":\"https:\/\/experienciadevida.com.ar\/portalurbano\/finalizo-el-curso-de-salud-mental-en-atencion-primaria\/\",\"url\":\"https:\/\/experienciadevida.com.ar\/portalurbano\/finalizo-el-curso-de-salud-mental-en-atencion-primaria\/\",\"name\":\"Finaliz\u00f3 el Curso de Salud Mental en Atenci\u00f3n Primaria\",\"isPartOf\":{\"@id\":\"https:\/\/experienciadevida.com.ar\/portalurbano\/#website\"},\"datePublished\":\"2022-09-06T01:07:15+00:00\",\"dateModified\":\"2022-09-06T01:09:12+00:00\",\"description\":\"El pasado 30 de agosto, con la realizaci\u00f3n de la evaluaci\u00f3n final, culmin\u00f3 el\u00a0Curso\u00a0de\u00a0Salud\u00a0Mental\u00a0en Atenci\u00f3n Primaria, organizado por la\",\"breadcrumb\":{\"@id\":\"https:\/\/experienciadevida.com.ar\/portalurbano\/finalizo-el-curso-de-salud-mental-en-atencion-primaria\/#breadcrumb\"},\"inLanguage\":\"es\",\"potentialAction\":[{\"@type\":\"ReadAction\",\"target\":[\"https:\/\/experienciadevida.com.ar\/portalurbano\/finalizo-el-curso-de-salud-mental-en-atencion-primaria\/\"]}]},{\"@type\":\"BreadcrumbList\",\"@id\":\"https:\/\/experienciadevida.com.ar\/portalurbano\/finalizo-el-curso-de-salud-mental-en-atencion-primaria\/#breadcrumb\",\"itemListElement\":[{\"@type\":\"ListItem\",\"position\":1,\"name\":\"Portada\",\"item\":\"https:\/\/experienciadevida.com.ar\/portalurbano\/\"},{\"@type\":\"ListItem\",\"position\":2,\"name\":\"Finaliz\u00f3 el Curso de Salud Mental en Atenci\u00f3n Primaria\"}]},{\"@type\":\"WebSite\",\"@id\":\"https:\/\/experienciadevida.com.ar\/portalurbano\/#website\",\"url\":\"https:\/\/experienciadevida.com.ar\/portalurbano\/\",\"name\":\"\",\"description\":\"\",\"publisher\":{\"@id\":\"https:\/\/experienciadevida.com.ar\/portalurbano\/#organization\"},\"potentialAction\":[{\"@type\":\"SearchAction\",\"target\":{\"@type\":\"EntryPoint\",\"urlTemplate\":\"https:\/\/experienciadevida.com.ar\/portalurbano\/?s={search_term_string}\"},\"query-input\":\"required name=search_term_string\"}],\"inLanguage\":\"es\"},{\"@type\":\"Organization\",\"@id\":\"https:\/\/experienciadevida.com.ar\/portalurbano\/#organization\",\"name\":\"Portal Urbano\",\"url\":\"https:\/\/experienciadevida.com.ar\/portalurbano\/\",\"logo\":{\"@type\":\"ImageObject\",\"inLanguage\":\"es\",\"@id\":\"https:\/\/experienciadevida.com.ar\/portalurbano\/#\/schema\/logo\/image\/\",\"url\":\"https:\/\/experienciadevida.com.ar\/portalurbano\/wp-content\/uploads\/2019\/09\/Logo-Original.png\",\"contentUrl\":\"https:\/\/experienciadevida.com.ar\/portalurbano\/wp-content\/uploads\/2019\/09\/Logo-Original.png\",\"width\":2236,\"height\":1216,\"caption\":\"Portal Urbano\"},\"image\":{\"@id\":\"https:\/\/experienciadevida.com.ar\/portalurbano\/#\/schema\/logo\/image\/\"},\"sameAs\":[\"https:\/\/www.facebook.com\/Portal-Urbano-171542830093757\/\",\"https:\/\/twitter.com\/portalurbanook\",\"https:\/\/www.instagram.com\/_portalurbano\/\",\"https:\/\/www.youtube.com\/channel\/UCXhagIfszH8KxFiOok79zbA?view_as=subscriber\"]},{\"@type\":\"Person\",\"@id\":\"https:\/\/experienciadevida.com.ar\/portalurbano\/#\/schema\/person\/02dd326b1c4b056e9cc972486934a3a7\",\"name\":\"admpu17wp\",\"image\":{\"@type\":\"ImageObject\",\"inLanguage\":\"es\",\"@id\":\"https:\/\/experienciadevida.com.ar\/portalurbano\/#\/schema\/person\/image\/\",\"url\":\"https:\/\/secure.gravatar.com\/avatar\/830d4c57adaae6630765e449a6908047?s=96&d=mm&r=g\",\"contentUrl\":\"https:\/\/secure.gravatar.com\/avatar\/830d4c57adaae6630765e449a6908047?s=96&d=mm&r=g\",\"caption\":\"admpu17wp\"}}]}<\/script>\n<!-- \/ Yoast SEO plugin. -->","yoast_head_json":{"title":"Finaliz\u00f3 el Curso de Salud Mental en Atenci\u00f3n Primaria","description":"El pasado 30 de agosto, con la realizaci\u00f3n de la evaluaci\u00f3n final, culmin\u00f3 el\u00a0Curso\u00a0de\u00a0Salud\u00a0Mental\u00a0en Atenci\u00f3n Primaria, organizado por la","robots":{"index":"index","follow":"follow","max-snippet":"max-snippet:-1","max-image-preview":"max-image-preview:large","max-video-preview":"max-video-preview:-1"},"canonical":"https:\/\/experienciadevida.com.ar\/portalurbano\/finalizo-el-curso-de-salud-mental-en-atencion-primaria\/","og_locale":"es_ES","og_type":"article","og_title":"Finaliz\u00f3 el Curso de Salud Mental en Atenci\u00f3n Primaria","og_description":"El pasado 30 de agosto, con la realizaci\u00f3n de la evaluaci\u00f3n final, culmin\u00f3 el\u00a0Curso\u00a0de\u00a0Salud\u00a0Mental\u00a0en Atenci\u00f3n Primaria, organizado por la","og_url":"https:\/\/experienciadevida.com.ar\/portalurbano\/finalizo-el-curso-de-salud-mental-en-atencion-primaria\/","article_publisher":"https:\/\/www.facebook.com\/Portal-Urbano-171542830093757\/","article_published_time":"2022-09-06T01:07:15+00:00","article_modified_time":"2022-09-06T01:09:12+00:00","og_image":[{"width":800,"height":458,"url":"https:\/\/experienciadevida.com.ar\/portalurbano\/wp-content\/uploads\/2022\/09\/Salud-Emtrega-Certificados-Curso-salud-mental-APS-e1662426423669.jpeg","type":"image\/jpeg"}],"author":"admpu17wp","twitter_card":"summary_large_image","twitter_creator":"@portalurbanook","twitter_site":"@portalurbanook","twitter_misc":{"Escrito por":"admpu17wp","Tiempo de lectura":"3 minutos"},"schema":{"@context":"https:\/\/schema.org","@graph":[{"@type":"Article","@id":"https:\/\/experienciadevida.com.ar\/portalurbano\/finalizo-el-curso-de-salud-mental-en-atencion-primaria\/#article","isPartOf":{"@id":"https:\/\/experienciadevida.com.ar\/portalurbano\/finalizo-el-curso-de-salud-mental-en-atencion-primaria\/"},"author":{"name":"admpu17wp","@id":"https:\/\/experienciadevida.com.ar\/portalurbano\/#\/schema\/person\/02dd326b1c4b056e9cc972486934a3a7"},"headline":"Finaliz\u00f3 el Curso de Salud Mental en Atenci\u00f3n Primaria","datePublished":"2022-09-06T01:07:15+00:00","dateModified":"2022-09-06T01:09:12+00:00","mainEntityOfPage":{"@id":"https:\/\/experienciadevida.com.ar\/portalurbano\/finalizo-el-curso-de-salud-mental-en-atencion-primaria\/"},"wordCount":621,"publisher":{"@id":"https:\/\/experienciadevida.com.ar\/portalurbano\/#organization"},"keywords":["Salud Mental"],"articleSection":["Ciudad"],"inLanguage":"es"},{"@type":"WebPage","@id":"https:\/\/experienciadevida.com.ar\/portalurbano\/finalizo-el-curso-de-salud-mental-en-atencion-primaria\/","url":"https:\/\/experienciadevida.com.ar\/portalurbano\/finalizo-el-curso-de-salud-mental-en-atencion-primaria\/","name":"Finaliz\u00f3 el Curso de Salud Mental en Atenci\u00f3n Primaria","isPartOf":{"@id":"https:\/\/experienciadevida.com.ar\/portalurbano\/#website"},"datePublished":"2022-09-06T01:07:15+00:00","dateModified":"2022-09-06T01:09:12+00:00","description":"El pasado 30 de agosto, con la realizaci\u00f3n de la evaluaci\u00f3n final, culmin\u00f3 el\u00a0Curso\u00a0de\u00a0Salud\u00a0Mental\u00a0en Atenci\u00f3n Primaria, organizado por la","breadcrumb":{"@id":"https:\/\/experienciadevida.com.ar\/portalurbano\/finalizo-el-curso-de-salud-mental-en-atencion-primaria\/#breadcrumb"},"inLanguage":"es","potentialAction":[{"@type":"ReadAction","target":["https:\/\/experienciadevida.com.ar\/portalurbano\/finalizo-el-curso-de-salud-mental-en-atencion-primaria\/"]}]},{"@type":"BreadcrumbList","@id":"https:\/\/experienciadevida.com.ar\/portalurbano\/finalizo-el-curso-de-salud-mental-en-atencion-primaria\/#breadcrumb","itemListElement":[{"@type":"ListItem","position":1,"name":"Portada","item":"https:\/\/experienciadevida.com.ar\/portalurbano\/"},{"@type":"ListItem","position":2,"name":"Finaliz\u00f3 el Curso de Salud Mental en Atenci\u00f3n Primaria"}]},{"@type":"WebSite","@id":"https:\/\/experienciadevida.com.ar\/portalurbano\/#website","url":"https:\/\/experienciadevida.com.ar\/portalurbano\/","name":"","description":"","publisher":{"@id":"https:\/\/experienciadevida.com.ar\/portalurbano\/#organization"},"potentialAction":[{"@type":"SearchAction","target":{"@type":"EntryPoint","urlTemplate":"https:\/\/experienciadevida.com.ar\/portalurbano\/?s={search_term_string}"},"query-input":"required name=search_term_string"}],"inLanguage":"es"},{"@type":"Organization","@id":"https:\/\/experienciadevida.com.ar\/portalurbano\/#organization","name":"Portal Urbano","url":"https:\/\/experienciadevida.com.ar\/portalurbano\/","logo":{"@type":"ImageObject","inLanguage":"es","@id":"https:\/\/experienciadevida.com.ar\/portalurbano\/#\/schema\/logo\/image\/","url":"https:\/\/experienciadevida.com.ar\/portalurbano\/wp-content\/uploads\/2019\/09\/Logo-Original.png","contentUrl":"https:\/\/experienciadevida.com.ar\/portalurbano\/wp-content\/uploads\/2019\/09\/Logo-Original.png","width":2236,"height":1216,"caption":"Portal Urbano"},"image":{"@id":"https:\/\/experienciadevida.com.ar\/portalurbano\/#\/schema\/logo\/image\/"},"sameAs":["https:\/\/www.facebook.com\/Portal-Urbano-171542830093757\/","https:\/\/twitter.com\/portalurbanook","https:\/\/www.instagram.com\/_portalurbano\/","https:\/\/www.youtube.com\/channel\/UCXhagIfszH8KxFiOok79zbA?view_as=subscriber"]},{"@type":"Person","@id":"https:\/\/experienciadevida.com.ar\/portalurbano\/#\/schema\/person\/02dd326b1c4b056e9cc972486934a3a7","name":"admpu17wp","image":{"@type":"ImageObject","inLanguage":"es","@id":"https:\/\/experienciadevida.com.ar\/portalurbano\/#\/schema\/person\/image\/","url":"https:\/\/secure.gravatar.com\/avatar\/830d4c57adaae6630765e449a6908047?s=96&d=mm&r=g","contentUrl":"https:\/\/secure.gravatar.com\/avatar\/830d4c57adaae6630765e449a6908047?s=96&d=mm&r=g","caption":"admpu17wp"}}]}},"featured_image_urls":{"full":["https:\/\/experienciadevida.com.ar\/portalurbano\/wp-content\/uploads\/2022\/09\/Salud-Emtrega-Certificados-Curso-salud-mental-APS-e1662426423669.jpeg",800,458,false],"thumbnail":["https:\/\/experienciadevida.com.ar\/portalurbano\/wp-content\/uploads\/2022\/09\/Salud-Emtrega-Certificados-Curso-salud-mental-APS-e1662426423669-150x150.jpeg",150,150,true],"medium":["https:\/\/experienciadevida.com.ar\/portalurbano\/wp-content\/uploads\/2022\/09\/Salud-Emtrega-Certificados-Curso-salud-mental-APS-e1662426423669-300x172.jpeg",300,172,true],"medium_large":["https:\/\/experienciadevida.com.ar\/portalurbano\/wp-content\/uploads\/2022\/09\/Salud-Emtrega-Certificados-Curso-salud-mental-APS-e1662426423669-768x440.jpeg",640,367,true],"large":["https:\/\/experienciadevida.com.ar\/portalurbano\/wp-content\/uploads\/2022\/09\/Salud-Emtrega-Certificados-Curso-salud-mental-APS-e1662426423669.jpeg",640,366,false],"ug_big":["https:\/\/experienciadevida.com.ar\/portalurbano\/wp-content\/uploads\/2022\/09\/Salud-Emtrega-Certificados-Curso-salud-mental-APS-e1662426423669-768x440.jpeg",768,440,true],"1536x1536":["https:\/\/experienciadevida.com.ar\/portalurbano\/wp-content\/uploads\/2022\/09\/Salud-Emtrega-Certificados-Curso-salud-mental-APS-e1662426423669.jpeg",800,458,false],"2048x2048":["https:\/\/experienciadevida.com.ar\/portalurbano\/wp-content\/uploads\/2022\/09\/Salud-Emtrega-Certificados-Curso-salud-mental-APS-e1662426423669.jpeg",800,458,false],"newsever-slider-full":["https:\/\/experienciadevida.com.ar\/portalurbano\/wp-content\/uploads\/2022\/09\/Salud-Emtrega-Certificados-Curso-salud-mental-APS-e1662426423669.jpeg",800,458,false],"newsever-featured":["https:\/\/experienciadevida.com.ar\/portalurbano\/wp-content\/uploads\/2022\/09\/Salud-Emtrega-Certificados-Curso-salud-mental-APS-e1662426423669.jpeg",800,458,false],"newsever-medium":["https:\/\/experienciadevida.com.ar\/portalurbano\/wp-content\/uploads\/2022\/09\/Salud-Emtrega-Certificados-Curso-salud-mental-APS-e1662426423669.jpeg",720,412,false],"web-stories-poster-portrait":["https:\/\/experienciadevida.com.ar\/portalurbano\/wp-content\/uploads\/2022\/09\/Salud-Emtrega-Certificados-Curso-salud-mental-APS-e1662426423669-640x458.jpeg",640,458,true],"web-stories-publisher-logo":["https:\/\/experienciadevida.com.ar\/portalurbano\/wp-content\/uploads\/2022\/09\/Salud-Emtrega-Certificados-Curso-salud-mental-APS-e1662426423669-96x96.jpeg",96,96,true],"web-stories-thumbnail":["https:\/\/experienciadevida.com.ar\/portalurbano\/wp-content\/uploads\/2022\/09\/Salud-Emtrega-Certificados-Curso-salud-mental-APS-e1662426423669-150x86.jpeg",150,86,true]},"author_info":{"display_name":"admpu17wp","author_link":"https:\/\/experienciadevida.com.ar\/portalurbano\/author\/admpu17wp\/"},"category_info":"<a href=\"https:\/\/experienciadevida.com.ar\/portalurbano\/category\/ciudad\/\" rel=\"category tag\">Ciudad<\/a>","tag_info":"Ciudad","comment_count":"0","amp_enabled":true,"_links":{"self":[{"href":"https:\/\/experienciadevida.com.ar\/portalurbano\/wp-json\/wp\/v2\/posts\/174935"}],"collection":[{"href":"https:\/\/experienciadevida.com.ar\/portalurbano\/wp-json\/wp\/v2\/posts"}],"about":[{"href":"https:\/\/experienciadevida.com.ar\/portalurbano\/wp-json\/wp\/v2\/types\/post"}],"author":[{"embeddable":true,"href":"https:\/\/experienciadevida.com.ar\/portalurbano\/wp-json\/wp\/v2\/users\/1"}],"replies":[{"embeddable":true,"href":"https:\/\/experienciadevida.com.ar\/portalurbano\/wp-json\/wp\/v2\/comments?post=174935"}],"version-history":[{"count":2,"href":"https:\/\/experienciadevida.com.ar\/portalurbano\/wp-json\/wp\/v2\/posts\/174935\/revisions"}],"predecessor-version":[{"id":174938,"href":"https:\/\/experienciadevida.com.ar\/portalurbano\/wp-json\/wp\/v2\/posts\/174935\/revisions\/174938"}],"wp:featuredmedia":[{"embeddable":true,"href":"https:\/\/experienciadevida.com.ar\/portalurbano\/wp-json\/wp\/v2\/media\/174936"}],"wp:attachment":[{"href":"https:\/\/experienciadevida.com.ar\/portalurbano\/wp-json\/wp\/v2\/media?parent=174935"}],"wp:term":[{"taxonomy":"category","embeddable":true,"href":"https:\/\/experienciadevida.com.ar\/portalurbano\/wp-json\/wp\/v2\/categories?post=174935"},{"taxonomy":"post_tag","embeddable":true,"href":"https:\/\/experienciadevida.com.ar\/portalurbano\/wp-json\/wp\/v2\/tags?post=174935"}],"curies":[{"name":"wp","href":"https:\/\/api.w.org\/{rel}","templated":true}]}}