{"id":174932,"date":"2022-09-05T22:04:41","date_gmt":"2022-09-06T01:04:41","guid":{"rendered":"https:\/\/experienciadevida.com.ar\/portalurbano\/?p=174932"},"modified":"2022-09-05T22:04:41","modified_gmt":"2022-09-06T01:04:41","slug":"proyecto-tranqueras-reunion-con-integrantes-de-la-mesa-agropecuaria","status":"publish","type":"post","link":"https:\/\/experienciadevida.com.ar\/portalurbano\/proyecto-tranqueras-reunion-con-integrantes-de-la-mesa-agropecuaria\/","title":{"rendered":"Proyecto Tranqueras: reuni\u00f3n con integrantes de la Mesa Agropecuaria"},"content":{"rendered":"<p>D\u00edas atr\u00e1s en la sede de la Direcci\u00f3n de Desarrollo Agropecuario, dependiente de la Secretar\u00eda de Desarrollo Econ\u00f3mico, se llev\u00f3 a cabo una reuni\u00f3n de la Mesa Agropecuaria.<\/p>\n<p>En la oportunidad fueron invitados a participar del encuentro, t\u00e9cnicos del \u00e1rea de Gobierno Digital Lic. Martin Orradre y Mart\u00edn Gette, con motivo de presentar los avances alcanzados en el \u201cProyecto Tranqueras\u201d.<\/p>\n<p>Concretamente se refirieron a la forma de identificaci\u00f3n de las principales tranqueas de los establecimientos rurales y el uso de la plataforma digital, ubicada en el Portal Olavarr\u00eda Georeferrenciada (IDE).<\/p>\n<p>El objetivo de este proyecto consiste en contar con una herramienta \u00e1gil para poder ubicar de manera r\u00e1pida y precisa las entradas a los establecimientos agropecuarios, mejorando de esta manera la comunicaci\u00f3n, ante casos de emergencia, seguridad o usos productivos y cotidianos de los productores.<\/p>\n<p>Se acord\u00f3, habi\u00e9ndose concretado esa primera etapa del proyecto, organizar su \u00a0difusi\u00f3n entre los productores e instituciones que ser\u00e1n usuarias de este mapa como Bomberos, Defensa Civil, Polic\u00eda y Patrulla Rural para hacer un uso eficiente del mismo.<\/p>\n","protected":false},"excerpt":{"rendered":"<p>D\u00edas atr\u00e1s en la sede de la Direcci\u00f3n de Desarrollo Agropecuario, dependiente de la Secretar\u00eda&#8230;<\/p>\n","protected":false},"author":1,"featured_media":174933,"comment_status":"closed","ping_status":"closed","sticky":false,"template":"","format":"standard","meta":{"content-type":""},"categories":[27],"tags":[],"nelio_content":{"isAutoShareEnabled":false,"autoShareEndMode":"default","automationSources":{"useContentSentences":true,"useSocialTemplates":true,"useCustomSentences":false,"customSentences":[]},"followers":[1],"suggestedReferences":[],"includedReferences":[],"efiUrl":"","efiAlt":"","highlights":[]},"yoast_head":"<!-- This site is optimized with the Yoast SEO plugin v20.7 - https:\/\/yoast.com\/wordpress\/plugins\/seo\/ -->\n<title>Proyecto Tranqueras: reuni\u00f3n con integrantes de la Mesa Agropecuaria -<\/title>\n<meta name=\"robots\" content=\"index, follow, max-snippet:-1, max-image-preview:large, max-video-preview:-1\" \/>\n<link rel=\"canonical\" href=\"https:\/\/experienciadevida.com.ar\/portalurbano\/proyecto-tranqueras-reunion-con-integrantes-de-la-mesa-agropecuaria\/\" \/>\n<meta property=\"og:locale\" content=\"es_ES\" \/>\n<meta property=\"og:type\" content=\"article\" \/>\n<meta property=\"og:title\" content=\"Proyecto Tranqueras: reuni\u00f3n con integrantes de la Mesa Agropecuaria -\" \/>\n<meta property=\"og:description\" content=\"D\u00edas atr\u00e1s en la sede de la Direcci\u00f3n de Desarrollo Agropecuario, dependiente de la Secretar\u00eda...\" \/>\n<meta property=\"og:url\" content=\"https:\/\/experienciadevida.com.ar\/portalurbano\/proyecto-tranqueras-reunion-con-integrantes-de-la-mesa-agropecuaria\/\" \/>\n<meta property=\"article:publisher\" content=\"https:\/\/www.facebook.com\/Portal-Urbano-171542830093757\/\" \/>\n<meta property=\"article:published_time\" content=\"2022-09-06T01:04:41+00:00\" \/>\n<meta property=\"og:image\" content=\"https:\/\/experienciadevida.com.ar\/portalurbano\/wp-content\/uploads\/2022\/09\/DE-Reunion-Mesa-Agropecuaria-1-e1662426267244.jpg\" \/>\n\t<meta property=\"og:image:width\" content=\"800\" \/>\n\t<meta property=\"og:image:height\" content=\"533\" \/>\n\t<meta property=\"og:image:type\" content=\"image\/jpeg\" \/>\n<meta name=\"author\" content=\"admpu17wp\" \/>\n<meta name=\"twitter:card\" content=\"summary_large_image\" \/>\n<meta name=\"twitter:creator\" content=\"@portalurbanook\" \/>\n<meta name=\"twitter:site\" content=\"@portalurbanook\" \/>\n<meta name=\"twitter:label1\" content=\"Escrito por\" \/>\n\t<meta name=\"twitter:data1\" content=\"admpu17wp\" \/>\n\t<meta name=\"twitter:label2\" content=\"Tiempo de lectura\" \/>\n\t<meta name=\"twitter:data2\" content=\"1 minuto\" \/>\n<script type=\"application\/ld+json\" class=\"yoast-schema-graph\">{\"@context\":\"https:\/\/schema.org\",\"@graph\":[{\"@type\":\"Article\",\"@id\":\"https:\/\/experienciadevida.com.ar\/portalurbano\/proyecto-tranqueras-reunion-con-integrantes-de-la-mesa-agropecuaria\/#article\",\"isPartOf\":{\"@id\":\"https:\/\/experienciadevida.com.ar\/portalurbano\/proyecto-tranqueras-reunion-con-integrantes-de-la-mesa-agropecuaria\/\"},\"author\":{\"name\":\"admpu17wp\",\"@id\":\"https:\/\/experienciadevida.com.ar\/portalurbano\/#\/schema\/person\/02dd326b1c4b056e9cc972486934a3a7\"},\"headline\":\"Proyecto Tranqueras: reuni\u00f3n con integrantes de la Mesa Agropecuaria\",\"datePublished\":\"2022-09-06T01:04:41+00:00\",\"dateModified\":\"2022-09-06T01:04:41+00:00\",\"mainEntityOfPage\":{\"@id\":\"https:\/\/experienciadevida.com.ar\/portalurbano\/proyecto-tranqueras-reunion-con-integrantes-de-la-mesa-agropecuaria\/\"},\"wordCount\":199,\"publisher\":{\"@id\":\"https:\/\/experienciadevida.com.ar\/portalurbano\/#organization\"},\"articleSection\":[\"Ciudad\"],\"inLanguage\":\"es\"},{\"@type\":\"WebPage\",\"@id\":\"https:\/\/experienciadevida.com.ar\/portalurbano\/proyecto-tranqueras-reunion-con-integrantes-de-la-mesa-agropecuaria\/\",\"url\":\"https:\/\/experienciadevida.com.ar\/portalurbano\/proyecto-tranqueras-reunion-con-integrantes-de-la-mesa-agropecuaria\/\",\"name\":\"Proyecto Tranqueras: reuni\u00f3n con integrantes de la Mesa Agropecuaria -\",\"isPartOf\":{\"@id\":\"https:\/\/experienciadevida.com.ar\/portalurbano\/#website\"},\"datePublished\":\"2022-09-06T01:04:41+00:00\",\"dateModified\":\"2022-09-06T01:04:41+00:00\",\"breadcrumb\":{\"@id\":\"https:\/\/experienciadevida.com.ar\/portalurbano\/proyecto-tranqueras-reunion-con-integrantes-de-la-mesa-agropecuaria\/#breadcrumb\"},\"inLanguage\":\"es\",\"potentialAction\":[{\"@type\":\"ReadAction\",\"target\":[\"https:\/\/experienciadevida.com.ar\/portalurbano\/proyecto-tranqueras-reunion-con-integrantes-de-la-mesa-agropecuaria\/\"]}]},{\"@type\":\"BreadcrumbList\",\"@id\":\"https:\/\/experienciadevida.com.ar\/portalurbano\/proyecto-tranqueras-reunion-con-integrantes-de-la-mesa-agropecuaria\/#breadcrumb\",\"itemListElement\":[{\"@type\":\"ListItem\",\"position\":1,\"name\":\"Portada\",\"item\":\"https:\/\/experienciadevida.com.ar\/portalurbano\/\"},{\"@type\":\"ListItem\",\"position\":2,\"name\":\"Proyecto Tranqueras: reuni\u00f3n con integrantes de la Mesa Agropecuaria\"}]},{\"@type\":\"WebSite\",\"@id\":\"https:\/\/experienciadevida.com.ar\/portalurbano\/#website\",\"url\":\"https:\/\/experienciadevida.com.ar\/portalurbano\/\",\"name\":\"\",\"description\":\"\",\"publisher\":{\"@id\":\"https:\/\/experienciadevida.com.ar\/portalurbano\/#organization\"},\"potentialAction\":[{\"@type\":\"SearchAction\",\"target\":{\"@type\":\"EntryPoint\",\"urlTemplate\":\"https:\/\/experienciadevida.com.ar\/portalurbano\/?s={search_term_string}\"},\"query-input\":\"required name=search_term_string\"}],\"inLanguage\":\"es\"},{\"@type\":\"Organization\",\"@id\":\"https:\/\/experienciadevida.com.ar\/portalurbano\/#organization\",\"name\":\"Portal Urbano\",\"url\":\"https:\/\/experienciadevida.com.ar\/portalurbano\/\",\"logo\":{\"@type\":\"ImageObject\",\"inLanguage\":\"es\",\"@id\":\"https:\/\/experienciadevida.com.ar\/portalurbano\/#\/schema\/logo\/image\/\",\"url\":\"https:\/\/experienciadevida.com.ar\/portalurbano\/wp-content\/uploads\/2019\/09\/Logo-Original.png\",\"contentUrl\":\"https:\/\/experienciadevida.com.ar\/portalurbano\/wp-content\/uploads\/2019\/09\/Logo-Original.png\",\"width\":2236,\"height\":1216,\"caption\":\"Portal Urbano\"},\"image\":{\"@id\":\"https:\/\/experienciadevida.com.ar\/portalurbano\/#\/schema\/logo\/image\/\"},\"sameAs\":[\"https:\/\/www.facebook.com\/Portal-Urbano-171542830093757\/\",\"https:\/\/twitter.com\/portalurbanook\",\"https:\/\/www.instagram.com\/_portalurbano\/\",\"https:\/\/www.youtube.com\/channel\/UCXhagIfszH8KxFiOok79zbA?view_as=subscriber\"]},{\"@type\":\"Person\",\"@id\":\"https:\/\/experienciadevida.com.ar\/portalurbano\/#\/schema\/person\/02dd326b1c4b056e9cc972486934a3a7\",\"name\":\"admpu17wp\",\"image\":{\"@type\":\"ImageObject\",\"inLanguage\":\"es\",\"@id\":\"https:\/\/experienciadevida.com.ar\/portalurbano\/#\/schema\/person\/image\/\",\"url\":\"https:\/\/secure.gravatar.com\/avatar\/830d4c57adaae6630765e449a6908047?s=96&d=mm&r=g\",\"contentUrl\":\"https:\/\/secure.gravatar.com\/avatar\/830d4c57adaae6630765e449a6908047?s=96&d=mm&r=g\",\"caption\":\"admpu17wp\"}}]}<\/script>\n<!-- \/ Yoast SEO plugin. -->","yoast_head_json":{"title":"Proyecto Tranqueras: reuni\u00f3n con integrantes de la Mesa Agropecuaria -","robots":{"index":"index","follow":"follow","max-snippet":"max-snippet:-1","max-image-preview":"max-image-preview:large","max-video-preview":"max-video-preview:-1"},"canonical":"https:\/\/experienciadevida.com.ar\/portalurbano\/proyecto-tranqueras-reunion-con-integrantes-de-la-mesa-agropecuaria\/","og_locale":"es_ES","og_type":"article","og_title":"Proyecto Tranqueras: reuni\u00f3n con integrantes de la Mesa Agropecuaria -","og_description":"D\u00edas atr\u00e1s en la sede de la Direcci\u00f3n de Desarrollo Agropecuario, dependiente de la Secretar\u00eda...","og_url":"https:\/\/experienciadevida.com.ar\/portalurbano\/proyecto-tranqueras-reunion-con-integrantes-de-la-mesa-agropecuaria\/","article_publisher":"https:\/\/www.facebook.com\/Portal-Urbano-171542830093757\/","article_published_time":"2022-09-06T01:04:41+00:00","og_image":[{"width":800,"height":533,"url":"https:\/\/experienciadevida.com.ar\/portalurbano\/wp-content\/uploads\/2022\/09\/DE-Reunion-Mesa-Agropecuaria-1-e1662426267244.jpg","type":"image\/jpeg"}],"author":"admpu17wp","twitter_card":"summary_large_image","twitter_creator":"@portalurbanook","twitter_site":"@portalurbanook","twitter_misc":{"Escrito por":"admpu17wp","Tiempo de lectura":"1 minuto"},"schema":{"@context":"https:\/\/schema.org","@graph":[{"@type":"Article","@id":"https:\/\/experienciadevida.com.ar\/portalurbano\/proyecto-tranqueras-reunion-con-integrantes-de-la-mesa-agropecuaria\/#article","isPartOf":{"@id":"https:\/\/experienciadevida.com.ar\/portalurbano\/proyecto-tranqueras-reunion-con-integrantes-de-la-mesa-agropecuaria\/"},"author":{"name":"admpu17wp","@id":"https:\/\/experienciadevida.com.ar\/portalurbano\/#\/schema\/person\/02dd326b1c4b056e9cc972486934a3a7"},"headline":"Proyecto Tranqueras: reuni\u00f3n con integrantes de la Mesa Agropecuaria","datePublished":"2022-09-06T01:04:41+00:00","dateModified":"2022-09-06T01:04:41+00:00","mainEntityOfPage":{"@id":"https:\/\/experienciadevida.com.ar\/portalurbano\/proyecto-tranqueras-reunion-con-integrantes-de-la-mesa-agropecuaria\/"},"wordCount":199,"publisher":{"@id":"https:\/\/experienciadevida.com.ar\/portalurbano\/#organization"},"articleSection":["Ciudad"],"inLanguage":"es"},{"@type":"WebPage","@id":"https:\/\/experienciadevida.com.ar\/portalurbano\/proyecto-tranqueras-reunion-con-integrantes-de-la-mesa-agropecuaria\/","url":"https:\/\/experienciadevida.com.ar\/portalurbano\/proyecto-tranqueras-reunion-con-integrantes-de-la-mesa-agropecuaria\/","name":"Proyecto Tranqueras: reuni\u00f3n con integrantes de la Mesa Agropecuaria -","isPartOf":{"@id":"https:\/\/experienciadevida.com.ar\/portalurbano\/#website"},"datePublished":"2022-09-06T01:04:41+00:00","dateModified":"2022-09-06T01:04:41+00:00","breadcrumb":{"@id":"https:\/\/experienciadevida.com.ar\/portalurbano\/proyecto-tranqueras-reunion-con-integrantes-de-la-mesa-agropecuaria\/#breadcrumb"},"inLanguage":"es","potentialAction":[{"@type":"ReadAction","target":["https:\/\/experienciadevida.com.ar\/portalurbano\/proyecto-tranqueras-reunion-con-integrantes-de-la-mesa-agropecuaria\/"]}]},{"@type":"BreadcrumbList","@id":"https:\/\/experienciadevida.com.ar\/portalurbano\/proyecto-tranqueras-reunion-con-integrantes-de-la-mesa-agropecuaria\/#breadcrumb","itemListElement":[{"@type":"ListItem","position":1,"name":"Portada","item":"https:\/\/experienciadevida.com.ar\/portalurbano\/"},{"@type":"ListItem","position":2,"name":"Proyecto Tranqueras: reuni\u00f3n con integrantes de la Mesa Agropecuaria"}]},{"@type":"WebSite","@id":"https:\/\/experienciadevida.com.ar\/portalurbano\/#website","url":"https:\/\/experienciadevida.com.ar\/portalurbano\/","name":"","description":"","publisher":{"@id":"https:\/\/experienciadevida.com.ar\/portalurbano\/#organization"},"potentialAction":[{"@type":"SearchAction","target":{"@type":"EntryPoint","urlTemplate":"https:\/\/experienciadevida.com.ar\/portalurbano\/?s={search_term_string}"},"query-input":"required name=search_term_string"}],"inLanguage":"es"},{"@type":"Organization","@id":"https:\/\/experienciadevida.com.ar\/portalurbano\/#organization","name":"Portal Urbano","url":"https:\/\/experienciadevida.com.ar\/portalurbano\/","logo":{"@type":"ImageObject","inLanguage":"es","@id":"https:\/\/experienciadevida.com.ar\/portalurbano\/#\/schema\/logo\/image\/","url":"https:\/\/experienciadevida.com.ar\/portalurbano\/wp-content\/uploads\/2019\/09\/Logo-Original.png","contentUrl":"https:\/\/experienciadevida.com.ar\/portalurbano\/wp-content\/uploads\/2019\/09\/Logo-Original.png","width":2236,"height":1216,"caption":"Portal Urbano"},"image":{"@id":"https:\/\/experienciadevida.com.ar\/portalurbano\/#\/schema\/logo\/image\/"},"sameAs":["https:\/\/www.facebook.com\/Portal-Urbano-171542830093757\/","https:\/\/twitter.com\/portalurbanook","https:\/\/www.instagram.com\/_portalurbano\/","https:\/\/www.youtube.com\/channel\/UCXhagIfszH8KxFiOok79zbA?view_as=subscriber"]},{"@type":"Person","@id":"https:\/\/experienciadevida.com.ar\/portalurbano\/#\/schema\/person\/02dd326b1c4b056e9cc972486934a3a7","name":"admpu17wp","image":{"@type":"ImageObject","inLanguage":"es","@id":"https:\/\/experienciadevida.com.ar\/portalurbano\/#\/schema\/person\/image\/","url":"https:\/\/secure.gravatar.com\/avatar\/830d4c57adaae6630765e449a6908047?s=96&d=mm&r=g","contentUrl":"https:\/\/secure.gravatar.com\/avatar\/830d4c57adaae6630765e449a6908047?s=96&d=mm&r=g","caption":"admpu17wp"}}]}},"featured_image_urls":{"full":["https:\/\/experienciadevida.com.ar\/portalurbano\/wp-content\/uploads\/2022\/09\/DE-Reunion-Mesa-Agropecuaria-1-e1662426267244.jpg",800,533,false],"thumbnail":["https:\/\/experienciadevida.com.ar\/portalurbano\/wp-content\/uploads\/2022\/09\/DE-Reunion-Mesa-Agropecuaria-1-e1662426267244-150x150.jpg",150,150,true],"medium":["https:\/\/experienciadevida.com.ar\/portalurbano\/wp-content\/uploads\/2022\/09\/DE-Reunion-Mesa-Agropecuaria-1-e1662426267244-300x200.jpg",300,200,true],"medium_large":["https:\/\/experienciadevida.com.ar\/portalurbano\/wp-content\/uploads\/2022\/09\/DE-Reunion-Mesa-Agropecuaria-1-e1662426267244-768x512.jpg",640,427,true],"large":["https:\/\/experienciadevida.com.ar\/portalurbano\/wp-content\/uploads\/2022\/09\/DE-Reunion-Mesa-Agropecuaria-1-1024x682.jpg",640,426,true],"ug_big":["https:\/\/experienciadevida.com.ar\/portalurbano\/wp-content\/uploads\/2022\/09\/DE-Reunion-Mesa-Agropecuaria-1-e1662426267244-768x512.jpg",768,512,true],"1536x1536":["https:\/\/experienciadevida.com.ar\/portalurbano\/wp-content\/uploads\/2022\/09\/DE-Reunion-Mesa-Agropecuaria-1-1536x1024.jpg",1536,1024,true],"2048x2048":["https:\/\/experienciadevida.com.ar\/portalurbano\/wp-content\/uploads\/2022\/09\/DE-Reunion-Mesa-Agropecuaria-1-e1662426267244.jpg",800,533,false],"newsever-slider-full":["https:\/\/experienciadevida.com.ar\/portalurbano\/wp-content\/uploads\/2022\/09\/DE-Reunion-Mesa-Agropecuaria-1-e1662426267244.jpg",800,533,false],"newsever-featured":["https:\/\/experienciadevida.com.ar\/portalurbano\/wp-content\/uploads\/2022\/09\/DE-Reunion-Mesa-Agropecuaria-1-e1662426267244.jpg",800,533,false],"newsever-medium":["https:\/\/experienciadevida.com.ar\/portalurbano\/wp-content\/uploads\/2022\/09\/DE-Reunion-Mesa-Agropecuaria-1-e1662426267244.jpg",713,475,false],"web-stories-poster-portrait":["https:\/\/experienciadevida.com.ar\/portalurbano\/wp-content\/uploads\/2022\/09\/DE-Reunion-Mesa-Agropecuaria-1-e1662426267244-640x533.jpg",640,533,true],"web-stories-publisher-logo":["https:\/\/experienciadevida.com.ar\/portalurbano\/wp-content\/uploads\/2022\/09\/DE-Reunion-Mesa-Agropecuaria-1-e1662426267244-96x96.jpg",96,96,true],"web-stories-thumbnail":["https:\/\/experienciadevida.com.ar\/portalurbano\/wp-content\/uploads\/2022\/09\/DE-Reunion-Mesa-Agropecuaria-1-e1662426267244-150x100.jpg",150,100,true]},"author_info":{"display_name":"admpu17wp","author_link":"https:\/\/experienciadevida.com.ar\/portalurbano\/author\/admpu17wp\/"},"category_info":"<a href=\"https:\/\/experienciadevida.com.ar\/portalurbano\/category\/ciudad\/\" rel=\"category tag\">Ciudad<\/a>","tag_info":"Ciudad","comment_count":"0","amp_enabled":true,"_links":{"self":[{"href":"https:\/\/experienciadevida.com.ar\/portalurbano\/wp-json\/wp\/v2\/posts\/174932"}],"collection":[{"href":"https:\/\/experienciadevida.com.ar\/portalurbano\/wp-json\/wp\/v2\/posts"}],"about":[{"href":"https:\/\/experienciadevida.com.ar\/portalurbano\/wp-json\/wp\/v2\/types\/post"}],"author":[{"embeddable":true,"href":"https:\/\/experienciadevida.com.ar\/portalurbano\/wp-json\/wp\/v2\/users\/1"}],"replies":[{"embeddable":true,"href":"https:\/\/experienciadevida.com.ar\/portalurbano\/wp-json\/wp\/v2\/comments?post=174932"}],"version-history":[{"count":1,"href":"https:\/\/experienciadevida.com.ar\/portalurbano\/wp-json\/wp\/v2\/posts\/174932\/revisions"}],"predecessor-version":[{"id":174934,"href":"https:\/\/experienciadevida.com.ar\/portalurbano\/wp-json\/wp\/v2\/posts\/174932\/revisions\/174934"}],"wp:featuredmedia":[{"embeddable":true,"href":"https:\/\/experienciadevida.com.ar\/portalurbano\/wp-json\/wp\/v2\/media\/174933"}],"wp:attachment":[{"href":"https:\/\/experienciadevida.com.ar\/portalurbano\/wp-json\/wp\/v2\/media?parent=174932"}],"wp:term":[{"taxonomy":"category","embeddable":true,"href":"https:\/\/experienciadevida.com.ar\/portalurbano\/wp-json\/wp\/v2\/categories?post=174932"},{"taxonomy":"post_tag","embeddable":true,"href":"https:\/\/experienciadevida.com.ar\/portalurbano\/wp-json\/wp\/v2\/tags?post=174932"}],"curies":[{"name":"wp","href":"https:\/\/api.w.org\/{rel}","templated":true}]}}