{"id":174898,"date":"2022-09-05T21:25:00","date_gmt":"2022-09-06T00:25:00","guid":{"rendered":"https:\/\/experienciadevida.com.ar\/portalurbano\/?p=174898"},"modified":"2022-09-05T21:29:01","modified_gmt":"2022-09-06T00:29:01","slug":"balance-positivo-de-los-primeros-tres-meses-del-pam","status":"publish","type":"post","link":"https:\/\/experienciadevida.com.ar\/portalurbano\/balance-positivo-de-los-primeros-tres-meses-del-pam\/","title":{"rendered":"Balance positivo de los primeros tres meses del PAM"},"content":{"rendered":"<p>Balance positivo de los primeros tres meses del PAM, en el mes de junio, el intendente Ezequiel <a href=\"https:\/\/www.instagram.com\/galliezequiel\/\">Galli<\/a> lanz\u00f3 la nueva tarjeta del Programa Alimentario <a href=\"https:\/\/www.facebook.com\/municipiodeolavarria\">Municipal<\/a>, que reemplaz\u00f3 la bolsa de alimentos que entregaba la comuna a trav\u00e9s de la Subsecretar\u00eda de Desarrollo Social.<\/p>\n<p>En ese entonces se inform\u00f3 que la misma ser\u00eda utilizada por m\u00e1s de 3500 familias del Partido de Olavarr\u00eda.<\/p>\n<p>\u201cEl balance de los primeros tres meses de implementaci\u00f3n es m\u00e1s que positivo, ya que las familias que antes recib\u00edan la bolsa de alimentos, ahora cuentan con una tarjeta que entre el 1\u00b0 y el 10 de cada mes tiene su monto depositado para la compra\u201d, sostuvo la subsecretaria de Desarrollo Social Silvana Rosales.<\/p>\n<p>Adem\u00e1s, la funcionaria indic\u00f3 que fueron cerca de 30 millones de pesos los que \u201cen gran medida \u2018vuelven\u2019 al comercio local, ya que las familias eligen comprar en los almacenes o despensas del barrio\u201d.<\/p>\n<p>Por otra parte, se\u00f1al\u00f3 que en el mes de septiembre el monto de la tarjeta aument\u00f3 a $3500 pesos.<\/p>\n<p>\u201cLos niveles de utilizaci\u00f3n de la tarjeta se ven reflejados en las estad\u00edsticas que tenemos. L\u00f3gicamente son los primeros d\u00edas del mes los que se utilizan con mayores n\u00fameros, pero vemos una constante en la que la tarjeta se utiliza todos los d\u00edas\u201d, agreg\u00f3.<\/p>\n<p>La tarjeta fue repartida en cada una de las sedes de los diferentes Servicios Territoriales Municipales, de acuerdo al radio pertinente.<\/p>\n<p>Aquellos comercios que lo deseen, pueden adherirse al programa de descuentos del Banco para que las familias puedan ser beneficiadas (por ejemplo Cooperativa Obrera tiene un 15% de descuento).<\/p>\n","protected":false},"excerpt":{"rendered":"<p>Balance positivo de los primeros tres meses del PAM, en el mes de junio, el&#8230;<\/p>\n","protected":false},"author":1,"featured_media":174900,"comment_status":"closed","ping_status":"closed","sticky":false,"template":"","format":"standard","meta":{"content-type":""},"categories":[27,51],"tags":[],"nelio_content":{"isAutoShareEnabled":false,"autoShareEndMode":"default","automationSources":{"useContentSentences":true,"useSocialTemplates":true,"useCustomSentences":false,"customSentences":[]},"followers":[1],"suggestedReferences":[],"includedReferences":[],"efiUrl":"","efiAlt":"","highlights":[]},"yoast_head":"<!-- This site is optimized with the Yoast SEO plugin v20.7 - https:\/\/yoast.com\/wordpress\/plugins\/seo\/ -->\n<title>Balance positivo de los pimeros tres meses del PAM<\/title>\n<meta name=\"description\" content=\"Balance positivo de los primeros tres meses del PAM, en el mes de junio, el intendente Ezequiel Galli lanz\u00f3 la nueva tarjeta del Programa\" \/>\n<meta name=\"robots\" content=\"index, follow, max-snippet:-1, max-image-preview:large, max-video-preview:-1\" \/>\n<link rel=\"canonical\" href=\"https:\/\/experienciadevida.com.ar\/portalurbano\/balance-positivo-de-los-primeros-tres-meses-del-pam\/\" \/>\n<meta property=\"og:locale\" content=\"es_ES\" \/>\n<meta property=\"og:type\" content=\"article\" \/>\n<meta property=\"og:title\" content=\"Balance positivo de los pimeros tres meses del PAM\" \/>\n<meta property=\"og:description\" content=\"Balance positivo de los primeros tres meses del PAM, en el mes de junio, el intendente Ezequiel Galli lanz\u00f3 la nueva tarjeta del Programa\" \/>\n<meta property=\"og:url\" content=\"https:\/\/experienciadevida.com.ar\/portalurbano\/balance-positivo-de-los-primeros-tres-meses-del-pam\/\" \/>\n<meta property=\"article:publisher\" content=\"https:\/\/www.facebook.com\/Portal-Urbano-171542830093757\/\" \/>\n<meta property=\"article:published_time\" content=\"2022-09-06T00:25:00+00:00\" \/>\n<meta property=\"article:modified_time\" content=\"2022-09-06T00:29:01+00:00\" \/>\n<meta property=\"og:image\" content=\"https:\/\/experienciadevida.com.ar\/portalurbano\/wp-content\/uploads\/2022\/09\/Balance-positivo-de-los.jpg\" \/>\n\t<meta property=\"og:image:width\" content=\"1024\" \/>\n\t<meta property=\"og:image:height\" content=\"685\" \/>\n\t<meta property=\"og:image:type\" content=\"image\/jpeg\" \/>\n<meta name=\"author\" content=\"admpu17wp\" \/>\n<meta name=\"twitter:card\" content=\"summary_large_image\" \/>\n<meta name=\"twitter:creator\" content=\"@portalurbanook\" \/>\n<meta name=\"twitter:site\" content=\"@portalurbanook\" \/>\n<meta name=\"twitter:label1\" content=\"Escrito por\" \/>\n\t<meta name=\"twitter:data1\" content=\"admpu17wp\" \/>\n\t<meta name=\"twitter:label2\" content=\"Tiempo de lectura\" \/>\n\t<meta name=\"twitter:data2\" content=\"2 minutos\" \/>\n<script type=\"application\/ld+json\" class=\"yoast-schema-graph\">{\"@context\":\"https:\/\/schema.org\",\"@graph\":[{\"@type\":\"Article\",\"@id\":\"https:\/\/experienciadevida.com.ar\/portalurbano\/balance-positivo-de-los-primeros-tres-meses-del-pam\/#article\",\"isPartOf\":{\"@id\":\"https:\/\/experienciadevida.com.ar\/portalurbano\/balance-positivo-de-los-primeros-tres-meses-del-pam\/\"},\"author\":{\"name\":\"admpu17wp\",\"@id\":\"https:\/\/experienciadevida.com.ar\/portalurbano\/#\/schema\/person\/02dd326b1c4b056e9cc972486934a3a7\"},\"headline\":\"Balance positivo de los primeros tres meses del PAM\",\"datePublished\":\"2022-09-06T00:25:00+00:00\",\"dateModified\":\"2022-09-06T00:29:01+00:00\",\"mainEntityOfPage\":{\"@id\":\"https:\/\/experienciadevida.com.ar\/portalurbano\/balance-positivo-de-los-primeros-tres-meses-del-pam\/\"},\"wordCount\":283,\"publisher\":{\"@id\":\"https:\/\/experienciadevida.com.ar\/portalurbano\/#organization\"},\"articleSection\":[\"Ciudad\",\"Destacadas\"],\"inLanguage\":\"es\"},{\"@type\":\"WebPage\",\"@id\":\"https:\/\/experienciadevida.com.ar\/portalurbano\/balance-positivo-de-los-primeros-tres-meses-del-pam\/\",\"url\":\"https:\/\/experienciadevida.com.ar\/portalurbano\/balance-positivo-de-los-primeros-tres-meses-del-pam\/\",\"name\":\"Balance positivo de los pimeros tres meses del PAM\",\"isPartOf\":{\"@id\":\"https:\/\/experienciadevida.com.ar\/portalurbano\/#website\"},\"datePublished\":\"2022-09-06T00:25:00+00:00\",\"dateModified\":\"2022-09-06T00:29:01+00:00\",\"description\":\"Balance positivo de los primeros tres meses del PAM, en el mes de junio, el intendente Ezequiel Galli lanz\u00f3 la nueva tarjeta del Programa\",\"breadcrumb\":{\"@id\":\"https:\/\/experienciadevida.com.ar\/portalurbano\/balance-positivo-de-los-primeros-tres-meses-del-pam\/#breadcrumb\"},\"inLanguage\":\"es\",\"potentialAction\":[{\"@type\":\"ReadAction\",\"target\":[\"https:\/\/experienciadevida.com.ar\/portalurbano\/balance-positivo-de-los-primeros-tres-meses-del-pam\/\"]}]},{\"@type\":\"BreadcrumbList\",\"@id\":\"https:\/\/experienciadevida.com.ar\/portalurbano\/balance-positivo-de-los-primeros-tres-meses-del-pam\/#breadcrumb\",\"itemListElement\":[{\"@type\":\"ListItem\",\"position\":1,\"name\":\"Portada\",\"item\":\"https:\/\/experienciadevida.com.ar\/portalurbano\/\"},{\"@type\":\"ListItem\",\"position\":2,\"name\":\"Balance positivo de los primeros tres meses del PAM\"}]},{\"@type\":\"WebSite\",\"@id\":\"https:\/\/experienciadevida.com.ar\/portalurbano\/#website\",\"url\":\"https:\/\/experienciadevida.com.ar\/portalurbano\/\",\"name\":\"\",\"description\":\"\",\"publisher\":{\"@id\":\"https:\/\/experienciadevida.com.ar\/portalurbano\/#organization\"},\"potentialAction\":[{\"@type\":\"SearchAction\",\"target\":{\"@type\":\"EntryPoint\",\"urlTemplate\":\"https:\/\/experienciadevida.com.ar\/portalurbano\/?s={search_term_string}\"},\"query-input\":\"required name=search_term_string\"}],\"inLanguage\":\"es\"},{\"@type\":\"Organization\",\"@id\":\"https:\/\/experienciadevida.com.ar\/portalurbano\/#organization\",\"name\":\"Portal Urbano\",\"url\":\"https:\/\/experienciadevida.com.ar\/portalurbano\/\",\"logo\":{\"@type\":\"ImageObject\",\"inLanguage\":\"es\",\"@id\":\"https:\/\/experienciadevida.com.ar\/portalurbano\/#\/schema\/logo\/image\/\",\"url\":\"https:\/\/experienciadevida.com.ar\/portalurbano\/wp-content\/uploads\/2019\/09\/Logo-Original.png\",\"contentUrl\":\"https:\/\/experienciadevida.com.ar\/portalurbano\/wp-content\/uploads\/2019\/09\/Logo-Original.png\",\"width\":2236,\"height\":1216,\"caption\":\"Portal Urbano\"},\"image\":{\"@id\":\"https:\/\/experienciadevida.com.ar\/portalurbano\/#\/schema\/logo\/image\/\"},\"sameAs\":[\"https:\/\/www.facebook.com\/Portal-Urbano-171542830093757\/\",\"https:\/\/twitter.com\/portalurbanook\",\"https:\/\/www.instagram.com\/_portalurbano\/\",\"https:\/\/www.youtube.com\/channel\/UCXhagIfszH8KxFiOok79zbA?view_as=subscriber\"]},{\"@type\":\"Person\",\"@id\":\"https:\/\/experienciadevida.com.ar\/portalurbano\/#\/schema\/person\/02dd326b1c4b056e9cc972486934a3a7\",\"name\":\"admpu17wp\",\"image\":{\"@type\":\"ImageObject\",\"inLanguage\":\"es\",\"@id\":\"https:\/\/experienciadevida.com.ar\/portalurbano\/#\/schema\/person\/image\/\",\"url\":\"https:\/\/secure.gravatar.com\/avatar\/830d4c57adaae6630765e449a6908047?s=96&d=mm&r=g\",\"contentUrl\":\"https:\/\/secure.gravatar.com\/avatar\/830d4c57adaae6630765e449a6908047?s=96&d=mm&r=g\",\"caption\":\"admpu17wp\"}}]}<\/script>\n<!-- \/ Yoast SEO plugin. -->","yoast_head_json":{"title":"Balance positivo de los pimeros tres meses del PAM","description":"Balance positivo de los primeros tres meses del PAM, en el mes de junio, el intendente Ezequiel Galli lanz\u00f3 la nueva tarjeta del Programa","robots":{"index":"index","follow":"follow","max-snippet":"max-snippet:-1","max-image-preview":"max-image-preview:large","max-video-preview":"max-video-preview:-1"},"canonical":"https:\/\/experienciadevida.com.ar\/portalurbano\/balance-positivo-de-los-primeros-tres-meses-del-pam\/","og_locale":"es_ES","og_type":"article","og_title":"Balance positivo de los pimeros tres meses del PAM","og_description":"Balance positivo de los primeros tres meses del PAM, en el mes de junio, el intendente Ezequiel Galli lanz\u00f3 la nueva tarjeta del Programa","og_url":"https:\/\/experienciadevida.com.ar\/portalurbano\/balance-positivo-de-los-primeros-tres-meses-del-pam\/","article_publisher":"https:\/\/www.facebook.com\/Portal-Urbano-171542830093757\/","article_published_time":"2022-09-06T00:25:00+00:00","article_modified_time":"2022-09-06T00:29:01+00:00","og_image":[{"width":1024,"height":685,"url":"https:\/\/experienciadevida.com.ar\/portalurbano\/wp-content\/uploads\/2022\/09\/Balance-positivo-de-los.jpg","type":"image\/jpeg"}],"author":"admpu17wp","twitter_card":"summary_large_image","twitter_creator":"@portalurbanook","twitter_site":"@portalurbanook","twitter_misc":{"Escrito por":"admpu17wp","Tiempo de lectura":"2 minutos"},"schema":{"@context":"https:\/\/schema.org","@graph":[{"@type":"Article","@id":"https:\/\/experienciadevida.com.ar\/portalurbano\/balance-positivo-de-los-primeros-tres-meses-del-pam\/#article","isPartOf":{"@id":"https:\/\/experienciadevida.com.ar\/portalurbano\/balance-positivo-de-los-primeros-tres-meses-del-pam\/"},"author":{"name":"admpu17wp","@id":"https:\/\/experienciadevida.com.ar\/portalurbano\/#\/schema\/person\/02dd326b1c4b056e9cc972486934a3a7"},"headline":"Balance positivo de los primeros tres meses del PAM","datePublished":"2022-09-06T00:25:00+00:00","dateModified":"2022-09-06T00:29:01+00:00","mainEntityOfPage":{"@id":"https:\/\/experienciadevida.com.ar\/portalurbano\/balance-positivo-de-los-primeros-tres-meses-del-pam\/"},"wordCount":283,"publisher":{"@id":"https:\/\/experienciadevida.com.ar\/portalurbano\/#organization"},"articleSection":["Ciudad","Destacadas"],"inLanguage":"es"},{"@type":"WebPage","@id":"https:\/\/experienciadevida.com.ar\/portalurbano\/balance-positivo-de-los-primeros-tres-meses-del-pam\/","url":"https:\/\/experienciadevida.com.ar\/portalurbano\/balance-positivo-de-los-primeros-tres-meses-del-pam\/","name":"Balance positivo de los pimeros tres meses del PAM","isPartOf":{"@id":"https:\/\/experienciadevida.com.ar\/portalurbano\/#website"},"datePublished":"2022-09-06T00:25:00+00:00","dateModified":"2022-09-06T00:29:01+00:00","description":"Balance positivo de los primeros tres meses del PAM, en el mes de junio, el intendente Ezequiel Galli lanz\u00f3 la nueva tarjeta del Programa","breadcrumb":{"@id":"https:\/\/experienciadevida.com.ar\/portalurbano\/balance-positivo-de-los-primeros-tres-meses-del-pam\/#breadcrumb"},"inLanguage":"es","potentialAction":[{"@type":"ReadAction","target":["https:\/\/experienciadevida.com.ar\/portalurbano\/balance-positivo-de-los-primeros-tres-meses-del-pam\/"]}]},{"@type":"BreadcrumbList","@id":"https:\/\/experienciadevida.com.ar\/portalurbano\/balance-positivo-de-los-primeros-tres-meses-del-pam\/#breadcrumb","itemListElement":[{"@type":"ListItem","position":1,"name":"Portada","item":"https:\/\/experienciadevida.com.ar\/portalurbano\/"},{"@type":"ListItem","position":2,"name":"Balance positivo de los primeros tres meses del PAM"}]},{"@type":"WebSite","@id":"https:\/\/experienciadevida.com.ar\/portalurbano\/#website","url":"https:\/\/experienciadevida.com.ar\/portalurbano\/","name":"","description":"","publisher":{"@id":"https:\/\/experienciadevida.com.ar\/portalurbano\/#organization"},"potentialAction":[{"@type":"SearchAction","target":{"@type":"EntryPoint","urlTemplate":"https:\/\/experienciadevida.com.ar\/portalurbano\/?s={search_term_string}"},"query-input":"required name=search_term_string"}],"inLanguage":"es"},{"@type":"Organization","@id":"https:\/\/experienciadevida.com.ar\/portalurbano\/#organization","name":"Portal Urbano","url":"https:\/\/experienciadevida.com.ar\/portalurbano\/","logo":{"@type":"ImageObject","inLanguage":"es","@id":"https:\/\/experienciadevida.com.ar\/portalurbano\/#\/schema\/logo\/image\/","url":"https:\/\/experienciadevida.com.ar\/portalurbano\/wp-content\/uploads\/2019\/09\/Logo-Original.png","contentUrl":"https:\/\/experienciadevida.com.ar\/portalurbano\/wp-content\/uploads\/2019\/09\/Logo-Original.png","width":2236,"height":1216,"caption":"Portal Urbano"},"image":{"@id":"https:\/\/experienciadevida.com.ar\/portalurbano\/#\/schema\/logo\/image\/"},"sameAs":["https:\/\/www.facebook.com\/Portal-Urbano-171542830093757\/","https:\/\/twitter.com\/portalurbanook","https:\/\/www.instagram.com\/_portalurbano\/","https:\/\/www.youtube.com\/channel\/UCXhagIfszH8KxFiOok79zbA?view_as=subscriber"]},{"@type":"Person","@id":"https:\/\/experienciadevida.com.ar\/portalurbano\/#\/schema\/person\/02dd326b1c4b056e9cc972486934a3a7","name":"admpu17wp","image":{"@type":"ImageObject","inLanguage":"es","@id":"https:\/\/experienciadevida.com.ar\/portalurbano\/#\/schema\/person\/image\/","url":"https:\/\/secure.gravatar.com\/avatar\/830d4c57adaae6630765e449a6908047?s=96&d=mm&r=g","contentUrl":"https:\/\/secure.gravatar.com\/avatar\/830d4c57adaae6630765e449a6908047?s=96&d=mm&r=g","caption":"admpu17wp"}}]}},"featured_image_urls":{"full":["https:\/\/experienciadevida.com.ar\/portalurbano\/wp-content\/uploads\/2022\/09\/Balance-positivo-de-los.jpg",1024,685,false],"thumbnail":["https:\/\/experienciadevida.com.ar\/portalurbano\/wp-content\/uploads\/2022\/09\/Balance-positivo-de-los-150x150.jpg",150,150,true],"medium":["https:\/\/experienciadevida.com.ar\/portalurbano\/wp-content\/uploads\/2022\/09\/Balance-positivo-de-los-300x201.jpg",300,201,true],"medium_large":["https:\/\/experienciadevida.com.ar\/portalurbano\/wp-content\/uploads\/2022\/09\/Balance-positivo-de-los-768x514.jpg",640,428,true],"large":["https:\/\/experienciadevida.com.ar\/portalurbano\/wp-content\/uploads\/2022\/09\/Balance-positivo-de-los.jpg",640,428,false],"ug_big":["https:\/\/experienciadevida.com.ar\/portalurbano\/wp-content\/uploads\/2022\/09\/Balance-positivo-de-los-768x514.jpg",768,514,true],"1536x1536":["https:\/\/experienciadevida.com.ar\/portalurbano\/wp-content\/uploads\/2022\/09\/Balance-positivo-de-los.jpg",1024,685,false],"2048x2048":["https:\/\/experienciadevida.com.ar\/portalurbano\/wp-content\/uploads\/2022\/09\/Balance-positivo-de-los.jpg",1024,685,false],"newsever-slider-full":["https:\/\/experienciadevida.com.ar\/portalurbano\/wp-content\/uploads\/2022\/09\/Balance-positivo-de-los.jpg",1024,685,false],"newsever-featured":["https:\/\/experienciadevida.com.ar\/portalurbano\/wp-content\/uploads\/2022\/09\/Balance-positivo-de-los.jpg",1024,685,false],"newsever-medium":["https:\/\/experienciadevida.com.ar\/portalurbano\/wp-content\/uploads\/2022\/09\/Balance-positivo-de-los.jpg",710,475,false],"web-stories-poster-portrait":["https:\/\/experienciadevida.com.ar\/portalurbano\/wp-content\/uploads\/2022\/09\/Balance-positivo-de-los-640x685.jpg",640,685,true],"web-stories-publisher-logo":["https:\/\/experienciadevida.com.ar\/portalurbano\/wp-content\/uploads\/2022\/09\/Balance-positivo-de-los-96x96.jpg",96,96,true],"web-stories-thumbnail":["https:\/\/experienciadevida.com.ar\/portalurbano\/wp-content\/uploads\/2022\/09\/Balance-positivo-de-los-150x100.jpg",150,100,true]},"author_info":{"display_name":"admpu17wp","author_link":"https:\/\/experienciadevida.com.ar\/portalurbano\/author\/admpu17wp\/"},"category_info":"<a href=\"https:\/\/experienciadevida.com.ar\/portalurbano\/category\/ciudad\/\" rel=\"category tag\">Ciudad<\/a> <a href=\"https:\/\/experienciadevida.com.ar\/portalurbano\/category\/destacadas\/\" rel=\"category tag\">Destacadas<\/a>","tag_info":"Destacadas","comment_count":"0","amp_enabled":true,"_links":{"self":[{"href":"https:\/\/experienciadevida.com.ar\/portalurbano\/wp-json\/wp\/v2\/posts\/174898"}],"collection":[{"href":"https:\/\/experienciadevida.com.ar\/portalurbano\/wp-json\/wp\/v2\/posts"}],"about":[{"href":"https:\/\/experienciadevida.com.ar\/portalurbano\/wp-json\/wp\/v2\/types\/post"}],"author":[{"embeddable":true,"href":"https:\/\/experienciadevida.com.ar\/portalurbano\/wp-json\/wp\/v2\/users\/1"}],"replies":[{"embeddable":true,"href":"https:\/\/experienciadevida.com.ar\/portalurbano\/wp-json\/wp\/v2\/comments?post=174898"}],"version-history":[{"count":3,"href":"https:\/\/experienciadevida.com.ar\/portalurbano\/wp-json\/wp\/v2\/posts\/174898\/revisions"}],"predecessor-version":[{"id":174905,"href":"https:\/\/experienciadevida.com.ar\/portalurbano\/wp-json\/wp\/v2\/posts\/174898\/revisions\/174905"}],"wp:featuredmedia":[{"embeddable":true,"href":"https:\/\/experienciadevida.com.ar\/portalurbano\/wp-json\/wp\/v2\/media\/174900"}],"wp:attachment":[{"href":"https:\/\/experienciadevida.com.ar\/portalurbano\/wp-json\/wp\/v2\/media?parent=174898"}],"wp:term":[{"taxonomy":"category","embeddable":true,"href":"https:\/\/experienciadevida.com.ar\/portalurbano\/wp-json\/wp\/v2\/categories?post=174898"},{"taxonomy":"post_tag","embeddable":true,"href":"https:\/\/experienciadevida.com.ar\/portalurbano\/wp-json\/wp\/v2\/tags?post=174898"}],"curies":[{"name":"wp","href":"https:\/\/api.w.org\/{rel}","templated":true}]}}