{"id":174871,"date":"2022-09-05T13:28:37","date_gmt":"2022-09-05T16:28:37","guid":{"rendered":"https:\/\/experienciadevida.com.ar\/portalurbano\/?p=174871"},"modified":"2022-09-05T13:31:22","modified_gmt":"2022-09-05T16:31:22","slug":"encuentro-de-voley-en-la-unidad-n2-de-sierra-chica","status":"publish","type":"post","link":"https:\/\/experienciadevida.com.ar\/portalurbano\/encuentro-de-voley-en-la-unidad-n2-de-sierra-chica\/","title":{"rendered":"Encuentro de v\u00f3ley en la Unidad N\u00b02 de Sierra Chica"},"content":{"rendered":"<p>Encuentro de v\u00f3ley en la Unidad N\u00b02 de Sierra Chica, en el marco del programa tratamental de inclusi\u00f3n social que implementa la Unidad Penitenciaria N\u00b02 de Sierra Chica se llev\u00f3 a cabo un encuentro de v\u00f3ley entre el equipo de la categor\u00eda intermedia femenina del Club Atl\u00e9tico Hinojo y las internas del Pabell\u00f3n de Diversidad de G\u00e9nero.<\/p>\n<p><a href=\"https:\/\/experienciadevida.com.ar\/portalurbano\/encuentro-de-voley-en-la-unidad-n2-de-sierra-chica\/encuentro-2\/\" rel=\"attachment wp-att-174874\"><img decoding=\"async\" class=\"alignnone size-full wp-image-174874\" src=\"https:\/\/experienciadevida.com.ar\/portalurbano\/wp-content\/uploads\/2022\/09\/Encuentro.jpg\" alt=\"Encuentro \" width=\"765\" height=\"575\" srcset=\"https:\/\/experienciadevida.com.ar\/portalurbano\/wp-content\/uploads\/2022\/09\/Encuentro.jpg 765w, https:\/\/experienciadevida.com.ar\/portalurbano\/wp-content\/uploads\/2022\/09\/Encuentro-300x225.jpg 300w, https:\/\/experienciadevida.com.ar\/portalurbano\/wp-content\/uploads\/2022\/09\/Encuentro-150x113.jpg 150w\" sizes=\"(max-width: 765px) 100vw, 765px\" \/><\/a><\/p>\n<p>Daniela Di Mateo es la coordinadora de las actividades en este espacio y explic\u00f3 que &#8220;este proyecto surgi\u00f3 a partir del inter\u00e9s de las chicas y les sirvi\u00f3 un mont\u00f3n para unirse como grupo, para ayudarse entre ellas y entenderse, porque la convivencia no es f\u00e1cil. Hace un mes que vienen entrenando para este encuentro que tiene como objetivo la socializaci\u00f3n y la idea es generar otros eventos para poder hacer un cuadrangular en noviembre de un d\u00eda completo, con varios los equipos\u201d.<\/p>\n<p>En el encuentro estuvieron presentes el director de la Unidad Carlos Silva, el Subdirector de Asistencia y Tratamiento Juan Navarro, la Subdirectora de Administraci\u00f3n Guadalupe D\u00edaz, el Jefe de Vigilancia y Tratamiento Facundo Mart\u00ednez Cisneros, el Subjefe de Tratamiento Facundo Luna, Daniela Di Mateo y del \u00e1rea de Educaci\u00f3n F\u00edsica, Dar\u00edo Alfonzo.<\/p>\n<p>La delegaci\u00f3n de Hinojo, integrada por 15 jugadoras, estuvo acompa\u00f1ada por los profesores Facundo Callegaro y Nahuel Uriarte. Al finalizar la jornada, la profesora de Educaci\u00f3n F\u00edsica e integrante del equipo hinojense, Soledad<br \/>\nPassarini, expres\u00f3 que &#8220;fue una experiencia muy movilizante porque ninguna hab\u00eda ingresado a una unidad carcelaria, no sab\u00edamos con qu\u00e9 nos encontrar\u00edamos, pero al llegar al play\u00f3n deportivo para jugar las chicas<br \/>\nnos hicieron sentir muy c\u00f3modas. Practicamos durante unos sets y armamos tres equipos entre los dos grupos. Fue una jornada hermosa y agradecemos a todos por el trato, las chicas son divinas y nos hicieron re\u00edr un mont\u00f3n\u201d.<\/p>\n<p>Por otra parte, destac\u00f3 que \u201chicieron medias lunas para compartir con el mate y un regalo hecho en madera con el escudo del Club. En mi caso, me alegr\u00f3 que cuenten con estos espacios, porque nos ayuda a ser mejores personas, a respetar reglas y confiar en el otro. Cuando estaba por terminar el encuentro charlamos sobre c\u00f3mo mejorar la actividad, las medidas de la cancha y el material deportivo. Tenemos ganas de volver a jugar y esperamos que en el pr\u00f3ximo les podamos ganar\u201d, finaliz\u00f3.<\/p>\n<p>Para el director de la Unidad N\u00b02 &#8220;con este programa intentamos llevar una alternativa m\u00e1s para la inclusi\u00f3n y participaci\u00f3n de las personas de diversidad de g\u00e9nero alojadas en esta dependencia\u201d, finaliz\u00f3 Silva.<\/p>\n<p>Fuente y Fotos: Servicio Penitenciario Bonaerense<\/p>\n<p><strong><a href=\"https:\/\/experienciadevida.com.ar\/portalurbano\/encuentro-de-voley-en-la-unidad-n2-de-sierra-chica\/de-37\/\" rel=\"attachment wp-att-174876\"><img decoding=\"async\" class=\"alignnone size-large wp-image-174876\" src=\"https:\/\/experienciadevida.com.ar\/portalurbano\/wp-content\/uploads\/2022\/09\/de-768x1024.jpg\" alt=\"de \" width=\"768\" height=\"1024\" srcset=\"https:\/\/experienciadevida.com.ar\/portalurbano\/wp-content\/uploads\/2022\/09\/de-768x1024.jpg 768w, https:\/\/experienciadevida.com.ar\/portalurbano\/wp-content\/uploads\/2022\/09\/de-225x300.jpg 225w, https:\/\/experienciadevida.com.ar\/portalurbano\/wp-content\/uploads\/2022\/09\/de-576x768.jpg 576w, https:\/\/experienciadevida.com.ar\/portalurbano\/wp-content\/uploads\/2022\/09\/de-1152x1536.jpg 1152w, https:\/\/experienciadevida.com.ar\/portalurbano\/wp-content\/uploads\/2022\/09\/de-640x853.jpg 640w, https:\/\/experienciadevida.com.ar\/portalurbano\/wp-content\/uploads\/2022\/09\/de-150x200.jpg 150w, https:\/\/experienciadevida.com.ar\/portalurbano\/wp-content\/uploads\/2022\/09\/de.jpg 1200w\" sizes=\"(max-width: 768px) 100vw, 768px\" \/><\/a><\/strong><\/p>\n","protected":false},"excerpt":{"rendered":"<p>Encuentro de v\u00f3ley en la Unidad N\u00b02 de Sierra Chica, en el marco del programa&#8230;<\/p>\n","protected":false},"author":1,"featured_media":174872,"comment_status":"closed","ping_status":"closed","sticky":false,"template":"","format":"standard","meta":{"content-type":""},"categories":[27],"tags":[],"nelio_content":{"isAutoShareEnabled":false,"autoShareEndMode":"default","automationSources":{"useContentSentences":true,"useSocialTemplates":true,"useCustomSentences":false,"customSentences":[]},"followers":[1],"suggestedReferences":[],"includedReferences":[],"efiUrl":"","efiAlt":"","highlights":[]},"yoast_head":"<!-- This site is optimized with the Yoast SEO plugin v20.7 - https:\/\/yoast.com\/wordpress\/plugins\/seo\/ -->\n<title>Encuentro de V\u00f3ley en la Unidad n\u00b02 de Sierra Chica<\/title>\n<meta name=\"description\" content=\"Encuentro de v\u00f3ley en la Unidad N\u00b02 de Sierra Chica, en el marco del programa tratamental de inclusi\u00f3n social que implementa la Unidad\" \/>\n<meta name=\"robots\" content=\"index, follow, max-snippet:-1, max-image-preview:large, max-video-preview:-1\" \/>\n<link rel=\"canonical\" href=\"https:\/\/experienciadevida.com.ar\/portalurbano\/encuentro-de-voley-en-la-unidad-n2-de-sierra-chica\/\" \/>\n<meta property=\"og:locale\" content=\"es_ES\" \/>\n<meta property=\"og:type\" content=\"article\" \/>\n<meta property=\"og:title\" content=\"Encuentro de V\u00f3ley en la Unidad n\u00b02 de Sierra Chica\" \/>\n<meta property=\"og:description\" content=\"Encuentro de v\u00f3ley en la Unidad N\u00b02 de Sierra Chica, en el marco del programa tratamental de inclusi\u00f3n social que implementa la Unidad\" \/>\n<meta property=\"og:url\" content=\"https:\/\/experienciadevida.com.ar\/portalurbano\/encuentro-de-voley-en-la-unidad-n2-de-sierra-chica\/\" \/>\n<meta property=\"article:publisher\" content=\"https:\/\/www.facebook.com\/Portal-Urbano-171542830093757\/\" \/>\n<meta property=\"article:published_time\" content=\"2022-09-05T16:28:37+00:00\" \/>\n<meta property=\"article:modified_time\" content=\"2022-09-05T16:31:22+00:00\" \/>\n<meta property=\"og:image\" content=\"https:\/\/experienciadevida.com.ar\/portalurbano\/wp-content\/uploads\/2022\/09\/Encuentro-de-voley-en.jpg\" \/>\n\t<meta property=\"og:image:width\" content=\"765\" \/>\n\t<meta property=\"og:image:height\" content=\"574\" \/>\n\t<meta property=\"og:image:type\" content=\"image\/jpeg\" \/>\n<meta name=\"author\" content=\"admpu17wp\" \/>\n<meta name=\"twitter:card\" content=\"summary_large_image\" \/>\n<meta name=\"twitter:creator\" content=\"@portalurbanook\" \/>\n<meta name=\"twitter:site\" content=\"@portalurbanook\" \/>\n<meta name=\"twitter:label1\" content=\"Escrito por\" \/>\n\t<meta name=\"twitter:data1\" content=\"admpu17wp\" \/>\n\t<meta name=\"twitter:label2\" content=\"Tiempo de lectura\" \/>\n\t<meta name=\"twitter:data2\" content=\"3 minutos\" \/>\n<script type=\"application\/ld+json\" class=\"yoast-schema-graph\">{\"@context\":\"https:\/\/schema.org\",\"@graph\":[{\"@type\":\"Article\",\"@id\":\"https:\/\/experienciadevida.com.ar\/portalurbano\/encuentro-de-voley-en-la-unidad-n2-de-sierra-chica\/#article\",\"isPartOf\":{\"@id\":\"https:\/\/experienciadevida.com.ar\/portalurbano\/encuentro-de-voley-en-la-unidad-n2-de-sierra-chica\/\"},\"author\":{\"name\":\"admpu17wp\",\"@id\":\"https:\/\/experienciadevida.com.ar\/portalurbano\/#\/schema\/person\/02dd326b1c4b056e9cc972486934a3a7\"},\"headline\":\"Encuentro de v\u00f3ley en la Unidad N\u00b02 de Sierra Chica\",\"datePublished\":\"2022-09-05T16:28:37+00:00\",\"dateModified\":\"2022-09-05T16:31:22+00:00\",\"mainEntityOfPage\":{\"@id\":\"https:\/\/experienciadevida.com.ar\/portalurbano\/encuentro-de-voley-en-la-unidad-n2-de-sierra-chica\/\"},\"wordCount\":465,\"publisher\":{\"@id\":\"https:\/\/experienciadevida.com.ar\/portalurbano\/#organization\"},\"articleSection\":[\"Ciudad\"],\"inLanguage\":\"es\"},{\"@type\":\"WebPage\",\"@id\":\"https:\/\/experienciadevida.com.ar\/portalurbano\/encuentro-de-voley-en-la-unidad-n2-de-sierra-chica\/\",\"url\":\"https:\/\/experienciadevida.com.ar\/portalurbano\/encuentro-de-voley-en-la-unidad-n2-de-sierra-chica\/\",\"name\":\"Encuentro de V\u00f3ley en la Unidad n\u00b02 de Sierra Chica\",\"isPartOf\":{\"@id\":\"https:\/\/experienciadevida.com.ar\/portalurbano\/#website\"},\"datePublished\":\"2022-09-05T16:28:37+00:00\",\"dateModified\":\"2022-09-05T16:31:22+00:00\",\"description\":\"Encuentro de v\u00f3ley en la Unidad N\u00b02 de Sierra Chica, en el marco del programa tratamental de inclusi\u00f3n social que implementa la Unidad\",\"breadcrumb\":{\"@id\":\"https:\/\/experienciadevida.com.ar\/portalurbano\/encuentro-de-voley-en-la-unidad-n2-de-sierra-chica\/#breadcrumb\"},\"inLanguage\":\"es\",\"potentialAction\":[{\"@type\":\"ReadAction\",\"target\":[\"https:\/\/experienciadevida.com.ar\/portalurbano\/encuentro-de-voley-en-la-unidad-n2-de-sierra-chica\/\"]}]},{\"@type\":\"BreadcrumbList\",\"@id\":\"https:\/\/experienciadevida.com.ar\/portalurbano\/encuentro-de-voley-en-la-unidad-n2-de-sierra-chica\/#breadcrumb\",\"itemListElement\":[{\"@type\":\"ListItem\",\"position\":1,\"name\":\"Portada\",\"item\":\"https:\/\/experienciadevida.com.ar\/portalurbano\/\"},{\"@type\":\"ListItem\",\"position\":2,\"name\":\"Encuentro de v\u00f3ley en la Unidad N\u00b02 de Sierra Chica\"}]},{\"@type\":\"WebSite\",\"@id\":\"https:\/\/experienciadevida.com.ar\/portalurbano\/#website\",\"url\":\"https:\/\/experienciadevida.com.ar\/portalurbano\/\",\"name\":\"\",\"description\":\"\",\"publisher\":{\"@id\":\"https:\/\/experienciadevida.com.ar\/portalurbano\/#organization\"},\"potentialAction\":[{\"@type\":\"SearchAction\",\"target\":{\"@type\":\"EntryPoint\",\"urlTemplate\":\"https:\/\/experienciadevida.com.ar\/portalurbano\/?s={search_term_string}\"},\"query-input\":\"required name=search_term_string\"}],\"inLanguage\":\"es\"},{\"@type\":\"Organization\",\"@id\":\"https:\/\/experienciadevida.com.ar\/portalurbano\/#organization\",\"name\":\"Portal Urbano\",\"url\":\"https:\/\/experienciadevida.com.ar\/portalurbano\/\",\"logo\":{\"@type\":\"ImageObject\",\"inLanguage\":\"es\",\"@id\":\"https:\/\/experienciadevida.com.ar\/portalurbano\/#\/schema\/logo\/image\/\",\"url\":\"https:\/\/experienciadevida.com.ar\/portalurbano\/wp-content\/uploads\/2019\/09\/Logo-Original.png\",\"contentUrl\":\"https:\/\/experienciadevida.com.ar\/portalurbano\/wp-content\/uploads\/2019\/09\/Logo-Original.png\",\"width\":2236,\"height\":1216,\"caption\":\"Portal Urbano\"},\"image\":{\"@id\":\"https:\/\/experienciadevida.com.ar\/portalurbano\/#\/schema\/logo\/image\/\"},\"sameAs\":[\"https:\/\/www.facebook.com\/Portal-Urbano-171542830093757\/\",\"https:\/\/twitter.com\/portalurbanook\",\"https:\/\/www.instagram.com\/_portalurbano\/\",\"https:\/\/www.youtube.com\/channel\/UCXhagIfszH8KxFiOok79zbA?view_as=subscriber\"]},{\"@type\":\"Person\",\"@id\":\"https:\/\/experienciadevida.com.ar\/portalurbano\/#\/schema\/person\/02dd326b1c4b056e9cc972486934a3a7\",\"name\":\"admpu17wp\",\"image\":{\"@type\":\"ImageObject\",\"inLanguage\":\"es\",\"@id\":\"https:\/\/experienciadevida.com.ar\/portalurbano\/#\/schema\/person\/image\/\",\"url\":\"https:\/\/secure.gravatar.com\/avatar\/830d4c57adaae6630765e449a6908047?s=96&d=mm&r=g\",\"contentUrl\":\"https:\/\/secure.gravatar.com\/avatar\/830d4c57adaae6630765e449a6908047?s=96&d=mm&r=g\",\"caption\":\"admpu17wp\"}}]}<\/script>\n<!-- \/ Yoast SEO plugin. -->","yoast_head_json":{"title":"Encuentro de V\u00f3ley en la Unidad n\u00b02 de Sierra Chica","description":"Encuentro de v\u00f3ley en la Unidad N\u00b02 de Sierra Chica, en el marco del programa tratamental de inclusi\u00f3n social que implementa la Unidad","robots":{"index":"index","follow":"follow","max-snippet":"max-snippet:-1","max-image-preview":"max-image-preview:large","max-video-preview":"max-video-preview:-1"},"canonical":"https:\/\/experienciadevida.com.ar\/portalurbano\/encuentro-de-voley-en-la-unidad-n2-de-sierra-chica\/","og_locale":"es_ES","og_type":"article","og_title":"Encuentro de V\u00f3ley en la Unidad n\u00b02 de Sierra Chica","og_description":"Encuentro de v\u00f3ley en la Unidad N\u00b02 de Sierra Chica, en el marco del programa tratamental de inclusi\u00f3n social que implementa la Unidad","og_url":"https:\/\/experienciadevida.com.ar\/portalurbano\/encuentro-de-voley-en-la-unidad-n2-de-sierra-chica\/","article_publisher":"https:\/\/www.facebook.com\/Portal-Urbano-171542830093757\/","article_published_time":"2022-09-05T16:28:37+00:00","article_modified_time":"2022-09-05T16:31:22+00:00","og_image":[{"width":765,"height":574,"url":"https:\/\/experienciadevida.com.ar\/portalurbano\/wp-content\/uploads\/2022\/09\/Encuentro-de-voley-en.jpg","type":"image\/jpeg"}],"author":"admpu17wp","twitter_card":"summary_large_image","twitter_creator":"@portalurbanook","twitter_site":"@portalurbanook","twitter_misc":{"Escrito por":"admpu17wp","Tiempo de lectura":"3 minutos"},"schema":{"@context":"https:\/\/schema.org","@graph":[{"@type":"Article","@id":"https:\/\/experienciadevida.com.ar\/portalurbano\/encuentro-de-voley-en-la-unidad-n2-de-sierra-chica\/#article","isPartOf":{"@id":"https:\/\/experienciadevida.com.ar\/portalurbano\/encuentro-de-voley-en-la-unidad-n2-de-sierra-chica\/"},"author":{"name":"admpu17wp","@id":"https:\/\/experienciadevida.com.ar\/portalurbano\/#\/schema\/person\/02dd326b1c4b056e9cc972486934a3a7"},"headline":"Encuentro de v\u00f3ley en la Unidad N\u00b02 de Sierra Chica","datePublished":"2022-09-05T16:28:37+00:00","dateModified":"2022-09-05T16:31:22+00:00","mainEntityOfPage":{"@id":"https:\/\/experienciadevida.com.ar\/portalurbano\/encuentro-de-voley-en-la-unidad-n2-de-sierra-chica\/"},"wordCount":465,"publisher":{"@id":"https:\/\/experienciadevida.com.ar\/portalurbano\/#organization"},"articleSection":["Ciudad"],"inLanguage":"es"},{"@type":"WebPage","@id":"https:\/\/experienciadevida.com.ar\/portalurbano\/encuentro-de-voley-en-la-unidad-n2-de-sierra-chica\/","url":"https:\/\/experienciadevida.com.ar\/portalurbano\/encuentro-de-voley-en-la-unidad-n2-de-sierra-chica\/","name":"Encuentro de V\u00f3ley en la Unidad n\u00b02 de Sierra Chica","isPartOf":{"@id":"https:\/\/experienciadevida.com.ar\/portalurbano\/#website"},"datePublished":"2022-09-05T16:28:37+00:00","dateModified":"2022-09-05T16:31:22+00:00","description":"Encuentro de v\u00f3ley en la Unidad N\u00b02 de Sierra Chica, en el marco del programa tratamental de inclusi\u00f3n social que implementa la Unidad","breadcrumb":{"@id":"https:\/\/experienciadevida.com.ar\/portalurbano\/encuentro-de-voley-en-la-unidad-n2-de-sierra-chica\/#breadcrumb"},"inLanguage":"es","potentialAction":[{"@type":"ReadAction","target":["https:\/\/experienciadevida.com.ar\/portalurbano\/encuentro-de-voley-en-la-unidad-n2-de-sierra-chica\/"]}]},{"@type":"BreadcrumbList","@id":"https:\/\/experienciadevida.com.ar\/portalurbano\/encuentro-de-voley-en-la-unidad-n2-de-sierra-chica\/#breadcrumb","itemListElement":[{"@type":"ListItem","position":1,"name":"Portada","item":"https:\/\/experienciadevida.com.ar\/portalurbano\/"},{"@type":"ListItem","position":2,"name":"Encuentro de v\u00f3ley en la Unidad N\u00b02 de Sierra Chica"}]},{"@type":"WebSite","@id":"https:\/\/experienciadevida.com.ar\/portalurbano\/#website","url":"https:\/\/experienciadevida.com.ar\/portalurbano\/","name":"","description":"","publisher":{"@id":"https:\/\/experienciadevida.com.ar\/portalurbano\/#organization"},"potentialAction":[{"@type":"SearchAction","target":{"@type":"EntryPoint","urlTemplate":"https:\/\/experienciadevida.com.ar\/portalurbano\/?s={search_term_string}"},"query-input":"required name=search_term_string"}],"inLanguage":"es"},{"@type":"Organization","@id":"https:\/\/experienciadevida.com.ar\/portalurbano\/#organization","name":"Portal Urbano","url":"https:\/\/experienciadevida.com.ar\/portalurbano\/","logo":{"@type":"ImageObject","inLanguage":"es","@id":"https:\/\/experienciadevida.com.ar\/portalurbano\/#\/schema\/logo\/image\/","url":"https:\/\/experienciadevida.com.ar\/portalurbano\/wp-content\/uploads\/2019\/09\/Logo-Original.png","contentUrl":"https:\/\/experienciadevida.com.ar\/portalurbano\/wp-content\/uploads\/2019\/09\/Logo-Original.png","width":2236,"height":1216,"caption":"Portal Urbano"},"image":{"@id":"https:\/\/experienciadevida.com.ar\/portalurbano\/#\/schema\/logo\/image\/"},"sameAs":["https:\/\/www.facebook.com\/Portal-Urbano-171542830093757\/","https:\/\/twitter.com\/portalurbanook","https:\/\/www.instagram.com\/_portalurbano\/","https:\/\/www.youtube.com\/channel\/UCXhagIfszH8KxFiOok79zbA?view_as=subscriber"]},{"@type":"Person","@id":"https:\/\/experienciadevida.com.ar\/portalurbano\/#\/schema\/person\/02dd326b1c4b056e9cc972486934a3a7","name":"admpu17wp","image":{"@type":"ImageObject","inLanguage":"es","@id":"https:\/\/experienciadevida.com.ar\/portalurbano\/#\/schema\/person\/image\/","url":"https:\/\/secure.gravatar.com\/avatar\/830d4c57adaae6630765e449a6908047?s=96&d=mm&r=g","contentUrl":"https:\/\/secure.gravatar.com\/avatar\/830d4c57adaae6630765e449a6908047?s=96&d=mm&r=g","caption":"admpu17wp"}}]}},"featured_image_urls":{"full":["https:\/\/experienciadevida.com.ar\/portalurbano\/wp-content\/uploads\/2022\/09\/Encuentro-de-voley-en.jpg",765,574,false],"thumbnail":["https:\/\/experienciadevida.com.ar\/portalurbano\/wp-content\/uploads\/2022\/09\/Encuentro-de-voley-en-150x150.jpg",150,150,true],"medium":["https:\/\/experienciadevida.com.ar\/portalurbano\/wp-content\/uploads\/2022\/09\/Encuentro-de-voley-en-300x225.jpg",300,225,true],"medium_large":["https:\/\/experienciadevida.com.ar\/portalurbano\/wp-content\/uploads\/2022\/09\/Encuentro-de-voley-en.jpg",640,480,false],"large":["https:\/\/experienciadevida.com.ar\/portalurbano\/wp-content\/uploads\/2022\/09\/Encuentro-de-voley-en.jpg",640,480,false],"ug_big":["https:\/\/experienciadevida.com.ar\/portalurbano\/wp-content\/uploads\/2022\/09\/Encuentro-de-voley-en.jpg",765,574,false],"1536x1536":["https:\/\/experienciadevida.com.ar\/portalurbano\/wp-content\/uploads\/2022\/09\/Encuentro-de-voley-en.jpg",765,574,false],"2048x2048":["https:\/\/experienciadevida.com.ar\/portalurbano\/wp-content\/uploads\/2022\/09\/Encuentro-de-voley-en.jpg",765,574,false],"newsever-slider-full":["https:\/\/experienciadevida.com.ar\/portalurbano\/wp-content\/uploads\/2022\/09\/Encuentro-de-voley-en.jpg",765,574,false],"newsever-featured":["https:\/\/experienciadevida.com.ar\/portalurbano\/wp-content\/uploads\/2022\/09\/Encuentro-de-voley-en.jpg",765,574,false],"newsever-medium":["https:\/\/experienciadevida.com.ar\/portalurbano\/wp-content\/uploads\/2022\/09\/Encuentro-de-voley-en.jpg",633,475,false],"web-stories-poster-portrait":["https:\/\/experienciadevida.com.ar\/portalurbano\/wp-content\/uploads\/2022\/09\/Encuentro-de-voley-en-640x574.jpg",640,574,true],"web-stories-publisher-logo":["https:\/\/experienciadevida.com.ar\/portalurbano\/wp-content\/uploads\/2022\/09\/Encuentro-de-voley-en-96x96.jpg",96,96,true],"web-stories-thumbnail":["https:\/\/experienciadevida.com.ar\/portalurbano\/wp-content\/uploads\/2022\/09\/Encuentro-de-voley-en-150x113.jpg",150,113,true]},"author_info":{"display_name":"admpu17wp","author_link":"https:\/\/experienciadevida.com.ar\/portalurbano\/author\/admpu17wp\/"},"category_info":"<a href=\"https:\/\/experienciadevida.com.ar\/portalurbano\/category\/ciudad\/\" rel=\"category tag\">Ciudad<\/a>","tag_info":"Ciudad","comment_count":"0","amp_enabled":true,"_links":{"self":[{"href":"https:\/\/experienciadevida.com.ar\/portalurbano\/wp-json\/wp\/v2\/posts\/174871"}],"collection":[{"href":"https:\/\/experienciadevida.com.ar\/portalurbano\/wp-json\/wp\/v2\/posts"}],"about":[{"href":"https:\/\/experienciadevida.com.ar\/portalurbano\/wp-json\/wp\/v2\/types\/post"}],"author":[{"embeddable":true,"href":"https:\/\/experienciadevida.com.ar\/portalurbano\/wp-json\/wp\/v2\/users\/1"}],"replies":[{"embeddable":true,"href":"https:\/\/experienciadevida.com.ar\/portalurbano\/wp-json\/wp\/v2\/comments?post=174871"}],"version-history":[{"count":3,"href":"https:\/\/experienciadevida.com.ar\/portalurbano\/wp-json\/wp\/v2\/posts\/174871\/revisions"}],"predecessor-version":[{"id":174877,"href":"https:\/\/experienciadevida.com.ar\/portalurbano\/wp-json\/wp\/v2\/posts\/174871\/revisions\/174877"}],"wp:featuredmedia":[{"embeddable":true,"href":"https:\/\/experienciadevida.com.ar\/portalurbano\/wp-json\/wp\/v2\/media\/174872"}],"wp:attachment":[{"href":"https:\/\/experienciadevida.com.ar\/portalurbano\/wp-json\/wp\/v2\/media?parent=174871"}],"wp:term":[{"taxonomy":"category","embeddable":true,"href":"https:\/\/experienciadevida.com.ar\/portalurbano\/wp-json\/wp\/v2\/categories?post=174871"},{"taxonomy":"post_tag","embeddable":true,"href":"https:\/\/experienciadevida.com.ar\/portalurbano\/wp-json\/wp\/v2\/tags?post=174871"}],"curies":[{"name":"wp","href":"https:\/\/api.w.org\/{rel}","templated":true}]}}