{"id":174864,"date":"2022-09-05T13:18:43","date_gmt":"2022-09-05T16:18:43","guid":{"rendered":"https:\/\/experienciadevida.com.ar\/portalurbano\/?p=174864"},"modified":"2022-09-05T13:22:23","modified_gmt":"2022-09-05T16:22:23","slug":"gaston-sarachu-destaco-las-medidas-anunciadas-por-massa-para-el-sector-agropecuario","status":"publish","type":"post","link":"https:\/\/experienciadevida.com.ar\/portalurbano\/gaston-sarachu-destaco-las-medidas-anunciadas-por-massa-para-el-sector-agropecuario\/","title":{"rendered":"Gast\u00f3n Sarachu destac\u00f3 las medidas anunciadas por Massa para el sector agropecuario"},"content":{"rendered":"<p>Gast\u00f3n <a href=\"https:\/\/www.instagram.com\/gastonsarachu\/\">Sarachu<\/a> destac\u00f3 las medidas anunciadas por Massa para el sector agropecuario, el concejal del bloque Foro Olavarr\u00eda &#8211; Frente Renovador en el interbloque Frente de Todos se pronunci\u00f3 favorablemente ante los anuncios del Ministro de Econom\u00eda en la noche del domingo.<\/p>\n<p>En la noche del pasado domingo, el Ministro de Econom\u00eda, Sergio Massa, realiz\u00f3 un anuncio sobre medidas para el sector agropecuario con el objetivo de promover las exportaciones y el fortalecimiento de reservas, mediante un d\u00f3lar a valor especial de $200. El concejal del bloque Foro Olavarr\u00eda &#8211; Frente Renovador en el interbloque Frente de Todos, Gast\u00f3n Sarachu, destac\u00f3 los beneficios que esta medida significa para los productores.<\/p>\n<p>En primer lugar, \u201cvemos un reordenamiento de la econom\u00eda bajo la gesti\u00f3n de Sergio Massa con la consigna del crecimiento y el desarrollo, lo que se traduce en mayor previsi\u00f3n y tranquilidad para los productores al momento<br \/>\nde vender sus productos\u201d, indic\u00f3 Sarachu.<\/p>\n<p>A ello, Sarachu agreg\u00f3 que \u201cen concreto, con la medida anunciada en la noche del domingo se busca recuperar el sendero del crecimiento, atendiendo la urgencia del corto plazo, pero con una visi\u00f3n centrada en el mediano y<br \/>\nlargo plazo\u201d. \u201cEl mejoramiento del precio por tonelada de soja que recibe el productor se traduce en un incentivo para la comercializaci\u00f3n, dando alivio y orden fiscal, permitiendo fortalecer las reservas\u201d, sostuvo el edil.<\/p>\n<p>&#8220;De esta manera, se prev\u00e9 que para el mes de septiembre se liquiden 5000 millones de d\u00f3lares, de los cuales 1000 millones se percibir\u00e1n en los pr\u00f3ximos d\u00edas&#8221;, se\u00f1al\u00f3 Sarachu.<\/p>\n","protected":false},"excerpt":{"rendered":"<p>Gast\u00f3n Sarachu destac\u00f3 las medidas anunciadas por Massa para el sector agropecuario, el concejal del&#8230;<\/p>\n","protected":false},"author":1,"featured_media":165547,"comment_status":"closed","ping_status":"closed","sticky":false,"template":"","format":"standard","meta":{"content-type":""},"categories":[27,64],"tags":[],"nelio_content":{"isAutoShareEnabled":false,"autoShareEndMode":"default","automationSources":{"useContentSentences":true,"useSocialTemplates":true,"useCustomSentences":false,"customSentences":[]},"followers":[1],"suggestedReferences":[],"includedReferences":[],"efiUrl":"","efiAlt":"","highlights":[]},"yoast_head":"<!-- This site is optimized with the Yoast SEO plugin v20.7 - https:\/\/yoast.com\/wordpress\/plugins\/seo\/ -->\n<title>Gast\u00f3n Sarachu destac\u00f3 las medidas anunciadas por Massa<\/title>\n<meta name=\"description\" content=\"Gast\u00f3n Sarachu destac\u00f3 las medidas anunciadas por Massa para el sector agropecuario, el concejal del bloque Foro Olavarr\u00eda - Frente Renovador\" \/>\n<meta name=\"robots\" content=\"index, follow, max-snippet:-1, max-image-preview:large, max-video-preview:-1\" \/>\n<link rel=\"canonical\" href=\"https:\/\/experienciadevida.com.ar\/portalurbano\/gaston-sarachu-destaco-las-medidas-anunciadas-por-massa-para-el-sector-agropecuario\/\" \/>\n<meta property=\"og:locale\" content=\"es_ES\" \/>\n<meta property=\"og:type\" content=\"article\" \/>\n<meta property=\"og:title\" content=\"Gast\u00f3n Sarachu destac\u00f3 las medidas anunciadas por Massa\" \/>\n<meta property=\"og:description\" content=\"Gast\u00f3n Sarachu destac\u00f3 las medidas anunciadas por Massa para el sector agropecuario, el concejal del bloque Foro Olavarr\u00eda - Frente Renovador\" \/>\n<meta property=\"og:url\" content=\"https:\/\/experienciadevida.com.ar\/portalurbano\/gaston-sarachu-destaco-las-medidas-anunciadas-por-massa-para-el-sector-agropecuario\/\" \/>\n<meta property=\"article:publisher\" content=\"https:\/\/www.facebook.com\/Portal-Urbano-171542830093757\/\" \/>\n<meta property=\"article:published_time\" content=\"2022-09-05T16:18:43+00:00\" \/>\n<meta property=\"article:modified_time\" content=\"2022-09-05T16:22:23+00:00\" \/>\n<meta property=\"og:image\" content=\"https:\/\/experienciadevida.com.ar\/portalurbano\/wp-content\/uploads\/2022\/04\/Gaston-Sarachu.jpeg\" \/>\n\t<meta property=\"og:image:width\" content=\"1280\" \/>\n\t<meta property=\"og:image:height\" content=\"720\" \/>\n\t<meta property=\"og:image:type\" content=\"image\/jpeg\" \/>\n<meta name=\"author\" content=\"admpu17wp\" \/>\n<meta name=\"twitter:card\" content=\"summary_large_image\" \/>\n<meta name=\"twitter:creator\" content=\"@portalurbanook\" \/>\n<meta name=\"twitter:site\" content=\"@portalurbanook\" \/>\n<meta name=\"twitter:label1\" content=\"Escrito por\" \/>\n\t<meta name=\"twitter:data1\" content=\"admpu17wp\" \/>\n\t<meta name=\"twitter:label2\" content=\"Tiempo de lectura\" \/>\n\t<meta name=\"twitter:data2\" content=\"2 minutos\" \/>\n<script type=\"application\/ld+json\" class=\"yoast-schema-graph\">{\"@context\":\"https:\/\/schema.org\",\"@graph\":[{\"@type\":\"Article\",\"@id\":\"https:\/\/experienciadevida.com.ar\/portalurbano\/gaston-sarachu-destaco-las-medidas-anunciadas-por-massa-para-el-sector-agropecuario\/#article\",\"isPartOf\":{\"@id\":\"https:\/\/experienciadevida.com.ar\/portalurbano\/gaston-sarachu-destaco-las-medidas-anunciadas-por-massa-para-el-sector-agropecuario\/\"},\"author\":{\"name\":\"admpu17wp\",\"@id\":\"https:\/\/experienciadevida.com.ar\/portalurbano\/#\/schema\/person\/02dd326b1c4b056e9cc972486934a3a7\"},\"headline\":\"Gast\u00f3n Sarachu destac\u00f3 las medidas anunciadas por Massa para el sector agropecuario\",\"datePublished\":\"2022-09-05T16:18:43+00:00\",\"dateModified\":\"2022-09-05T16:22:23+00:00\",\"mainEntityOfPage\":{\"@id\":\"https:\/\/experienciadevida.com.ar\/portalurbano\/gaston-sarachu-destaco-las-medidas-anunciadas-por-massa-para-el-sector-agropecuario\/\"},\"wordCount\":282,\"publisher\":{\"@id\":\"https:\/\/experienciadevida.com.ar\/portalurbano\/#organization\"},\"articleSection\":[\"Ciudad\",\"Destacadas 2\"],\"inLanguage\":\"es\"},{\"@type\":\"WebPage\",\"@id\":\"https:\/\/experienciadevida.com.ar\/portalurbano\/gaston-sarachu-destaco-las-medidas-anunciadas-por-massa-para-el-sector-agropecuario\/\",\"url\":\"https:\/\/experienciadevida.com.ar\/portalurbano\/gaston-sarachu-destaco-las-medidas-anunciadas-por-massa-para-el-sector-agropecuario\/\",\"name\":\"Gast\u00f3n Sarachu destac\u00f3 las medidas anunciadas por Massa\",\"isPartOf\":{\"@id\":\"https:\/\/experienciadevida.com.ar\/portalurbano\/#website\"},\"datePublished\":\"2022-09-05T16:18:43+00:00\",\"dateModified\":\"2022-09-05T16:22:23+00:00\",\"description\":\"Gast\u00f3n Sarachu destac\u00f3 las medidas anunciadas por Massa para el sector agropecuario, el concejal del bloque Foro Olavarr\u00eda - Frente Renovador\",\"breadcrumb\":{\"@id\":\"https:\/\/experienciadevida.com.ar\/portalurbano\/gaston-sarachu-destaco-las-medidas-anunciadas-por-massa-para-el-sector-agropecuario\/#breadcrumb\"},\"inLanguage\":\"es\",\"potentialAction\":[{\"@type\":\"ReadAction\",\"target\":[\"https:\/\/experienciadevida.com.ar\/portalurbano\/gaston-sarachu-destaco-las-medidas-anunciadas-por-massa-para-el-sector-agropecuario\/\"]}]},{\"@type\":\"BreadcrumbList\",\"@id\":\"https:\/\/experienciadevida.com.ar\/portalurbano\/gaston-sarachu-destaco-las-medidas-anunciadas-por-massa-para-el-sector-agropecuario\/#breadcrumb\",\"itemListElement\":[{\"@type\":\"ListItem\",\"position\":1,\"name\":\"Portada\",\"item\":\"https:\/\/experienciadevida.com.ar\/portalurbano\/\"},{\"@type\":\"ListItem\",\"position\":2,\"name\":\"Gast\u00f3n Sarachu destac\u00f3 las medidas anunciadas por Massa para el sector agropecuario\"}]},{\"@type\":\"WebSite\",\"@id\":\"https:\/\/experienciadevida.com.ar\/portalurbano\/#website\",\"url\":\"https:\/\/experienciadevida.com.ar\/portalurbano\/\",\"name\":\"\",\"description\":\"\",\"publisher\":{\"@id\":\"https:\/\/experienciadevida.com.ar\/portalurbano\/#organization\"},\"potentialAction\":[{\"@type\":\"SearchAction\",\"target\":{\"@type\":\"EntryPoint\",\"urlTemplate\":\"https:\/\/experienciadevida.com.ar\/portalurbano\/?s={search_term_string}\"},\"query-input\":\"required name=search_term_string\"}],\"inLanguage\":\"es\"},{\"@type\":\"Organization\",\"@id\":\"https:\/\/experienciadevida.com.ar\/portalurbano\/#organization\",\"name\":\"Portal Urbano\",\"url\":\"https:\/\/experienciadevida.com.ar\/portalurbano\/\",\"logo\":{\"@type\":\"ImageObject\",\"inLanguage\":\"es\",\"@id\":\"https:\/\/experienciadevida.com.ar\/portalurbano\/#\/schema\/logo\/image\/\",\"url\":\"https:\/\/experienciadevida.com.ar\/portalurbano\/wp-content\/uploads\/2019\/09\/Logo-Original.png\",\"contentUrl\":\"https:\/\/experienciadevida.com.ar\/portalurbano\/wp-content\/uploads\/2019\/09\/Logo-Original.png\",\"width\":2236,\"height\":1216,\"caption\":\"Portal Urbano\"},\"image\":{\"@id\":\"https:\/\/experienciadevida.com.ar\/portalurbano\/#\/schema\/logo\/image\/\"},\"sameAs\":[\"https:\/\/www.facebook.com\/Portal-Urbano-171542830093757\/\",\"https:\/\/twitter.com\/portalurbanook\",\"https:\/\/www.instagram.com\/_portalurbano\/\",\"https:\/\/www.youtube.com\/channel\/UCXhagIfszH8KxFiOok79zbA?view_as=subscriber\"]},{\"@type\":\"Person\",\"@id\":\"https:\/\/experienciadevida.com.ar\/portalurbano\/#\/schema\/person\/02dd326b1c4b056e9cc972486934a3a7\",\"name\":\"admpu17wp\",\"image\":{\"@type\":\"ImageObject\",\"inLanguage\":\"es\",\"@id\":\"https:\/\/experienciadevida.com.ar\/portalurbano\/#\/schema\/person\/image\/\",\"url\":\"https:\/\/secure.gravatar.com\/avatar\/830d4c57adaae6630765e449a6908047?s=96&d=mm&r=g\",\"contentUrl\":\"https:\/\/secure.gravatar.com\/avatar\/830d4c57adaae6630765e449a6908047?s=96&d=mm&r=g\",\"caption\":\"admpu17wp\"}}]}<\/script>\n<!-- \/ Yoast SEO plugin. -->","yoast_head_json":{"title":"Gast\u00f3n Sarachu destac\u00f3 las medidas anunciadas por Massa","description":"Gast\u00f3n Sarachu destac\u00f3 las medidas anunciadas por Massa para el sector agropecuario, el concejal del bloque Foro Olavarr\u00eda - Frente Renovador","robots":{"index":"index","follow":"follow","max-snippet":"max-snippet:-1","max-image-preview":"max-image-preview:large","max-video-preview":"max-video-preview:-1"},"canonical":"https:\/\/experienciadevida.com.ar\/portalurbano\/gaston-sarachu-destaco-las-medidas-anunciadas-por-massa-para-el-sector-agropecuario\/","og_locale":"es_ES","og_type":"article","og_title":"Gast\u00f3n Sarachu destac\u00f3 las medidas anunciadas por Massa","og_description":"Gast\u00f3n Sarachu destac\u00f3 las medidas anunciadas por Massa para el sector agropecuario, el concejal del bloque Foro Olavarr\u00eda - Frente Renovador","og_url":"https:\/\/experienciadevida.com.ar\/portalurbano\/gaston-sarachu-destaco-las-medidas-anunciadas-por-massa-para-el-sector-agropecuario\/","article_publisher":"https:\/\/www.facebook.com\/Portal-Urbano-171542830093757\/","article_published_time":"2022-09-05T16:18:43+00:00","article_modified_time":"2022-09-05T16:22:23+00:00","og_image":[{"width":1280,"height":720,"url":"https:\/\/experienciadevida.com.ar\/portalurbano\/wp-content\/uploads\/2022\/04\/Gaston-Sarachu.jpeg","type":"image\/jpeg"}],"author":"admpu17wp","twitter_card":"summary_large_image","twitter_creator":"@portalurbanook","twitter_site":"@portalurbanook","twitter_misc":{"Escrito por":"admpu17wp","Tiempo de lectura":"2 minutos"},"schema":{"@context":"https:\/\/schema.org","@graph":[{"@type":"Article","@id":"https:\/\/experienciadevida.com.ar\/portalurbano\/gaston-sarachu-destaco-las-medidas-anunciadas-por-massa-para-el-sector-agropecuario\/#article","isPartOf":{"@id":"https:\/\/experienciadevida.com.ar\/portalurbano\/gaston-sarachu-destaco-las-medidas-anunciadas-por-massa-para-el-sector-agropecuario\/"},"author":{"name":"admpu17wp","@id":"https:\/\/experienciadevida.com.ar\/portalurbano\/#\/schema\/person\/02dd326b1c4b056e9cc972486934a3a7"},"headline":"Gast\u00f3n Sarachu destac\u00f3 las medidas anunciadas por Massa para el sector agropecuario","datePublished":"2022-09-05T16:18:43+00:00","dateModified":"2022-09-05T16:22:23+00:00","mainEntityOfPage":{"@id":"https:\/\/experienciadevida.com.ar\/portalurbano\/gaston-sarachu-destaco-las-medidas-anunciadas-por-massa-para-el-sector-agropecuario\/"},"wordCount":282,"publisher":{"@id":"https:\/\/experienciadevida.com.ar\/portalurbano\/#organization"},"articleSection":["Ciudad","Destacadas 2"],"inLanguage":"es"},{"@type":"WebPage","@id":"https:\/\/experienciadevida.com.ar\/portalurbano\/gaston-sarachu-destaco-las-medidas-anunciadas-por-massa-para-el-sector-agropecuario\/","url":"https:\/\/experienciadevida.com.ar\/portalurbano\/gaston-sarachu-destaco-las-medidas-anunciadas-por-massa-para-el-sector-agropecuario\/","name":"Gast\u00f3n Sarachu destac\u00f3 las medidas anunciadas por Massa","isPartOf":{"@id":"https:\/\/experienciadevida.com.ar\/portalurbano\/#website"},"datePublished":"2022-09-05T16:18:43+00:00","dateModified":"2022-09-05T16:22:23+00:00","description":"Gast\u00f3n Sarachu destac\u00f3 las medidas anunciadas por Massa para el sector agropecuario, el concejal del bloque Foro Olavarr\u00eda - Frente Renovador","breadcrumb":{"@id":"https:\/\/experienciadevida.com.ar\/portalurbano\/gaston-sarachu-destaco-las-medidas-anunciadas-por-massa-para-el-sector-agropecuario\/#breadcrumb"},"inLanguage":"es","potentialAction":[{"@type":"ReadAction","target":["https:\/\/experienciadevida.com.ar\/portalurbano\/gaston-sarachu-destaco-las-medidas-anunciadas-por-massa-para-el-sector-agropecuario\/"]}]},{"@type":"BreadcrumbList","@id":"https:\/\/experienciadevida.com.ar\/portalurbano\/gaston-sarachu-destaco-las-medidas-anunciadas-por-massa-para-el-sector-agropecuario\/#breadcrumb","itemListElement":[{"@type":"ListItem","position":1,"name":"Portada","item":"https:\/\/experienciadevida.com.ar\/portalurbano\/"},{"@type":"ListItem","position":2,"name":"Gast\u00f3n Sarachu destac\u00f3 las medidas anunciadas por Massa para el sector agropecuario"}]},{"@type":"WebSite","@id":"https:\/\/experienciadevida.com.ar\/portalurbano\/#website","url":"https:\/\/experienciadevida.com.ar\/portalurbano\/","name":"","description":"","publisher":{"@id":"https:\/\/experienciadevida.com.ar\/portalurbano\/#organization"},"potentialAction":[{"@type":"SearchAction","target":{"@type":"EntryPoint","urlTemplate":"https:\/\/experienciadevida.com.ar\/portalurbano\/?s={search_term_string}"},"query-input":"required name=search_term_string"}],"inLanguage":"es"},{"@type":"Organization","@id":"https:\/\/experienciadevida.com.ar\/portalurbano\/#organization","name":"Portal Urbano","url":"https:\/\/experienciadevida.com.ar\/portalurbano\/","logo":{"@type":"ImageObject","inLanguage":"es","@id":"https:\/\/experienciadevida.com.ar\/portalurbano\/#\/schema\/logo\/image\/","url":"https:\/\/experienciadevida.com.ar\/portalurbano\/wp-content\/uploads\/2019\/09\/Logo-Original.png","contentUrl":"https:\/\/experienciadevida.com.ar\/portalurbano\/wp-content\/uploads\/2019\/09\/Logo-Original.png","width":2236,"height":1216,"caption":"Portal Urbano"},"image":{"@id":"https:\/\/experienciadevida.com.ar\/portalurbano\/#\/schema\/logo\/image\/"},"sameAs":["https:\/\/www.facebook.com\/Portal-Urbano-171542830093757\/","https:\/\/twitter.com\/portalurbanook","https:\/\/www.instagram.com\/_portalurbano\/","https:\/\/www.youtube.com\/channel\/UCXhagIfszH8KxFiOok79zbA?view_as=subscriber"]},{"@type":"Person","@id":"https:\/\/experienciadevida.com.ar\/portalurbano\/#\/schema\/person\/02dd326b1c4b056e9cc972486934a3a7","name":"admpu17wp","image":{"@type":"ImageObject","inLanguage":"es","@id":"https:\/\/experienciadevida.com.ar\/portalurbano\/#\/schema\/person\/image\/","url":"https:\/\/secure.gravatar.com\/avatar\/830d4c57adaae6630765e449a6908047?s=96&d=mm&r=g","contentUrl":"https:\/\/secure.gravatar.com\/avatar\/830d4c57adaae6630765e449a6908047?s=96&d=mm&r=g","caption":"admpu17wp"}}]}},"featured_image_urls":{"full":["https:\/\/experienciadevida.com.ar\/portalurbano\/wp-content\/uploads\/2022\/04\/Gaston-Sarachu.jpeg",1280,720,false],"thumbnail":["https:\/\/experienciadevida.com.ar\/portalurbano\/wp-content\/uploads\/2022\/04\/Gaston-Sarachu-150x150.jpeg",150,150,true],"medium":["https:\/\/experienciadevida.com.ar\/portalurbano\/wp-content\/uploads\/2022\/04\/Gaston-Sarachu-300x169.jpeg",300,169,true],"medium_large":["https:\/\/experienciadevida.com.ar\/portalurbano\/wp-content\/uploads\/2022\/04\/Gaston-Sarachu-768x432.jpeg",640,360,true],"large":["https:\/\/experienciadevida.com.ar\/portalurbano\/wp-content\/uploads\/2022\/04\/Gaston-Sarachu-1024x576.jpeg",640,360,true],"ug_big":["https:\/\/experienciadevida.com.ar\/portalurbano\/wp-content\/uploads\/2022\/04\/Gaston-Sarachu-768x432.jpeg",768,432,true],"1536x1536":["https:\/\/experienciadevida.com.ar\/portalurbano\/wp-content\/uploads\/2022\/04\/Gaston-Sarachu.jpeg",1280,720,false],"2048x2048":["https:\/\/experienciadevida.com.ar\/portalurbano\/wp-content\/uploads\/2022\/04\/Gaston-Sarachu.jpeg",1280,720,false],"newsever-slider-full":["https:\/\/experienciadevida.com.ar\/portalurbano\/wp-content\/uploads\/2022\/04\/Gaston-Sarachu.jpeg",1280,720,false],"newsever-featured":["https:\/\/experienciadevida.com.ar\/portalurbano\/wp-content\/uploads\/2022\/04\/Gaston-Sarachu.jpeg",1024,576,false],"newsever-medium":["https:\/\/experienciadevida.com.ar\/portalurbano\/wp-content\/uploads\/2022\/04\/Gaston-Sarachu.jpeg",720,405,false],"web-stories-poster-portrait":["https:\/\/experienciadevida.com.ar\/portalurbano\/wp-content\/uploads\/2022\/04\/Gaston-Sarachu.jpeg",640,360,false],"web-stories-publisher-logo":["https:\/\/experienciadevida.com.ar\/portalurbano\/wp-content\/uploads\/2022\/04\/Gaston-Sarachu.jpeg",96,54,false],"web-stories-thumbnail":["https:\/\/experienciadevida.com.ar\/portalurbano\/wp-content\/uploads\/2022\/04\/Gaston-Sarachu.jpeg",150,84,false]},"author_info":{"display_name":"admpu17wp","author_link":"https:\/\/experienciadevida.com.ar\/portalurbano\/author\/admpu17wp\/"},"category_info":"<a href=\"https:\/\/experienciadevida.com.ar\/portalurbano\/category\/ciudad\/\" rel=\"category tag\">Ciudad<\/a> <a href=\"https:\/\/experienciadevida.com.ar\/portalurbano\/category\/destacadas-2\/\" rel=\"category tag\">Destacadas 2<\/a>","tag_info":"Destacadas 2","comment_count":"0","amp_enabled":true,"_links":{"self":[{"href":"https:\/\/experienciadevida.com.ar\/portalurbano\/wp-json\/wp\/v2\/posts\/174864"}],"collection":[{"href":"https:\/\/experienciadevida.com.ar\/portalurbano\/wp-json\/wp\/v2\/posts"}],"about":[{"href":"https:\/\/experienciadevida.com.ar\/portalurbano\/wp-json\/wp\/v2\/types\/post"}],"author":[{"embeddable":true,"href":"https:\/\/experienciadevida.com.ar\/portalurbano\/wp-json\/wp\/v2\/users\/1"}],"replies":[{"embeddable":true,"href":"https:\/\/experienciadevida.com.ar\/portalurbano\/wp-json\/wp\/v2\/comments?post=174864"}],"version-history":[{"count":2,"href":"https:\/\/experienciadevida.com.ar\/portalurbano\/wp-json\/wp\/v2\/posts\/174864\/revisions"}],"predecessor-version":[{"id":174870,"href":"https:\/\/experienciadevida.com.ar\/portalurbano\/wp-json\/wp\/v2\/posts\/174864\/revisions\/174870"}],"wp:featuredmedia":[{"embeddable":true,"href":"https:\/\/experienciadevida.com.ar\/portalurbano\/wp-json\/wp\/v2\/media\/165547"}],"wp:attachment":[{"href":"https:\/\/experienciadevida.com.ar\/portalurbano\/wp-json\/wp\/v2\/media?parent=174864"}],"wp:term":[{"taxonomy":"category","embeddable":true,"href":"https:\/\/experienciadevida.com.ar\/portalurbano\/wp-json\/wp\/v2\/categories?post=174864"},{"taxonomy":"post_tag","embeddable":true,"href":"https:\/\/experienciadevida.com.ar\/portalurbano\/wp-json\/wp\/v2\/tags?post=174864"}],"curies":[{"name":"wp","href":"https:\/\/api.w.org\/{rel}","templated":true}]}}