{"id":174863,"date":"2022-09-05T13:15:16","date_gmt":"2022-09-05T16:15:16","guid":{"rendered":"https:\/\/experienciadevida.com.ar\/portalurbano\/?p=174863"},"modified":"2022-09-05T21:31:43","modified_gmt":"2022-09-06T00:31:43","slug":"5-de-septiembre-dia-del-trabajador-sanitarista","status":"publish","type":"post","link":"https:\/\/experienciadevida.com.ar\/portalurbano\/5-de-septiembre-dia-del-trabajador-sanitarista\/","title":{"rendered":"5 De Septiembre: Dia del Trabajador Sanitarista"},"content":{"rendered":"<p><strong> Historia sanitaria en la Rep\u00fablica Argentina<\/strong><\/p>\n<p>En la ciudad de Buenos Aires, el 15 de mayo de 1874 comenzaron las obras para la construcci\u00f3n de la Planta Potabilizadora de Recoleta. Transcurrida la epidemia de fiebre amarilla de 1871, se constituy\u00f3 la Comisi\u00f3n de Aguas<br \/>\nCorrientes. Luego, en 1873, se iniciaron activamente los trabajos trazados en el marco del Plan Bateman, los cuales, servir\u00edan a una poblaci\u00f3n de 400.000 habitantes de la ciudad de Buenos Aires. Esto, incluyendo el alejamiento de las aguas servidas por medio de una red de pluviocloacales.<\/p>\n<p>El plan trazado consisti\u00f3 en un cronograma de saneamiento integral, convocando para ello al ingeniero ingl\u00e9s Juan Federico Bateman, de ah\u00ed la denominaci\u00f3n del emprendimiento. Luego de los primeros trabajos en 1874, un<br \/>\nintento de privatizaci\u00f3n fracas\u00f3 ante la crisis pol\u00edtico-econ\u00f3mica argentina en 1891 por lo que los servicios volvieron a manos de la Comisi\u00f3n Nacional de Obras de Salubridad de la Capital, a cargo del ingeniero Guillermo<br \/>\nVillanueva. Fue \u00e9l quien impuls\u00f3 el progreso de la instituci\u00f3n sanitaria en forma incesante, fijando los grandes lineamientos de su organizaci\u00f3n t\u00e9cnica y administrativa.<\/p>\n<p>En la provincia de Buenos Aires, el 18 de julio de 1959 un grupo de trabajadores de la costa, realiz\u00f3 una Asamblea en la que se decidi\u00f3 fundar el Sindicato que agrupar\u00eda a todos los trabajadores de la entonces Direcci\u00f3n de Obras Sanitarias de la provincia de Buenos Aires (DOSBA). All\u00ed resolvieron invitar a todos los integrantes de cada seccional y dependencia para formar una comisi\u00f3n inicial que comenzara con las actividades organizativas y legales para llevar a cabo la conformaci\u00f3n del Sindicato Obras Sanitarias de la provincia de Buenos Aires.<\/p>\n<p>As\u00ed fue que naci\u00f3 el Sindicato Obras Sanitarias de la Provincia de Buenos Aires (SOSBA), entidad que representa a la diversidad de la actividad sanitarista y de los trabajadores del sector, ya sea en la prestaci\u00f3n del servicio de agua y cloacas, en la preservaci\u00f3n del recurso h\u00eddrico o en la gesti\u00f3n de pol\u00edticas p\u00fablicas. Diversidad que se simplifica en un solo concepto, cuidar el agua, elemento vital para la salud de los bonaerenses.<\/p>\n<p>Unos a\u00f1os despu\u00e9s, en 1963, obtuvieron la Personer\u00eda Gremial N\u00b0 565 que identifica a SOSBA hasta la actualidad.<\/p>\n<p><strong>El agua en Olavarr\u00eda<\/strong><\/p>\n<p>Entre 1948 y 1956 Obras Sanitarias de la Naci\u00f3n comenz\u00f3 a realizar estudios y perforaciones en Olavarr\u00eda. Luego, el \u00e1rea pas\u00f3 a depender de la Direcci\u00f3n de Obras Sanitarias de la Provincia de Buenos Aires y hasta 1980 se<br \/>\nlicitaron obras de agua y cloacas, se habilit\u00f3 el servicio en algunos sectores y se construy\u00f3 la Planta de Tratamiento de L\u00edquidos Cloacales.<\/p>\n<p><a href=\"https:\/\/experienciadevida.com.ar\/portalurbano\/5-de-septiembre-dia-del-trabajador-sanitarista\/planta-depuradora-olavarria\/\" rel=\"attachment wp-att-174865\"><img decoding=\"async\" class=\"alignnone size-large wp-image-174865\" src=\"https:\/\/experienciadevida.com.ar\/portalurbano\/wp-content\/uploads\/2022\/09\/Planta-Depuradora-Olavarria-1024x683.jpg\" alt=\"\" width=\"900\" height=\"600\" srcset=\"https:\/\/experienciadevida.com.ar\/portalurbano\/wp-content\/uploads\/2022\/09\/Planta-Depuradora-Olavarria-1024x683.jpg 1024w, https:\/\/experienciadevida.com.ar\/portalurbano\/wp-content\/uploads\/2022\/09\/Planta-Depuradora-Olavarria-300x200.jpg 300w, https:\/\/experienciadevida.com.ar\/portalurbano\/wp-content\/uploads\/2022\/09\/Planta-Depuradora-Olavarria-768x512.jpg 768w, https:\/\/experienciadevida.com.ar\/portalurbano\/wp-content\/uploads\/2022\/09\/Planta-Depuradora-Olavarria-150x100.jpg 150w, https:\/\/experienciadevida.com.ar\/portalurbano\/wp-content\/uploads\/2022\/09\/Planta-Depuradora-Olavarria.jpg 1152w\" sizes=\"(max-width: 900px) 100vw, 900px\" \/><\/a><\/p>\n<p>En la d\u00e9cada del 80, el servicio comenz\u00f3 a ser gestionado por el Municipio, quien se encarg\u00f3 de hacer pozos y extender las redes de agua y cloacas, incorporando a la localidad de Sierras Bayas.<\/p>\n<p>Fue en abril de 1997, cuando Coopelectric gan\u00f3 una licitaci\u00f3n internacional y tom\u00f3 la concesi\u00f3n del Servicio de Obras Sanitarias en Olavarr\u00eda y Sierras Bayas, con el fin de mejorar la prestaci\u00f3n del servicio y ofrecer agua potable a mayor cantidad de familias en la ciudad.<\/p>\n<p>El plazo de la concesi\u00f3n se fij\u00f3 en 25 a\u00f1os (1997 &#8211; 2022) previ\u00e9ndose una pr\u00f3rroga de cinco a\u00f1os bajo las mismas condiciones. Precisamente el Decreto Municipal N\u00b0 707 con fecha 22 de febrero de 2022 establece la aceptaci\u00f3n \u201cde<br \/>\nla opci\u00f3n de pr\u00f3rroga prevista en el art\u00edculo 2\u00b0) del Pliego de cl\u00e1usulas Particulares I, que forma parte del contrato de concesi\u00f3n del Servicio de Agua Corriente y Cloacas de Olavarr\u00eda y Localidades, por el plazo de 5 a\u00f1os a partir del 1\u00b0 de abril de 2022, ad refer\u00e9ndum del Honorable Concejo Deliberante, conforme art. 231 de la Ley Org\u00e1nica de las Municipalidades\u201d.<\/p>\n<p>A trav\u00e9s del trabajo conjunto con el Municipio se incorporaron al Servicio las localidades de Sierra Chica, Colonia San Miguel, Espigas, barrio AOMA y recientemente Loma Negra. A lo largo de estos a\u00f1os, se ha acompa\u00f1ado el<br \/>\ncrecimiento de la ciudad ampliando las redes de agua y cloacas con fondos municipales, provinciales, nacionales o privados; alcanzando un 98 % de cobertura en redes de agua con un total de 48.657 cuentas y un 68 % en<br \/>\ncloacas, lo cual ha mejorado la calidad de vida de los olavarrienses.<\/p>\n<p><strong>El servicio y la importancia de su capital humano<\/strong><\/p>\n<p>En Olavarr\u00eda, el agua potable que consumimos y utilizamos en nuestros hogares, proviene de la napa subterr\u00e1nea y se obtiene a trav\u00e9s del funcionamiento de 60 pozos de extracci\u00f3n de agua, de los cuales 47 est\u00e1n ubicados en la planta urbana de Olavarr\u00eda y 13 en las localidades. La cantidad y la calidad del agua son dos aspectos fundamentales de la prestaci\u00f3n. Mientras que en otras ciudades se deben instalar Plantas Potabilizadora en Olavarr\u00eda estos factores hacen que eso no sea necesario.<\/p>\n<p>Luego de utilizar el agua para los diferentes usos dom\u00e9sticos, el l\u00edquido se desecha a trav\u00e9s del desag\u00fce convirti\u00e9ndose en l\u00edquido cloacal. El mismo ingresa a la Planta de Tratamiento de L\u00edquidos Cloacales a trav\u00e9s de las<br \/>\nca\u00f1er\u00edas del sistema de cloacas o de los camiones atmosf\u00e9ricos producto de la recolecci\u00f3n del l\u00edquido cloacal de pozos absorbentes en zonas que no cuentan con servicio cloacal.<\/p>\n<p>All\u00ed se realiza el tratamiento primario que comprende la remoci\u00f3n de los s\u00f3lidos m\u00e1s gruesos y la sedimentaci\u00f3n de los s\u00f3lidos m\u00e1s finos con el prop\u00f3sito de obtener un l\u00edquido homog\u00e9neo capaz de ser tratado biol\u00f3gicamente y un barro que se trata de forma separada.<\/p>\n<p>A continuaci\u00f3n, el l\u00edquido avanza hacia un procedimiento basado en el tratamiento biol\u00f3gico de la materia org\u00e1nica disuelta presente en el agua residual. Para ello se utilizan los lechos percoladores y posteriormente llegan las etapas de sedimentaci\u00f3n secundaria, desinfecci\u00f3n y por \u00faltimo la cloraci\u00f3n antes de ser vertido al Arroyo Tapalqu\u00e9 cumpliendo con los par\u00e1metros establecidos por la Ley Provincial vigente.<\/p>\n<p>En el caso de Loma Negra, desde abril de 2022, Coopelectric brinda el servicio de operaci\u00f3n y mantenimiento de la red cloacal y de su Planta de Tratamiento de L\u00edquidos Cloacales. All\u00ed, el proceso de depuraci\u00f3n se realiza<br \/>\nmediante el sistema de lagunas aireadas.<\/p>\n<p>Para que los procesos de extracci\u00f3n, distribuci\u00f3n del agua y depuraci\u00f3n de los l\u00edquidos cloacales se realicen, interviene el capital humano. Son los trabajadores de Coopelectric, quienes se desempe\u00f1an para brindar a los<br \/>\nvecinos este servicio esencial.<\/p>\n<p>A\u00fan con el retraso de las tarifas producto de un contexto inflacionario permanente, Coopelectric contin\u00faa apostando a la ejecuci\u00f3n de pol\u00edticas a largo plazo y a una gesti\u00f3n sustentable del recurso h\u00eddrico comprometida con<br \/>\nel medio ambiente. En tal sentido, los trabajadores sanitaristas ejecutan a diario su tarea en pos del desarrollo sostenible para satisfacer las necesidades del presente sin comprometer las de generaciones futuras.<\/p>\n<p><strong>An\u00e1lisis del agua subterr\u00e1nea<\/strong><\/p>\n<p>Desde Coopelectric permanentemente se monitorea la calidad del agua que se distribuye. El personal de Obras Sanitarias toma muestras en los pozos de extracci\u00f3n, as\u00ed como en distintos puntos del sistema de distribuci\u00f3n, las<br \/>\ncuales son enviadas a un laboratorio especializado en el que se efect\u00faan controles bacteriol\u00f3gicos y fisicoqu\u00edmicos para constatar el cumplimiento de los par\u00e1metros establecidos por el C\u00f3digo Alimentario Argentino (C.A.A.) y<br \/>\nla Ley Provincial 11.820 para la potabilidad del agua. Por otro lado, el Ente Regulador Municipal a trav\u00e9s de su Laboratorio de Bromatolog\u00eda realiza contramuestras de cada una de ellas efectuando un doble control tanto en el<br \/>\nproceso de extracci\u00f3n como en el de distribuci\u00f3n.<\/p>\n<p><strong>\u00a0Asueto para los Trabajadores Sanitaristas<\/strong><\/p>\n<p>Con motivo de celebrarse el D\u00eda del Trabajador Sanitarista, hoy tienen asueto los empleados de Coopelectric que se desempe\u00f1an en el Servicio de Obras Sanitarias. Por tal motivo, la Oficina T\u00e9cnica ubicada en Av. Del Valle y Av. Pellegrini permanecer\u00e1 cerrada.<\/p>\n<p>No obstante, las guardias operativas se mantendr\u00e1n en servicio. Para efectuar reclamos, los usuarios podr\u00e1n comunicarse durante las 24 horas al Tel. Tel. 411222\/12, enviar WhatsApp al 2284-230707 o SMS al 15-680000.<\/p>\n<p>Cabe mencionar que la sede administrativa ubicada en Belgrano N\u00ba 2850 funcionar\u00e1 con normalidad para realizar tr\u00e1mites tanto de Obras Sanitarias como de Electricidad.<\/p>\n","protected":false},"excerpt":{"rendered":"<p>Historia sanitaria en la Rep\u00fablica Argentina En la ciudad de Buenos Aires, el 15 de&#8230;<\/p>\n","protected":false},"author":1,"featured_media":174866,"comment_status":"closed","ping_status":"closed","sticky":false,"template":"","format":"standard","meta":{"content-type":""},"categories":[27],"tags":[],"nelio_content":{"isAutoShareEnabled":false,"autoShareEndMode":"default","automationSources":{"useContentSentences":true,"useSocialTemplates":true,"useCustomSentences":false,"customSentences":[]},"followers":[1],"suggestedReferences":[],"includedReferences":[],"efiUrl":"","efiAlt":"","highlights":[]},"yoast_head":"<!-- This site is optimized with the Yoast SEO plugin v20.7 - https:\/\/yoast.com\/wordpress\/plugins\/seo\/ -->\n<title>5 De Septiembre: Dia del Trabajador Sanitarista<\/title>\n<meta name=\"description\" content=\"En la ciudad de Buenos Aires, el 15 de mayo de 1874 comenzaron las obras para la construcci\u00f3n de la Planta Potabilizadora de Recoleta.\" \/>\n<meta name=\"robots\" content=\"index, follow, max-snippet:-1, max-image-preview:large, max-video-preview:-1\" \/>\n<link rel=\"canonical\" href=\"https:\/\/experienciadevida.com.ar\/portalurbano\/5-de-septiembre-dia-del-trabajador-sanitarista\/\" \/>\n<meta property=\"og:locale\" content=\"es_ES\" \/>\n<meta property=\"og:type\" content=\"article\" \/>\n<meta property=\"og:title\" content=\"5 De Septiembre: Dia del Trabajador Sanitarista\" \/>\n<meta property=\"og:description\" content=\"En la ciudad de Buenos Aires, el 15 de mayo de 1874 comenzaron las obras para la construcci\u00f3n de la Planta Potabilizadora de Recoleta.\" \/>\n<meta property=\"og:url\" content=\"https:\/\/experienciadevida.com.ar\/portalurbano\/5-de-septiembre-dia-del-trabajador-sanitarista\/\" \/>\n<meta property=\"article:publisher\" content=\"https:\/\/www.facebook.com\/Portal-Urbano-171542830093757\/\" \/>\n<meta property=\"article:published_time\" content=\"2022-09-05T16:15:16+00:00\" \/>\n<meta property=\"article:modified_time\" content=\"2022-09-06T00:31:43+00:00\" \/>\n<meta property=\"og:image\" content=\"https:\/\/experienciadevida.com.ar\/portalurbano\/wp-content\/uploads\/2022\/09\/Obras-Sanitarias-cloacas-e1662394485624.jpg\" \/>\n\t<meta property=\"og:image:width\" content=\"800\" \/>\n\t<meta property=\"og:image:height\" content=\"534\" \/>\n\t<meta property=\"og:image:type\" content=\"image\/jpeg\" \/>\n<meta name=\"author\" content=\"admpu17wp\" \/>\n<meta name=\"twitter:card\" content=\"summary_large_image\" \/>\n<meta name=\"twitter:creator\" content=\"@portalurbanook\" \/>\n<meta name=\"twitter:site\" content=\"@portalurbanook\" \/>\n<meta name=\"twitter:label1\" content=\"Escrito por\" \/>\n\t<meta name=\"twitter:data1\" content=\"admpu17wp\" \/>\n\t<meta name=\"twitter:label2\" content=\"Tiempo de lectura\" \/>\n\t<meta name=\"twitter:data2\" content=\"7 minutos\" \/>\n<script type=\"application\/ld+json\" class=\"yoast-schema-graph\">{\"@context\":\"https:\/\/schema.org\",\"@graph\":[{\"@type\":\"Article\",\"@id\":\"https:\/\/experienciadevida.com.ar\/portalurbano\/5-de-septiembre-dia-del-trabajador-sanitarista\/#article\",\"isPartOf\":{\"@id\":\"https:\/\/experienciadevida.com.ar\/portalurbano\/5-de-septiembre-dia-del-trabajador-sanitarista\/\"},\"author\":{\"name\":\"admpu17wp\",\"@id\":\"https:\/\/experienciadevida.com.ar\/portalurbano\/#\/schema\/person\/02dd326b1c4b056e9cc972486934a3a7\"},\"headline\":\"5 De Septiembre: Dia del Trabajador Sanitarista\",\"datePublished\":\"2022-09-05T16:15:16+00:00\",\"dateModified\":\"2022-09-06T00:31:43+00:00\",\"mainEntityOfPage\":{\"@id\":\"https:\/\/experienciadevida.com.ar\/portalurbano\/5-de-septiembre-dia-del-trabajador-sanitarista\/\"},\"wordCount\":1422,\"publisher\":{\"@id\":\"https:\/\/experienciadevida.com.ar\/portalurbano\/#organization\"},\"articleSection\":[\"Ciudad\"],\"inLanguage\":\"es\"},{\"@type\":\"WebPage\",\"@id\":\"https:\/\/experienciadevida.com.ar\/portalurbano\/5-de-septiembre-dia-del-trabajador-sanitarista\/\",\"url\":\"https:\/\/experienciadevida.com.ar\/portalurbano\/5-de-septiembre-dia-del-trabajador-sanitarista\/\",\"name\":\"5 De Septiembre: Dia del Trabajador Sanitarista\",\"isPartOf\":{\"@id\":\"https:\/\/experienciadevida.com.ar\/portalurbano\/#website\"},\"datePublished\":\"2022-09-05T16:15:16+00:00\",\"dateModified\":\"2022-09-06T00:31:43+00:00\",\"description\":\"En la ciudad de Buenos Aires, el 15 de mayo de 1874 comenzaron las obras para la construcci\u00f3n de la Planta Potabilizadora de Recoleta.\",\"breadcrumb\":{\"@id\":\"https:\/\/experienciadevida.com.ar\/portalurbano\/5-de-septiembre-dia-del-trabajador-sanitarista\/#breadcrumb\"},\"inLanguage\":\"es\",\"potentialAction\":[{\"@type\":\"ReadAction\",\"target\":[\"https:\/\/experienciadevida.com.ar\/portalurbano\/5-de-septiembre-dia-del-trabajador-sanitarista\/\"]}]},{\"@type\":\"BreadcrumbList\",\"@id\":\"https:\/\/experienciadevida.com.ar\/portalurbano\/5-de-septiembre-dia-del-trabajador-sanitarista\/#breadcrumb\",\"itemListElement\":[{\"@type\":\"ListItem\",\"position\":1,\"name\":\"Portada\",\"item\":\"https:\/\/experienciadevida.com.ar\/portalurbano\/\"},{\"@type\":\"ListItem\",\"position\":2,\"name\":\"5 De Septiembre: Dia del Trabajador Sanitarista\"}]},{\"@type\":\"WebSite\",\"@id\":\"https:\/\/experienciadevida.com.ar\/portalurbano\/#website\",\"url\":\"https:\/\/experienciadevida.com.ar\/portalurbano\/\",\"name\":\"\",\"description\":\"\",\"publisher\":{\"@id\":\"https:\/\/experienciadevida.com.ar\/portalurbano\/#organization\"},\"potentialAction\":[{\"@type\":\"SearchAction\",\"target\":{\"@type\":\"EntryPoint\",\"urlTemplate\":\"https:\/\/experienciadevida.com.ar\/portalurbano\/?s={search_term_string}\"},\"query-input\":\"required name=search_term_string\"}],\"inLanguage\":\"es\"},{\"@type\":\"Organization\",\"@id\":\"https:\/\/experienciadevida.com.ar\/portalurbano\/#organization\",\"name\":\"Portal Urbano\",\"url\":\"https:\/\/experienciadevida.com.ar\/portalurbano\/\",\"logo\":{\"@type\":\"ImageObject\",\"inLanguage\":\"es\",\"@id\":\"https:\/\/experienciadevida.com.ar\/portalurbano\/#\/schema\/logo\/image\/\",\"url\":\"https:\/\/experienciadevida.com.ar\/portalurbano\/wp-content\/uploads\/2019\/09\/Logo-Original.png\",\"contentUrl\":\"https:\/\/experienciadevida.com.ar\/portalurbano\/wp-content\/uploads\/2019\/09\/Logo-Original.png\",\"width\":2236,\"height\":1216,\"caption\":\"Portal Urbano\"},\"image\":{\"@id\":\"https:\/\/experienciadevida.com.ar\/portalurbano\/#\/schema\/logo\/image\/\"},\"sameAs\":[\"https:\/\/www.facebook.com\/Portal-Urbano-171542830093757\/\",\"https:\/\/twitter.com\/portalurbanook\",\"https:\/\/www.instagram.com\/_portalurbano\/\",\"https:\/\/www.youtube.com\/channel\/UCXhagIfszH8KxFiOok79zbA?view_as=subscriber\"]},{\"@type\":\"Person\",\"@id\":\"https:\/\/experienciadevida.com.ar\/portalurbano\/#\/schema\/person\/02dd326b1c4b056e9cc972486934a3a7\",\"name\":\"admpu17wp\",\"image\":{\"@type\":\"ImageObject\",\"inLanguage\":\"es\",\"@id\":\"https:\/\/experienciadevida.com.ar\/portalurbano\/#\/schema\/person\/image\/\",\"url\":\"https:\/\/secure.gravatar.com\/avatar\/830d4c57adaae6630765e449a6908047?s=96&d=mm&r=g\",\"contentUrl\":\"https:\/\/secure.gravatar.com\/avatar\/830d4c57adaae6630765e449a6908047?s=96&d=mm&r=g\",\"caption\":\"admpu17wp\"}}]}<\/script>\n<!-- \/ Yoast SEO plugin. -->","yoast_head_json":{"title":"5 De Septiembre: Dia del Trabajador Sanitarista","description":"En la ciudad de Buenos Aires, el 15 de mayo de 1874 comenzaron las obras para la construcci\u00f3n de la Planta Potabilizadora de Recoleta.","robots":{"index":"index","follow":"follow","max-snippet":"max-snippet:-1","max-image-preview":"max-image-preview:large","max-video-preview":"max-video-preview:-1"},"canonical":"https:\/\/experienciadevida.com.ar\/portalurbano\/5-de-septiembre-dia-del-trabajador-sanitarista\/","og_locale":"es_ES","og_type":"article","og_title":"5 De Septiembre: Dia del Trabajador Sanitarista","og_description":"En la ciudad de Buenos Aires, el 15 de mayo de 1874 comenzaron las obras para la construcci\u00f3n de la Planta Potabilizadora de Recoleta.","og_url":"https:\/\/experienciadevida.com.ar\/portalurbano\/5-de-septiembre-dia-del-trabajador-sanitarista\/","article_publisher":"https:\/\/www.facebook.com\/Portal-Urbano-171542830093757\/","article_published_time":"2022-09-05T16:15:16+00:00","article_modified_time":"2022-09-06T00:31:43+00:00","og_image":[{"width":800,"height":534,"url":"https:\/\/experienciadevida.com.ar\/portalurbano\/wp-content\/uploads\/2022\/09\/Obras-Sanitarias-cloacas-e1662394485624.jpg","type":"image\/jpeg"}],"author":"admpu17wp","twitter_card":"summary_large_image","twitter_creator":"@portalurbanook","twitter_site":"@portalurbanook","twitter_misc":{"Escrito por":"admpu17wp","Tiempo de lectura":"7 minutos"},"schema":{"@context":"https:\/\/schema.org","@graph":[{"@type":"Article","@id":"https:\/\/experienciadevida.com.ar\/portalurbano\/5-de-septiembre-dia-del-trabajador-sanitarista\/#article","isPartOf":{"@id":"https:\/\/experienciadevida.com.ar\/portalurbano\/5-de-septiembre-dia-del-trabajador-sanitarista\/"},"author":{"name":"admpu17wp","@id":"https:\/\/experienciadevida.com.ar\/portalurbano\/#\/schema\/person\/02dd326b1c4b056e9cc972486934a3a7"},"headline":"5 De Septiembre: Dia del Trabajador Sanitarista","datePublished":"2022-09-05T16:15:16+00:00","dateModified":"2022-09-06T00:31:43+00:00","mainEntityOfPage":{"@id":"https:\/\/experienciadevida.com.ar\/portalurbano\/5-de-septiembre-dia-del-trabajador-sanitarista\/"},"wordCount":1422,"publisher":{"@id":"https:\/\/experienciadevida.com.ar\/portalurbano\/#organization"},"articleSection":["Ciudad"],"inLanguage":"es"},{"@type":"WebPage","@id":"https:\/\/experienciadevida.com.ar\/portalurbano\/5-de-septiembre-dia-del-trabajador-sanitarista\/","url":"https:\/\/experienciadevida.com.ar\/portalurbano\/5-de-septiembre-dia-del-trabajador-sanitarista\/","name":"5 De Septiembre: Dia del Trabajador Sanitarista","isPartOf":{"@id":"https:\/\/experienciadevida.com.ar\/portalurbano\/#website"},"datePublished":"2022-09-05T16:15:16+00:00","dateModified":"2022-09-06T00:31:43+00:00","description":"En la ciudad de Buenos Aires, el 15 de mayo de 1874 comenzaron las obras para la construcci\u00f3n de la Planta Potabilizadora de Recoleta.","breadcrumb":{"@id":"https:\/\/experienciadevida.com.ar\/portalurbano\/5-de-septiembre-dia-del-trabajador-sanitarista\/#breadcrumb"},"inLanguage":"es","potentialAction":[{"@type":"ReadAction","target":["https:\/\/experienciadevida.com.ar\/portalurbano\/5-de-septiembre-dia-del-trabajador-sanitarista\/"]}]},{"@type":"BreadcrumbList","@id":"https:\/\/experienciadevida.com.ar\/portalurbano\/5-de-septiembre-dia-del-trabajador-sanitarista\/#breadcrumb","itemListElement":[{"@type":"ListItem","position":1,"name":"Portada","item":"https:\/\/experienciadevida.com.ar\/portalurbano\/"},{"@type":"ListItem","position":2,"name":"5 De Septiembre: Dia del Trabajador Sanitarista"}]},{"@type":"WebSite","@id":"https:\/\/experienciadevida.com.ar\/portalurbano\/#website","url":"https:\/\/experienciadevida.com.ar\/portalurbano\/","name":"","description":"","publisher":{"@id":"https:\/\/experienciadevida.com.ar\/portalurbano\/#organization"},"potentialAction":[{"@type":"SearchAction","target":{"@type":"EntryPoint","urlTemplate":"https:\/\/experienciadevida.com.ar\/portalurbano\/?s={search_term_string}"},"query-input":"required name=search_term_string"}],"inLanguage":"es"},{"@type":"Organization","@id":"https:\/\/experienciadevida.com.ar\/portalurbano\/#organization","name":"Portal Urbano","url":"https:\/\/experienciadevida.com.ar\/portalurbano\/","logo":{"@type":"ImageObject","inLanguage":"es","@id":"https:\/\/experienciadevida.com.ar\/portalurbano\/#\/schema\/logo\/image\/","url":"https:\/\/experienciadevida.com.ar\/portalurbano\/wp-content\/uploads\/2019\/09\/Logo-Original.png","contentUrl":"https:\/\/experienciadevida.com.ar\/portalurbano\/wp-content\/uploads\/2019\/09\/Logo-Original.png","width":2236,"height":1216,"caption":"Portal Urbano"},"image":{"@id":"https:\/\/experienciadevida.com.ar\/portalurbano\/#\/schema\/logo\/image\/"},"sameAs":["https:\/\/www.facebook.com\/Portal-Urbano-171542830093757\/","https:\/\/twitter.com\/portalurbanook","https:\/\/www.instagram.com\/_portalurbano\/","https:\/\/www.youtube.com\/channel\/UCXhagIfszH8KxFiOok79zbA?view_as=subscriber"]},{"@type":"Person","@id":"https:\/\/experienciadevida.com.ar\/portalurbano\/#\/schema\/person\/02dd326b1c4b056e9cc972486934a3a7","name":"admpu17wp","image":{"@type":"ImageObject","inLanguage":"es","@id":"https:\/\/experienciadevida.com.ar\/portalurbano\/#\/schema\/person\/image\/","url":"https:\/\/secure.gravatar.com\/avatar\/830d4c57adaae6630765e449a6908047?s=96&d=mm&r=g","contentUrl":"https:\/\/secure.gravatar.com\/avatar\/830d4c57adaae6630765e449a6908047?s=96&d=mm&r=g","caption":"admpu17wp"}}]}},"featured_image_urls":{"full":["https:\/\/experienciadevida.com.ar\/portalurbano\/wp-content\/uploads\/2022\/09\/Obras-Sanitarias-cloacas-e1662394485624.jpg",800,534,false],"thumbnail":["https:\/\/experienciadevida.com.ar\/portalurbano\/wp-content\/uploads\/2022\/09\/Obras-Sanitarias-cloacas-e1662394485624-150x150.jpg",150,150,true],"medium":["https:\/\/experienciadevida.com.ar\/portalurbano\/wp-content\/uploads\/2022\/09\/Obras-Sanitarias-cloacas-e1662394485624-300x200.jpg",300,200,true],"medium_large":["https:\/\/experienciadevida.com.ar\/portalurbano\/wp-content\/uploads\/2022\/09\/Obras-Sanitarias-cloacas-e1662394485624-768x513.jpg",640,428,true],"large":["https:\/\/experienciadevida.com.ar\/portalurbano\/wp-content\/uploads\/2022\/09\/Obras-Sanitarias-cloacas-1024x683.jpg",640,427,true],"ug_big":["https:\/\/experienciadevida.com.ar\/portalurbano\/wp-content\/uploads\/2022\/09\/Obras-Sanitarias-cloacas-e1662394485624-768x513.jpg",768,513,true],"1536x1536":["https:\/\/experienciadevida.com.ar\/portalurbano\/wp-content\/uploads\/2022\/09\/Obras-Sanitarias-cloacas-e1662394485624.jpg",800,534,false],"2048x2048":["https:\/\/experienciadevida.com.ar\/portalurbano\/wp-content\/uploads\/2022\/09\/Obras-Sanitarias-cloacas-e1662394485624.jpg",800,534,false],"newsever-slider-full":["https:\/\/experienciadevida.com.ar\/portalurbano\/wp-content\/uploads\/2022\/09\/Obras-Sanitarias-cloacas-e1662394485624.jpg",800,534,false],"newsever-featured":["https:\/\/experienciadevida.com.ar\/portalurbano\/wp-content\/uploads\/2022\/09\/Obras-Sanitarias-cloacas-e1662394485624.jpg",800,534,false],"newsever-medium":["https:\/\/experienciadevida.com.ar\/portalurbano\/wp-content\/uploads\/2022\/09\/Obras-Sanitarias-cloacas-e1662394485624.jpg",712,475,false],"web-stories-poster-portrait":["https:\/\/experienciadevida.com.ar\/portalurbano\/wp-content\/uploads\/2022\/09\/Obras-Sanitarias-cloacas-e1662394485624-640x534.jpg",640,534,true],"web-stories-publisher-logo":["https:\/\/experienciadevida.com.ar\/portalurbano\/wp-content\/uploads\/2022\/09\/Obras-Sanitarias-cloacas-e1662394485624-96x96.jpg",96,96,true],"web-stories-thumbnail":["https:\/\/experienciadevida.com.ar\/portalurbano\/wp-content\/uploads\/2022\/09\/Obras-Sanitarias-cloacas-e1662394485624-150x100.jpg",150,100,true]},"author_info":{"display_name":"admpu17wp","author_link":"https:\/\/experienciadevida.com.ar\/portalurbano\/author\/admpu17wp\/"},"category_info":"<a href=\"https:\/\/experienciadevida.com.ar\/portalurbano\/category\/ciudad\/\" rel=\"category tag\">Ciudad<\/a>","tag_info":"Ciudad","comment_count":"0","amp_enabled":true,"_links":{"self":[{"href":"https:\/\/experienciadevida.com.ar\/portalurbano\/wp-json\/wp\/v2\/posts\/174863"}],"collection":[{"href":"https:\/\/experienciadevida.com.ar\/portalurbano\/wp-json\/wp\/v2\/posts"}],"about":[{"href":"https:\/\/experienciadevida.com.ar\/portalurbano\/wp-json\/wp\/v2\/types\/post"}],"author":[{"embeddable":true,"href":"https:\/\/experienciadevida.com.ar\/portalurbano\/wp-json\/wp\/v2\/users\/1"}],"replies":[{"embeddable":true,"href":"https:\/\/experienciadevida.com.ar\/portalurbano\/wp-json\/wp\/v2\/comments?post=174863"}],"version-history":[{"count":2,"href":"https:\/\/experienciadevida.com.ar\/portalurbano\/wp-json\/wp\/v2\/posts\/174863\/revisions"}],"predecessor-version":[{"id":174868,"href":"https:\/\/experienciadevida.com.ar\/portalurbano\/wp-json\/wp\/v2\/posts\/174863\/revisions\/174868"}],"wp:featuredmedia":[{"embeddable":true,"href":"https:\/\/experienciadevida.com.ar\/portalurbano\/wp-json\/wp\/v2\/media\/174866"}],"wp:attachment":[{"href":"https:\/\/experienciadevida.com.ar\/portalurbano\/wp-json\/wp\/v2\/media?parent=174863"}],"wp:term":[{"taxonomy":"category","embeddable":true,"href":"https:\/\/experienciadevida.com.ar\/portalurbano\/wp-json\/wp\/v2\/categories?post=174863"},{"taxonomy":"post_tag","embeddable":true,"href":"https:\/\/experienciadevida.com.ar\/portalurbano\/wp-json\/wp\/v2\/tags?post=174863"}],"curies":[{"name":"wp","href":"https:\/\/api.w.org\/{rel}","templated":true}]}}